{"id":9992,"date":"2025-09-25T15:18:26","date_gmt":"2025-09-25T19:18:26","guid":{"rendered":"https:\/\/telocuentavictorhugo.com\/?p=9992"},"modified":"2025-09-25T15:18:27","modified_gmt":"2025-09-25T19:18:27","slug":"cerca-de-una-narcofabrica-cae-el-ex-zar-antidroga-de-evo","status":"publish","type":"post","link":"https:\/\/telocuentavictorhugo.com\/index.php\/2025\/09\/25\/cerca-de-una-narcofabrica-cae-el-ex-zar-antidroga-de-evo\/","title":{"rendered":"CERCA DE UNA NARCOF\u00c1BRICA, CAE EL EX ZAR ANTIDROGA DE EVO"},"content":{"rendered":"\n<p>En la madrugada de este martes, la Central 1ro de Mayo, Sindicato Esmeralda, en Puerto Villarroel (Cochabamba), fue escenario de una intervenci\u00f3n que termin\u00f3 con la aprehensi\u00f3n de Felipe C\u00e1ceres, exviceministro antidrogas del gobierno de Evo Morales. Dos patrullas hallaron una senda camuflada en la maleza que conduc\u00eda a un supuesto laboratorio de cristalizaci\u00f3n de clorhidrato de coca\u00edna, con \u00e1reas de diluido, filtrado, secado y dep\u00f3sito de sustancias, adem\u00e1s de un listado de instalaciones como \u201cdiscoteca\u201d y un \u201cmuerto industrial\u201d, junto a una capacidad de trabajo para diez personas.<\/p>\n\n\n\n<figure class=\"wp-block-embed is-type-video is-provider-youtube wp-block-embed-youtube wp-embed-aspect-16-9 wp-has-aspect-ratio\"><div class=\"wp-block-embed__wrapper\">\n<iframe title=\"CERCA DE UNA NARCOF\u00c1BRICA, CAE EL EX ZAR ANTIDROGA DE EVO\" width=\"800\" height=\"450\" src=\"https:\/\/www.youtube.com\/embed\/AT7pu6M-IOI?feature=oembed\" frameborder=\"0\" allow=\"accelerometer; autoplay; clipboard-write; encrypted-media; gyroscope; picture-in-picture; web-share\" referrerpolicy=\"strict-origin-when-cross-origin\" allowfullscreen><\/iframe>\n<\/div><\/figure>\n\n\n\n<p><\/p>\n","protected":false},"excerpt":{"rendered":"<p>En la madrugada de este martes, la Central 1ro de Mayo, Sindicato Esmeralda, en Puerto Villarroel (Cochabamba), fue escenario de una intervenci\u00f3n que termin\u00f3 con la aprehensi\u00f3n de Felipe C\u00e1ceres, exviceministro antidrogas del gobierno de Evo Morales. Dos patrullas hallaron una senda camuflada en la maleza que conduc\u00eda a un supuesto laboratorio de cristalizaci\u00f3n de [&hellip;]<\/p>\n","protected":false},"author":1,"featured_media":10004,"comment_status":"open","ping_status":"open","sticky":false,"template":"","format":"standard","meta":{"_eb_attr":"","footnotes":""},"categories":[1,42],"tags":[],"class_list":["post-9992","post","type-post","status-publish","format-standard","has-post-thumbnail","hentry","category-noticias","category-politica"],"yoast_head":"<!-- This site is optimized with the Yoast SEO plugin v27.4 - https:\/\/yoast.com\/product\/yoast-seo-wordpress\/ -->\n<title>CERCA DE UNA NARCOF\u00c1BRICA, CAE EL EX ZAR ANTIDROGA DE EVO - Te lo Cuenta Victor<\/title>\n<meta name=\"robots\" content=\"index, follow, max-snippet:-1, max-image-preview:large, max-video-preview:-1\" \/>\n<link rel=\"canonical\" href=\"https:\/\/telocuentavictorhugo.com\/index.php\/2025\/09\/25\/cerca-de-una-narcofabrica-cae-el-ex-zar-antidroga-de-evo\/\" \/>\n<meta property=\"og:locale\" content=\"es_ES\" \/>\n<meta property=\"og:type\" content=\"article\" \/>\n<meta property=\"og:title\" content=\"CERCA DE UNA NARCOF\u00c1BRICA, CAE EL EX ZAR ANTIDROGA DE EVO - Te lo Cuenta Victor\" \/>\n<meta property=\"og:description\" content=\"En la madrugada de este martes, la Central 1ro de Mayo, Sindicato Esmeralda, en Puerto Villarroel (Cochabamba), fue escenario de una intervenci\u00f3n que termin\u00f3 con la aprehensi\u00f3n de Felipe C\u00e1ceres, exviceministro antidrogas del gobierno de Evo Morales. Dos patrullas hallaron una senda camuflada en la maleza que conduc\u00eda a un supuesto laboratorio de cristalizaci\u00f3n de [&hellip;]\" \/>\n<meta property=\"og:url\" content=\"https:\/\/telocuentavictorhugo.com\/index.php\/2025\/09\/25\/cerca-de-una-narcofabrica-cae-el-ex-zar-antidroga-de-evo\/\" \/>\n<meta property=\"og:site_name\" content=\"Te lo Cuenta Victor\" \/>\n<meta property=\"article:published_time\" content=\"2025-09-25T19:18:26+00:00\" \/>\n<meta property=\"article:modified_time\" content=\"2025-09-25T19:18:27+00:00\" \/>\n<meta property=\"og:image\" content=\"http:\/\/telocuentavictorhugo.com\/wp-content\/uploads\/2025\/09\/10-5.jpg\" \/>\n\t<meta property=\"og:image:width\" content=\"846\" \/>\n\t<meta property=\"og:image:height\" content=\"338\" \/>\n\t<meta property=\"og:image:type\" content=\"image\/jpeg\" \/>\n<meta name=\"author\" content=\"telocuentavictorhugo.com\" \/>\n<meta name=\"twitter:card\" content=\"summary_large_image\" \/>\n<meta name=\"twitter:label1\" content=\"Escrito por\" \/>\n\t<meta name=\"twitter:data1\" content=\"telocuentavictorhugo.com\" \/>\n\t<meta name=\"twitter:label2\" content=\"Tiempo de lectura\" \/>\n\t<meta name=\"twitter:data2\" content=\"1 minuto\" \/>\n<script type=\"application\/ld+json\" class=\"yoast-schema-graph\">{\"@context\":\"https:\\\/\\\/schema.org\",\"@graph\":[{\"@type\":\"Article\",\"@id\":\"https:\\\/\\\/telocuentavictorhugo.com\\\/index.php\\\/2025\\\/09\\\/25\\\/cerca-de-una-narcofabrica-cae-el-ex-zar-antidroga-de-evo\\\/#article\",\"isPartOf\":{\"@id\":\"https:\\\/\\\/telocuentavictorhugo.com\\\/index.php\\\/2025\\\/09\\\/25\\\/cerca-de-una-narcofabrica-cae-el-ex-zar-antidroga-de-evo\\\/\"},\"author\":{\"name\":\"telocuentavictorhugo.com\",\"@id\":\"https:\\\/\\\/telocuentavictorhugo.com\\\/#\\\/schema\\\/person\\\/a8307d7271ba2849b49b562ad8602f06\"},\"headline\":\"CERCA DE UNA NARCOF\u00c1BRICA, CAE EL EX ZAR ANTIDROGA DE EVO\",\"datePublished\":\"2025-09-25T19:18:26+00:00\",\"dateModified\":\"2025-09-25T19:18:27+00:00\",\"mainEntityOfPage\":{\"@id\":\"https:\\\/\\\/telocuentavictorhugo.com\\\/index.php\\\/2025\\\/09\\\/25\\\/cerca-de-una-narcofabrica-cae-el-ex-zar-antidroga-de-evo\\\/\"},\"wordCount\":115,\"commentCount\":0,\"publisher\":{\"@id\":\"https:\\\/\\\/telocuentavictorhugo.com\\\/#organization\"},\"image\":{\"@id\":\"https:\\\/\\\/telocuentavictorhugo.com\\\/index.php\\\/2025\\\/09\\\/25\\\/cerca-de-una-narcofabrica-cae-el-ex-zar-antidroga-de-evo\\\/#primaryimage\"},\"thumbnailUrl\":\"https:\\\/\\\/telocuentavictorhugo.com\\\/wp-content\\\/uploads\\\/2025\\\/09\\\/10-5.jpg\",\"articleSection\":[\"Noticias\",\"Pol\u00edtica\"],\"inLanguage\":\"es\",\"potentialAction\":[{\"@type\":\"CommentAction\",\"name\":\"Comment\",\"target\":[\"https:\\\/\\\/telocuentavictorhugo.com\\\/index.php\\\/2025\\\/09\\\/25\\\/cerca-de-una-narcofabrica-cae-el-ex-zar-antidroga-de-evo\\\/#respond\"]}]},{\"@type\":\"WebPage\",\"@id\":\"https:\\\/\\\/telocuentavictorhugo.com\\\/index.php\\\/2025\\\/09\\\/25\\\/cerca-de-una-narcofabrica-cae-el-ex-zar-antidroga-de-evo\\\/\",\"url\":\"https:\\\/\\\/telocuentavictorhugo.com\\\/index.php\\\/2025\\\/09\\\/25\\\/cerca-de-una-narcofabrica-cae-el-ex-zar-antidroga-de-evo\\\/\",\"name\":\"CERCA DE UNA NARCOF\u00c1BRICA, CAE EL EX ZAR ANTIDROGA DE EVO - Te lo Cuenta Victor\",\"isPartOf\":{\"@id\":\"https:\\\/\\\/telocuentavictorhugo.com\\\/#website\"},\"primaryImageOfPage\":{\"@id\":\"https:\\\/\\\/telocuentavictorhugo.com\\\/index.php\\\/2025\\\/09\\\/25\\\/cerca-de-una-narcofabrica-cae-el-ex-zar-antidroga-de-evo\\\/#primaryimage\"},\"image\":{\"@id\":\"https:\\\/\\\/telocuentavictorhugo.com\\\/index.php\\\/2025\\\/09\\\/25\\\/cerca-de-una-narcofabrica-cae-el-ex-zar-antidroga-de-evo\\\/#primaryimage\"},\"thumbnailUrl\":\"https:\\\/\\\/telocuentavictorhugo.com\\\/wp-content\\\/uploads\\\/2025\\\/09\\\/10-5.jpg\",\"datePublished\":\"2025-09-25T19:18:26+00:00\",\"dateModified\":\"2025-09-25T19:18:27+00:00\",\"breadcrumb\":{\"@id\":\"https:\\\/\\\/telocuentavictorhugo.com\\\/index.php\\\/2025\\\/09\\\/25\\\/cerca-de-una-narcofabrica-cae-el-ex-zar-antidroga-de-evo\\\/#breadcrumb\"},\"inLanguage\":\"es\",\"potentialAction\":[{\"@type\":\"ReadAction\",\"target\":[\"https:\\\/\\\/telocuentavictorhugo.com\\\/index.php\\\/2025\\\/09\\\/25\\\/cerca-de-una-narcofabrica-cae-el-ex-zar-antidroga-de-evo\\\/\"]}]},{\"@type\":\"ImageObject\",\"inLanguage\":\"es\",\"@id\":\"https:\\\/\\\/telocuentavictorhugo.com\\\/index.php\\\/2025\\\/09\\\/25\\\/cerca-de-una-narcofabrica-cae-el-ex-zar-antidroga-de-evo\\\/#primaryimage\",\"url\":\"https:\\\/\\\/telocuentavictorhugo.com\\\/wp-content\\\/uploads\\\/2025\\\/09\\\/10-5.jpg\",\"contentUrl\":\"https:\\\/\\\/telocuentavictorhugo.com\\\/wp-content\\\/uploads\\\/2025\\\/09\\\/10-5.jpg\",\"width\":846,\"height\":338},{\"@type\":\"BreadcrumbList\",\"@id\":\"https:\\\/\\\/telocuentavictorhugo.com\\\/index.php\\\/2025\\\/09\\\/25\\\/cerca-de-una-narcofabrica-cae-el-ex-zar-antidroga-de-evo\\\/#breadcrumb\",\"itemListElement\":[{\"@type\":\"ListItem\",\"position\":1,\"name\":\"Portada\",\"item\":\"https:\\\/\\\/telocuentavictorhugo.com\\\/\"},{\"@type\":\"ListItem\",\"position\":2,\"name\":\"CERCA DE UNA NARCOF\u00c1BRICA, CAE EL EX ZAR ANTIDROGA DE EVO\"}]},{\"@type\":\"WebSite\",\"@id\":\"https:\\\/\\\/telocuentavictorhugo.com\\\/#website\",\"url\":\"https:\\\/\\\/telocuentavictorhugo.com\\\/\",\"name\":\"Te lo Cuenta Victor\",\"description\":\"\",\"publisher\":{\"@id\":\"https:\\\/\\\/telocuentavictorhugo.com\\\/#organization\"},\"potentialAction\":[{\"@type\":\"SearchAction\",\"target\":{\"@type\":\"EntryPoint\",\"urlTemplate\":\"https:\\\/\\\/telocuentavictorhugo.com\\\/?s={search_term_string}\"},\"query-input\":{\"@type\":\"PropertyValueSpecification\",\"valueRequired\":true,\"valueName\":\"search_term_string\"}}],\"inLanguage\":\"es\"},{\"@type\":\"Organization\",\"@id\":\"https:\\\/\\\/telocuentavictorhugo.com\\\/#organization\",\"name\":\"Te lo Cuenta Victor\",\"url\":\"https:\\\/\\\/telocuentavictorhugo.com\\\/\",\"logo\":{\"@type\":\"ImageObject\",\"inLanguage\":\"es\",\"@id\":\"https:\\\/\\\/telocuentavictorhugo.com\\\/#\\\/schema\\\/logo\\\/image\\\/\",\"url\":\"https:\\\/\\\/telocuentavictorhugo.com\\\/wp-content\\\/uploads\\\/2023\\\/12\\\/Logo.png\",\"contentUrl\":\"https:\\\/\\\/telocuentavictorhugo.com\\\/wp-content\\\/uploads\\\/2023\\\/12\\\/Logo.png\",\"width\":1080,\"height\":176,\"caption\":\"Te lo Cuenta Victor\"},\"image\":{\"@id\":\"https:\\\/\\\/telocuentavictorhugo.com\\\/#\\\/schema\\\/logo\\\/image\\\/\"}},{\"@type\":\"Person\",\"@id\":\"https:\\\/\\\/telocuentavictorhugo.com\\\/#\\\/schema\\\/person\\\/a8307d7271ba2849b49b562ad8602f06\",\"name\":\"telocuentavictorhugo.com\",\"image\":{\"@type\":\"ImageObject\",\"inLanguage\":\"es\",\"@id\":\"https:\\\/\\\/secure.gravatar.com\\\/avatar\\\/da212e7b532df19fd2aea5daf46d8c176abfc85521e4b80ed435d7426ef63eb6?s=96&d=mm&r=g\",\"url\":\"https:\\\/\\\/secure.gravatar.com\\\/avatar\\\/da212e7b532df19fd2aea5daf46d8c176abfc85521e4b80ed435d7426ef63eb6?s=96&d=mm&r=g\",\"contentUrl\":\"https:\\\/\\\/secure.gravatar.com\\\/avatar\\\/da212e7b532df19fd2aea5daf46d8c176abfc85521e4b80ed435d7426ef63eb6?s=96&d=mm&r=g\",\"caption\":\"telocuentavictorhugo.com\"},\"sameAs\":[\"http:\\\/\\\/telocuentavictorhugo.com\"],\"url\":\"https:\\\/\\\/telocuentavictorhugo.com\\\/index.php\\\/author\\\/plustvpress-com\\\/\"}]}<\/script>\n<!-- \/ Yoast SEO plugin. -->","yoast_head_json":{"title":"CERCA DE UNA NARCOF\u00c1BRICA, CAE EL EX ZAR ANTIDROGA DE EVO - Te lo Cuenta Victor","robots":{"index":"index","follow":"follow","max-snippet":"max-snippet:-1","max-image-preview":"max-image-preview:large","max-video-preview":"max-video-preview:-1"},"canonical":"https:\/\/telocuentavictorhugo.com\/index.php\/2025\/09\/25\/cerca-de-una-narcofabrica-cae-el-ex-zar-antidroga-de-evo\/","og_locale":"es_ES","og_type":"article","og_title":"CERCA DE UNA NARCOF\u00c1BRICA, CAE EL EX ZAR ANTIDROGA DE EVO - Te lo Cuenta Victor","og_description":"En la madrugada de este martes, la Central 1ro de Mayo, Sindicato Esmeralda, en Puerto Villarroel (Cochabamba), fue escenario de una intervenci\u00f3n que termin\u00f3 con la aprehensi\u00f3n de Felipe C\u00e1ceres, exviceministro antidrogas del gobierno de Evo Morales. Dos patrullas hallaron una senda camuflada en la maleza que conduc\u00eda a un supuesto laboratorio de cristalizaci\u00f3n de [&hellip;]","og_url":"https:\/\/telocuentavictorhugo.com\/index.php\/2025\/09\/25\/cerca-de-una-narcofabrica-cae-el-ex-zar-antidroga-de-evo\/","og_site_name":"Te lo Cuenta Victor","article_published_time":"2025-09-25T19:18:26+00:00","article_modified_time":"2025-09-25T19:18:27+00:00","og_image":[{"width":846,"height":338,"url":"http:\/\/telocuentavictorhugo.com\/wp-content\/uploads\/2025\/09\/10-5.jpg","type":"image\/jpeg"}],"author":"telocuentavictorhugo.com","twitter_card":"summary_large_image","twitter_misc":{"Escrito por":"telocuentavictorhugo.com","Tiempo de lectura":"1 minuto"},"schema":{"@context":"https:\/\/schema.org","@graph":[{"@type":"Article","@id":"https:\/\/telocuentavictorhugo.com\/index.php\/2025\/09\/25\/cerca-de-una-narcofabrica-cae-el-ex-zar-antidroga-de-evo\/#article","isPartOf":{"@id":"https:\/\/telocuentavictorhugo.com\/index.php\/2025\/09\/25\/cerca-de-una-narcofabrica-cae-el-ex-zar-antidroga-de-evo\/"},"author":{"name":"telocuentavictorhugo.com","@id":"https:\/\/telocuentavictorhugo.com\/#\/schema\/person\/a8307d7271ba2849b49b562ad8602f06"},"headline":"CERCA DE UNA NARCOF\u00c1BRICA, CAE EL EX ZAR ANTIDROGA DE EVO","datePublished":"2025-09-25T19:18:26+00:00","dateModified":"2025-09-25T19:18:27+00:00","mainEntityOfPage":{"@id":"https:\/\/telocuentavictorhugo.com\/index.php\/2025\/09\/25\/cerca-de-una-narcofabrica-cae-el-ex-zar-antidroga-de-evo\/"},"wordCount":115,"commentCount":0,"publisher":{"@id":"https:\/\/telocuentavictorhugo.com\/#organization"},"image":{"@id":"https:\/\/telocuentavictorhugo.com\/index.php\/2025\/09\/25\/cerca-de-una-narcofabrica-cae-el-ex-zar-antidroga-de-evo\/#primaryimage"},"thumbnailUrl":"https:\/\/telocuentavictorhugo.com\/wp-content\/uploads\/2025\/09\/10-5.jpg","articleSection":["Noticias","Pol\u00edtica"],"inLanguage":"es","potentialAction":[{"@type":"CommentAction","name":"Comment","target":["https:\/\/telocuentavictorhugo.com\/index.php\/2025\/09\/25\/cerca-de-una-narcofabrica-cae-el-ex-zar-antidroga-de-evo\/#respond"]}]},{"@type":"WebPage","@id":"https:\/\/telocuentavictorhugo.com\/index.php\/2025\/09\/25\/cerca-de-una-narcofabrica-cae-el-ex-zar-antidroga-de-evo\/","url":"https:\/\/telocuentavictorhugo.com\/index.php\/2025\/09\/25\/cerca-de-una-narcofabrica-cae-el-ex-zar-antidroga-de-evo\/","name":"CERCA DE UNA NARCOF\u00c1BRICA, CAE EL EX ZAR ANTIDROGA DE EVO - Te lo Cuenta Victor","isPartOf":{"@id":"https:\/\/telocuentavictorhugo.com\/#website"},"primaryImageOfPage":{"@id":"https:\/\/telocuentavictorhugo.com\/index.php\/2025\/09\/25\/cerca-de-una-narcofabrica-cae-el-ex-zar-antidroga-de-evo\/#primaryimage"},"image":{"@id":"https:\/\/telocuentavictorhugo.com\/index.php\/2025\/09\/25\/cerca-de-una-narcofabrica-cae-el-ex-zar-antidroga-de-evo\/#primaryimage"},"thumbnailUrl":"https:\/\/telocuentavictorhugo.com\/wp-content\/uploads\/2025\/09\/10-5.jpg","datePublished":"2025-09-25T19:18:26+00:00","dateModified":"2025-09-25T19:18:27+00:00","breadcrumb":{"@id":"https:\/\/telocuentavictorhugo.com\/index.php\/2025\/09\/25\/cerca-de-una-narcofabrica-cae-el-ex-zar-antidroga-de-evo\/#breadcrumb"},"inLanguage":"es","potentialAction":[{"@type":"ReadAction","target":["https:\/\/telocuentavictorhugo.com\/index.php\/2025\/09\/25\/cerca-de-una-narcofabrica-cae-el-ex-zar-antidroga-de-evo\/"]}]},{"@type":"ImageObject","inLanguage":"es","@id":"https:\/\/telocuentavictorhugo.com\/index.php\/2025\/09\/25\/cerca-de-una-narcofabrica-cae-el-ex-zar-antidroga-de-evo\/#primaryimage","url":"https:\/\/telocuentavictorhugo.com\/wp-content\/uploads\/2025\/09\/10-5.jpg","contentUrl":"https:\/\/telocuentavictorhugo.com\/wp-content\/uploads\/2025\/09\/10-5.jpg","width":846,"height":338},{"@type":"BreadcrumbList","@id":"https:\/\/telocuentavictorhugo.com\/index.php\/2025\/09\/25\/cerca-de-una-narcofabrica-cae-el-ex-zar-antidroga-de-evo\/#breadcrumb","itemListElement":[{"@type":"ListItem","position":1,"name":"Portada","item":"https:\/\/telocuentavictorhugo.com\/"},{"@type":"ListItem","position":2,"name":"CERCA DE UNA NARCOF\u00c1BRICA, CAE EL EX ZAR ANTIDROGA DE EVO"}]},{"@type":"WebSite","@id":"https:\/\/telocuentavictorhugo.com\/#website","url":"https:\/\/telocuentavictorhugo.com\/","name":"Te lo Cuenta Victor","description":"","publisher":{"@id":"https:\/\/telocuentavictorhugo.com\/#organization"},"potentialAction":[{"@type":"SearchAction","target":{"@type":"EntryPoint","urlTemplate":"https:\/\/telocuentavictorhugo.com\/?s={search_term_string}"},"query-input":{"@type":"PropertyValueSpecification","valueRequired":true,"valueName":"search_term_string"}}],"inLanguage":"es"},{"@type":"Organization","@id":"https:\/\/telocuentavictorhugo.com\/#organization","name":"Te lo Cuenta Victor","url":"https:\/\/telocuentavictorhugo.com\/","logo":{"@type":"ImageObject","inLanguage":"es","@id":"https:\/\/telocuentavictorhugo.com\/#\/schema\/logo\/image\/","url":"https:\/\/telocuentavictorhugo.com\/wp-content\/uploads\/2023\/12\/Logo.png","contentUrl":"https:\/\/telocuentavictorhugo.com\/wp-content\/uploads\/2023\/12\/Logo.png","width":1080,"height":176,"caption":"Te lo Cuenta Victor"},"image":{"@id":"https:\/\/telocuentavictorhugo.com\/#\/schema\/logo\/image\/"}},{"@type":"Person","@id":"https:\/\/telocuentavictorhugo.com\/#\/schema\/person\/a8307d7271ba2849b49b562ad8602f06","name":"telocuentavictorhugo.com","image":{"@type":"ImageObject","inLanguage":"es","@id":"https:\/\/secure.gravatar.com\/avatar\/da212e7b532df19fd2aea5daf46d8c176abfc85521e4b80ed435d7426ef63eb6?s=96&d=mm&r=g","url":"https:\/\/secure.gravatar.com\/avatar\/da212e7b532df19fd2aea5daf46d8c176abfc85521e4b80ed435d7426ef63eb6?s=96&d=mm&r=g","contentUrl":"https:\/\/secure.gravatar.com\/avatar\/da212e7b532df19fd2aea5daf46d8c176abfc85521e4b80ed435d7426ef63eb6?s=96&d=mm&r=g","caption":"telocuentavictorhugo.com"},"sameAs":["http:\/\/telocuentavictorhugo.com"],"url":"https:\/\/telocuentavictorhugo.com\/index.php\/author\/plustvpress-com\/"}]}},"_links":{"self":[{"href":"https:\/\/telocuentavictorhugo.com\/index.php\/wp-json\/wp\/v2\/posts\/9992","targetHints":{"allow":["GET"]}}],"collection":[{"href":"https:\/\/telocuentavictorhugo.com\/index.php\/wp-json\/wp\/v2\/posts"}],"about":[{"href":"https:\/\/telocuentavictorhugo.com\/index.php\/wp-json\/wp\/v2\/types\/post"}],"author":[{"embeddable":true,"href":"https:\/\/telocuentavictorhugo.com\/index.php\/wp-json\/wp\/v2\/users\/1"}],"replies":[{"embeddable":true,"href":"https:\/\/telocuentavictorhugo.com\/index.php\/wp-json\/wp\/v2\/comments?post=9992"}],"version-history":[{"count":1,"href":"https:\/\/telocuentavictorhugo.com\/index.php\/wp-json\/wp\/v2\/posts\/9992\/revisions"}],"predecessor-version":[{"id":10015,"href":"https:\/\/telocuentavictorhugo.com\/index.php\/wp-json\/wp\/v2\/posts\/9992\/revisions\/10015"}],"wp:featuredmedia":[{"embeddable":true,"href":"https:\/\/telocuentavictorhugo.com\/index.php\/wp-json\/wp\/v2\/media\/10004"}],"wp:attachment":[{"href":"https:\/\/telocuentavictorhugo.com\/index.php\/wp-json\/wp\/v2\/media?parent=9992"}],"wp:term":[{"taxonomy":"category","embeddable":true,"href":"https:\/\/telocuentavictorhugo.com\/index.php\/wp-json\/wp\/v2\/categories?post=9992"},{"taxonomy":"post_tag","embeddable":true,"href":"https:\/\/telocuentavictorhugo.com\/index.php\/wp-json\/wp\/v2\/tags?post=9992"}],"curies":[{"name":"wp","href":"https:\/\/api.w.org\/{rel}","templated":true}]}}