{"id":9989,"date":"2025-09-25T15:18:21","date_gmt":"2025-09-25T19:18:21","guid":{"rendered":"https:\/\/telocuentavictorhugo.com\/?p=9989"},"modified":"2025-09-25T15:18:22","modified_gmt":"2025-09-25T19:18:22","slug":"alerta-en-cochabamba-precio-del-pollo-sube-por-maiz-escaso","status":"publish","type":"post","link":"https:\/\/telocuentavictorhugo.com\/index.php\/2025\/09\/25\/alerta-en-cochabamba-precio-del-pollo-sube-por-maiz-escaso\/","title":{"rendered":"ALERTA EN COCHABAMBA: PRECIO DEL POLLO SUBE POR MA\u00cdZ ESCASO"},"content":{"rendered":"\n<p>Los peque\u00f1os y medianos avicultores de Cochabamba alertaron sobre una marcada irregularidad en la entrega de ma\u00edz subvencionado por la Empresa de Apoyo a la Producci\u00f3n de Alimentos (Emapa), lo que podr\u00eda traducirse en una subida del precio del pollo en los pr\u00f3ximos meses si persiste la falta de alimento balanceado, seg\u00fan advirti\u00f3 Marlon \u00c1lvarez, presidente de la Aspymad. Ante la situaci\u00f3n, los productores fijaron un plazo hasta el martes para que las autoridades presenten una soluci\u00f3n concreta, de lo contrario anunciar\u00e1n medidas de presi\u00f3n que podr\u00edan incluir marchas y bloqueos a puntos de Emapa.<\/p>\n\n\n\n<figure class=\"wp-block-embed is-type-video is-provider-youtube wp-block-embed-youtube wp-embed-aspect-16-9 wp-has-aspect-ratio\"><div class=\"wp-block-embed__wrapper\">\n<iframe title=\"ALERTA EN COCHABAMBA: PRECIO DEL POLLO SUBE POR MA\u00cdZ ESCASO\" width=\"800\" height=\"450\" src=\"https:\/\/www.youtube.com\/embed\/yQuxOcPW7HQ?feature=oembed\" frameborder=\"0\" allow=\"accelerometer; autoplay; clipboard-write; encrypted-media; gyroscope; picture-in-picture; web-share\" referrerpolicy=\"strict-origin-when-cross-origin\" allowfullscreen><\/iframe>\n<\/div><\/figure>\n\n\n\n<p><\/p>\n","protected":false},"excerpt":{"rendered":"<p>Los peque\u00f1os y medianos avicultores de Cochabamba alertaron sobre una marcada irregularidad en la entrega de ma\u00edz subvencionado por la Empresa de Apoyo a la Producci\u00f3n de Alimentos (Emapa), lo que podr\u00eda traducirse en una subida del precio del pollo en los pr\u00f3ximos meses si persiste la falta de alimento balanceado, seg\u00fan advirti\u00f3 Marlon \u00c1lvarez, [&hellip;]<\/p>\n","protected":false},"author":1,"featured_media":10000,"comment_status":"open","ping_status":"open","sticky":false,"template":"","format":"standard","meta":{"_eb_attr":"","footnotes":""},"categories":[43,1],"tags":[],"class_list":["post-9989","post","type-post","status-publish","format-standard","has-post-thumbnail","hentry","category-economia","category-noticias"],"yoast_head":"<!-- This site is optimized with the Yoast SEO plugin v27.4 - https:\/\/yoast.com\/product\/yoast-seo-wordpress\/ -->\n<title>ALERTA EN COCHABAMBA: PRECIO DEL POLLO SUBE POR MA\u00cdZ ESCASO - Te lo Cuenta Victor<\/title>\n<meta name=\"robots\" content=\"index, follow, max-snippet:-1, max-image-preview:large, max-video-preview:-1\" \/>\n<link rel=\"canonical\" href=\"https:\/\/telocuentavictorhugo.com\/index.php\/2025\/09\/25\/alerta-en-cochabamba-precio-del-pollo-sube-por-maiz-escaso\/\" \/>\n<meta property=\"og:locale\" content=\"es_ES\" \/>\n<meta property=\"og:type\" content=\"article\" \/>\n<meta property=\"og:title\" content=\"ALERTA EN COCHABAMBA: PRECIO DEL POLLO SUBE POR MA\u00cdZ ESCASO - Te lo Cuenta Victor\" \/>\n<meta property=\"og:description\" content=\"Los peque\u00f1os y medianos avicultores de Cochabamba alertaron sobre una marcada irregularidad en la entrega de ma\u00edz subvencionado por la Empresa de Apoyo a la Producci\u00f3n de Alimentos (Emapa), lo que podr\u00eda traducirse en una subida del precio del pollo en los pr\u00f3ximos meses si persiste la falta de alimento balanceado, seg\u00fan advirti\u00f3 Marlon \u00c1lvarez, [&hellip;]\" \/>\n<meta property=\"og:url\" content=\"https:\/\/telocuentavictorhugo.com\/index.php\/2025\/09\/25\/alerta-en-cochabamba-precio-del-pollo-sube-por-maiz-escaso\/\" \/>\n<meta property=\"og:site_name\" content=\"Te lo Cuenta Victor\" \/>\n<meta property=\"article:published_time\" content=\"2025-09-25T19:18:21+00:00\" \/>\n<meta property=\"article:modified_time\" content=\"2025-09-25T19:18:22+00:00\" \/>\n<meta property=\"og:image\" content=\"http:\/\/telocuentavictorhugo.com\/wp-content\/uploads\/2025\/09\/7-6.jpg\" \/>\n\t<meta property=\"og:image:width\" content=\"635\" \/>\n\t<meta property=\"og:image:height\" content=\"337\" \/>\n\t<meta property=\"og:image:type\" content=\"image\/jpeg\" \/>\n<meta name=\"author\" content=\"telocuentavictorhugo.com\" \/>\n<meta name=\"twitter:card\" content=\"summary_large_image\" \/>\n<meta name=\"twitter:label1\" content=\"Escrito por\" \/>\n\t<meta name=\"twitter:data1\" content=\"telocuentavictorhugo.com\" \/>\n\t<meta name=\"twitter:label2\" content=\"Tiempo de lectura\" \/>\n\t<meta name=\"twitter:data2\" content=\"1 minuto\" \/>\n<script type=\"application\/ld+json\" class=\"yoast-schema-graph\">{\"@context\":\"https:\\\/\\\/schema.org\",\"@graph\":[{\"@type\":\"Article\",\"@id\":\"https:\\\/\\\/telocuentavictorhugo.com\\\/index.php\\\/2025\\\/09\\\/25\\\/alerta-en-cochabamba-precio-del-pollo-sube-por-maiz-escaso\\\/#article\",\"isPartOf\":{\"@id\":\"https:\\\/\\\/telocuentavictorhugo.com\\\/index.php\\\/2025\\\/09\\\/25\\\/alerta-en-cochabamba-precio-del-pollo-sube-por-maiz-escaso\\\/\"},\"author\":{\"name\":\"telocuentavictorhugo.com\",\"@id\":\"https:\\\/\\\/telocuentavictorhugo.com\\\/#\\\/schema\\\/person\\\/a8307d7271ba2849b49b562ad8602f06\"},\"headline\":\"ALERTA EN COCHABAMBA: PRECIO DEL POLLO SUBE POR MA\u00cdZ ESCASO\",\"datePublished\":\"2025-09-25T19:18:21+00:00\",\"dateModified\":\"2025-09-25T19:18:22+00:00\",\"mainEntityOfPage\":{\"@id\":\"https:\\\/\\\/telocuentavictorhugo.com\\\/index.php\\\/2025\\\/09\\\/25\\\/alerta-en-cochabamba-precio-del-pollo-sube-por-maiz-escaso\\\/\"},\"wordCount\":122,\"commentCount\":0,\"publisher\":{\"@id\":\"https:\\\/\\\/telocuentavictorhugo.com\\\/#organization\"},\"image\":{\"@id\":\"https:\\\/\\\/telocuentavictorhugo.com\\\/index.php\\\/2025\\\/09\\\/25\\\/alerta-en-cochabamba-precio-del-pollo-sube-por-maiz-escaso\\\/#primaryimage\"},\"thumbnailUrl\":\"https:\\\/\\\/telocuentavictorhugo.com\\\/wp-content\\\/uploads\\\/2025\\\/09\\\/7-6.jpg\",\"articleSection\":[\"Econom\u00eda\",\"Noticias\"],\"inLanguage\":\"es\",\"potentialAction\":[{\"@type\":\"CommentAction\",\"name\":\"Comment\",\"target\":[\"https:\\\/\\\/telocuentavictorhugo.com\\\/index.php\\\/2025\\\/09\\\/25\\\/alerta-en-cochabamba-precio-del-pollo-sube-por-maiz-escaso\\\/#respond\"]}]},{\"@type\":\"WebPage\",\"@id\":\"https:\\\/\\\/telocuentavictorhugo.com\\\/index.php\\\/2025\\\/09\\\/25\\\/alerta-en-cochabamba-precio-del-pollo-sube-por-maiz-escaso\\\/\",\"url\":\"https:\\\/\\\/telocuentavictorhugo.com\\\/index.php\\\/2025\\\/09\\\/25\\\/alerta-en-cochabamba-precio-del-pollo-sube-por-maiz-escaso\\\/\",\"name\":\"ALERTA EN COCHABAMBA: PRECIO DEL POLLO SUBE POR MA\u00cdZ ESCASO - Te lo Cuenta Victor\",\"isPartOf\":{\"@id\":\"https:\\\/\\\/telocuentavictorhugo.com\\\/#website\"},\"primaryImageOfPage\":{\"@id\":\"https:\\\/\\\/telocuentavictorhugo.com\\\/index.php\\\/2025\\\/09\\\/25\\\/alerta-en-cochabamba-precio-del-pollo-sube-por-maiz-escaso\\\/#primaryimage\"},\"image\":{\"@id\":\"https:\\\/\\\/telocuentavictorhugo.com\\\/index.php\\\/2025\\\/09\\\/25\\\/alerta-en-cochabamba-precio-del-pollo-sube-por-maiz-escaso\\\/#primaryimage\"},\"thumbnailUrl\":\"https:\\\/\\\/telocuentavictorhugo.com\\\/wp-content\\\/uploads\\\/2025\\\/09\\\/7-6.jpg\",\"datePublished\":\"2025-09-25T19:18:21+00:00\",\"dateModified\":\"2025-09-25T19:18:22+00:00\",\"breadcrumb\":{\"@id\":\"https:\\\/\\\/telocuentavictorhugo.com\\\/index.php\\\/2025\\\/09\\\/25\\\/alerta-en-cochabamba-precio-del-pollo-sube-por-maiz-escaso\\\/#breadcrumb\"},\"inLanguage\":\"es\",\"potentialAction\":[{\"@type\":\"ReadAction\",\"target\":[\"https:\\\/\\\/telocuentavictorhugo.com\\\/index.php\\\/2025\\\/09\\\/25\\\/alerta-en-cochabamba-precio-del-pollo-sube-por-maiz-escaso\\\/\"]}]},{\"@type\":\"ImageObject\",\"inLanguage\":\"es\",\"@id\":\"https:\\\/\\\/telocuentavictorhugo.com\\\/index.php\\\/2025\\\/09\\\/25\\\/alerta-en-cochabamba-precio-del-pollo-sube-por-maiz-escaso\\\/#primaryimage\",\"url\":\"https:\\\/\\\/telocuentavictorhugo.com\\\/wp-content\\\/uploads\\\/2025\\\/09\\\/7-6.jpg\",\"contentUrl\":\"https:\\\/\\\/telocuentavictorhugo.com\\\/wp-content\\\/uploads\\\/2025\\\/09\\\/7-6.jpg\",\"width\":635,\"height\":337},{\"@type\":\"BreadcrumbList\",\"@id\":\"https:\\\/\\\/telocuentavictorhugo.com\\\/index.php\\\/2025\\\/09\\\/25\\\/alerta-en-cochabamba-precio-del-pollo-sube-por-maiz-escaso\\\/#breadcrumb\",\"itemListElement\":[{\"@type\":\"ListItem\",\"position\":1,\"name\":\"Portada\",\"item\":\"https:\\\/\\\/telocuentavictorhugo.com\\\/\"},{\"@type\":\"ListItem\",\"position\":2,\"name\":\"ALERTA EN COCHABAMBA: PRECIO DEL POLLO SUBE POR MA\u00cdZ ESCASO\"}]},{\"@type\":\"WebSite\",\"@id\":\"https:\\\/\\\/telocuentavictorhugo.com\\\/#website\",\"url\":\"https:\\\/\\\/telocuentavictorhugo.com\\\/\",\"name\":\"Te lo Cuenta Victor\",\"description\":\"\",\"publisher\":{\"@id\":\"https:\\\/\\\/telocuentavictorhugo.com\\\/#organization\"},\"potentialAction\":[{\"@type\":\"SearchAction\",\"target\":{\"@type\":\"EntryPoint\",\"urlTemplate\":\"https:\\\/\\\/telocuentavictorhugo.com\\\/?s={search_term_string}\"},\"query-input\":{\"@type\":\"PropertyValueSpecification\",\"valueRequired\":true,\"valueName\":\"search_term_string\"}}],\"inLanguage\":\"es\"},{\"@type\":\"Organization\",\"@id\":\"https:\\\/\\\/telocuentavictorhugo.com\\\/#organization\",\"name\":\"Te lo Cuenta Victor\",\"url\":\"https:\\\/\\\/telocuentavictorhugo.com\\\/\",\"logo\":{\"@type\":\"ImageObject\",\"inLanguage\":\"es\",\"@id\":\"https:\\\/\\\/telocuentavictorhugo.com\\\/#\\\/schema\\\/logo\\\/image\\\/\",\"url\":\"https:\\\/\\\/telocuentavictorhugo.com\\\/wp-content\\\/uploads\\\/2023\\\/12\\\/Logo.png\",\"contentUrl\":\"https:\\\/\\\/telocuentavictorhugo.com\\\/wp-content\\\/uploads\\\/2023\\\/12\\\/Logo.png\",\"width\":1080,\"height\":176,\"caption\":\"Te lo Cuenta Victor\"},\"image\":{\"@id\":\"https:\\\/\\\/telocuentavictorhugo.com\\\/#\\\/schema\\\/logo\\\/image\\\/\"}},{\"@type\":\"Person\",\"@id\":\"https:\\\/\\\/telocuentavictorhugo.com\\\/#\\\/schema\\\/person\\\/a8307d7271ba2849b49b562ad8602f06\",\"name\":\"telocuentavictorhugo.com\",\"image\":{\"@type\":\"ImageObject\",\"inLanguage\":\"es\",\"@id\":\"https:\\\/\\\/secure.gravatar.com\\\/avatar\\\/da212e7b532df19fd2aea5daf46d8c176abfc85521e4b80ed435d7426ef63eb6?s=96&d=mm&r=g\",\"url\":\"https:\\\/\\\/secure.gravatar.com\\\/avatar\\\/da212e7b532df19fd2aea5daf46d8c176abfc85521e4b80ed435d7426ef63eb6?s=96&d=mm&r=g\",\"contentUrl\":\"https:\\\/\\\/secure.gravatar.com\\\/avatar\\\/da212e7b532df19fd2aea5daf46d8c176abfc85521e4b80ed435d7426ef63eb6?s=96&d=mm&r=g\",\"caption\":\"telocuentavictorhugo.com\"},\"sameAs\":[\"http:\\\/\\\/telocuentavictorhugo.com\"],\"url\":\"https:\\\/\\\/telocuentavictorhugo.com\\\/index.php\\\/author\\\/plustvpress-com\\\/\"}]}<\/script>\n<!-- \/ Yoast SEO plugin. -->","yoast_head_json":{"title":"ALERTA EN COCHABAMBA: PRECIO DEL POLLO SUBE POR MA\u00cdZ ESCASO - Te lo Cuenta Victor","robots":{"index":"index","follow":"follow","max-snippet":"max-snippet:-1","max-image-preview":"max-image-preview:large","max-video-preview":"max-video-preview:-1"},"canonical":"https:\/\/telocuentavictorhugo.com\/index.php\/2025\/09\/25\/alerta-en-cochabamba-precio-del-pollo-sube-por-maiz-escaso\/","og_locale":"es_ES","og_type":"article","og_title":"ALERTA EN COCHABAMBA: PRECIO DEL POLLO SUBE POR MA\u00cdZ ESCASO - Te lo Cuenta Victor","og_description":"Los peque\u00f1os y medianos avicultores de Cochabamba alertaron sobre una marcada irregularidad en la entrega de ma\u00edz subvencionado por la Empresa de Apoyo a la Producci\u00f3n de Alimentos (Emapa), lo que podr\u00eda traducirse en una subida del precio del pollo en los pr\u00f3ximos meses si persiste la falta de alimento balanceado, seg\u00fan advirti\u00f3 Marlon \u00c1lvarez, [&hellip;]","og_url":"https:\/\/telocuentavictorhugo.com\/index.php\/2025\/09\/25\/alerta-en-cochabamba-precio-del-pollo-sube-por-maiz-escaso\/","og_site_name":"Te lo Cuenta Victor","article_published_time":"2025-09-25T19:18:21+00:00","article_modified_time":"2025-09-25T19:18:22+00:00","og_image":[{"width":635,"height":337,"url":"http:\/\/telocuentavictorhugo.com\/wp-content\/uploads\/2025\/09\/7-6.jpg","type":"image\/jpeg"}],"author":"telocuentavictorhugo.com","twitter_card":"summary_large_image","twitter_misc":{"Escrito por":"telocuentavictorhugo.com","Tiempo de lectura":"1 minuto"},"schema":{"@context":"https:\/\/schema.org","@graph":[{"@type":"Article","@id":"https:\/\/telocuentavictorhugo.com\/index.php\/2025\/09\/25\/alerta-en-cochabamba-precio-del-pollo-sube-por-maiz-escaso\/#article","isPartOf":{"@id":"https:\/\/telocuentavictorhugo.com\/index.php\/2025\/09\/25\/alerta-en-cochabamba-precio-del-pollo-sube-por-maiz-escaso\/"},"author":{"name":"telocuentavictorhugo.com","@id":"https:\/\/telocuentavictorhugo.com\/#\/schema\/person\/a8307d7271ba2849b49b562ad8602f06"},"headline":"ALERTA EN COCHABAMBA: PRECIO DEL POLLO SUBE POR MA\u00cdZ ESCASO","datePublished":"2025-09-25T19:18:21+00:00","dateModified":"2025-09-25T19:18:22+00:00","mainEntityOfPage":{"@id":"https:\/\/telocuentavictorhugo.com\/index.php\/2025\/09\/25\/alerta-en-cochabamba-precio-del-pollo-sube-por-maiz-escaso\/"},"wordCount":122,"commentCount":0,"publisher":{"@id":"https:\/\/telocuentavictorhugo.com\/#organization"},"image":{"@id":"https:\/\/telocuentavictorhugo.com\/index.php\/2025\/09\/25\/alerta-en-cochabamba-precio-del-pollo-sube-por-maiz-escaso\/#primaryimage"},"thumbnailUrl":"https:\/\/telocuentavictorhugo.com\/wp-content\/uploads\/2025\/09\/7-6.jpg","articleSection":["Econom\u00eda","Noticias"],"inLanguage":"es","potentialAction":[{"@type":"CommentAction","name":"Comment","target":["https:\/\/telocuentavictorhugo.com\/index.php\/2025\/09\/25\/alerta-en-cochabamba-precio-del-pollo-sube-por-maiz-escaso\/#respond"]}]},{"@type":"WebPage","@id":"https:\/\/telocuentavictorhugo.com\/index.php\/2025\/09\/25\/alerta-en-cochabamba-precio-del-pollo-sube-por-maiz-escaso\/","url":"https:\/\/telocuentavictorhugo.com\/index.php\/2025\/09\/25\/alerta-en-cochabamba-precio-del-pollo-sube-por-maiz-escaso\/","name":"ALERTA EN COCHABAMBA: PRECIO DEL POLLO SUBE POR MA\u00cdZ ESCASO - Te lo Cuenta Victor","isPartOf":{"@id":"https:\/\/telocuentavictorhugo.com\/#website"},"primaryImageOfPage":{"@id":"https:\/\/telocuentavictorhugo.com\/index.php\/2025\/09\/25\/alerta-en-cochabamba-precio-del-pollo-sube-por-maiz-escaso\/#primaryimage"},"image":{"@id":"https:\/\/telocuentavictorhugo.com\/index.php\/2025\/09\/25\/alerta-en-cochabamba-precio-del-pollo-sube-por-maiz-escaso\/#primaryimage"},"thumbnailUrl":"https:\/\/telocuentavictorhugo.com\/wp-content\/uploads\/2025\/09\/7-6.jpg","datePublished":"2025-09-25T19:18:21+00:00","dateModified":"2025-09-25T19:18:22+00:00","breadcrumb":{"@id":"https:\/\/telocuentavictorhugo.com\/index.php\/2025\/09\/25\/alerta-en-cochabamba-precio-del-pollo-sube-por-maiz-escaso\/#breadcrumb"},"inLanguage":"es","potentialAction":[{"@type":"ReadAction","target":["https:\/\/telocuentavictorhugo.com\/index.php\/2025\/09\/25\/alerta-en-cochabamba-precio-del-pollo-sube-por-maiz-escaso\/"]}]},{"@type":"ImageObject","inLanguage":"es","@id":"https:\/\/telocuentavictorhugo.com\/index.php\/2025\/09\/25\/alerta-en-cochabamba-precio-del-pollo-sube-por-maiz-escaso\/#primaryimage","url":"https:\/\/telocuentavictorhugo.com\/wp-content\/uploads\/2025\/09\/7-6.jpg","contentUrl":"https:\/\/telocuentavictorhugo.com\/wp-content\/uploads\/2025\/09\/7-6.jpg","width":635,"height":337},{"@type":"BreadcrumbList","@id":"https:\/\/telocuentavictorhugo.com\/index.php\/2025\/09\/25\/alerta-en-cochabamba-precio-del-pollo-sube-por-maiz-escaso\/#breadcrumb","itemListElement":[{"@type":"ListItem","position":1,"name":"Portada","item":"https:\/\/telocuentavictorhugo.com\/"},{"@type":"ListItem","position":2,"name":"ALERTA EN COCHABAMBA: PRECIO DEL POLLO SUBE POR MA\u00cdZ ESCASO"}]},{"@type":"WebSite","@id":"https:\/\/telocuentavictorhugo.com\/#website","url":"https:\/\/telocuentavictorhugo.com\/","name":"Te lo Cuenta Victor","description":"","publisher":{"@id":"https:\/\/telocuentavictorhugo.com\/#organization"},"potentialAction":[{"@type":"SearchAction","target":{"@type":"EntryPoint","urlTemplate":"https:\/\/telocuentavictorhugo.com\/?s={search_term_string}"},"query-input":{"@type":"PropertyValueSpecification","valueRequired":true,"valueName":"search_term_string"}}],"inLanguage":"es"},{"@type":"Organization","@id":"https:\/\/telocuentavictorhugo.com\/#organization","name":"Te lo Cuenta Victor","url":"https:\/\/telocuentavictorhugo.com\/","logo":{"@type":"ImageObject","inLanguage":"es","@id":"https:\/\/telocuentavictorhugo.com\/#\/schema\/logo\/image\/","url":"https:\/\/telocuentavictorhugo.com\/wp-content\/uploads\/2023\/12\/Logo.png","contentUrl":"https:\/\/telocuentavictorhugo.com\/wp-content\/uploads\/2023\/12\/Logo.png","width":1080,"height":176,"caption":"Te lo Cuenta Victor"},"image":{"@id":"https:\/\/telocuentavictorhugo.com\/#\/schema\/logo\/image\/"}},{"@type":"Person","@id":"https:\/\/telocuentavictorhugo.com\/#\/schema\/person\/a8307d7271ba2849b49b562ad8602f06","name":"telocuentavictorhugo.com","image":{"@type":"ImageObject","inLanguage":"es","@id":"https:\/\/secure.gravatar.com\/avatar\/da212e7b532df19fd2aea5daf46d8c176abfc85521e4b80ed435d7426ef63eb6?s=96&d=mm&r=g","url":"https:\/\/secure.gravatar.com\/avatar\/da212e7b532df19fd2aea5daf46d8c176abfc85521e4b80ed435d7426ef63eb6?s=96&d=mm&r=g","contentUrl":"https:\/\/secure.gravatar.com\/avatar\/da212e7b532df19fd2aea5daf46d8c176abfc85521e4b80ed435d7426ef63eb6?s=96&d=mm&r=g","caption":"telocuentavictorhugo.com"},"sameAs":["http:\/\/telocuentavictorhugo.com"],"url":"https:\/\/telocuentavictorhugo.com\/index.php\/author\/plustvpress-com\/"}]}},"_links":{"self":[{"href":"https:\/\/telocuentavictorhugo.com\/index.php\/wp-json\/wp\/v2\/posts\/9989","targetHints":{"allow":["GET"]}}],"collection":[{"href":"https:\/\/telocuentavictorhugo.com\/index.php\/wp-json\/wp\/v2\/posts"}],"about":[{"href":"https:\/\/telocuentavictorhugo.com\/index.php\/wp-json\/wp\/v2\/types\/post"}],"author":[{"embeddable":true,"href":"https:\/\/telocuentavictorhugo.com\/index.php\/wp-json\/wp\/v2\/users\/1"}],"replies":[{"embeddable":true,"href":"https:\/\/telocuentavictorhugo.com\/index.php\/wp-json\/wp\/v2\/comments?post=9989"}],"version-history":[{"count":1,"href":"https:\/\/telocuentavictorhugo.com\/index.php\/wp-json\/wp\/v2\/posts\/9989\/revisions"}],"predecessor-version":[{"id":10012,"href":"https:\/\/telocuentavictorhugo.com\/index.php\/wp-json\/wp\/v2\/posts\/9989\/revisions\/10012"}],"wp:featuredmedia":[{"embeddable":true,"href":"https:\/\/telocuentavictorhugo.com\/index.php\/wp-json\/wp\/v2\/media\/10000"}],"wp:attachment":[{"href":"https:\/\/telocuentavictorhugo.com\/index.php\/wp-json\/wp\/v2\/media?parent=9989"}],"wp:term":[{"taxonomy":"category","embeddable":true,"href":"https:\/\/telocuentavictorhugo.com\/index.php\/wp-json\/wp\/v2\/categories?post=9989"},{"taxonomy":"post_tag","embeddable":true,"href":"https:\/\/telocuentavictorhugo.com\/index.php\/wp-json\/wp\/v2\/tags?post=9989"}],"curies":[{"name":"wp","href":"https:\/\/api.w.org\/{rel}","templated":true}]}}