{"id":9968,"date":"2025-09-23T10:04:51","date_gmt":"2025-09-23T14:04:51","guid":{"rendered":"https:\/\/telocuentavictorhugo.com\/?p=9968"},"modified":"2025-09-23T10:04:52","modified_gmt":"2025-09-23T14:04:52","slug":"riesgo-pais-de-bolivia-baja-y-mejora-la-percepcion-internacional","status":"publish","type":"post","link":"https:\/\/telocuentavictorhugo.com\/index.php\/2025\/09\/23\/riesgo-pais-de-bolivia-baja-y-mejora-la-percepcion-internacional\/","title":{"rendered":"RIESGO PA\u00cdS DE BOLIVIA BAJA Y MEJORA LA PERCEPCI\u00d3N INTERNACIONAL"},"content":{"rendered":"\n<p>El riesgo pa\u00eds de Bolivia, un indicador que mide la confianza de los inversionistas, ha mostrado una tendencia a la baja en los \u00faltimos meses. Tras las elecciones generales, el indicador cay\u00f3 a 1.207 puntos b\u00e1sicos, lo que refleja una reacci\u00f3n positiva del mercado y una mejor percepci\u00f3n sobre la estabilidad pol\u00edtica del pa\u00eds. Sin embargo, a pesar de esta mejora, Bolivia a\u00fan mantiene el segundo riesgo pa\u00eds m\u00e1s alto de la regi\u00f3n, solo superado por Venezuela. Este indicador es crucial, ya que un alto riesgo pa\u00eds encarece el acceso a financiamiento internacional y dificulta la atracci\u00f3n de inversi\u00f3n extranjera.<\/p>\n\n\n\n<figure class=\"wp-block-embed is-type-video is-provider-youtube wp-block-embed-youtube wp-embed-aspect-16-9 wp-has-aspect-ratio\"><div class=\"wp-block-embed__wrapper\">\n<iframe title=\"RIESGO PA\u00cdS DE BOLIVIA BAJA Y MEJORA LA PERCEPCI\u00d3N INTERNACIONAL\" width=\"800\" height=\"450\" src=\"https:\/\/www.youtube.com\/embed\/-WS7JkHMxU4?feature=oembed\" frameborder=\"0\" allow=\"accelerometer; autoplay; clipboard-write; encrypted-media; gyroscope; picture-in-picture; web-share\" referrerpolicy=\"strict-origin-when-cross-origin\" allowfullscreen><\/iframe>\n<\/div><\/figure>\n","protected":false},"excerpt":{"rendered":"<p>El riesgo pa\u00eds de Bolivia, un indicador que mide la confianza de los inversionistas, ha mostrado una tendencia a la baja en los \u00faltimos meses. Tras las elecciones generales, el indicador cay\u00f3 a 1.207 puntos b\u00e1sicos, lo que refleja una reacci\u00f3n positiva del mercado y una mejor percepci\u00f3n sobre la estabilidad pol\u00edtica del pa\u00eds. Sin [&hellip;]<\/p>\n","protected":false},"author":1,"featured_media":9948,"comment_status":"open","ping_status":"open","sticky":false,"template":"","format":"standard","meta":{"_eb_attr":"","footnotes":""},"categories":[1],"tags":[],"class_list":["post-9968","post","type-post","status-publish","format-standard","has-post-thumbnail","hentry","category-noticias"],"yoast_head":"<!-- This site is optimized with the Yoast SEO plugin v27.4 - https:\/\/yoast.com\/product\/yoast-seo-wordpress\/ -->\n<title>RIESGO PA\u00cdS DE BOLIVIA BAJA Y MEJORA LA PERCEPCI\u00d3N INTERNACIONAL - Te lo Cuenta Victor<\/title>\n<meta name=\"robots\" content=\"index, follow, max-snippet:-1, max-image-preview:large, max-video-preview:-1\" \/>\n<link rel=\"canonical\" href=\"https:\/\/telocuentavictorhugo.com\/index.php\/2025\/09\/23\/riesgo-pais-de-bolivia-baja-y-mejora-la-percepcion-internacional\/\" \/>\n<meta property=\"og:locale\" content=\"es_ES\" \/>\n<meta property=\"og:type\" content=\"article\" \/>\n<meta property=\"og:title\" content=\"RIESGO PA\u00cdS DE BOLIVIA BAJA Y MEJORA LA PERCEPCI\u00d3N INTERNACIONAL - Te lo Cuenta Victor\" \/>\n<meta property=\"og:description\" content=\"El riesgo pa\u00eds de Bolivia, un indicador que mide la confianza de los inversionistas, ha mostrado una tendencia a la baja en los \u00faltimos meses. Tras las elecciones generales, el indicador cay\u00f3 a 1.207 puntos b\u00e1sicos, lo que refleja una reacci\u00f3n positiva del mercado y una mejor percepci\u00f3n sobre la estabilidad pol\u00edtica del pa\u00eds. Sin [&hellip;]\" \/>\n<meta property=\"og:url\" content=\"https:\/\/telocuentavictorhugo.com\/index.php\/2025\/09\/23\/riesgo-pais-de-bolivia-baja-y-mejora-la-percepcion-internacional\/\" \/>\n<meta property=\"og:site_name\" content=\"Te lo Cuenta Victor\" \/>\n<meta property=\"article:published_time\" content=\"2025-09-23T14:04:51+00:00\" \/>\n<meta property=\"article:modified_time\" content=\"2025-09-23T14:04:52+00:00\" \/>\n<meta property=\"og:image\" content=\"http:\/\/telocuentavictorhugo.com\/wp-content\/uploads\/2025\/09\/5.png\" \/>\n\t<meta property=\"og:image:width\" content=\"1000\" \/>\n\t<meta property=\"og:image:height\" content=\"1333\" \/>\n\t<meta property=\"og:image:type\" content=\"image\/png\" \/>\n<meta name=\"author\" content=\"telocuentavictorhugo.com\" \/>\n<meta name=\"twitter:card\" content=\"summary_large_image\" \/>\n<meta name=\"twitter:label1\" content=\"Escrito por\" \/>\n\t<meta name=\"twitter:data1\" content=\"telocuentavictorhugo.com\" \/>\n\t<meta name=\"twitter:label2\" content=\"Tiempo de lectura\" \/>\n\t<meta name=\"twitter:data2\" content=\"1 minuto\" \/>\n<script type=\"application\/ld+json\" class=\"yoast-schema-graph\">{\"@context\":\"https:\\\/\\\/schema.org\",\"@graph\":[{\"@type\":\"Article\",\"@id\":\"https:\\\/\\\/telocuentavictorhugo.com\\\/index.php\\\/2025\\\/09\\\/23\\\/riesgo-pais-de-bolivia-baja-y-mejora-la-percepcion-internacional\\\/#article\",\"isPartOf\":{\"@id\":\"https:\\\/\\\/telocuentavictorhugo.com\\\/index.php\\\/2025\\\/09\\\/23\\\/riesgo-pais-de-bolivia-baja-y-mejora-la-percepcion-internacional\\\/\"},\"author\":{\"name\":\"telocuentavictorhugo.com\",\"@id\":\"https:\\\/\\\/telocuentavictorhugo.com\\\/#\\\/schema\\\/person\\\/a8307d7271ba2849b49b562ad8602f06\"},\"headline\":\"RIESGO PA\u00cdS DE BOLIVIA BAJA Y MEJORA LA PERCEPCI\u00d3N INTERNACIONAL\",\"datePublished\":\"2025-09-23T14:04:51+00:00\",\"dateModified\":\"2025-09-23T14:04:52+00:00\",\"mainEntityOfPage\":{\"@id\":\"https:\\\/\\\/telocuentavictorhugo.com\\\/index.php\\\/2025\\\/09\\\/23\\\/riesgo-pais-de-bolivia-baja-y-mejora-la-percepcion-internacional\\\/\"},\"wordCount\":129,\"commentCount\":0,\"publisher\":{\"@id\":\"https:\\\/\\\/telocuentavictorhugo.com\\\/#organization\"},\"image\":{\"@id\":\"https:\\\/\\\/telocuentavictorhugo.com\\\/index.php\\\/2025\\\/09\\\/23\\\/riesgo-pais-de-bolivia-baja-y-mejora-la-percepcion-internacional\\\/#primaryimage\"},\"thumbnailUrl\":\"https:\\\/\\\/telocuentavictorhugo.com\\\/wp-content\\\/uploads\\\/2025\\\/09\\\/5.png\",\"articleSection\":[\"Noticias\"],\"inLanguage\":\"es\",\"potentialAction\":[{\"@type\":\"CommentAction\",\"name\":\"Comment\",\"target\":[\"https:\\\/\\\/telocuentavictorhugo.com\\\/index.php\\\/2025\\\/09\\\/23\\\/riesgo-pais-de-bolivia-baja-y-mejora-la-percepcion-internacional\\\/#respond\"]}]},{\"@type\":\"WebPage\",\"@id\":\"https:\\\/\\\/telocuentavictorhugo.com\\\/index.php\\\/2025\\\/09\\\/23\\\/riesgo-pais-de-bolivia-baja-y-mejora-la-percepcion-internacional\\\/\",\"url\":\"https:\\\/\\\/telocuentavictorhugo.com\\\/index.php\\\/2025\\\/09\\\/23\\\/riesgo-pais-de-bolivia-baja-y-mejora-la-percepcion-internacional\\\/\",\"name\":\"RIESGO PA\u00cdS DE BOLIVIA BAJA Y MEJORA LA PERCEPCI\u00d3N INTERNACIONAL - Te lo Cuenta Victor\",\"isPartOf\":{\"@id\":\"https:\\\/\\\/telocuentavictorhugo.com\\\/#website\"},\"primaryImageOfPage\":{\"@id\":\"https:\\\/\\\/telocuentavictorhugo.com\\\/index.php\\\/2025\\\/09\\\/23\\\/riesgo-pais-de-bolivia-baja-y-mejora-la-percepcion-internacional\\\/#primaryimage\"},\"image\":{\"@id\":\"https:\\\/\\\/telocuentavictorhugo.com\\\/index.php\\\/2025\\\/09\\\/23\\\/riesgo-pais-de-bolivia-baja-y-mejora-la-percepcion-internacional\\\/#primaryimage\"},\"thumbnailUrl\":\"https:\\\/\\\/telocuentavictorhugo.com\\\/wp-content\\\/uploads\\\/2025\\\/09\\\/5.png\",\"datePublished\":\"2025-09-23T14:04:51+00:00\",\"dateModified\":\"2025-09-23T14:04:52+00:00\",\"breadcrumb\":{\"@id\":\"https:\\\/\\\/telocuentavictorhugo.com\\\/index.php\\\/2025\\\/09\\\/23\\\/riesgo-pais-de-bolivia-baja-y-mejora-la-percepcion-internacional\\\/#breadcrumb\"},\"inLanguage\":\"es\",\"potentialAction\":[{\"@type\":\"ReadAction\",\"target\":[\"https:\\\/\\\/telocuentavictorhugo.com\\\/index.php\\\/2025\\\/09\\\/23\\\/riesgo-pais-de-bolivia-baja-y-mejora-la-percepcion-internacional\\\/\"]}]},{\"@type\":\"ImageObject\",\"inLanguage\":\"es\",\"@id\":\"https:\\\/\\\/telocuentavictorhugo.com\\\/index.php\\\/2025\\\/09\\\/23\\\/riesgo-pais-de-bolivia-baja-y-mejora-la-percepcion-internacional\\\/#primaryimage\",\"url\":\"https:\\\/\\\/telocuentavictorhugo.com\\\/wp-content\\\/uploads\\\/2025\\\/09\\\/5.png\",\"contentUrl\":\"https:\\\/\\\/telocuentavictorhugo.com\\\/wp-content\\\/uploads\\\/2025\\\/09\\\/5.png\",\"width\":1000,\"height\":1333},{\"@type\":\"BreadcrumbList\",\"@id\":\"https:\\\/\\\/telocuentavictorhugo.com\\\/index.php\\\/2025\\\/09\\\/23\\\/riesgo-pais-de-bolivia-baja-y-mejora-la-percepcion-internacional\\\/#breadcrumb\",\"itemListElement\":[{\"@type\":\"ListItem\",\"position\":1,\"name\":\"Portada\",\"item\":\"https:\\\/\\\/telocuentavictorhugo.com\\\/\"},{\"@type\":\"ListItem\",\"position\":2,\"name\":\"RIESGO PA\u00cdS DE BOLIVIA BAJA Y MEJORA LA PERCEPCI\u00d3N INTERNACIONAL\"}]},{\"@type\":\"WebSite\",\"@id\":\"https:\\\/\\\/telocuentavictorhugo.com\\\/#website\",\"url\":\"https:\\\/\\\/telocuentavictorhugo.com\\\/\",\"name\":\"Te lo Cuenta Victor\",\"description\":\"\",\"publisher\":{\"@id\":\"https:\\\/\\\/telocuentavictorhugo.com\\\/#organization\"},\"potentialAction\":[{\"@type\":\"SearchAction\",\"target\":{\"@type\":\"EntryPoint\",\"urlTemplate\":\"https:\\\/\\\/telocuentavictorhugo.com\\\/?s={search_term_string}\"},\"query-input\":{\"@type\":\"PropertyValueSpecification\",\"valueRequired\":true,\"valueName\":\"search_term_string\"}}],\"inLanguage\":\"es\"},{\"@type\":\"Organization\",\"@id\":\"https:\\\/\\\/telocuentavictorhugo.com\\\/#organization\",\"name\":\"Te lo Cuenta Victor\",\"url\":\"https:\\\/\\\/telocuentavictorhugo.com\\\/\",\"logo\":{\"@type\":\"ImageObject\",\"inLanguage\":\"es\",\"@id\":\"https:\\\/\\\/telocuentavictorhugo.com\\\/#\\\/schema\\\/logo\\\/image\\\/\",\"url\":\"https:\\\/\\\/telocuentavictorhugo.com\\\/wp-content\\\/uploads\\\/2023\\\/12\\\/Logo.png\",\"contentUrl\":\"https:\\\/\\\/telocuentavictorhugo.com\\\/wp-content\\\/uploads\\\/2023\\\/12\\\/Logo.png\",\"width\":1080,\"height\":176,\"caption\":\"Te lo Cuenta Victor\"},\"image\":{\"@id\":\"https:\\\/\\\/telocuentavictorhugo.com\\\/#\\\/schema\\\/logo\\\/image\\\/\"}},{\"@type\":\"Person\",\"@id\":\"https:\\\/\\\/telocuentavictorhugo.com\\\/#\\\/schema\\\/person\\\/a8307d7271ba2849b49b562ad8602f06\",\"name\":\"telocuentavictorhugo.com\",\"image\":{\"@type\":\"ImageObject\",\"inLanguage\":\"es\",\"@id\":\"https:\\\/\\\/secure.gravatar.com\\\/avatar\\\/da212e7b532df19fd2aea5daf46d8c176abfc85521e4b80ed435d7426ef63eb6?s=96&d=mm&r=g\",\"url\":\"https:\\\/\\\/secure.gravatar.com\\\/avatar\\\/da212e7b532df19fd2aea5daf46d8c176abfc85521e4b80ed435d7426ef63eb6?s=96&d=mm&r=g\",\"contentUrl\":\"https:\\\/\\\/secure.gravatar.com\\\/avatar\\\/da212e7b532df19fd2aea5daf46d8c176abfc85521e4b80ed435d7426ef63eb6?s=96&d=mm&r=g\",\"caption\":\"telocuentavictorhugo.com\"},\"sameAs\":[\"http:\\\/\\\/telocuentavictorhugo.com\"],\"url\":\"https:\\\/\\\/telocuentavictorhugo.com\\\/index.php\\\/author\\\/plustvpress-com\\\/\"}]}<\/script>\n<!-- \/ Yoast SEO plugin. -->","yoast_head_json":{"title":"RIESGO PA\u00cdS DE BOLIVIA BAJA Y MEJORA LA PERCEPCI\u00d3N INTERNACIONAL - Te lo Cuenta Victor","robots":{"index":"index","follow":"follow","max-snippet":"max-snippet:-1","max-image-preview":"max-image-preview:large","max-video-preview":"max-video-preview:-1"},"canonical":"https:\/\/telocuentavictorhugo.com\/index.php\/2025\/09\/23\/riesgo-pais-de-bolivia-baja-y-mejora-la-percepcion-internacional\/","og_locale":"es_ES","og_type":"article","og_title":"RIESGO PA\u00cdS DE BOLIVIA BAJA Y MEJORA LA PERCEPCI\u00d3N INTERNACIONAL - Te lo Cuenta Victor","og_description":"El riesgo pa\u00eds de Bolivia, un indicador que mide la confianza de los inversionistas, ha mostrado una tendencia a la baja en los \u00faltimos meses. Tras las elecciones generales, el indicador cay\u00f3 a 1.207 puntos b\u00e1sicos, lo que refleja una reacci\u00f3n positiva del mercado y una mejor percepci\u00f3n sobre la estabilidad pol\u00edtica del pa\u00eds. Sin [&hellip;]","og_url":"https:\/\/telocuentavictorhugo.com\/index.php\/2025\/09\/23\/riesgo-pais-de-bolivia-baja-y-mejora-la-percepcion-internacional\/","og_site_name":"Te lo Cuenta Victor","article_published_time":"2025-09-23T14:04:51+00:00","article_modified_time":"2025-09-23T14:04:52+00:00","og_image":[{"width":1000,"height":1333,"url":"http:\/\/telocuentavictorhugo.com\/wp-content\/uploads\/2025\/09\/5.png","type":"image\/png"}],"author":"telocuentavictorhugo.com","twitter_card":"summary_large_image","twitter_misc":{"Escrito por":"telocuentavictorhugo.com","Tiempo de lectura":"1 minuto"},"schema":{"@context":"https:\/\/schema.org","@graph":[{"@type":"Article","@id":"https:\/\/telocuentavictorhugo.com\/index.php\/2025\/09\/23\/riesgo-pais-de-bolivia-baja-y-mejora-la-percepcion-internacional\/#article","isPartOf":{"@id":"https:\/\/telocuentavictorhugo.com\/index.php\/2025\/09\/23\/riesgo-pais-de-bolivia-baja-y-mejora-la-percepcion-internacional\/"},"author":{"name":"telocuentavictorhugo.com","@id":"https:\/\/telocuentavictorhugo.com\/#\/schema\/person\/a8307d7271ba2849b49b562ad8602f06"},"headline":"RIESGO PA\u00cdS DE BOLIVIA BAJA Y MEJORA LA PERCEPCI\u00d3N INTERNACIONAL","datePublished":"2025-09-23T14:04:51+00:00","dateModified":"2025-09-23T14:04:52+00:00","mainEntityOfPage":{"@id":"https:\/\/telocuentavictorhugo.com\/index.php\/2025\/09\/23\/riesgo-pais-de-bolivia-baja-y-mejora-la-percepcion-internacional\/"},"wordCount":129,"commentCount":0,"publisher":{"@id":"https:\/\/telocuentavictorhugo.com\/#organization"},"image":{"@id":"https:\/\/telocuentavictorhugo.com\/index.php\/2025\/09\/23\/riesgo-pais-de-bolivia-baja-y-mejora-la-percepcion-internacional\/#primaryimage"},"thumbnailUrl":"https:\/\/telocuentavictorhugo.com\/wp-content\/uploads\/2025\/09\/5.png","articleSection":["Noticias"],"inLanguage":"es","potentialAction":[{"@type":"CommentAction","name":"Comment","target":["https:\/\/telocuentavictorhugo.com\/index.php\/2025\/09\/23\/riesgo-pais-de-bolivia-baja-y-mejora-la-percepcion-internacional\/#respond"]}]},{"@type":"WebPage","@id":"https:\/\/telocuentavictorhugo.com\/index.php\/2025\/09\/23\/riesgo-pais-de-bolivia-baja-y-mejora-la-percepcion-internacional\/","url":"https:\/\/telocuentavictorhugo.com\/index.php\/2025\/09\/23\/riesgo-pais-de-bolivia-baja-y-mejora-la-percepcion-internacional\/","name":"RIESGO PA\u00cdS DE BOLIVIA BAJA Y MEJORA LA PERCEPCI\u00d3N INTERNACIONAL - Te lo Cuenta Victor","isPartOf":{"@id":"https:\/\/telocuentavictorhugo.com\/#website"},"primaryImageOfPage":{"@id":"https:\/\/telocuentavictorhugo.com\/index.php\/2025\/09\/23\/riesgo-pais-de-bolivia-baja-y-mejora-la-percepcion-internacional\/#primaryimage"},"image":{"@id":"https:\/\/telocuentavictorhugo.com\/index.php\/2025\/09\/23\/riesgo-pais-de-bolivia-baja-y-mejora-la-percepcion-internacional\/#primaryimage"},"thumbnailUrl":"https:\/\/telocuentavictorhugo.com\/wp-content\/uploads\/2025\/09\/5.png","datePublished":"2025-09-23T14:04:51+00:00","dateModified":"2025-09-23T14:04:52+00:00","breadcrumb":{"@id":"https:\/\/telocuentavictorhugo.com\/index.php\/2025\/09\/23\/riesgo-pais-de-bolivia-baja-y-mejora-la-percepcion-internacional\/#breadcrumb"},"inLanguage":"es","potentialAction":[{"@type":"ReadAction","target":["https:\/\/telocuentavictorhugo.com\/index.php\/2025\/09\/23\/riesgo-pais-de-bolivia-baja-y-mejora-la-percepcion-internacional\/"]}]},{"@type":"ImageObject","inLanguage":"es","@id":"https:\/\/telocuentavictorhugo.com\/index.php\/2025\/09\/23\/riesgo-pais-de-bolivia-baja-y-mejora-la-percepcion-internacional\/#primaryimage","url":"https:\/\/telocuentavictorhugo.com\/wp-content\/uploads\/2025\/09\/5.png","contentUrl":"https:\/\/telocuentavictorhugo.com\/wp-content\/uploads\/2025\/09\/5.png","width":1000,"height":1333},{"@type":"BreadcrumbList","@id":"https:\/\/telocuentavictorhugo.com\/index.php\/2025\/09\/23\/riesgo-pais-de-bolivia-baja-y-mejora-la-percepcion-internacional\/#breadcrumb","itemListElement":[{"@type":"ListItem","position":1,"name":"Portada","item":"https:\/\/telocuentavictorhugo.com\/"},{"@type":"ListItem","position":2,"name":"RIESGO PA\u00cdS DE BOLIVIA BAJA Y MEJORA LA PERCEPCI\u00d3N INTERNACIONAL"}]},{"@type":"WebSite","@id":"https:\/\/telocuentavictorhugo.com\/#website","url":"https:\/\/telocuentavictorhugo.com\/","name":"Te lo Cuenta Victor","description":"","publisher":{"@id":"https:\/\/telocuentavictorhugo.com\/#organization"},"potentialAction":[{"@type":"SearchAction","target":{"@type":"EntryPoint","urlTemplate":"https:\/\/telocuentavictorhugo.com\/?s={search_term_string}"},"query-input":{"@type":"PropertyValueSpecification","valueRequired":true,"valueName":"search_term_string"}}],"inLanguage":"es"},{"@type":"Organization","@id":"https:\/\/telocuentavictorhugo.com\/#organization","name":"Te lo Cuenta Victor","url":"https:\/\/telocuentavictorhugo.com\/","logo":{"@type":"ImageObject","inLanguage":"es","@id":"https:\/\/telocuentavictorhugo.com\/#\/schema\/logo\/image\/","url":"https:\/\/telocuentavictorhugo.com\/wp-content\/uploads\/2023\/12\/Logo.png","contentUrl":"https:\/\/telocuentavictorhugo.com\/wp-content\/uploads\/2023\/12\/Logo.png","width":1080,"height":176,"caption":"Te lo Cuenta Victor"},"image":{"@id":"https:\/\/telocuentavictorhugo.com\/#\/schema\/logo\/image\/"}},{"@type":"Person","@id":"https:\/\/telocuentavictorhugo.com\/#\/schema\/person\/a8307d7271ba2849b49b562ad8602f06","name":"telocuentavictorhugo.com","image":{"@type":"ImageObject","inLanguage":"es","@id":"https:\/\/secure.gravatar.com\/avatar\/da212e7b532df19fd2aea5daf46d8c176abfc85521e4b80ed435d7426ef63eb6?s=96&d=mm&r=g","url":"https:\/\/secure.gravatar.com\/avatar\/da212e7b532df19fd2aea5daf46d8c176abfc85521e4b80ed435d7426ef63eb6?s=96&d=mm&r=g","contentUrl":"https:\/\/secure.gravatar.com\/avatar\/da212e7b532df19fd2aea5daf46d8c176abfc85521e4b80ed435d7426ef63eb6?s=96&d=mm&r=g","caption":"telocuentavictorhugo.com"},"sameAs":["http:\/\/telocuentavictorhugo.com"],"url":"https:\/\/telocuentavictorhugo.com\/index.php\/author\/plustvpress-com\/"}]}},"_links":{"self":[{"href":"https:\/\/telocuentavictorhugo.com\/index.php\/wp-json\/wp\/v2\/posts\/9968","targetHints":{"allow":["GET"]}}],"collection":[{"href":"https:\/\/telocuentavictorhugo.com\/index.php\/wp-json\/wp\/v2\/posts"}],"about":[{"href":"https:\/\/telocuentavictorhugo.com\/index.php\/wp-json\/wp\/v2\/types\/post"}],"author":[{"embeddable":true,"href":"https:\/\/telocuentavictorhugo.com\/index.php\/wp-json\/wp\/v2\/users\/1"}],"replies":[{"embeddable":true,"href":"https:\/\/telocuentavictorhugo.com\/index.php\/wp-json\/wp\/v2\/comments?post=9968"}],"version-history":[{"count":1,"href":"https:\/\/telocuentavictorhugo.com\/index.php\/wp-json\/wp\/v2\/posts\/9968\/revisions"}],"predecessor-version":[{"id":9971,"href":"https:\/\/telocuentavictorhugo.com\/index.php\/wp-json\/wp\/v2\/posts\/9968\/revisions\/9971"}],"wp:featuredmedia":[{"embeddable":true,"href":"https:\/\/telocuentavictorhugo.com\/index.php\/wp-json\/wp\/v2\/media\/9948"}],"wp:attachment":[{"href":"https:\/\/telocuentavictorhugo.com\/index.php\/wp-json\/wp\/v2\/media?parent=9968"}],"wp:term":[{"taxonomy":"category","embeddable":true,"href":"https:\/\/telocuentavictorhugo.com\/index.php\/wp-json\/wp\/v2\/categories?post=9968"},{"taxonomy":"post_tag","embeddable":true,"href":"https:\/\/telocuentavictorhugo.com\/index.php\/wp-json\/wp\/v2\/tags?post=9968"}],"curies":[{"name":"wp","href":"https:\/\/api.w.org\/{rel}","templated":true}]}}