{"id":9960,"date":"2025-09-23T10:01:50","date_gmt":"2025-09-23T14:01:50","guid":{"rendered":"https:\/\/telocuentavictorhugo.com\/?p=9960"},"modified":"2025-09-23T10:01:51","modified_gmt":"2025-09-23T14:01:51","slug":"financial-times-advierte-que-la-crisis-en-argentina-se-agrava","status":"publish","type":"post","link":"https:\/\/telocuentavictorhugo.com\/index.php\/2025\/09\/23\/financial-times-advierte-que-la-crisis-en-argentina-se-agrava\/","title":{"rendered":"FINANCIAL TIMES ADVIERTE QUE LA CRISIS EN ARGENTINA SE AGRAVA"},"content":{"rendered":"\n<p>El diario Financial Times public\u00f3 un art\u00edculo que critica el programa econ\u00f3mico del gobierno argentino, advirtiendo que \u00abla crisis se agrava\u00bb debido al aumento del d\u00f3lar y a la din\u00e1mica econ\u00f3mica \u00abinsostenible\u00bb. La publicaci\u00f3n cuestiona la pol\u00edtica cambiaria del gobierno, se\u00f1alando que el Banco Central vendi\u00f3 m\u00e1s de mil millones de d\u00f3lares en solo tres d\u00edas para defender el peso. Seg\u00fan el informe, el gobierno de Javier Milei debe demostrar fortaleza pol\u00edtica o conseguir financiamiento externo para calmar los mercados, de lo contrario, se ver\u00e1 forzado a cambiar su r\u00e9gimen cambiario, lo que afectar\u00eda su credibilidad. El Financial Times tambi\u00e9n mencion\u00f3 otros factores que afectan la estabilidad del gobierno, como la reciente derrota electoral y las denuncias de corrupci\u00f3n.<\/p>\n\n\n\n<figure class=\"wp-block-embed is-type-video is-provider-youtube wp-block-embed-youtube wp-embed-aspect-16-9 wp-has-aspect-ratio\"><div class=\"wp-block-embed__wrapper\">\n<iframe title=\"FINANCIAL TIMES ADVIERTE QUE LA CRISIS EN ARGENTINA SE AGRAVA\" width=\"800\" height=\"450\" src=\"https:\/\/www.youtube.com\/embed\/pJ8KhupzyIc?feature=oembed\" frameborder=\"0\" allow=\"accelerometer; autoplay; clipboard-write; encrypted-media; gyroscope; picture-in-picture; web-share\" referrerpolicy=\"strict-origin-when-cross-origin\" allowfullscreen><\/iframe>\n<\/div><\/figure>\n","protected":false},"excerpt":{"rendered":"<p>El diario Financial Times public\u00f3 un art\u00edculo que critica el programa econ\u00f3mico del gobierno argentino, advirtiendo que \u00abla crisis se agrava\u00bb debido al aumento del d\u00f3lar y a la din\u00e1mica econ\u00f3mica \u00abinsostenible\u00bb. La publicaci\u00f3n cuestiona la pol\u00edtica cambiaria del gobierno, se\u00f1alando que el Banco Central vendi\u00f3 m\u00e1s de mil millones de d\u00f3lares en solo tres [&hellip;]<\/p>\n","protected":false},"author":1,"featured_media":9951,"comment_status":"open","ping_status":"open","sticky":false,"template":"","format":"standard","meta":{"_eb_attr":"","footnotes":""},"categories":[1],"tags":[],"class_list":["post-9960","post","type-post","status-publish","format-standard","has-post-thumbnail","hentry","category-noticias"],"yoast_head":"<!-- This site is optimized with the Yoast SEO plugin v27.4 - https:\/\/yoast.com\/product\/yoast-seo-wordpress\/ -->\n<title>FINANCIAL TIMES ADVIERTE QUE LA CRISIS EN ARGENTINA SE AGRAVA - Te lo Cuenta Victor<\/title>\n<meta name=\"robots\" content=\"index, follow, max-snippet:-1, max-image-preview:large, max-video-preview:-1\" \/>\n<link rel=\"canonical\" href=\"https:\/\/telocuentavictorhugo.com\/index.php\/2025\/09\/23\/financial-times-advierte-que-la-crisis-en-argentina-se-agrava\/\" \/>\n<meta property=\"og:locale\" content=\"es_ES\" \/>\n<meta property=\"og:type\" content=\"article\" \/>\n<meta property=\"og:title\" content=\"FINANCIAL TIMES ADVIERTE QUE LA CRISIS EN ARGENTINA SE AGRAVA - Te lo Cuenta Victor\" \/>\n<meta property=\"og:description\" content=\"El diario Financial Times public\u00f3 un art\u00edculo que critica el programa econ\u00f3mico del gobierno argentino, advirtiendo que \u00abla crisis se agrava\u00bb debido al aumento del d\u00f3lar y a la din\u00e1mica econ\u00f3mica \u00abinsostenible\u00bb. La publicaci\u00f3n cuestiona la pol\u00edtica cambiaria del gobierno, se\u00f1alando que el Banco Central vendi\u00f3 m\u00e1s de mil millones de d\u00f3lares en solo tres [&hellip;]\" \/>\n<meta property=\"og:url\" content=\"https:\/\/telocuentavictorhugo.com\/index.php\/2025\/09\/23\/financial-times-advierte-que-la-crisis-en-argentina-se-agrava\/\" \/>\n<meta property=\"og:site_name\" content=\"Te lo Cuenta Victor\" \/>\n<meta property=\"article:published_time\" content=\"2025-09-23T14:01:50+00:00\" \/>\n<meta property=\"article:modified_time\" content=\"2025-09-23T14:01:51+00:00\" \/>\n<meta property=\"og:image\" content=\"http:\/\/telocuentavictorhugo.com\/wp-content\/uploads\/2025\/09\/8.png\" \/>\n\t<meta property=\"og:image:width\" content=\"1000\" \/>\n\t<meta property=\"og:image:height\" content=\"1333\" \/>\n\t<meta property=\"og:image:type\" content=\"image\/png\" \/>\n<meta name=\"author\" content=\"telocuentavictorhugo.com\" \/>\n<meta name=\"twitter:card\" content=\"summary_large_image\" \/>\n<meta name=\"twitter:label1\" content=\"Escrito por\" \/>\n\t<meta name=\"twitter:data1\" content=\"telocuentavictorhugo.com\" \/>\n\t<meta name=\"twitter:label2\" content=\"Tiempo de lectura\" \/>\n\t<meta name=\"twitter:data2\" content=\"1 minuto\" \/>\n<script type=\"application\/ld+json\" class=\"yoast-schema-graph\">{\"@context\":\"https:\\\/\\\/schema.org\",\"@graph\":[{\"@type\":\"Article\",\"@id\":\"https:\\\/\\\/telocuentavictorhugo.com\\\/index.php\\\/2025\\\/09\\\/23\\\/financial-times-advierte-que-la-crisis-en-argentina-se-agrava\\\/#article\",\"isPartOf\":{\"@id\":\"https:\\\/\\\/telocuentavictorhugo.com\\\/index.php\\\/2025\\\/09\\\/23\\\/financial-times-advierte-que-la-crisis-en-argentina-se-agrava\\\/\"},\"author\":{\"name\":\"telocuentavictorhugo.com\",\"@id\":\"https:\\\/\\\/telocuentavictorhugo.com\\\/#\\\/schema\\\/person\\\/a8307d7271ba2849b49b562ad8602f06\"},\"headline\":\"FINANCIAL TIMES ADVIERTE QUE LA CRISIS EN ARGENTINA SE AGRAVA\",\"datePublished\":\"2025-09-23T14:01:50+00:00\",\"dateModified\":\"2025-09-23T14:01:51+00:00\",\"mainEntityOfPage\":{\"@id\":\"https:\\\/\\\/telocuentavictorhugo.com\\\/index.php\\\/2025\\\/09\\\/23\\\/financial-times-advierte-que-la-crisis-en-argentina-se-agrava\\\/\"},\"wordCount\":151,\"commentCount\":0,\"publisher\":{\"@id\":\"https:\\\/\\\/telocuentavictorhugo.com\\\/#organization\"},\"image\":{\"@id\":\"https:\\\/\\\/telocuentavictorhugo.com\\\/index.php\\\/2025\\\/09\\\/23\\\/financial-times-advierte-que-la-crisis-en-argentina-se-agrava\\\/#primaryimage\"},\"thumbnailUrl\":\"https:\\\/\\\/telocuentavictorhugo.com\\\/wp-content\\\/uploads\\\/2025\\\/09\\\/8.png\",\"articleSection\":[\"Noticias\"],\"inLanguage\":\"es\",\"potentialAction\":[{\"@type\":\"CommentAction\",\"name\":\"Comment\",\"target\":[\"https:\\\/\\\/telocuentavictorhugo.com\\\/index.php\\\/2025\\\/09\\\/23\\\/financial-times-advierte-que-la-crisis-en-argentina-se-agrava\\\/#respond\"]}]},{\"@type\":\"WebPage\",\"@id\":\"https:\\\/\\\/telocuentavictorhugo.com\\\/index.php\\\/2025\\\/09\\\/23\\\/financial-times-advierte-que-la-crisis-en-argentina-se-agrava\\\/\",\"url\":\"https:\\\/\\\/telocuentavictorhugo.com\\\/index.php\\\/2025\\\/09\\\/23\\\/financial-times-advierte-que-la-crisis-en-argentina-se-agrava\\\/\",\"name\":\"FINANCIAL TIMES ADVIERTE QUE LA CRISIS EN ARGENTINA SE AGRAVA - Te lo Cuenta Victor\",\"isPartOf\":{\"@id\":\"https:\\\/\\\/telocuentavictorhugo.com\\\/#website\"},\"primaryImageOfPage\":{\"@id\":\"https:\\\/\\\/telocuentavictorhugo.com\\\/index.php\\\/2025\\\/09\\\/23\\\/financial-times-advierte-que-la-crisis-en-argentina-se-agrava\\\/#primaryimage\"},\"image\":{\"@id\":\"https:\\\/\\\/telocuentavictorhugo.com\\\/index.php\\\/2025\\\/09\\\/23\\\/financial-times-advierte-que-la-crisis-en-argentina-se-agrava\\\/#primaryimage\"},\"thumbnailUrl\":\"https:\\\/\\\/telocuentavictorhugo.com\\\/wp-content\\\/uploads\\\/2025\\\/09\\\/8.png\",\"datePublished\":\"2025-09-23T14:01:50+00:00\",\"dateModified\":\"2025-09-23T14:01:51+00:00\",\"breadcrumb\":{\"@id\":\"https:\\\/\\\/telocuentavictorhugo.com\\\/index.php\\\/2025\\\/09\\\/23\\\/financial-times-advierte-que-la-crisis-en-argentina-se-agrava\\\/#breadcrumb\"},\"inLanguage\":\"es\",\"potentialAction\":[{\"@type\":\"ReadAction\",\"target\":[\"https:\\\/\\\/telocuentavictorhugo.com\\\/index.php\\\/2025\\\/09\\\/23\\\/financial-times-advierte-que-la-crisis-en-argentina-se-agrava\\\/\"]}]},{\"@type\":\"ImageObject\",\"inLanguage\":\"es\",\"@id\":\"https:\\\/\\\/telocuentavictorhugo.com\\\/index.php\\\/2025\\\/09\\\/23\\\/financial-times-advierte-que-la-crisis-en-argentina-se-agrava\\\/#primaryimage\",\"url\":\"https:\\\/\\\/telocuentavictorhugo.com\\\/wp-content\\\/uploads\\\/2025\\\/09\\\/8.png\",\"contentUrl\":\"https:\\\/\\\/telocuentavictorhugo.com\\\/wp-content\\\/uploads\\\/2025\\\/09\\\/8.png\",\"width\":1000,\"height\":1333},{\"@type\":\"BreadcrumbList\",\"@id\":\"https:\\\/\\\/telocuentavictorhugo.com\\\/index.php\\\/2025\\\/09\\\/23\\\/financial-times-advierte-que-la-crisis-en-argentina-se-agrava\\\/#breadcrumb\",\"itemListElement\":[{\"@type\":\"ListItem\",\"position\":1,\"name\":\"Portada\",\"item\":\"https:\\\/\\\/telocuentavictorhugo.com\\\/\"},{\"@type\":\"ListItem\",\"position\":2,\"name\":\"FINANCIAL TIMES ADVIERTE QUE LA CRISIS EN ARGENTINA SE AGRAVA\"}]},{\"@type\":\"WebSite\",\"@id\":\"https:\\\/\\\/telocuentavictorhugo.com\\\/#website\",\"url\":\"https:\\\/\\\/telocuentavictorhugo.com\\\/\",\"name\":\"Te lo Cuenta Victor\",\"description\":\"\",\"publisher\":{\"@id\":\"https:\\\/\\\/telocuentavictorhugo.com\\\/#organization\"},\"potentialAction\":[{\"@type\":\"SearchAction\",\"target\":{\"@type\":\"EntryPoint\",\"urlTemplate\":\"https:\\\/\\\/telocuentavictorhugo.com\\\/?s={search_term_string}\"},\"query-input\":{\"@type\":\"PropertyValueSpecification\",\"valueRequired\":true,\"valueName\":\"search_term_string\"}}],\"inLanguage\":\"es\"},{\"@type\":\"Organization\",\"@id\":\"https:\\\/\\\/telocuentavictorhugo.com\\\/#organization\",\"name\":\"Te lo Cuenta Victor\",\"url\":\"https:\\\/\\\/telocuentavictorhugo.com\\\/\",\"logo\":{\"@type\":\"ImageObject\",\"inLanguage\":\"es\",\"@id\":\"https:\\\/\\\/telocuentavictorhugo.com\\\/#\\\/schema\\\/logo\\\/image\\\/\",\"url\":\"https:\\\/\\\/telocuentavictorhugo.com\\\/wp-content\\\/uploads\\\/2023\\\/12\\\/Logo.png\",\"contentUrl\":\"https:\\\/\\\/telocuentavictorhugo.com\\\/wp-content\\\/uploads\\\/2023\\\/12\\\/Logo.png\",\"width\":1080,\"height\":176,\"caption\":\"Te lo Cuenta Victor\"},\"image\":{\"@id\":\"https:\\\/\\\/telocuentavictorhugo.com\\\/#\\\/schema\\\/logo\\\/image\\\/\"}},{\"@type\":\"Person\",\"@id\":\"https:\\\/\\\/telocuentavictorhugo.com\\\/#\\\/schema\\\/person\\\/a8307d7271ba2849b49b562ad8602f06\",\"name\":\"telocuentavictorhugo.com\",\"image\":{\"@type\":\"ImageObject\",\"inLanguage\":\"es\",\"@id\":\"https:\\\/\\\/secure.gravatar.com\\\/avatar\\\/da212e7b532df19fd2aea5daf46d8c176abfc85521e4b80ed435d7426ef63eb6?s=96&d=mm&r=g\",\"url\":\"https:\\\/\\\/secure.gravatar.com\\\/avatar\\\/da212e7b532df19fd2aea5daf46d8c176abfc85521e4b80ed435d7426ef63eb6?s=96&d=mm&r=g\",\"contentUrl\":\"https:\\\/\\\/secure.gravatar.com\\\/avatar\\\/da212e7b532df19fd2aea5daf46d8c176abfc85521e4b80ed435d7426ef63eb6?s=96&d=mm&r=g\",\"caption\":\"telocuentavictorhugo.com\"},\"sameAs\":[\"http:\\\/\\\/telocuentavictorhugo.com\"],\"url\":\"https:\\\/\\\/telocuentavictorhugo.com\\\/index.php\\\/author\\\/plustvpress-com\\\/\"}]}<\/script>\n<!-- \/ Yoast SEO plugin. -->","yoast_head_json":{"title":"FINANCIAL TIMES ADVIERTE QUE LA CRISIS EN ARGENTINA SE AGRAVA - Te lo Cuenta Victor","robots":{"index":"index","follow":"follow","max-snippet":"max-snippet:-1","max-image-preview":"max-image-preview:large","max-video-preview":"max-video-preview:-1"},"canonical":"https:\/\/telocuentavictorhugo.com\/index.php\/2025\/09\/23\/financial-times-advierte-que-la-crisis-en-argentina-se-agrava\/","og_locale":"es_ES","og_type":"article","og_title":"FINANCIAL TIMES ADVIERTE QUE LA CRISIS EN ARGENTINA SE AGRAVA - Te lo Cuenta Victor","og_description":"El diario Financial Times public\u00f3 un art\u00edculo que critica el programa econ\u00f3mico del gobierno argentino, advirtiendo que \u00abla crisis se agrava\u00bb debido al aumento del d\u00f3lar y a la din\u00e1mica econ\u00f3mica \u00abinsostenible\u00bb. La publicaci\u00f3n cuestiona la pol\u00edtica cambiaria del gobierno, se\u00f1alando que el Banco Central vendi\u00f3 m\u00e1s de mil millones de d\u00f3lares en solo tres [&hellip;]","og_url":"https:\/\/telocuentavictorhugo.com\/index.php\/2025\/09\/23\/financial-times-advierte-que-la-crisis-en-argentina-se-agrava\/","og_site_name":"Te lo Cuenta Victor","article_published_time":"2025-09-23T14:01:50+00:00","article_modified_time":"2025-09-23T14:01:51+00:00","og_image":[{"width":1000,"height":1333,"url":"http:\/\/telocuentavictorhugo.com\/wp-content\/uploads\/2025\/09\/8.png","type":"image\/png"}],"author":"telocuentavictorhugo.com","twitter_card":"summary_large_image","twitter_misc":{"Escrito por":"telocuentavictorhugo.com","Tiempo de lectura":"1 minuto"},"schema":{"@context":"https:\/\/schema.org","@graph":[{"@type":"Article","@id":"https:\/\/telocuentavictorhugo.com\/index.php\/2025\/09\/23\/financial-times-advierte-que-la-crisis-en-argentina-se-agrava\/#article","isPartOf":{"@id":"https:\/\/telocuentavictorhugo.com\/index.php\/2025\/09\/23\/financial-times-advierte-que-la-crisis-en-argentina-se-agrava\/"},"author":{"name":"telocuentavictorhugo.com","@id":"https:\/\/telocuentavictorhugo.com\/#\/schema\/person\/a8307d7271ba2849b49b562ad8602f06"},"headline":"FINANCIAL TIMES ADVIERTE QUE LA CRISIS EN ARGENTINA SE AGRAVA","datePublished":"2025-09-23T14:01:50+00:00","dateModified":"2025-09-23T14:01:51+00:00","mainEntityOfPage":{"@id":"https:\/\/telocuentavictorhugo.com\/index.php\/2025\/09\/23\/financial-times-advierte-que-la-crisis-en-argentina-se-agrava\/"},"wordCount":151,"commentCount":0,"publisher":{"@id":"https:\/\/telocuentavictorhugo.com\/#organization"},"image":{"@id":"https:\/\/telocuentavictorhugo.com\/index.php\/2025\/09\/23\/financial-times-advierte-que-la-crisis-en-argentina-se-agrava\/#primaryimage"},"thumbnailUrl":"https:\/\/telocuentavictorhugo.com\/wp-content\/uploads\/2025\/09\/8.png","articleSection":["Noticias"],"inLanguage":"es","potentialAction":[{"@type":"CommentAction","name":"Comment","target":["https:\/\/telocuentavictorhugo.com\/index.php\/2025\/09\/23\/financial-times-advierte-que-la-crisis-en-argentina-se-agrava\/#respond"]}]},{"@type":"WebPage","@id":"https:\/\/telocuentavictorhugo.com\/index.php\/2025\/09\/23\/financial-times-advierte-que-la-crisis-en-argentina-se-agrava\/","url":"https:\/\/telocuentavictorhugo.com\/index.php\/2025\/09\/23\/financial-times-advierte-que-la-crisis-en-argentina-se-agrava\/","name":"FINANCIAL TIMES ADVIERTE QUE LA CRISIS EN ARGENTINA SE AGRAVA - Te lo Cuenta Victor","isPartOf":{"@id":"https:\/\/telocuentavictorhugo.com\/#website"},"primaryImageOfPage":{"@id":"https:\/\/telocuentavictorhugo.com\/index.php\/2025\/09\/23\/financial-times-advierte-que-la-crisis-en-argentina-se-agrava\/#primaryimage"},"image":{"@id":"https:\/\/telocuentavictorhugo.com\/index.php\/2025\/09\/23\/financial-times-advierte-que-la-crisis-en-argentina-se-agrava\/#primaryimage"},"thumbnailUrl":"https:\/\/telocuentavictorhugo.com\/wp-content\/uploads\/2025\/09\/8.png","datePublished":"2025-09-23T14:01:50+00:00","dateModified":"2025-09-23T14:01:51+00:00","breadcrumb":{"@id":"https:\/\/telocuentavictorhugo.com\/index.php\/2025\/09\/23\/financial-times-advierte-que-la-crisis-en-argentina-se-agrava\/#breadcrumb"},"inLanguage":"es","potentialAction":[{"@type":"ReadAction","target":["https:\/\/telocuentavictorhugo.com\/index.php\/2025\/09\/23\/financial-times-advierte-que-la-crisis-en-argentina-se-agrava\/"]}]},{"@type":"ImageObject","inLanguage":"es","@id":"https:\/\/telocuentavictorhugo.com\/index.php\/2025\/09\/23\/financial-times-advierte-que-la-crisis-en-argentina-se-agrava\/#primaryimage","url":"https:\/\/telocuentavictorhugo.com\/wp-content\/uploads\/2025\/09\/8.png","contentUrl":"https:\/\/telocuentavictorhugo.com\/wp-content\/uploads\/2025\/09\/8.png","width":1000,"height":1333},{"@type":"BreadcrumbList","@id":"https:\/\/telocuentavictorhugo.com\/index.php\/2025\/09\/23\/financial-times-advierte-que-la-crisis-en-argentina-se-agrava\/#breadcrumb","itemListElement":[{"@type":"ListItem","position":1,"name":"Portada","item":"https:\/\/telocuentavictorhugo.com\/"},{"@type":"ListItem","position":2,"name":"FINANCIAL TIMES ADVIERTE QUE LA CRISIS EN ARGENTINA SE AGRAVA"}]},{"@type":"WebSite","@id":"https:\/\/telocuentavictorhugo.com\/#website","url":"https:\/\/telocuentavictorhugo.com\/","name":"Te lo Cuenta Victor","description":"","publisher":{"@id":"https:\/\/telocuentavictorhugo.com\/#organization"},"potentialAction":[{"@type":"SearchAction","target":{"@type":"EntryPoint","urlTemplate":"https:\/\/telocuentavictorhugo.com\/?s={search_term_string}"},"query-input":{"@type":"PropertyValueSpecification","valueRequired":true,"valueName":"search_term_string"}}],"inLanguage":"es"},{"@type":"Organization","@id":"https:\/\/telocuentavictorhugo.com\/#organization","name":"Te lo Cuenta Victor","url":"https:\/\/telocuentavictorhugo.com\/","logo":{"@type":"ImageObject","inLanguage":"es","@id":"https:\/\/telocuentavictorhugo.com\/#\/schema\/logo\/image\/","url":"https:\/\/telocuentavictorhugo.com\/wp-content\/uploads\/2023\/12\/Logo.png","contentUrl":"https:\/\/telocuentavictorhugo.com\/wp-content\/uploads\/2023\/12\/Logo.png","width":1080,"height":176,"caption":"Te lo Cuenta Victor"},"image":{"@id":"https:\/\/telocuentavictorhugo.com\/#\/schema\/logo\/image\/"}},{"@type":"Person","@id":"https:\/\/telocuentavictorhugo.com\/#\/schema\/person\/a8307d7271ba2849b49b562ad8602f06","name":"telocuentavictorhugo.com","image":{"@type":"ImageObject","inLanguage":"es","@id":"https:\/\/secure.gravatar.com\/avatar\/da212e7b532df19fd2aea5daf46d8c176abfc85521e4b80ed435d7426ef63eb6?s=96&d=mm&r=g","url":"https:\/\/secure.gravatar.com\/avatar\/da212e7b532df19fd2aea5daf46d8c176abfc85521e4b80ed435d7426ef63eb6?s=96&d=mm&r=g","contentUrl":"https:\/\/secure.gravatar.com\/avatar\/da212e7b532df19fd2aea5daf46d8c176abfc85521e4b80ed435d7426ef63eb6?s=96&d=mm&r=g","caption":"telocuentavictorhugo.com"},"sameAs":["http:\/\/telocuentavictorhugo.com"],"url":"https:\/\/telocuentavictorhugo.com\/index.php\/author\/plustvpress-com\/"}]}},"_links":{"self":[{"href":"https:\/\/telocuentavictorhugo.com\/index.php\/wp-json\/wp\/v2\/posts\/9960","targetHints":{"allow":["GET"]}}],"collection":[{"href":"https:\/\/telocuentavictorhugo.com\/index.php\/wp-json\/wp\/v2\/posts"}],"about":[{"href":"https:\/\/telocuentavictorhugo.com\/index.php\/wp-json\/wp\/v2\/types\/post"}],"author":[{"embeddable":true,"href":"https:\/\/telocuentavictorhugo.com\/index.php\/wp-json\/wp\/v2\/users\/1"}],"replies":[{"embeddable":true,"href":"https:\/\/telocuentavictorhugo.com\/index.php\/wp-json\/wp\/v2\/comments?post=9960"}],"version-history":[{"count":1,"href":"https:\/\/telocuentavictorhugo.com\/index.php\/wp-json\/wp\/v2\/posts\/9960\/revisions"}],"predecessor-version":[{"id":9961,"href":"https:\/\/telocuentavictorhugo.com\/index.php\/wp-json\/wp\/v2\/posts\/9960\/revisions\/9961"}],"wp:featuredmedia":[{"embeddable":true,"href":"https:\/\/telocuentavictorhugo.com\/index.php\/wp-json\/wp\/v2\/media\/9951"}],"wp:attachment":[{"href":"https:\/\/telocuentavictorhugo.com\/index.php\/wp-json\/wp\/v2\/media?parent=9960"}],"wp:term":[{"taxonomy":"category","embeddable":true,"href":"https:\/\/telocuentavictorhugo.com\/index.php\/wp-json\/wp\/v2\/categories?post=9960"},{"taxonomy":"post_tag","embeddable":true,"href":"https:\/\/telocuentavictorhugo.com\/index.php\/wp-json\/wp\/v2\/tags?post=9960"}],"curies":[{"name":"wp","href":"https:\/\/api.w.org\/{rel}","templated":true}]}}