{"id":9891,"date":"2025-09-21T22:45:48","date_gmt":"2025-09-22T02:45:48","guid":{"rendered":"https:\/\/telocuentavictorhugo.com\/?p=9891"},"modified":"2025-09-21T22:45:49","modified_gmt":"2025-09-22T02:45:49","slug":"brenda-lafuente-presenta-nueva-demanda-por-asistencia-familiar-contra-arce","status":"publish","type":"post","link":"https:\/\/telocuentavictorhugo.com\/index.php\/2025\/09\/21\/brenda-lafuente-presenta-nueva-demanda-por-asistencia-familiar-contra-arce\/","title":{"rendered":"BRENDA LAFUENTE PRESENTA NUEVA DEMANDA POR ASISTENCIA FAMILIAR CONTRA ARCE"},"content":{"rendered":"\n<p>Brenda Lafuente presenta una demanda de asistencia familiar contra el presidente Luis Arce en medio de un complejo escenario judicial que involucra acusaciones de abandono, violencia intrafamiliar y violencia econ\u00f3mica. La acci\u00f3n, formalizada este jueves en el Palacio de Justicia y acompa\u00f1ada por su abogada mientras carga a su beb\u00e9 de 10 meses, busca asegurar la protecci\u00f3n y manutenci\u00f3n del menor, en un contexto donde ya se tramita un proceso penal por otros il\u00edcitos. La defensa aclar\u00f3 que no se interpuso una demanda de paternidad, dado que \u201cse da por hecho que \u00e9l es el padre del ni\u00f1o\u201d, y enfatiz\u00f3 que la v\u00eda civil persigue garantizar obligaciones econ\u00f3micas y derechos fundamentales del menor.<\/p>\n\n\n\n<figure class=\"wp-block-embed is-type-video is-provider-youtube wp-block-embed-youtube wp-embed-aspect-16-9 wp-has-aspect-ratio\"><div class=\"wp-block-embed__wrapper\">\n<iframe title=\"BRENDA LAFUENTE PRESENTA NUEVA DEMANDA POR ASISTENCIA FAMILIAR CONTRA ARCE\" width=\"800\" height=\"450\" src=\"https:\/\/www.youtube.com\/embed\/_cobCDYfBXs?feature=oembed\" frameborder=\"0\" allow=\"accelerometer; autoplay; clipboard-write; encrypted-media; gyroscope; picture-in-picture; web-share\" referrerpolicy=\"strict-origin-when-cross-origin\" allowfullscreen><\/iframe>\n<\/div><\/figure>\n","protected":false},"excerpt":{"rendered":"<p>Brenda Lafuente presenta una demanda de asistencia familiar contra el presidente Luis Arce en medio de un complejo escenario judicial que involucra acusaciones de abandono, violencia intrafamiliar y violencia econ\u00f3mica. La acci\u00f3n, formalizada este jueves en el Palacio de Justicia y acompa\u00f1ada por su abogada mientras carga a su beb\u00e9 de 10 meses, busca asegurar [&hellip;]<\/p>\n","protected":false},"author":1,"featured_media":9905,"comment_status":"open","ping_status":"open","sticky":false,"template":"","format":"standard","meta":{"_eb_attr":"","footnotes":""},"categories":[1,42],"tags":[],"class_list":["post-9891","post","type-post","status-publish","format-standard","has-post-thumbnail","hentry","category-noticias","category-politica"],"yoast_head":"<!-- This site is optimized with the Yoast SEO plugin v27.4 - https:\/\/yoast.com\/product\/yoast-seo-wordpress\/ -->\n<title>BRENDA LAFUENTE PRESENTA NUEVA DEMANDA POR ASISTENCIA FAMILIAR CONTRA ARCE - Te lo Cuenta Victor<\/title>\n<meta name=\"robots\" content=\"index, follow, max-snippet:-1, max-image-preview:large, max-video-preview:-1\" \/>\n<link rel=\"canonical\" href=\"https:\/\/telocuentavictorhugo.com\/index.php\/2025\/09\/21\/brenda-lafuente-presenta-nueva-demanda-por-asistencia-familiar-contra-arce\/\" \/>\n<meta property=\"og:locale\" content=\"es_ES\" \/>\n<meta property=\"og:type\" content=\"article\" \/>\n<meta property=\"og:title\" content=\"BRENDA LAFUENTE PRESENTA NUEVA DEMANDA POR ASISTENCIA FAMILIAR CONTRA ARCE - Te lo Cuenta Victor\" \/>\n<meta property=\"og:description\" content=\"Brenda Lafuente presenta una demanda de asistencia familiar contra el presidente Luis Arce en medio de un complejo escenario judicial que involucra acusaciones de abandono, violencia intrafamiliar y violencia econ\u00f3mica. La acci\u00f3n, formalizada este jueves en el Palacio de Justicia y acompa\u00f1ada por su abogada mientras carga a su beb\u00e9 de 10 meses, busca asegurar [&hellip;]\" \/>\n<meta property=\"og:url\" content=\"https:\/\/telocuentavictorhugo.com\/index.php\/2025\/09\/21\/brenda-lafuente-presenta-nueva-demanda-por-asistencia-familiar-contra-arce\/\" \/>\n<meta property=\"og:site_name\" content=\"Te lo Cuenta Victor\" \/>\n<meta property=\"article:published_time\" content=\"2025-09-22T02:45:48+00:00\" \/>\n<meta property=\"article:modified_time\" content=\"2025-09-22T02:45:49+00:00\" \/>\n<meta property=\"og:image\" content=\"http:\/\/telocuentavictorhugo.com\/wp-content\/uploads\/2025\/09\/8-3.jpg\" \/>\n\t<meta property=\"og:image:width\" content=\"675\" \/>\n\t<meta property=\"og:image:height\" content=\"337\" \/>\n\t<meta property=\"og:image:type\" content=\"image\/jpeg\" \/>\n<meta name=\"author\" content=\"telocuentavictorhugo.com\" \/>\n<meta name=\"twitter:card\" content=\"summary_large_image\" \/>\n<meta name=\"twitter:label1\" content=\"Escrito por\" \/>\n\t<meta name=\"twitter:data1\" content=\"telocuentavictorhugo.com\" \/>\n\t<meta name=\"twitter:label2\" content=\"Tiempo de lectura\" \/>\n\t<meta name=\"twitter:data2\" content=\"1 minuto\" \/>\n<script type=\"application\/ld+json\" class=\"yoast-schema-graph\">{\"@context\":\"https:\\\/\\\/schema.org\",\"@graph\":[{\"@type\":\"Article\",\"@id\":\"https:\\\/\\\/telocuentavictorhugo.com\\\/index.php\\\/2025\\\/09\\\/21\\\/brenda-lafuente-presenta-nueva-demanda-por-asistencia-familiar-contra-arce\\\/#article\",\"isPartOf\":{\"@id\":\"https:\\\/\\\/telocuentavictorhugo.com\\\/index.php\\\/2025\\\/09\\\/21\\\/brenda-lafuente-presenta-nueva-demanda-por-asistencia-familiar-contra-arce\\\/\"},\"author\":{\"name\":\"telocuentavictorhugo.com\",\"@id\":\"https:\\\/\\\/telocuentavictorhugo.com\\\/#\\\/schema\\\/person\\\/a8307d7271ba2849b49b562ad8602f06\"},\"headline\":\"BRENDA LAFUENTE PRESENTA NUEVA DEMANDA POR ASISTENCIA FAMILIAR CONTRA ARCE\",\"datePublished\":\"2025-09-22T02:45:48+00:00\",\"dateModified\":\"2025-09-22T02:45:49+00:00\",\"mainEntityOfPage\":{\"@id\":\"https:\\\/\\\/telocuentavictorhugo.com\\\/index.php\\\/2025\\\/09\\\/21\\\/brenda-lafuente-presenta-nueva-demanda-por-asistencia-familiar-contra-arce\\\/\"},\"wordCount\":135,\"commentCount\":0,\"publisher\":{\"@id\":\"https:\\\/\\\/telocuentavictorhugo.com\\\/#organization\"},\"image\":{\"@id\":\"https:\\\/\\\/telocuentavictorhugo.com\\\/index.php\\\/2025\\\/09\\\/21\\\/brenda-lafuente-presenta-nueva-demanda-por-asistencia-familiar-contra-arce\\\/#primaryimage\"},\"thumbnailUrl\":\"https:\\\/\\\/telocuentavictorhugo.com\\\/wp-content\\\/uploads\\\/2025\\\/09\\\/8-3.jpg\",\"articleSection\":[\"Noticias\",\"Pol\u00edtica\"],\"inLanguage\":\"es\",\"potentialAction\":[{\"@type\":\"CommentAction\",\"name\":\"Comment\",\"target\":[\"https:\\\/\\\/telocuentavictorhugo.com\\\/index.php\\\/2025\\\/09\\\/21\\\/brenda-lafuente-presenta-nueva-demanda-por-asistencia-familiar-contra-arce\\\/#respond\"]}]},{\"@type\":\"WebPage\",\"@id\":\"https:\\\/\\\/telocuentavictorhugo.com\\\/index.php\\\/2025\\\/09\\\/21\\\/brenda-lafuente-presenta-nueva-demanda-por-asistencia-familiar-contra-arce\\\/\",\"url\":\"https:\\\/\\\/telocuentavictorhugo.com\\\/index.php\\\/2025\\\/09\\\/21\\\/brenda-lafuente-presenta-nueva-demanda-por-asistencia-familiar-contra-arce\\\/\",\"name\":\"BRENDA LAFUENTE PRESENTA NUEVA DEMANDA POR ASISTENCIA FAMILIAR CONTRA ARCE - Te lo Cuenta Victor\",\"isPartOf\":{\"@id\":\"https:\\\/\\\/telocuentavictorhugo.com\\\/#website\"},\"primaryImageOfPage\":{\"@id\":\"https:\\\/\\\/telocuentavictorhugo.com\\\/index.php\\\/2025\\\/09\\\/21\\\/brenda-lafuente-presenta-nueva-demanda-por-asistencia-familiar-contra-arce\\\/#primaryimage\"},\"image\":{\"@id\":\"https:\\\/\\\/telocuentavictorhugo.com\\\/index.php\\\/2025\\\/09\\\/21\\\/brenda-lafuente-presenta-nueva-demanda-por-asistencia-familiar-contra-arce\\\/#primaryimage\"},\"thumbnailUrl\":\"https:\\\/\\\/telocuentavictorhugo.com\\\/wp-content\\\/uploads\\\/2025\\\/09\\\/8-3.jpg\",\"datePublished\":\"2025-09-22T02:45:48+00:00\",\"dateModified\":\"2025-09-22T02:45:49+00:00\",\"breadcrumb\":{\"@id\":\"https:\\\/\\\/telocuentavictorhugo.com\\\/index.php\\\/2025\\\/09\\\/21\\\/brenda-lafuente-presenta-nueva-demanda-por-asistencia-familiar-contra-arce\\\/#breadcrumb\"},\"inLanguage\":\"es\",\"potentialAction\":[{\"@type\":\"ReadAction\",\"target\":[\"https:\\\/\\\/telocuentavictorhugo.com\\\/index.php\\\/2025\\\/09\\\/21\\\/brenda-lafuente-presenta-nueva-demanda-por-asistencia-familiar-contra-arce\\\/\"]}]},{\"@type\":\"ImageObject\",\"inLanguage\":\"es\",\"@id\":\"https:\\\/\\\/telocuentavictorhugo.com\\\/index.php\\\/2025\\\/09\\\/21\\\/brenda-lafuente-presenta-nueva-demanda-por-asistencia-familiar-contra-arce\\\/#primaryimage\",\"url\":\"https:\\\/\\\/telocuentavictorhugo.com\\\/wp-content\\\/uploads\\\/2025\\\/09\\\/8-3.jpg\",\"contentUrl\":\"https:\\\/\\\/telocuentavictorhugo.com\\\/wp-content\\\/uploads\\\/2025\\\/09\\\/8-3.jpg\",\"width\":675,\"height\":337},{\"@type\":\"BreadcrumbList\",\"@id\":\"https:\\\/\\\/telocuentavictorhugo.com\\\/index.php\\\/2025\\\/09\\\/21\\\/brenda-lafuente-presenta-nueva-demanda-por-asistencia-familiar-contra-arce\\\/#breadcrumb\",\"itemListElement\":[{\"@type\":\"ListItem\",\"position\":1,\"name\":\"Portada\",\"item\":\"https:\\\/\\\/telocuentavictorhugo.com\\\/\"},{\"@type\":\"ListItem\",\"position\":2,\"name\":\"BRENDA LAFUENTE PRESENTA NUEVA DEMANDA POR ASISTENCIA FAMILIAR CONTRA ARCE\"}]},{\"@type\":\"WebSite\",\"@id\":\"https:\\\/\\\/telocuentavictorhugo.com\\\/#website\",\"url\":\"https:\\\/\\\/telocuentavictorhugo.com\\\/\",\"name\":\"Te lo Cuenta Victor\",\"description\":\"\",\"publisher\":{\"@id\":\"https:\\\/\\\/telocuentavictorhugo.com\\\/#organization\"},\"potentialAction\":[{\"@type\":\"SearchAction\",\"target\":{\"@type\":\"EntryPoint\",\"urlTemplate\":\"https:\\\/\\\/telocuentavictorhugo.com\\\/?s={search_term_string}\"},\"query-input\":{\"@type\":\"PropertyValueSpecification\",\"valueRequired\":true,\"valueName\":\"search_term_string\"}}],\"inLanguage\":\"es\"},{\"@type\":\"Organization\",\"@id\":\"https:\\\/\\\/telocuentavictorhugo.com\\\/#organization\",\"name\":\"Te lo Cuenta Victor\",\"url\":\"https:\\\/\\\/telocuentavictorhugo.com\\\/\",\"logo\":{\"@type\":\"ImageObject\",\"inLanguage\":\"es\",\"@id\":\"https:\\\/\\\/telocuentavictorhugo.com\\\/#\\\/schema\\\/logo\\\/image\\\/\",\"url\":\"https:\\\/\\\/telocuentavictorhugo.com\\\/wp-content\\\/uploads\\\/2023\\\/12\\\/Logo.png\",\"contentUrl\":\"https:\\\/\\\/telocuentavictorhugo.com\\\/wp-content\\\/uploads\\\/2023\\\/12\\\/Logo.png\",\"width\":1080,\"height\":176,\"caption\":\"Te lo Cuenta Victor\"},\"image\":{\"@id\":\"https:\\\/\\\/telocuentavictorhugo.com\\\/#\\\/schema\\\/logo\\\/image\\\/\"}},{\"@type\":\"Person\",\"@id\":\"https:\\\/\\\/telocuentavictorhugo.com\\\/#\\\/schema\\\/person\\\/a8307d7271ba2849b49b562ad8602f06\",\"name\":\"telocuentavictorhugo.com\",\"image\":{\"@type\":\"ImageObject\",\"inLanguage\":\"es\",\"@id\":\"https:\\\/\\\/secure.gravatar.com\\\/avatar\\\/da212e7b532df19fd2aea5daf46d8c176abfc85521e4b80ed435d7426ef63eb6?s=96&d=mm&r=g\",\"url\":\"https:\\\/\\\/secure.gravatar.com\\\/avatar\\\/da212e7b532df19fd2aea5daf46d8c176abfc85521e4b80ed435d7426ef63eb6?s=96&d=mm&r=g\",\"contentUrl\":\"https:\\\/\\\/secure.gravatar.com\\\/avatar\\\/da212e7b532df19fd2aea5daf46d8c176abfc85521e4b80ed435d7426ef63eb6?s=96&d=mm&r=g\",\"caption\":\"telocuentavictorhugo.com\"},\"sameAs\":[\"http:\\\/\\\/telocuentavictorhugo.com\"],\"url\":\"https:\\\/\\\/telocuentavictorhugo.com\\\/index.php\\\/author\\\/plustvpress-com\\\/\"}]}<\/script>\n<!-- \/ Yoast SEO plugin. -->","yoast_head_json":{"title":"BRENDA LAFUENTE PRESENTA NUEVA DEMANDA POR ASISTENCIA FAMILIAR CONTRA ARCE - Te lo Cuenta Victor","robots":{"index":"index","follow":"follow","max-snippet":"max-snippet:-1","max-image-preview":"max-image-preview:large","max-video-preview":"max-video-preview:-1"},"canonical":"https:\/\/telocuentavictorhugo.com\/index.php\/2025\/09\/21\/brenda-lafuente-presenta-nueva-demanda-por-asistencia-familiar-contra-arce\/","og_locale":"es_ES","og_type":"article","og_title":"BRENDA LAFUENTE PRESENTA NUEVA DEMANDA POR ASISTENCIA FAMILIAR CONTRA ARCE - Te lo Cuenta Victor","og_description":"Brenda Lafuente presenta una demanda de asistencia familiar contra el presidente Luis Arce en medio de un complejo escenario judicial que involucra acusaciones de abandono, violencia intrafamiliar y violencia econ\u00f3mica. La acci\u00f3n, formalizada este jueves en el Palacio de Justicia y acompa\u00f1ada por su abogada mientras carga a su beb\u00e9 de 10 meses, busca asegurar [&hellip;]","og_url":"https:\/\/telocuentavictorhugo.com\/index.php\/2025\/09\/21\/brenda-lafuente-presenta-nueva-demanda-por-asistencia-familiar-contra-arce\/","og_site_name":"Te lo Cuenta Victor","article_published_time":"2025-09-22T02:45:48+00:00","article_modified_time":"2025-09-22T02:45:49+00:00","og_image":[{"width":675,"height":337,"url":"http:\/\/telocuentavictorhugo.com\/wp-content\/uploads\/2025\/09\/8-3.jpg","type":"image\/jpeg"}],"author":"telocuentavictorhugo.com","twitter_card":"summary_large_image","twitter_misc":{"Escrito por":"telocuentavictorhugo.com","Tiempo de lectura":"1 minuto"},"schema":{"@context":"https:\/\/schema.org","@graph":[{"@type":"Article","@id":"https:\/\/telocuentavictorhugo.com\/index.php\/2025\/09\/21\/brenda-lafuente-presenta-nueva-demanda-por-asistencia-familiar-contra-arce\/#article","isPartOf":{"@id":"https:\/\/telocuentavictorhugo.com\/index.php\/2025\/09\/21\/brenda-lafuente-presenta-nueva-demanda-por-asistencia-familiar-contra-arce\/"},"author":{"name":"telocuentavictorhugo.com","@id":"https:\/\/telocuentavictorhugo.com\/#\/schema\/person\/a8307d7271ba2849b49b562ad8602f06"},"headline":"BRENDA LAFUENTE PRESENTA NUEVA DEMANDA POR ASISTENCIA FAMILIAR CONTRA ARCE","datePublished":"2025-09-22T02:45:48+00:00","dateModified":"2025-09-22T02:45:49+00:00","mainEntityOfPage":{"@id":"https:\/\/telocuentavictorhugo.com\/index.php\/2025\/09\/21\/brenda-lafuente-presenta-nueva-demanda-por-asistencia-familiar-contra-arce\/"},"wordCount":135,"commentCount":0,"publisher":{"@id":"https:\/\/telocuentavictorhugo.com\/#organization"},"image":{"@id":"https:\/\/telocuentavictorhugo.com\/index.php\/2025\/09\/21\/brenda-lafuente-presenta-nueva-demanda-por-asistencia-familiar-contra-arce\/#primaryimage"},"thumbnailUrl":"https:\/\/telocuentavictorhugo.com\/wp-content\/uploads\/2025\/09\/8-3.jpg","articleSection":["Noticias","Pol\u00edtica"],"inLanguage":"es","potentialAction":[{"@type":"CommentAction","name":"Comment","target":["https:\/\/telocuentavictorhugo.com\/index.php\/2025\/09\/21\/brenda-lafuente-presenta-nueva-demanda-por-asistencia-familiar-contra-arce\/#respond"]}]},{"@type":"WebPage","@id":"https:\/\/telocuentavictorhugo.com\/index.php\/2025\/09\/21\/brenda-lafuente-presenta-nueva-demanda-por-asistencia-familiar-contra-arce\/","url":"https:\/\/telocuentavictorhugo.com\/index.php\/2025\/09\/21\/brenda-lafuente-presenta-nueva-demanda-por-asistencia-familiar-contra-arce\/","name":"BRENDA LAFUENTE PRESENTA NUEVA DEMANDA POR ASISTENCIA FAMILIAR CONTRA ARCE - Te lo Cuenta Victor","isPartOf":{"@id":"https:\/\/telocuentavictorhugo.com\/#website"},"primaryImageOfPage":{"@id":"https:\/\/telocuentavictorhugo.com\/index.php\/2025\/09\/21\/brenda-lafuente-presenta-nueva-demanda-por-asistencia-familiar-contra-arce\/#primaryimage"},"image":{"@id":"https:\/\/telocuentavictorhugo.com\/index.php\/2025\/09\/21\/brenda-lafuente-presenta-nueva-demanda-por-asistencia-familiar-contra-arce\/#primaryimage"},"thumbnailUrl":"https:\/\/telocuentavictorhugo.com\/wp-content\/uploads\/2025\/09\/8-3.jpg","datePublished":"2025-09-22T02:45:48+00:00","dateModified":"2025-09-22T02:45:49+00:00","breadcrumb":{"@id":"https:\/\/telocuentavictorhugo.com\/index.php\/2025\/09\/21\/brenda-lafuente-presenta-nueva-demanda-por-asistencia-familiar-contra-arce\/#breadcrumb"},"inLanguage":"es","potentialAction":[{"@type":"ReadAction","target":["https:\/\/telocuentavictorhugo.com\/index.php\/2025\/09\/21\/brenda-lafuente-presenta-nueva-demanda-por-asistencia-familiar-contra-arce\/"]}]},{"@type":"ImageObject","inLanguage":"es","@id":"https:\/\/telocuentavictorhugo.com\/index.php\/2025\/09\/21\/brenda-lafuente-presenta-nueva-demanda-por-asistencia-familiar-contra-arce\/#primaryimage","url":"https:\/\/telocuentavictorhugo.com\/wp-content\/uploads\/2025\/09\/8-3.jpg","contentUrl":"https:\/\/telocuentavictorhugo.com\/wp-content\/uploads\/2025\/09\/8-3.jpg","width":675,"height":337},{"@type":"BreadcrumbList","@id":"https:\/\/telocuentavictorhugo.com\/index.php\/2025\/09\/21\/brenda-lafuente-presenta-nueva-demanda-por-asistencia-familiar-contra-arce\/#breadcrumb","itemListElement":[{"@type":"ListItem","position":1,"name":"Portada","item":"https:\/\/telocuentavictorhugo.com\/"},{"@type":"ListItem","position":2,"name":"BRENDA LAFUENTE PRESENTA NUEVA DEMANDA POR ASISTENCIA FAMILIAR CONTRA ARCE"}]},{"@type":"WebSite","@id":"https:\/\/telocuentavictorhugo.com\/#website","url":"https:\/\/telocuentavictorhugo.com\/","name":"Te lo Cuenta Victor","description":"","publisher":{"@id":"https:\/\/telocuentavictorhugo.com\/#organization"},"potentialAction":[{"@type":"SearchAction","target":{"@type":"EntryPoint","urlTemplate":"https:\/\/telocuentavictorhugo.com\/?s={search_term_string}"},"query-input":{"@type":"PropertyValueSpecification","valueRequired":true,"valueName":"search_term_string"}}],"inLanguage":"es"},{"@type":"Organization","@id":"https:\/\/telocuentavictorhugo.com\/#organization","name":"Te lo Cuenta Victor","url":"https:\/\/telocuentavictorhugo.com\/","logo":{"@type":"ImageObject","inLanguage":"es","@id":"https:\/\/telocuentavictorhugo.com\/#\/schema\/logo\/image\/","url":"https:\/\/telocuentavictorhugo.com\/wp-content\/uploads\/2023\/12\/Logo.png","contentUrl":"https:\/\/telocuentavictorhugo.com\/wp-content\/uploads\/2023\/12\/Logo.png","width":1080,"height":176,"caption":"Te lo Cuenta Victor"},"image":{"@id":"https:\/\/telocuentavictorhugo.com\/#\/schema\/logo\/image\/"}},{"@type":"Person","@id":"https:\/\/telocuentavictorhugo.com\/#\/schema\/person\/a8307d7271ba2849b49b562ad8602f06","name":"telocuentavictorhugo.com","image":{"@type":"ImageObject","inLanguage":"es","@id":"https:\/\/secure.gravatar.com\/avatar\/da212e7b532df19fd2aea5daf46d8c176abfc85521e4b80ed435d7426ef63eb6?s=96&d=mm&r=g","url":"https:\/\/secure.gravatar.com\/avatar\/da212e7b532df19fd2aea5daf46d8c176abfc85521e4b80ed435d7426ef63eb6?s=96&d=mm&r=g","contentUrl":"https:\/\/secure.gravatar.com\/avatar\/da212e7b532df19fd2aea5daf46d8c176abfc85521e4b80ed435d7426ef63eb6?s=96&d=mm&r=g","caption":"telocuentavictorhugo.com"},"sameAs":["http:\/\/telocuentavictorhugo.com"],"url":"https:\/\/telocuentavictorhugo.com\/index.php\/author\/plustvpress-com\/"}]}},"_links":{"self":[{"href":"https:\/\/telocuentavictorhugo.com\/index.php\/wp-json\/wp\/v2\/posts\/9891","targetHints":{"allow":["GET"]}}],"collection":[{"href":"https:\/\/telocuentavictorhugo.com\/index.php\/wp-json\/wp\/v2\/posts"}],"about":[{"href":"https:\/\/telocuentavictorhugo.com\/index.php\/wp-json\/wp\/v2\/types\/post"}],"author":[{"embeddable":true,"href":"https:\/\/telocuentavictorhugo.com\/index.php\/wp-json\/wp\/v2\/users\/1"}],"replies":[{"embeddable":true,"href":"https:\/\/telocuentavictorhugo.com\/index.php\/wp-json\/wp\/v2\/comments?post=9891"}],"version-history":[{"count":1,"href":"https:\/\/telocuentavictorhugo.com\/index.php\/wp-json\/wp\/v2\/posts\/9891\/revisions"}],"predecessor-version":[{"id":9920,"href":"https:\/\/telocuentavictorhugo.com\/index.php\/wp-json\/wp\/v2\/posts\/9891\/revisions\/9920"}],"wp:featuredmedia":[{"embeddable":true,"href":"https:\/\/telocuentavictorhugo.com\/index.php\/wp-json\/wp\/v2\/media\/9905"}],"wp:attachment":[{"href":"https:\/\/telocuentavictorhugo.com\/index.php\/wp-json\/wp\/v2\/media?parent=9891"}],"wp:term":[{"taxonomy":"category","embeddable":true,"href":"https:\/\/telocuentavictorhugo.com\/index.php\/wp-json\/wp\/v2\/categories?post=9891"},{"taxonomy":"post_tag","embeddable":true,"href":"https:\/\/telocuentavictorhugo.com\/index.php\/wp-json\/wp\/v2\/tags?post=9891"}],"curies":[{"name":"wp","href":"https:\/\/api.w.org\/{rel}","templated":true}]}}