{"id":9888,"date":"2025-09-21T22:45:42","date_gmt":"2025-09-22T02:45:42","guid":{"rendered":"https:\/\/telocuentavictorhugo.com\/?p=9888"},"modified":"2025-09-21T22:45:43","modified_gmt":"2025-09-22T02:45:43","slug":"tse-confirma-fechas-y-sedes-de-los-debates-presidenciales-y-vicepresidenciales","status":"publish","type":"post","link":"https:\/\/telocuentavictorhugo.com\/index.php\/2025\/09\/21\/tse-confirma-fechas-y-sedes-de-los-debates-presidenciales-y-vicepresidenciales\/","title":{"rendered":"TSE CONFIRMA FECHAS Y SEDES DE LOS DEBATES PRESIDENCIALES Y VICEPRESIDENCIALES"},"content":{"rendered":"\n<p>El Tribunal Supremo Electoral (TSE) ha oficializado las fechas y sedes de los pr\u00f3ximos debates presidenciales y vicepresidenciales en Bolivia, eventos clave en la recta final de la campa\u00f1a electoral. El 5 de octubre en Santa Cruz se realizar\u00e1 el debate entre candidatos a vicepresidentes, mientras que el 12 del mismo mes en La Paz tendr\u00e1 lugar el encuentro entre los aspirantes a la presidencia, en una decisi\u00f3n que busca fortalecer la transparencia y la participaci\u00f3n ciudadana en un proceso electoral marcado por la incertidumbre y la expectativa.<\/p>\n\n\n\n<figure class=\"wp-block-embed is-type-video is-provider-youtube wp-block-embed-youtube wp-embed-aspect-16-9 wp-has-aspect-ratio\"><div class=\"wp-block-embed__wrapper\">\n<iframe title=\"TSE CONFIRMA FECHAS Y SEDES DE LOS DEBATES PRESIDENCIALES Y VICEPRESIDENCIALES\" width=\"800\" height=\"450\" src=\"https:\/\/www.youtube.com\/embed\/P-4yPTvXkPk?feature=oembed\" frameborder=\"0\" allow=\"accelerometer; autoplay; clipboard-write; encrypted-media; gyroscope; picture-in-picture; web-share\" referrerpolicy=\"strict-origin-when-cross-origin\" allowfullscreen><\/iframe>\n<\/div><\/figure>\n","protected":false},"excerpt":{"rendered":"<p>El Tribunal Supremo Electoral (TSE) ha oficializado las fechas y sedes de los pr\u00f3ximos debates presidenciales y vicepresidenciales en Bolivia, eventos clave en la recta final de la campa\u00f1a electoral. El 5 de octubre en Santa Cruz se realizar\u00e1 el debate entre candidatos a vicepresidentes, mientras que el 12 del mismo mes en La Paz [&hellip;]<\/p>\n","protected":false},"author":1,"featured_media":9902,"comment_status":"open","ping_status":"open","sticky":false,"template":"","format":"standard","meta":{"_eb_attr":"","footnotes":""},"categories":[1,42],"tags":[],"class_list":["post-9888","post","type-post","status-publish","format-standard","has-post-thumbnail","hentry","category-noticias","category-politica"],"yoast_head":"<!-- This site is optimized with the Yoast SEO plugin v27.4 - https:\/\/yoast.com\/product\/yoast-seo-wordpress\/ -->\n<title>TSE CONFIRMA FECHAS Y SEDES DE LOS DEBATES PRESIDENCIALES Y VICEPRESIDENCIALES - Te lo Cuenta Victor<\/title>\n<meta name=\"robots\" content=\"index, follow, max-snippet:-1, max-image-preview:large, max-video-preview:-1\" \/>\n<link rel=\"canonical\" href=\"https:\/\/telocuentavictorhugo.com\/index.php\/2025\/09\/21\/tse-confirma-fechas-y-sedes-de-los-debates-presidenciales-y-vicepresidenciales\/\" \/>\n<meta property=\"og:locale\" content=\"es_ES\" \/>\n<meta property=\"og:type\" content=\"article\" \/>\n<meta property=\"og:title\" content=\"TSE CONFIRMA FECHAS Y SEDES DE LOS DEBATES PRESIDENCIALES Y VICEPRESIDENCIALES - Te lo Cuenta Victor\" \/>\n<meta property=\"og:description\" content=\"El Tribunal Supremo Electoral (TSE) ha oficializado las fechas y sedes de los pr\u00f3ximos debates presidenciales y vicepresidenciales en Bolivia, eventos clave en la recta final de la campa\u00f1a electoral. El 5 de octubre en Santa Cruz se realizar\u00e1 el debate entre candidatos a vicepresidentes, mientras que el 12 del mismo mes en La Paz [&hellip;]\" \/>\n<meta property=\"og:url\" content=\"https:\/\/telocuentavictorhugo.com\/index.php\/2025\/09\/21\/tse-confirma-fechas-y-sedes-de-los-debates-presidenciales-y-vicepresidenciales\/\" \/>\n<meta property=\"og:site_name\" content=\"Te lo Cuenta Victor\" \/>\n<meta property=\"article:published_time\" content=\"2025-09-22T02:45:42+00:00\" \/>\n<meta property=\"article:modified_time\" content=\"2025-09-22T02:45:43+00:00\" \/>\n<meta property=\"og:image\" content=\"http:\/\/telocuentavictorhugo.com\/wp-content\/uploads\/2025\/09\/5-6.jpg\" \/>\n\t<meta property=\"og:image:width\" content=\"300\" \/>\n\t<meta property=\"og:image:height\" content=\"275\" \/>\n\t<meta property=\"og:image:type\" content=\"image\/jpeg\" \/>\n<meta name=\"author\" content=\"telocuentavictorhugo.com\" \/>\n<meta name=\"twitter:card\" content=\"summary_large_image\" \/>\n<meta name=\"twitter:label1\" content=\"Escrito por\" \/>\n\t<meta name=\"twitter:data1\" content=\"telocuentavictorhugo.com\" \/>\n\t<meta name=\"twitter:label2\" content=\"Tiempo de lectura\" \/>\n\t<meta name=\"twitter:data2\" content=\"1 minuto\" \/>\n<script type=\"application\/ld+json\" class=\"yoast-schema-graph\">{\"@context\":\"https:\\\/\\\/schema.org\",\"@graph\":[{\"@type\":\"Article\",\"@id\":\"https:\\\/\\\/telocuentavictorhugo.com\\\/index.php\\\/2025\\\/09\\\/21\\\/tse-confirma-fechas-y-sedes-de-los-debates-presidenciales-y-vicepresidenciales\\\/#article\",\"isPartOf\":{\"@id\":\"https:\\\/\\\/telocuentavictorhugo.com\\\/index.php\\\/2025\\\/09\\\/21\\\/tse-confirma-fechas-y-sedes-de-los-debates-presidenciales-y-vicepresidenciales\\\/\"},\"author\":{\"name\":\"telocuentavictorhugo.com\",\"@id\":\"https:\\\/\\\/telocuentavictorhugo.com\\\/#\\\/schema\\\/person\\\/a8307d7271ba2849b49b562ad8602f06\"},\"headline\":\"TSE CONFIRMA FECHAS Y SEDES DE LOS DEBATES PRESIDENCIALES Y VICEPRESIDENCIALES\",\"datePublished\":\"2025-09-22T02:45:42+00:00\",\"dateModified\":\"2025-09-22T02:45:43+00:00\",\"mainEntityOfPage\":{\"@id\":\"https:\\\/\\\/telocuentavictorhugo.com\\\/index.php\\\/2025\\\/09\\\/21\\\/tse-confirma-fechas-y-sedes-de-los-debates-presidenciales-y-vicepresidenciales\\\/\"},\"wordCount\":106,\"commentCount\":0,\"publisher\":{\"@id\":\"https:\\\/\\\/telocuentavictorhugo.com\\\/#organization\"},\"image\":{\"@id\":\"https:\\\/\\\/telocuentavictorhugo.com\\\/index.php\\\/2025\\\/09\\\/21\\\/tse-confirma-fechas-y-sedes-de-los-debates-presidenciales-y-vicepresidenciales\\\/#primaryimage\"},\"thumbnailUrl\":\"https:\\\/\\\/telocuentavictorhugo.com\\\/wp-content\\\/uploads\\\/2025\\\/09\\\/5-6.jpg\",\"articleSection\":[\"Noticias\",\"Pol\u00edtica\"],\"inLanguage\":\"es\",\"potentialAction\":[{\"@type\":\"CommentAction\",\"name\":\"Comment\",\"target\":[\"https:\\\/\\\/telocuentavictorhugo.com\\\/index.php\\\/2025\\\/09\\\/21\\\/tse-confirma-fechas-y-sedes-de-los-debates-presidenciales-y-vicepresidenciales\\\/#respond\"]}]},{\"@type\":\"WebPage\",\"@id\":\"https:\\\/\\\/telocuentavictorhugo.com\\\/index.php\\\/2025\\\/09\\\/21\\\/tse-confirma-fechas-y-sedes-de-los-debates-presidenciales-y-vicepresidenciales\\\/\",\"url\":\"https:\\\/\\\/telocuentavictorhugo.com\\\/index.php\\\/2025\\\/09\\\/21\\\/tse-confirma-fechas-y-sedes-de-los-debates-presidenciales-y-vicepresidenciales\\\/\",\"name\":\"TSE CONFIRMA FECHAS Y SEDES DE LOS DEBATES PRESIDENCIALES Y VICEPRESIDENCIALES - Te lo Cuenta Victor\",\"isPartOf\":{\"@id\":\"https:\\\/\\\/telocuentavictorhugo.com\\\/#website\"},\"primaryImageOfPage\":{\"@id\":\"https:\\\/\\\/telocuentavictorhugo.com\\\/index.php\\\/2025\\\/09\\\/21\\\/tse-confirma-fechas-y-sedes-de-los-debates-presidenciales-y-vicepresidenciales\\\/#primaryimage\"},\"image\":{\"@id\":\"https:\\\/\\\/telocuentavictorhugo.com\\\/index.php\\\/2025\\\/09\\\/21\\\/tse-confirma-fechas-y-sedes-de-los-debates-presidenciales-y-vicepresidenciales\\\/#primaryimage\"},\"thumbnailUrl\":\"https:\\\/\\\/telocuentavictorhugo.com\\\/wp-content\\\/uploads\\\/2025\\\/09\\\/5-6.jpg\",\"datePublished\":\"2025-09-22T02:45:42+00:00\",\"dateModified\":\"2025-09-22T02:45:43+00:00\",\"breadcrumb\":{\"@id\":\"https:\\\/\\\/telocuentavictorhugo.com\\\/index.php\\\/2025\\\/09\\\/21\\\/tse-confirma-fechas-y-sedes-de-los-debates-presidenciales-y-vicepresidenciales\\\/#breadcrumb\"},\"inLanguage\":\"es\",\"potentialAction\":[{\"@type\":\"ReadAction\",\"target\":[\"https:\\\/\\\/telocuentavictorhugo.com\\\/index.php\\\/2025\\\/09\\\/21\\\/tse-confirma-fechas-y-sedes-de-los-debates-presidenciales-y-vicepresidenciales\\\/\"]}]},{\"@type\":\"ImageObject\",\"inLanguage\":\"es\",\"@id\":\"https:\\\/\\\/telocuentavictorhugo.com\\\/index.php\\\/2025\\\/09\\\/21\\\/tse-confirma-fechas-y-sedes-de-los-debates-presidenciales-y-vicepresidenciales\\\/#primaryimage\",\"url\":\"https:\\\/\\\/telocuentavictorhugo.com\\\/wp-content\\\/uploads\\\/2025\\\/09\\\/5-6.jpg\",\"contentUrl\":\"https:\\\/\\\/telocuentavictorhugo.com\\\/wp-content\\\/uploads\\\/2025\\\/09\\\/5-6.jpg\",\"width\":300,\"height\":275},{\"@type\":\"BreadcrumbList\",\"@id\":\"https:\\\/\\\/telocuentavictorhugo.com\\\/index.php\\\/2025\\\/09\\\/21\\\/tse-confirma-fechas-y-sedes-de-los-debates-presidenciales-y-vicepresidenciales\\\/#breadcrumb\",\"itemListElement\":[{\"@type\":\"ListItem\",\"position\":1,\"name\":\"Portada\",\"item\":\"https:\\\/\\\/telocuentavictorhugo.com\\\/\"},{\"@type\":\"ListItem\",\"position\":2,\"name\":\"TSE CONFIRMA FECHAS Y SEDES DE LOS DEBATES PRESIDENCIALES Y VICEPRESIDENCIALES\"}]},{\"@type\":\"WebSite\",\"@id\":\"https:\\\/\\\/telocuentavictorhugo.com\\\/#website\",\"url\":\"https:\\\/\\\/telocuentavictorhugo.com\\\/\",\"name\":\"Te lo Cuenta Victor\",\"description\":\"\",\"publisher\":{\"@id\":\"https:\\\/\\\/telocuentavictorhugo.com\\\/#organization\"},\"potentialAction\":[{\"@type\":\"SearchAction\",\"target\":{\"@type\":\"EntryPoint\",\"urlTemplate\":\"https:\\\/\\\/telocuentavictorhugo.com\\\/?s={search_term_string}\"},\"query-input\":{\"@type\":\"PropertyValueSpecification\",\"valueRequired\":true,\"valueName\":\"search_term_string\"}}],\"inLanguage\":\"es\"},{\"@type\":\"Organization\",\"@id\":\"https:\\\/\\\/telocuentavictorhugo.com\\\/#organization\",\"name\":\"Te lo Cuenta Victor\",\"url\":\"https:\\\/\\\/telocuentavictorhugo.com\\\/\",\"logo\":{\"@type\":\"ImageObject\",\"inLanguage\":\"es\",\"@id\":\"https:\\\/\\\/telocuentavictorhugo.com\\\/#\\\/schema\\\/logo\\\/image\\\/\",\"url\":\"https:\\\/\\\/telocuentavictorhugo.com\\\/wp-content\\\/uploads\\\/2023\\\/12\\\/Logo.png\",\"contentUrl\":\"https:\\\/\\\/telocuentavictorhugo.com\\\/wp-content\\\/uploads\\\/2023\\\/12\\\/Logo.png\",\"width\":1080,\"height\":176,\"caption\":\"Te lo Cuenta Victor\"},\"image\":{\"@id\":\"https:\\\/\\\/telocuentavictorhugo.com\\\/#\\\/schema\\\/logo\\\/image\\\/\"}},{\"@type\":\"Person\",\"@id\":\"https:\\\/\\\/telocuentavictorhugo.com\\\/#\\\/schema\\\/person\\\/a8307d7271ba2849b49b562ad8602f06\",\"name\":\"telocuentavictorhugo.com\",\"image\":{\"@type\":\"ImageObject\",\"inLanguage\":\"es\",\"@id\":\"https:\\\/\\\/secure.gravatar.com\\\/avatar\\\/da212e7b532df19fd2aea5daf46d8c176abfc85521e4b80ed435d7426ef63eb6?s=96&d=mm&r=g\",\"url\":\"https:\\\/\\\/secure.gravatar.com\\\/avatar\\\/da212e7b532df19fd2aea5daf46d8c176abfc85521e4b80ed435d7426ef63eb6?s=96&d=mm&r=g\",\"contentUrl\":\"https:\\\/\\\/secure.gravatar.com\\\/avatar\\\/da212e7b532df19fd2aea5daf46d8c176abfc85521e4b80ed435d7426ef63eb6?s=96&d=mm&r=g\",\"caption\":\"telocuentavictorhugo.com\"},\"sameAs\":[\"http:\\\/\\\/telocuentavictorhugo.com\"],\"url\":\"https:\\\/\\\/telocuentavictorhugo.com\\\/index.php\\\/author\\\/plustvpress-com\\\/\"}]}<\/script>\n<!-- \/ Yoast SEO plugin. -->","yoast_head_json":{"title":"TSE CONFIRMA FECHAS Y SEDES DE LOS DEBATES PRESIDENCIALES Y VICEPRESIDENCIALES - Te lo Cuenta Victor","robots":{"index":"index","follow":"follow","max-snippet":"max-snippet:-1","max-image-preview":"max-image-preview:large","max-video-preview":"max-video-preview:-1"},"canonical":"https:\/\/telocuentavictorhugo.com\/index.php\/2025\/09\/21\/tse-confirma-fechas-y-sedes-de-los-debates-presidenciales-y-vicepresidenciales\/","og_locale":"es_ES","og_type":"article","og_title":"TSE CONFIRMA FECHAS Y SEDES DE LOS DEBATES PRESIDENCIALES Y VICEPRESIDENCIALES - Te lo Cuenta Victor","og_description":"El Tribunal Supremo Electoral (TSE) ha oficializado las fechas y sedes de los pr\u00f3ximos debates presidenciales y vicepresidenciales en Bolivia, eventos clave en la recta final de la campa\u00f1a electoral. El 5 de octubre en Santa Cruz se realizar\u00e1 el debate entre candidatos a vicepresidentes, mientras que el 12 del mismo mes en La Paz [&hellip;]","og_url":"https:\/\/telocuentavictorhugo.com\/index.php\/2025\/09\/21\/tse-confirma-fechas-y-sedes-de-los-debates-presidenciales-y-vicepresidenciales\/","og_site_name":"Te lo Cuenta Victor","article_published_time":"2025-09-22T02:45:42+00:00","article_modified_time":"2025-09-22T02:45:43+00:00","og_image":[{"width":300,"height":275,"url":"http:\/\/telocuentavictorhugo.com\/wp-content\/uploads\/2025\/09\/5-6.jpg","type":"image\/jpeg"}],"author":"telocuentavictorhugo.com","twitter_card":"summary_large_image","twitter_misc":{"Escrito por":"telocuentavictorhugo.com","Tiempo de lectura":"1 minuto"},"schema":{"@context":"https:\/\/schema.org","@graph":[{"@type":"Article","@id":"https:\/\/telocuentavictorhugo.com\/index.php\/2025\/09\/21\/tse-confirma-fechas-y-sedes-de-los-debates-presidenciales-y-vicepresidenciales\/#article","isPartOf":{"@id":"https:\/\/telocuentavictorhugo.com\/index.php\/2025\/09\/21\/tse-confirma-fechas-y-sedes-de-los-debates-presidenciales-y-vicepresidenciales\/"},"author":{"name":"telocuentavictorhugo.com","@id":"https:\/\/telocuentavictorhugo.com\/#\/schema\/person\/a8307d7271ba2849b49b562ad8602f06"},"headline":"TSE CONFIRMA FECHAS Y SEDES DE LOS DEBATES PRESIDENCIALES Y VICEPRESIDENCIALES","datePublished":"2025-09-22T02:45:42+00:00","dateModified":"2025-09-22T02:45:43+00:00","mainEntityOfPage":{"@id":"https:\/\/telocuentavictorhugo.com\/index.php\/2025\/09\/21\/tse-confirma-fechas-y-sedes-de-los-debates-presidenciales-y-vicepresidenciales\/"},"wordCount":106,"commentCount":0,"publisher":{"@id":"https:\/\/telocuentavictorhugo.com\/#organization"},"image":{"@id":"https:\/\/telocuentavictorhugo.com\/index.php\/2025\/09\/21\/tse-confirma-fechas-y-sedes-de-los-debates-presidenciales-y-vicepresidenciales\/#primaryimage"},"thumbnailUrl":"https:\/\/telocuentavictorhugo.com\/wp-content\/uploads\/2025\/09\/5-6.jpg","articleSection":["Noticias","Pol\u00edtica"],"inLanguage":"es","potentialAction":[{"@type":"CommentAction","name":"Comment","target":["https:\/\/telocuentavictorhugo.com\/index.php\/2025\/09\/21\/tse-confirma-fechas-y-sedes-de-los-debates-presidenciales-y-vicepresidenciales\/#respond"]}]},{"@type":"WebPage","@id":"https:\/\/telocuentavictorhugo.com\/index.php\/2025\/09\/21\/tse-confirma-fechas-y-sedes-de-los-debates-presidenciales-y-vicepresidenciales\/","url":"https:\/\/telocuentavictorhugo.com\/index.php\/2025\/09\/21\/tse-confirma-fechas-y-sedes-de-los-debates-presidenciales-y-vicepresidenciales\/","name":"TSE CONFIRMA FECHAS Y SEDES DE LOS DEBATES PRESIDENCIALES Y VICEPRESIDENCIALES - Te lo Cuenta Victor","isPartOf":{"@id":"https:\/\/telocuentavictorhugo.com\/#website"},"primaryImageOfPage":{"@id":"https:\/\/telocuentavictorhugo.com\/index.php\/2025\/09\/21\/tse-confirma-fechas-y-sedes-de-los-debates-presidenciales-y-vicepresidenciales\/#primaryimage"},"image":{"@id":"https:\/\/telocuentavictorhugo.com\/index.php\/2025\/09\/21\/tse-confirma-fechas-y-sedes-de-los-debates-presidenciales-y-vicepresidenciales\/#primaryimage"},"thumbnailUrl":"https:\/\/telocuentavictorhugo.com\/wp-content\/uploads\/2025\/09\/5-6.jpg","datePublished":"2025-09-22T02:45:42+00:00","dateModified":"2025-09-22T02:45:43+00:00","breadcrumb":{"@id":"https:\/\/telocuentavictorhugo.com\/index.php\/2025\/09\/21\/tse-confirma-fechas-y-sedes-de-los-debates-presidenciales-y-vicepresidenciales\/#breadcrumb"},"inLanguage":"es","potentialAction":[{"@type":"ReadAction","target":["https:\/\/telocuentavictorhugo.com\/index.php\/2025\/09\/21\/tse-confirma-fechas-y-sedes-de-los-debates-presidenciales-y-vicepresidenciales\/"]}]},{"@type":"ImageObject","inLanguage":"es","@id":"https:\/\/telocuentavictorhugo.com\/index.php\/2025\/09\/21\/tse-confirma-fechas-y-sedes-de-los-debates-presidenciales-y-vicepresidenciales\/#primaryimage","url":"https:\/\/telocuentavictorhugo.com\/wp-content\/uploads\/2025\/09\/5-6.jpg","contentUrl":"https:\/\/telocuentavictorhugo.com\/wp-content\/uploads\/2025\/09\/5-6.jpg","width":300,"height":275},{"@type":"BreadcrumbList","@id":"https:\/\/telocuentavictorhugo.com\/index.php\/2025\/09\/21\/tse-confirma-fechas-y-sedes-de-los-debates-presidenciales-y-vicepresidenciales\/#breadcrumb","itemListElement":[{"@type":"ListItem","position":1,"name":"Portada","item":"https:\/\/telocuentavictorhugo.com\/"},{"@type":"ListItem","position":2,"name":"TSE CONFIRMA FECHAS Y SEDES DE LOS DEBATES PRESIDENCIALES Y VICEPRESIDENCIALES"}]},{"@type":"WebSite","@id":"https:\/\/telocuentavictorhugo.com\/#website","url":"https:\/\/telocuentavictorhugo.com\/","name":"Te lo Cuenta Victor","description":"","publisher":{"@id":"https:\/\/telocuentavictorhugo.com\/#organization"},"potentialAction":[{"@type":"SearchAction","target":{"@type":"EntryPoint","urlTemplate":"https:\/\/telocuentavictorhugo.com\/?s={search_term_string}"},"query-input":{"@type":"PropertyValueSpecification","valueRequired":true,"valueName":"search_term_string"}}],"inLanguage":"es"},{"@type":"Organization","@id":"https:\/\/telocuentavictorhugo.com\/#organization","name":"Te lo Cuenta Victor","url":"https:\/\/telocuentavictorhugo.com\/","logo":{"@type":"ImageObject","inLanguage":"es","@id":"https:\/\/telocuentavictorhugo.com\/#\/schema\/logo\/image\/","url":"https:\/\/telocuentavictorhugo.com\/wp-content\/uploads\/2023\/12\/Logo.png","contentUrl":"https:\/\/telocuentavictorhugo.com\/wp-content\/uploads\/2023\/12\/Logo.png","width":1080,"height":176,"caption":"Te lo Cuenta Victor"},"image":{"@id":"https:\/\/telocuentavictorhugo.com\/#\/schema\/logo\/image\/"}},{"@type":"Person","@id":"https:\/\/telocuentavictorhugo.com\/#\/schema\/person\/a8307d7271ba2849b49b562ad8602f06","name":"telocuentavictorhugo.com","image":{"@type":"ImageObject","inLanguage":"es","@id":"https:\/\/secure.gravatar.com\/avatar\/da212e7b532df19fd2aea5daf46d8c176abfc85521e4b80ed435d7426ef63eb6?s=96&d=mm&r=g","url":"https:\/\/secure.gravatar.com\/avatar\/da212e7b532df19fd2aea5daf46d8c176abfc85521e4b80ed435d7426ef63eb6?s=96&d=mm&r=g","contentUrl":"https:\/\/secure.gravatar.com\/avatar\/da212e7b532df19fd2aea5daf46d8c176abfc85521e4b80ed435d7426ef63eb6?s=96&d=mm&r=g","caption":"telocuentavictorhugo.com"},"sameAs":["http:\/\/telocuentavictorhugo.com"],"url":"https:\/\/telocuentavictorhugo.com\/index.php\/author\/plustvpress-com\/"}]}},"_links":{"self":[{"href":"https:\/\/telocuentavictorhugo.com\/index.php\/wp-json\/wp\/v2\/posts\/9888","targetHints":{"allow":["GET"]}}],"collection":[{"href":"https:\/\/telocuentavictorhugo.com\/index.php\/wp-json\/wp\/v2\/posts"}],"about":[{"href":"https:\/\/telocuentavictorhugo.com\/index.php\/wp-json\/wp\/v2\/types\/post"}],"author":[{"embeddable":true,"href":"https:\/\/telocuentavictorhugo.com\/index.php\/wp-json\/wp\/v2\/users\/1"}],"replies":[{"embeddable":true,"href":"https:\/\/telocuentavictorhugo.com\/index.php\/wp-json\/wp\/v2\/comments?post=9888"}],"version-history":[{"count":1,"href":"https:\/\/telocuentavictorhugo.com\/index.php\/wp-json\/wp\/v2\/posts\/9888\/revisions"}],"predecessor-version":[{"id":9917,"href":"https:\/\/telocuentavictorhugo.com\/index.php\/wp-json\/wp\/v2\/posts\/9888\/revisions\/9917"}],"wp:featuredmedia":[{"embeddable":true,"href":"https:\/\/telocuentavictorhugo.com\/index.php\/wp-json\/wp\/v2\/media\/9902"}],"wp:attachment":[{"href":"https:\/\/telocuentavictorhugo.com\/index.php\/wp-json\/wp\/v2\/media?parent=9888"}],"wp:term":[{"taxonomy":"category","embeddable":true,"href":"https:\/\/telocuentavictorhugo.com\/index.php\/wp-json\/wp\/v2\/categories?post=9888"},{"taxonomy":"post_tag","embeddable":true,"href":"https:\/\/telocuentavictorhugo.com\/index.php\/wp-json\/wp\/v2\/tags?post=9888"}],"curies":[{"name":"wp","href":"https:\/\/api.w.org\/{rel}","templated":true}]}}