{"id":9885,"date":"2025-09-21T22:45:36","date_gmt":"2025-09-22T02:45:36","guid":{"rendered":"https:\/\/telocuentavictorhugo.com\/?p=9885"},"modified":"2025-09-21T22:45:37","modified_gmt":"2025-09-22T02:45:37","slug":"sancionan-ley-para-proteger-a-menores-de-matrimonios-forzados","status":"publish","type":"post","link":"https:\/\/telocuentavictorhugo.com\/index.php\/2025\/09\/21\/sancionan-ley-para-proteger-a-menores-de-matrimonios-forzados\/","title":{"rendered":"SANCIONAN LEY PARA PROTEGER A MENORES DE MATRIMONIOS FORZADOS"},"content":{"rendered":"\n<p>La C\u00e1mara de Diputados de Bolivia dio un paso hist\u00f3rico este mi\u00e9rcoles al aprobar en sesi\u00f3n plenaria la ley que proh\u00edbe el matrimonio, las uniones tempranas y forzadas de menores de edad, una medida que busca proteger los derechos de las ni\u00f1as, ni\u00f1os y adolescentes y garantizar su integridad f\u00edsica y emocional. Con la aprobaci\u00f3n en ambas estaciones y en calidad de c\u00e1mara revisora, la normativa, que modifica el C\u00f3digo de las Familias y del Proceso Familiar (Ley N\u00b0 603), fue sancionada y ser\u00e1 enviada para su promulgaci\u00f3n por parte del \u00d3rgano Ejecutivo. La presidenta en ejercicio de la C\u00e1mara, Deisy Choque, destac\u00f3 que la ley representa un avance en la lucha contra la vulneraci\u00f3n de derechos y establece un marco legal m\u00e1s firme para prevenir abusos y situaciones de violencia que, en muchos casos, derivan de acuerdos familiares.<\/p>\n\n\n\n<figure class=\"wp-block-embed is-type-video is-provider-youtube wp-block-embed-youtube wp-embed-aspect-16-9 wp-has-aspect-ratio\"><div class=\"wp-block-embed__wrapper\">\n<iframe title=\"SANCIONAN LEY PARA PROTEGER A MENORES DE MATRIMONIOS FORZADOS\" width=\"800\" height=\"450\" src=\"https:\/\/www.youtube.com\/embed\/id-_s9FMaeU?feature=oembed\" frameborder=\"0\" allow=\"accelerometer; autoplay; clipboard-write; encrypted-media; gyroscope; picture-in-picture; web-share\" referrerpolicy=\"strict-origin-when-cross-origin\" allowfullscreen><\/iframe>\n<\/div><\/figure>\n\n\n\n<p><\/p>\n","protected":false},"excerpt":{"rendered":"<p>La C\u00e1mara de Diputados de Bolivia dio un paso hist\u00f3rico este mi\u00e9rcoles al aprobar en sesi\u00f3n plenaria la ley que proh\u00edbe el matrimonio, las uniones tempranas y forzadas de menores de edad, una medida que busca proteger los derechos de las ni\u00f1as, ni\u00f1os y adolescentes y garantizar su integridad f\u00edsica y emocional. Con la aprobaci\u00f3n [&hellip;]<\/p>\n","protected":false},"author":1,"featured_media":9899,"comment_status":"open","ping_status":"open","sticky":false,"template":"","format":"standard","meta":{"_eb_attr":"","footnotes":""},"categories":[1,42,44],"tags":[],"class_list":["post-9885","post","type-post","status-publish","format-standard","has-post-thumbnail","hentry","category-noticias","category-politica","category-sociedad"],"yoast_head":"<!-- This site is optimized with the Yoast SEO plugin v27.4 - https:\/\/yoast.com\/product\/yoast-seo-wordpress\/ -->\n<title>SANCIONAN LEY PARA PROTEGER A MENORES DE MATRIMONIOS FORZADOS - Te lo Cuenta Victor<\/title>\n<meta name=\"robots\" content=\"index, follow, max-snippet:-1, max-image-preview:large, max-video-preview:-1\" \/>\n<link rel=\"canonical\" href=\"https:\/\/telocuentavictorhugo.com\/index.php\/2025\/09\/21\/sancionan-ley-para-proteger-a-menores-de-matrimonios-forzados\/\" \/>\n<meta property=\"og:locale\" content=\"es_ES\" \/>\n<meta property=\"og:type\" content=\"article\" \/>\n<meta property=\"og:title\" content=\"SANCIONAN LEY PARA PROTEGER A MENORES DE MATRIMONIOS FORZADOS - Te lo Cuenta Victor\" \/>\n<meta property=\"og:description\" content=\"La C\u00e1mara de Diputados de Bolivia dio un paso hist\u00f3rico este mi\u00e9rcoles al aprobar en sesi\u00f3n plenaria la ley que proh\u00edbe el matrimonio, las uniones tempranas y forzadas de menores de edad, una medida que busca proteger los derechos de las ni\u00f1as, ni\u00f1os y adolescentes y garantizar su integridad f\u00edsica y emocional. Con la aprobaci\u00f3n [&hellip;]\" \/>\n<meta property=\"og:url\" content=\"https:\/\/telocuentavictorhugo.com\/index.php\/2025\/09\/21\/sancionan-ley-para-proteger-a-menores-de-matrimonios-forzados\/\" \/>\n<meta property=\"og:site_name\" content=\"Te lo Cuenta Victor\" \/>\n<meta property=\"article:published_time\" content=\"2025-09-22T02:45:36+00:00\" \/>\n<meta property=\"article:modified_time\" content=\"2025-09-22T02:45:37+00:00\" \/>\n<meta property=\"og:image\" content=\"http:\/\/telocuentavictorhugo.com\/wp-content\/uploads\/2025\/09\/2-6.jpg\" \/>\n\t<meta property=\"og:image:width\" content=\"847\" \/>\n\t<meta property=\"og:image:height\" content=\"323\" \/>\n\t<meta property=\"og:image:type\" content=\"image\/jpeg\" \/>\n<meta name=\"author\" content=\"telocuentavictorhugo.com\" \/>\n<meta name=\"twitter:card\" content=\"summary_large_image\" \/>\n<meta name=\"twitter:label1\" content=\"Escrito por\" \/>\n\t<meta name=\"twitter:data1\" content=\"telocuentavictorhugo.com\" \/>\n\t<meta name=\"twitter:label2\" content=\"Tiempo de lectura\" \/>\n\t<meta name=\"twitter:data2\" content=\"1 minuto\" \/>\n<script type=\"application\/ld+json\" class=\"yoast-schema-graph\">{\"@context\":\"https:\\\/\\\/schema.org\",\"@graph\":[{\"@type\":\"Article\",\"@id\":\"https:\\\/\\\/telocuentavictorhugo.com\\\/index.php\\\/2025\\\/09\\\/21\\\/sancionan-ley-para-proteger-a-menores-de-matrimonios-forzados\\\/#article\",\"isPartOf\":{\"@id\":\"https:\\\/\\\/telocuentavictorhugo.com\\\/index.php\\\/2025\\\/09\\\/21\\\/sancionan-ley-para-proteger-a-menores-de-matrimonios-forzados\\\/\"},\"author\":{\"name\":\"telocuentavictorhugo.com\",\"@id\":\"https:\\\/\\\/telocuentavictorhugo.com\\\/#\\\/schema\\\/person\\\/a8307d7271ba2849b49b562ad8602f06\"},\"headline\":\"SANCIONAN LEY PARA PROTEGER A MENORES DE MATRIMONIOS FORZADOS\",\"datePublished\":\"2025-09-22T02:45:36+00:00\",\"dateModified\":\"2025-09-22T02:45:37+00:00\",\"mainEntityOfPage\":{\"@id\":\"https:\\\/\\\/telocuentavictorhugo.com\\\/index.php\\\/2025\\\/09\\\/21\\\/sancionan-ley-para-proteger-a-menores-de-matrimonios-forzados\\\/\"},\"wordCount\":168,\"commentCount\":0,\"publisher\":{\"@id\":\"https:\\\/\\\/telocuentavictorhugo.com\\\/#organization\"},\"image\":{\"@id\":\"https:\\\/\\\/telocuentavictorhugo.com\\\/index.php\\\/2025\\\/09\\\/21\\\/sancionan-ley-para-proteger-a-menores-de-matrimonios-forzados\\\/#primaryimage\"},\"thumbnailUrl\":\"https:\\\/\\\/telocuentavictorhugo.com\\\/wp-content\\\/uploads\\\/2025\\\/09\\\/2-6.jpg\",\"articleSection\":[\"Noticias\",\"Pol\u00edtica\",\"Sociedad\"],\"inLanguage\":\"es\",\"potentialAction\":[{\"@type\":\"CommentAction\",\"name\":\"Comment\",\"target\":[\"https:\\\/\\\/telocuentavictorhugo.com\\\/index.php\\\/2025\\\/09\\\/21\\\/sancionan-ley-para-proteger-a-menores-de-matrimonios-forzados\\\/#respond\"]}]},{\"@type\":\"WebPage\",\"@id\":\"https:\\\/\\\/telocuentavictorhugo.com\\\/index.php\\\/2025\\\/09\\\/21\\\/sancionan-ley-para-proteger-a-menores-de-matrimonios-forzados\\\/\",\"url\":\"https:\\\/\\\/telocuentavictorhugo.com\\\/index.php\\\/2025\\\/09\\\/21\\\/sancionan-ley-para-proteger-a-menores-de-matrimonios-forzados\\\/\",\"name\":\"SANCIONAN LEY PARA PROTEGER A MENORES DE MATRIMONIOS FORZADOS - Te lo Cuenta Victor\",\"isPartOf\":{\"@id\":\"https:\\\/\\\/telocuentavictorhugo.com\\\/#website\"},\"primaryImageOfPage\":{\"@id\":\"https:\\\/\\\/telocuentavictorhugo.com\\\/index.php\\\/2025\\\/09\\\/21\\\/sancionan-ley-para-proteger-a-menores-de-matrimonios-forzados\\\/#primaryimage\"},\"image\":{\"@id\":\"https:\\\/\\\/telocuentavictorhugo.com\\\/index.php\\\/2025\\\/09\\\/21\\\/sancionan-ley-para-proteger-a-menores-de-matrimonios-forzados\\\/#primaryimage\"},\"thumbnailUrl\":\"https:\\\/\\\/telocuentavictorhugo.com\\\/wp-content\\\/uploads\\\/2025\\\/09\\\/2-6.jpg\",\"datePublished\":\"2025-09-22T02:45:36+00:00\",\"dateModified\":\"2025-09-22T02:45:37+00:00\",\"breadcrumb\":{\"@id\":\"https:\\\/\\\/telocuentavictorhugo.com\\\/index.php\\\/2025\\\/09\\\/21\\\/sancionan-ley-para-proteger-a-menores-de-matrimonios-forzados\\\/#breadcrumb\"},\"inLanguage\":\"es\",\"potentialAction\":[{\"@type\":\"ReadAction\",\"target\":[\"https:\\\/\\\/telocuentavictorhugo.com\\\/index.php\\\/2025\\\/09\\\/21\\\/sancionan-ley-para-proteger-a-menores-de-matrimonios-forzados\\\/\"]}]},{\"@type\":\"ImageObject\",\"inLanguage\":\"es\",\"@id\":\"https:\\\/\\\/telocuentavictorhugo.com\\\/index.php\\\/2025\\\/09\\\/21\\\/sancionan-ley-para-proteger-a-menores-de-matrimonios-forzados\\\/#primaryimage\",\"url\":\"https:\\\/\\\/telocuentavictorhugo.com\\\/wp-content\\\/uploads\\\/2025\\\/09\\\/2-6.jpg\",\"contentUrl\":\"https:\\\/\\\/telocuentavictorhugo.com\\\/wp-content\\\/uploads\\\/2025\\\/09\\\/2-6.jpg\",\"width\":847,\"height\":323},{\"@type\":\"BreadcrumbList\",\"@id\":\"https:\\\/\\\/telocuentavictorhugo.com\\\/index.php\\\/2025\\\/09\\\/21\\\/sancionan-ley-para-proteger-a-menores-de-matrimonios-forzados\\\/#breadcrumb\",\"itemListElement\":[{\"@type\":\"ListItem\",\"position\":1,\"name\":\"Portada\",\"item\":\"https:\\\/\\\/telocuentavictorhugo.com\\\/\"},{\"@type\":\"ListItem\",\"position\":2,\"name\":\"SANCIONAN LEY PARA PROTEGER A MENORES DE MATRIMONIOS FORZADOS\"}]},{\"@type\":\"WebSite\",\"@id\":\"https:\\\/\\\/telocuentavictorhugo.com\\\/#website\",\"url\":\"https:\\\/\\\/telocuentavictorhugo.com\\\/\",\"name\":\"Te lo Cuenta Victor\",\"description\":\"\",\"publisher\":{\"@id\":\"https:\\\/\\\/telocuentavictorhugo.com\\\/#organization\"},\"potentialAction\":[{\"@type\":\"SearchAction\",\"target\":{\"@type\":\"EntryPoint\",\"urlTemplate\":\"https:\\\/\\\/telocuentavictorhugo.com\\\/?s={search_term_string}\"},\"query-input\":{\"@type\":\"PropertyValueSpecification\",\"valueRequired\":true,\"valueName\":\"search_term_string\"}}],\"inLanguage\":\"es\"},{\"@type\":\"Organization\",\"@id\":\"https:\\\/\\\/telocuentavictorhugo.com\\\/#organization\",\"name\":\"Te lo Cuenta Victor\",\"url\":\"https:\\\/\\\/telocuentavictorhugo.com\\\/\",\"logo\":{\"@type\":\"ImageObject\",\"inLanguage\":\"es\",\"@id\":\"https:\\\/\\\/telocuentavictorhugo.com\\\/#\\\/schema\\\/logo\\\/image\\\/\",\"url\":\"https:\\\/\\\/telocuentavictorhugo.com\\\/wp-content\\\/uploads\\\/2023\\\/12\\\/Logo.png\",\"contentUrl\":\"https:\\\/\\\/telocuentavictorhugo.com\\\/wp-content\\\/uploads\\\/2023\\\/12\\\/Logo.png\",\"width\":1080,\"height\":176,\"caption\":\"Te lo Cuenta Victor\"},\"image\":{\"@id\":\"https:\\\/\\\/telocuentavictorhugo.com\\\/#\\\/schema\\\/logo\\\/image\\\/\"}},{\"@type\":\"Person\",\"@id\":\"https:\\\/\\\/telocuentavictorhugo.com\\\/#\\\/schema\\\/person\\\/a8307d7271ba2849b49b562ad8602f06\",\"name\":\"telocuentavictorhugo.com\",\"image\":{\"@type\":\"ImageObject\",\"inLanguage\":\"es\",\"@id\":\"https:\\\/\\\/secure.gravatar.com\\\/avatar\\\/da212e7b532df19fd2aea5daf46d8c176abfc85521e4b80ed435d7426ef63eb6?s=96&d=mm&r=g\",\"url\":\"https:\\\/\\\/secure.gravatar.com\\\/avatar\\\/da212e7b532df19fd2aea5daf46d8c176abfc85521e4b80ed435d7426ef63eb6?s=96&d=mm&r=g\",\"contentUrl\":\"https:\\\/\\\/secure.gravatar.com\\\/avatar\\\/da212e7b532df19fd2aea5daf46d8c176abfc85521e4b80ed435d7426ef63eb6?s=96&d=mm&r=g\",\"caption\":\"telocuentavictorhugo.com\"},\"sameAs\":[\"http:\\\/\\\/telocuentavictorhugo.com\"],\"url\":\"https:\\\/\\\/telocuentavictorhugo.com\\\/index.php\\\/author\\\/plustvpress-com\\\/\"}]}<\/script>\n<!-- \/ Yoast SEO plugin. -->","yoast_head_json":{"title":"SANCIONAN LEY PARA PROTEGER A MENORES DE MATRIMONIOS FORZADOS - Te lo Cuenta Victor","robots":{"index":"index","follow":"follow","max-snippet":"max-snippet:-1","max-image-preview":"max-image-preview:large","max-video-preview":"max-video-preview:-1"},"canonical":"https:\/\/telocuentavictorhugo.com\/index.php\/2025\/09\/21\/sancionan-ley-para-proteger-a-menores-de-matrimonios-forzados\/","og_locale":"es_ES","og_type":"article","og_title":"SANCIONAN LEY PARA PROTEGER A MENORES DE MATRIMONIOS FORZADOS - Te lo Cuenta Victor","og_description":"La C\u00e1mara de Diputados de Bolivia dio un paso hist\u00f3rico este mi\u00e9rcoles al aprobar en sesi\u00f3n plenaria la ley que proh\u00edbe el matrimonio, las uniones tempranas y forzadas de menores de edad, una medida que busca proteger los derechos de las ni\u00f1as, ni\u00f1os y adolescentes y garantizar su integridad f\u00edsica y emocional. Con la aprobaci\u00f3n [&hellip;]","og_url":"https:\/\/telocuentavictorhugo.com\/index.php\/2025\/09\/21\/sancionan-ley-para-proteger-a-menores-de-matrimonios-forzados\/","og_site_name":"Te lo Cuenta Victor","article_published_time":"2025-09-22T02:45:36+00:00","article_modified_time":"2025-09-22T02:45:37+00:00","og_image":[{"width":847,"height":323,"url":"http:\/\/telocuentavictorhugo.com\/wp-content\/uploads\/2025\/09\/2-6.jpg","type":"image\/jpeg"}],"author":"telocuentavictorhugo.com","twitter_card":"summary_large_image","twitter_misc":{"Escrito por":"telocuentavictorhugo.com","Tiempo de lectura":"1 minuto"},"schema":{"@context":"https:\/\/schema.org","@graph":[{"@type":"Article","@id":"https:\/\/telocuentavictorhugo.com\/index.php\/2025\/09\/21\/sancionan-ley-para-proteger-a-menores-de-matrimonios-forzados\/#article","isPartOf":{"@id":"https:\/\/telocuentavictorhugo.com\/index.php\/2025\/09\/21\/sancionan-ley-para-proteger-a-menores-de-matrimonios-forzados\/"},"author":{"name":"telocuentavictorhugo.com","@id":"https:\/\/telocuentavictorhugo.com\/#\/schema\/person\/a8307d7271ba2849b49b562ad8602f06"},"headline":"SANCIONAN LEY PARA PROTEGER A MENORES DE MATRIMONIOS FORZADOS","datePublished":"2025-09-22T02:45:36+00:00","dateModified":"2025-09-22T02:45:37+00:00","mainEntityOfPage":{"@id":"https:\/\/telocuentavictorhugo.com\/index.php\/2025\/09\/21\/sancionan-ley-para-proteger-a-menores-de-matrimonios-forzados\/"},"wordCount":168,"commentCount":0,"publisher":{"@id":"https:\/\/telocuentavictorhugo.com\/#organization"},"image":{"@id":"https:\/\/telocuentavictorhugo.com\/index.php\/2025\/09\/21\/sancionan-ley-para-proteger-a-menores-de-matrimonios-forzados\/#primaryimage"},"thumbnailUrl":"https:\/\/telocuentavictorhugo.com\/wp-content\/uploads\/2025\/09\/2-6.jpg","articleSection":["Noticias","Pol\u00edtica","Sociedad"],"inLanguage":"es","potentialAction":[{"@type":"CommentAction","name":"Comment","target":["https:\/\/telocuentavictorhugo.com\/index.php\/2025\/09\/21\/sancionan-ley-para-proteger-a-menores-de-matrimonios-forzados\/#respond"]}]},{"@type":"WebPage","@id":"https:\/\/telocuentavictorhugo.com\/index.php\/2025\/09\/21\/sancionan-ley-para-proteger-a-menores-de-matrimonios-forzados\/","url":"https:\/\/telocuentavictorhugo.com\/index.php\/2025\/09\/21\/sancionan-ley-para-proteger-a-menores-de-matrimonios-forzados\/","name":"SANCIONAN LEY PARA PROTEGER A MENORES DE MATRIMONIOS FORZADOS - Te lo Cuenta Victor","isPartOf":{"@id":"https:\/\/telocuentavictorhugo.com\/#website"},"primaryImageOfPage":{"@id":"https:\/\/telocuentavictorhugo.com\/index.php\/2025\/09\/21\/sancionan-ley-para-proteger-a-menores-de-matrimonios-forzados\/#primaryimage"},"image":{"@id":"https:\/\/telocuentavictorhugo.com\/index.php\/2025\/09\/21\/sancionan-ley-para-proteger-a-menores-de-matrimonios-forzados\/#primaryimage"},"thumbnailUrl":"https:\/\/telocuentavictorhugo.com\/wp-content\/uploads\/2025\/09\/2-6.jpg","datePublished":"2025-09-22T02:45:36+00:00","dateModified":"2025-09-22T02:45:37+00:00","breadcrumb":{"@id":"https:\/\/telocuentavictorhugo.com\/index.php\/2025\/09\/21\/sancionan-ley-para-proteger-a-menores-de-matrimonios-forzados\/#breadcrumb"},"inLanguage":"es","potentialAction":[{"@type":"ReadAction","target":["https:\/\/telocuentavictorhugo.com\/index.php\/2025\/09\/21\/sancionan-ley-para-proteger-a-menores-de-matrimonios-forzados\/"]}]},{"@type":"ImageObject","inLanguage":"es","@id":"https:\/\/telocuentavictorhugo.com\/index.php\/2025\/09\/21\/sancionan-ley-para-proteger-a-menores-de-matrimonios-forzados\/#primaryimage","url":"https:\/\/telocuentavictorhugo.com\/wp-content\/uploads\/2025\/09\/2-6.jpg","contentUrl":"https:\/\/telocuentavictorhugo.com\/wp-content\/uploads\/2025\/09\/2-6.jpg","width":847,"height":323},{"@type":"BreadcrumbList","@id":"https:\/\/telocuentavictorhugo.com\/index.php\/2025\/09\/21\/sancionan-ley-para-proteger-a-menores-de-matrimonios-forzados\/#breadcrumb","itemListElement":[{"@type":"ListItem","position":1,"name":"Portada","item":"https:\/\/telocuentavictorhugo.com\/"},{"@type":"ListItem","position":2,"name":"SANCIONAN LEY PARA PROTEGER A MENORES DE MATRIMONIOS FORZADOS"}]},{"@type":"WebSite","@id":"https:\/\/telocuentavictorhugo.com\/#website","url":"https:\/\/telocuentavictorhugo.com\/","name":"Te lo Cuenta Victor","description":"","publisher":{"@id":"https:\/\/telocuentavictorhugo.com\/#organization"},"potentialAction":[{"@type":"SearchAction","target":{"@type":"EntryPoint","urlTemplate":"https:\/\/telocuentavictorhugo.com\/?s={search_term_string}"},"query-input":{"@type":"PropertyValueSpecification","valueRequired":true,"valueName":"search_term_string"}}],"inLanguage":"es"},{"@type":"Organization","@id":"https:\/\/telocuentavictorhugo.com\/#organization","name":"Te lo Cuenta Victor","url":"https:\/\/telocuentavictorhugo.com\/","logo":{"@type":"ImageObject","inLanguage":"es","@id":"https:\/\/telocuentavictorhugo.com\/#\/schema\/logo\/image\/","url":"https:\/\/telocuentavictorhugo.com\/wp-content\/uploads\/2023\/12\/Logo.png","contentUrl":"https:\/\/telocuentavictorhugo.com\/wp-content\/uploads\/2023\/12\/Logo.png","width":1080,"height":176,"caption":"Te lo Cuenta Victor"},"image":{"@id":"https:\/\/telocuentavictorhugo.com\/#\/schema\/logo\/image\/"}},{"@type":"Person","@id":"https:\/\/telocuentavictorhugo.com\/#\/schema\/person\/a8307d7271ba2849b49b562ad8602f06","name":"telocuentavictorhugo.com","image":{"@type":"ImageObject","inLanguage":"es","@id":"https:\/\/secure.gravatar.com\/avatar\/da212e7b532df19fd2aea5daf46d8c176abfc85521e4b80ed435d7426ef63eb6?s=96&d=mm&r=g","url":"https:\/\/secure.gravatar.com\/avatar\/da212e7b532df19fd2aea5daf46d8c176abfc85521e4b80ed435d7426ef63eb6?s=96&d=mm&r=g","contentUrl":"https:\/\/secure.gravatar.com\/avatar\/da212e7b532df19fd2aea5daf46d8c176abfc85521e4b80ed435d7426ef63eb6?s=96&d=mm&r=g","caption":"telocuentavictorhugo.com"},"sameAs":["http:\/\/telocuentavictorhugo.com"],"url":"https:\/\/telocuentavictorhugo.com\/index.php\/author\/plustvpress-com\/"}]}},"_links":{"self":[{"href":"https:\/\/telocuentavictorhugo.com\/index.php\/wp-json\/wp\/v2\/posts\/9885","targetHints":{"allow":["GET"]}}],"collection":[{"href":"https:\/\/telocuentavictorhugo.com\/index.php\/wp-json\/wp\/v2\/posts"}],"about":[{"href":"https:\/\/telocuentavictorhugo.com\/index.php\/wp-json\/wp\/v2\/types\/post"}],"author":[{"embeddable":true,"href":"https:\/\/telocuentavictorhugo.com\/index.php\/wp-json\/wp\/v2\/users\/1"}],"replies":[{"embeddable":true,"href":"https:\/\/telocuentavictorhugo.com\/index.php\/wp-json\/wp\/v2\/comments?post=9885"}],"version-history":[{"count":1,"href":"https:\/\/telocuentavictorhugo.com\/index.php\/wp-json\/wp\/v2\/posts\/9885\/revisions"}],"predecessor-version":[{"id":9914,"href":"https:\/\/telocuentavictorhugo.com\/index.php\/wp-json\/wp\/v2\/posts\/9885\/revisions\/9914"}],"wp:featuredmedia":[{"embeddable":true,"href":"https:\/\/telocuentavictorhugo.com\/index.php\/wp-json\/wp\/v2\/media\/9899"}],"wp:attachment":[{"href":"https:\/\/telocuentavictorhugo.com\/index.php\/wp-json\/wp\/v2\/media?parent=9885"}],"wp:term":[{"taxonomy":"category","embeddable":true,"href":"https:\/\/telocuentavictorhugo.com\/index.php\/wp-json\/wp\/v2\/categories?post=9885"},{"taxonomy":"post_tag","embeddable":true,"href":"https:\/\/telocuentavictorhugo.com\/index.php\/wp-json\/wp\/v2\/tags?post=9885"}],"curies":[{"name":"wp","href":"https:\/\/api.w.org\/{rel}","templated":true}]}}