{"id":9884,"date":"2025-09-21T22:45:34","date_gmt":"2025-09-22T02:45:34","guid":{"rendered":"https:\/\/telocuentavictorhugo.com\/?p=9884"},"modified":"2025-09-21T22:45:35","modified_gmt":"2025-09-22T02:45:35","slug":"descubren-tercer-caso-de-fallecido-por-covid-19-que-no-esta-en-su-nicho","status":"publish","type":"post","link":"https:\/\/telocuentavictorhugo.com\/index.php\/2025\/09\/21\/descubren-tercer-caso-de-fallecido-por-covid-19-que-no-esta-en-su-nicho\/","title":{"rendered":"DESCUBREN TERCER CASO DE FALLECIDO POR COVID-19 QUE NO EST\u00c1 EN SU NICHO"},"content":{"rendered":"\n<p>Desde la primera semana de septiembre, la misteriosa desaparici\u00f3n de tres cad\u00e1veres de v\u00edctimas de COVID-19 ha sacudido la tranquilidad del cementerio del cuartel 201, donde se hallaron restos que no corresponden a los nichos asignados. La directora de la Entidad Descentralizada Municipal de Cementerios La Paz, Patricia Endara, revela que durante la apertura de sepulturas para localizar a dos de los fallecidos, se encontr\u00f3 un tercer cuerpo en una sepultura atribuida a otra funeraria, sin identificaci\u00f3n ni prendas que confirmaran su identidad. Este hallazgo evidencia fallas en los procedimientos de las funerarias, responsables de los traslados y entierros, quienes, en este caso, operaron con una notable descoordinaci\u00f3n.<\/p>\n\n\n\n<figure class=\"wp-block-embed is-type-video is-provider-youtube wp-block-embed-youtube wp-embed-aspect-16-9 wp-has-aspect-ratio\"><div class=\"wp-block-embed__wrapper\">\n<iframe title=\"DESCUBREN TERCER CASO DE FALLECIDO POR COVID-19 QUE NO EST\u00c1 EN SU NICHO\" width=\"800\" height=\"450\" src=\"https:\/\/www.youtube.com\/embed\/T_7DZT2CrHM?feature=oembed\" frameborder=\"0\" allow=\"accelerometer; autoplay; clipboard-write; encrypted-media; gyroscope; picture-in-picture; web-share\" referrerpolicy=\"strict-origin-when-cross-origin\" allowfullscreen><\/iframe>\n<\/div><\/figure>\n","protected":false},"excerpt":{"rendered":"<p>Desde la primera semana de septiembre, la misteriosa desaparici\u00f3n de tres cad\u00e1veres de v\u00edctimas de COVID-19 ha sacudido la tranquilidad del cementerio del cuartel 201, donde se hallaron restos que no corresponden a los nichos asignados. La directora de la Entidad Descentralizada Municipal de Cementerios La Paz, Patricia Endara, revela que durante la apertura de [&hellip;]<\/p>\n","protected":false},"author":1,"featured_media":9898,"comment_status":"open","ping_status":"open","sticky":false,"template":"","format":"standard","meta":{"_eb_attr":"","footnotes":""},"categories":[1,44],"tags":[],"class_list":["post-9884","post","type-post","status-publish","format-standard","has-post-thumbnail","hentry","category-noticias","category-sociedad"],"yoast_head":"<!-- This site is optimized with the Yoast SEO plugin v27.4 - https:\/\/yoast.com\/product\/yoast-seo-wordpress\/ -->\n<title>DESCUBREN TERCER CASO DE FALLECIDO POR COVID-19 QUE NO EST\u00c1 EN SU NICHO - Te lo Cuenta Victor<\/title>\n<meta name=\"robots\" content=\"index, follow, max-snippet:-1, max-image-preview:large, max-video-preview:-1\" \/>\n<link rel=\"canonical\" href=\"https:\/\/telocuentavictorhugo.com\/index.php\/2025\/09\/21\/descubren-tercer-caso-de-fallecido-por-covid-19-que-no-esta-en-su-nicho\/\" \/>\n<meta property=\"og:locale\" content=\"es_ES\" \/>\n<meta property=\"og:type\" content=\"article\" \/>\n<meta property=\"og:title\" content=\"DESCUBREN TERCER CASO DE FALLECIDO POR COVID-19 QUE NO EST\u00c1 EN SU NICHO - Te lo Cuenta Victor\" \/>\n<meta property=\"og:description\" content=\"Desde la primera semana de septiembre, la misteriosa desaparici\u00f3n de tres cad\u00e1veres de v\u00edctimas de COVID-19 ha sacudido la tranquilidad del cementerio del cuartel 201, donde se hallaron restos que no corresponden a los nichos asignados. La directora de la Entidad Descentralizada Municipal de Cementerios La Paz, Patricia Endara, revela que durante la apertura de [&hellip;]\" \/>\n<meta property=\"og:url\" content=\"https:\/\/telocuentavictorhugo.com\/index.php\/2025\/09\/21\/descubren-tercer-caso-de-fallecido-por-covid-19-que-no-esta-en-su-nicho\/\" \/>\n<meta property=\"og:site_name\" content=\"Te lo Cuenta Victor\" \/>\n<meta property=\"article:published_time\" content=\"2025-09-22T02:45:34+00:00\" \/>\n<meta property=\"article:modified_time\" content=\"2025-09-22T02:45:35+00:00\" \/>\n<meta property=\"og:image\" content=\"http:\/\/telocuentavictorhugo.com\/wp-content\/uploads\/2025\/09\/1-6.jpg\" \/>\n\t<meta property=\"og:image:width\" content=\"583\" \/>\n\t<meta property=\"og:image:height\" content=\"350\" \/>\n\t<meta property=\"og:image:type\" content=\"image\/jpeg\" \/>\n<meta name=\"author\" content=\"telocuentavictorhugo.com\" \/>\n<meta name=\"twitter:card\" content=\"summary_large_image\" \/>\n<meta name=\"twitter:label1\" content=\"Escrito por\" \/>\n\t<meta name=\"twitter:data1\" content=\"telocuentavictorhugo.com\" \/>\n\t<meta name=\"twitter:label2\" content=\"Tiempo de lectura\" \/>\n\t<meta name=\"twitter:data2\" content=\"1 minuto\" \/>\n<script type=\"application\/ld+json\" class=\"yoast-schema-graph\">{\"@context\":\"https:\\\/\\\/schema.org\",\"@graph\":[{\"@type\":\"Article\",\"@id\":\"https:\\\/\\\/telocuentavictorhugo.com\\\/index.php\\\/2025\\\/09\\\/21\\\/descubren-tercer-caso-de-fallecido-por-covid-19-que-no-esta-en-su-nicho\\\/#article\",\"isPartOf\":{\"@id\":\"https:\\\/\\\/telocuentavictorhugo.com\\\/index.php\\\/2025\\\/09\\\/21\\\/descubren-tercer-caso-de-fallecido-por-covid-19-que-no-esta-en-su-nicho\\\/\"},\"author\":{\"name\":\"telocuentavictorhugo.com\",\"@id\":\"https:\\\/\\\/telocuentavictorhugo.com\\\/#\\\/schema\\\/person\\\/a8307d7271ba2849b49b562ad8602f06\"},\"headline\":\"DESCUBREN TERCER CASO DE FALLECIDO POR COVID-19 QUE NO EST\u00c1 EN SU NICHO\",\"datePublished\":\"2025-09-22T02:45:34+00:00\",\"dateModified\":\"2025-09-22T02:45:35+00:00\",\"mainEntityOfPage\":{\"@id\":\"https:\\\/\\\/telocuentavictorhugo.com\\\/index.php\\\/2025\\\/09\\\/21\\\/descubren-tercer-caso-de-fallecido-por-covid-19-que-no-esta-en-su-nicho\\\/\"},\"wordCount\":131,\"commentCount\":0,\"publisher\":{\"@id\":\"https:\\\/\\\/telocuentavictorhugo.com\\\/#organization\"},\"image\":{\"@id\":\"https:\\\/\\\/telocuentavictorhugo.com\\\/index.php\\\/2025\\\/09\\\/21\\\/descubren-tercer-caso-de-fallecido-por-covid-19-que-no-esta-en-su-nicho\\\/#primaryimage\"},\"thumbnailUrl\":\"https:\\\/\\\/telocuentavictorhugo.com\\\/wp-content\\\/uploads\\\/2025\\\/09\\\/1-6.jpg\",\"articleSection\":[\"Noticias\",\"Sociedad\"],\"inLanguage\":\"es\",\"potentialAction\":[{\"@type\":\"CommentAction\",\"name\":\"Comment\",\"target\":[\"https:\\\/\\\/telocuentavictorhugo.com\\\/index.php\\\/2025\\\/09\\\/21\\\/descubren-tercer-caso-de-fallecido-por-covid-19-que-no-esta-en-su-nicho\\\/#respond\"]}]},{\"@type\":\"WebPage\",\"@id\":\"https:\\\/\\\/telocuentavictorhugo.com\\\/index.php\\\/2025\\\/09\\\/21\\\/descubren-tercer-caso-de-fallecido-por-covid-19-que-no-esta-en-su-nicho\\\/\",\"url\":\"https:\\\/\\\/telocuentavictorhugo.com\\\/index.php\\\/2025\\\/09\\\/21\\\/descubren-tercer-caso-de-fallecido-por-covid-19-que-no-esta-en-su-nicho\\\/\",\"name\":\"DESCUBREN TERCER CASO DE FALLECIDO POR COVID-19 QUE NO EST\u00c1 EN SU NICHO - Te lo Cuenta Victor\",\"isPartOf\":{\"@id\":\"https:\\\/\\\/telocuentavictorhugo.com\\\/#website\"},\"primaryImageOfPage\":{\"@id\":\"https:\\\/\\\/telocuentavictorhugo.com\\\/index.php\\\/2025\\\/09\\\/21\\\/descubren-tercer-caso-de-fallecido-por-covid-19-que-no-esta-en-su-nicho\\\/#primaryimage\"},\"image\":{\"@id\":\"https:\\\/\\\/telocuentavictorhugo.com\\\/index.php\\\/2025\\\/09\\\/21\\\/descubren-tercer-caso-de-fallecido-por-covid-19-que-no-esta-en-su-nicho\\\/#primaryimage\"},\"thumbnailUrl\":\"https:\\\/\\\/telocuentavictorhugo.com\\\/wp-content\\\/uploads\\\/2025\\\/09\\\/1-6.jpg\",\"datePublished\":\"2025-09-22T02:45:34+00:00\",\"dateModified\":\"2025-09-22T02:45:35+00:00\",\"breadcrumb\":{\"@id\":\"https:\\\/\\\/telocuentavictorhugo.com\\\/index.php\\\/2025\\\/09\\\/21\\\/descubren-tercer-caso-de-fallecido-por-covid-19-que-no-esta-en-su-nicho\\\/#breadcrumb\"},\"inLanguage\":\"es\",\"potentialAction\":[{\"@type\":\"ReadAction\",\"target\":[\"https:\\\/\\\/telocuentavictorhugo.com\\\/index.php\\\/2025\\\/09\\\/21\\\/descubren-tercer-caso-de-fallecido-por-covid-19-que-no-esta-en-su-nicho\\\/\"]}]},{\"@type\":\"ImageObject\",\"inLanguage\":\"es\",\"@id\":\"https:\\\/\\\/telocuentavictorhugo.com\\\/index.php\\\/2025\\\/09\\\/21\\\/descubren-tercer-caso-de-fallecido-por-covid-19-que-no-esta-en-su-nicho\\\/#primaryimage\",\"url\":\"https:\\\/\\\/telocuentavictorhugo.com\\\/wp-content\\\/uploads\\\/2025\\\/09\\\/1-6.jpg\",\"contentUrl\":\"https:\\\/\\\/telocuentavictorhugo.com\\\/wp-content\\\/uploads\\\/2025\\\/09\\\/1-6.jpg\",\"width\":583,\"height\":350},{\"@type\":\"BreadcrumbList\",\"@id\":\"https:\\\/\\\/telocuentavictorhugo.com\\\/index.php\\\/2025\\\/09\\\/21\\\/descubren-tercer-caso-de-fallecido-por-covid-19-que-no-esta-en-su-nicho\\\/#breadcrumb\",\"itemListElement\":[{\"@type\":\"ListItem\",\"position\":1,\"name\":\"Portada\",\"item\":\"https:\\\/\\\/telocuentavictorhugo.com\\\/\"},{\"@type\":\"ListItem\",\"position\":2,\"name\":\"DESCUBREN TERCER CASO DE FALLECIDO POR COVID-19 QUE NO EST\u00c1 EN SU NICHO\"}]},{\"@type\":\"WebSite\",\"@id\":\"https:\\\/\\\/telocuentavictorhugo.com\\\/#website\",\"url\":\"https:\\\/\\\/telocuentavictorhugo.com\\\/\",\"name\":\"Te lo Cuenta Victor\",\"description\":\"\",\"publisher\":{\"@id\":\"https:\\\/\\\/telocuentavictorhugo.com\\\/#organization\"},\"potentialAction\":[{\"@type\":\"SearchAction\",\"target\":{\"@type\":\"EntryPoint\",\"urlTemplate\":\"https:\\\/\\\/telocuentavictorhugo.com\\\/?s={search_term_string}\"},\"query-input\":{\"@type\":\"PropertyValueSpecification\",\"valueRequired\":true,\"valueName\":\"search_term_string\"}}],\"inLanguage\":\"es\"},{\"@type\":\"Organization\",\"@id\":\"https:\\\/\\\/telocuentavictorhugo.com\\\/#organization\",\"name\":\"Te lo Cuenta Victor\",\"url\":\"https:\\\/\\\/telocuentavictorhugo.com\\\/\",\"logo\":{\"@type\":\"ImageObject\",\"inLanguage\":\"es\",\"@id\":\"https:\\\/\\\/telocuentavictorhugo.com\\\/#\\\/schema\\\/logo\\\/image\\\/\",\"url\":\"https:\\\/\\\/telocuentavictorhugo.com\\\/wp-content\\\/uploads\\\/2023\\\/12\\\/Logo.png\",\"contentUrl\":\"https:\\\/\\\/telocuentavictorhugo.com\\\/wp-content\\\/uploads\\\/2023\\\/12\\\/Logo.png\",\"width\":1080,\"height\":176,\"caption\":\"Te lo Cuenta Victor\"},\"image\":{\"@id\":\"https:\\\/\\\/telocuentavictorhugo.com\\\/#\\\/schema\\\/logo\\\/image\\\/\"}},{\"@type\":\"Person\",\"@id\":\"https:\\\/\\\/telocuentavictorhugo.com\\\/#\\\/schema\\\/person\\\/a8307d7271ba2849b49b562ad8602f06\",\"name\":\"telocuentavictorhugo.com\",\"image\":{\"@type\":\"ImageObject\",\"inLanguage\":\"es\",\"@id\":\"https:\\\/\\\/secure.gravatar.com\\\/avatar\\\/da212e7b532df19fd2aea5daf46d8c176abfc85521e4b80ed435d7426ef63eb6?s=96&d=mm&r=g\",\"url\":\"https:\\\/\\\/secure.gravatar.com\\\/avatar\\\/da212e7b532df19fd2aea5daf46d8c176abfc85521e4b80ed435d7426ef63eb6?s=96&d=mm&r=g\",\"contentUrl\":\"https:\\\/\\\/secure.gravatar.com\\\/avatar\\\/da212e7b532df19fd2aea5daf46d8c176abfc85521e4b80ed435d7426ef63eb6?s=96&d=mm&r=g\",\"caption\":\"telocuentavictorhugo.com\"},\"sameAs\":[\"http:\\\/\\\/telocuentavictorhugo.com\"],\"url\":\"https:\\\/\\\/telocuentavictorhugo.com\\\/index.php\\\/author\\\/plustvpress-com\\\/\"}]}<\/script>\n<!-- \/ Yoast SEO plugin. -->","yoast_head_json":{"title":"DESCUBREN TERCER CASO DE FALLECIDO POR COVID-19 QUE NO EST\u00c1 EN SU NICHO - Te lo Cuenta Victor","robots":{"index":"index","follow":"follow","max-snippet":"max-snippet:-1","max-image-preview":"max-image-preview:large","max-video-preview":"max-video-preview:-1"},"canonical":"https:\/\/telocuentavictorhugo.com\/index.php\/2025\/09\/21\/descubren-tercer-caso-de-fallecido-por-covid-19-que-no-esta-en-su-nicho\/","og_locale":"es_ES","og_type":"article","og_title":"DESCUBREN TERCER CASO DE FALLECIDO POR COVID-19 QUE NO EST\u00c1 EN SU NICHO - Te lo Cuenta Victor","og_description":"Desde la primera semana de septiembre, la misteriosa desaparici\u00f3n de tres cad\u00e1veres de v\u00edctimas de COVID-19 ha sacudido la tranquilidad del cementerio del cuartel 201, donde se hallaron restos que no corresponden a los nichos asignados. La directora de la Entidad Descentralizada Municipal de Cementerios La Paz, Patricia Endara, revela que durante la apertura de [&hellip;]","og_url":"https:\/\/telocuentavictorhugo.com\/index.php\/2025\/09\/21\/descubren-tercer-caso-de-fallecido-por-covid-19-que-no-esta-en-su-nicho\/","og_site_name":"Te lo Cuenta Victor","article_published_time":"2025-09-22T02:45:34+00:00","article_modified_time":"2025-09-22T02:45:35+00:00","og_image":[{"width":583,"height":350,"url":"http:\/\/telocuentavictorhugo.com\/wp-content\/uploads\/2025\/09\/1-6.jpg","type":"image\/jpeg"}],"author":"telocuentavictorhugo.com","twitter_card":"summary_large_image","twitter_misc":{"Escrito por":"telocuentavictorhugo.com","Tiempo de lectura":"1 minuto"},"schema":{"@context":"https:\/\/schema.org","@graph":[{"@type":"Article","@id":"https:\/\/telocuentavictorhugo.com\/index.php\/2025\/09\/21\/descubren-tercer-caso-de-fallecido-por-covid-19-que-no-esta-en-su-nicho\/#article","isPartOf":{"@id":"https:\/\/telocuentavictorhugo.com\/index.php\/2025\/09\/21\/descubren-tercer-caso-de-fallecido-por-covid-19-que-no-esta-en-su-nicho\/"},"author":{"name":"telocuentavictorhugo.com","@id":"https:\/\/telocuentavictorhugo.com\/#\/schema\/person\/a8307d7271ba2849b49b562ad8602f06"},"headline":"DESCUBREN TERCER CASO DE FALLECIDO POR COVID-19 QUE NO EST\u00c1 EN SU NICHO","datePublished":"2025-09-22T02:45:34+00:00","dateModified":"2025-09-22T02:45:35+00:00","mainEntityOfPage":{"@id":"https:\/\/telocuentavictorhugo.com\/index.php\/2025\/09\/21\/descubren-tercer-caso-de-fallecido-por-covid-19-que-no-esta-en-su-nicho\/"},"wordCount":131,"commentCount":0,"publisher":{"@id":"https:\/\/telocuentavictorhugo.com\/#organization"},"image":{"@id":"https:\/\/telocuentavictorhugo.com\/index.php\/2025\/09\/21\/descubren-tercer-caso-de-fallecido-por-covid-19-que-no-esta-en-su-nicho\/#primaryimage"},"thumbnailUrl":"https:\/\/telocuentavictorhugo.com\/wp-content\/uploads\/2025\/09\/1-6.jpg","articleSection":["Noticias","Sociedad"],"inLanguage":"es","potentialAction":[{"@type":"CommentAction","name":"Comment","target":["https:\/\/telocuentavictorhugo.com\/index.php\/2025\/09\/21\/descubren-tercer-caso-de-fallecido-por-covid-19-que-no-esta-en-su-nicho\/#respond"]}]},{"@type":"WebPage","@id":"https:\/\/telocuentavictorhugo.com\/index.php\/2025\/09\/21\/descubren-tercer-caso-de-fallecido-por-covid-19-que-no-esta-en-su-nicho\/","url":"https:\/\/telocuentavictorhugo.com\/index.php\/2025\/09\/21\/descubren-tercer-caso-de-fallecido-por-covid-19-que-no-esta-en-su-nicho\/","name":"DESCUBREN TERCER CASO DE FALLECIDO POR COVID-19 QUE NO EST\u00c1 EN SU NICHO - Te lo Cuenta Victor","isPartOf":{"@id":"https:\/\/telocuentavictorhugo.com\/#website"},"primaryImageOfPage":{"@id":"https:\/\/telocuentavictorhugo.com\/index.php\/2025\/09\/21\/descubren-tercer-caso-de-fallecido-por-covid-19-que-no-esta-en-su-nicho\/#primaryimage"},"image":{"@id":"https:\/\/telocuentavictorhugo.com\/index.php\/2025\/09\/21\/descubren-tercer-caso-de-fallecido-por-covid-19-que-no-esta-en-su-nicho\/#primaryimage"},"thumbnailUrl":"https:\/\/telocuentavictorhugo.com\/wp-content\/uploads\/2025\/09\/1-6.jpg","datePublished":"2025-09-22T02:45:34+00:00","dateModified":"2025-09-22T02:45:35+00:00","breadcrumb":{"@id":"https:\/\/telocuentavictorhugo.com\/index.php\/2025\/09\/21\/descubren-tercer-caso-de-fallecido-por-covid-19-que-no-esta-en-su-nicho\/#breadcrumb"},"inLanguage":"es","potentialAction":[{"@type":"ReadAction","target":["https:\/\/telocuentavictorhugo.com\/index.php\/2025\/09\/21\/descubren-tercer-caso-de-fallecido-por-covid-19-que-no-esta-en-su-nicho\/"]}]},{"@type":"ImageObject","inLanguage":"es","@id":"https:\/\/telocuentavictorhugo.com\/index.php\/2025\/09\/21\/descubren-tercer-caso-de-fallecido-por-covid-19-que-no-esta-en-su-nicho\/#primaryimage","url":"https:\/\/telocuentavictorhugo.com\/wp-content\/uploads\/2025\/09\/1-6.jpg","contentUrl":"https:\/\/telocuentavictorhugo.com\/wp-content\/uploads\/2025\/09\/1-6.jpg","width":583,"height":350},{"@type":"BreadcrumbList","@id":"https:\/\/telocuentavictorhugo.com\/index.php\/2025\/09\/21\/descubren-tercer-caso-de-fallecido-por-covid-19-que-no-esta-en-su-nicho\/#breadcrumb","itemListElement":[{"@type":"ListItem","position":1,"name":"Portada","item":"https:\/\/telocuentavictorhugo.com\/"},{"@type":"ListItem","position":2,"name":"DESCUBREN TERCER CASO DE FALLECIDO POR COVID-19 QUE NO EST\u00c1 EN SU NICHO"}]},{"@type":"WebSite","@id":"https:\/\/telocuentavictorhugo.com\/#website","url":"https:\/\/telocuentavictorhugo.com\/","name":"Te lo Cuenta Victor","description":"","publisher":{"@id":"https:\/\/telocuentavictorhugo.com\/#organization"},"potentialAction":[{"@type":"SearchAction","target":{"@type":"EntryPoint","urlTemplate":"https:\/\/telocuentavictorhugo.com\/?s={search_term_string}"},"query-input":{"@type":"PropertyValueSpecification","valueRequired":true,"valueName":"search_term_string"}}],"inLanguage":"es"},{"@type":"Organization","@id":"https:\/\/telocuentavictorhugo.com\/#organization","name":"Te lo Cuenta Victor","url":"https:\/\/telocuentavictorhugo.com\/","logo":{"@type":"ImageObject","inLanguage":"es","@id":"https:\/\/telocuentavictorhugo.com\/#\/schema\/logo\/image\/","url":"https:\/\/telocuentavictorhugo.com\/wp-content\/uploads\/2023\/12\/Logo.png","contentUrl":"https:\/\/telocuentavictorhugo.com\/wp-content\/uploads\/2023\/12\/Logo.png","width":1080,"height":176,"caption":"Te lo Cuenta Victor"},"image":{"@id":"https:\/\/telocuentavictorhugo.com\/#\/schema\/logo\/image\/"}},{"@type":"Person","@id":"https:\/\/telocuentavictorhugo.com\/#\/schema\/person\/a8307d7271ba2849b49b562ad8602f06","name":"telocuentavictorhugo.com","image":{"@type":"ImageObject","inLanguage":"es","@id":"https:\/\/secure.gravatar.com\/avatar\/da212e7b532df19fd2aea5daf46d8c176abfc85521e4b80ed435d7426ef63eb6?s=96&d=mm&r=g","url":"https:\/\/secure.gravatar.com\/avatar\/da212e7b532df19fd2aea5daf46d8c176abfc85521e4b80ed435d7426ef63eb6?s=96&d=mm&r=g","contentUrl":"https:\/\/secure.gravatar.com\/avatar\/da212e7b532df19fd2aea5daf46d8c176abfc85521e4b80ed435d7426ef63eb6?s=96&d=mm&r=g","caption":"telocuentavictorhugo.com"},"sameAs":["http:\/\/telocuentavictorhugo.com"],"url":"https:\/\/telocuentavictorhugo.com\/index.php\/author\/plustvpress-com\/"}]}},"_links":{"self":[{"href":"https:\/\/telocuentavictorhugo.com\/index.php\/wp-json\/wp\/v2\/posts\/9884","targetHints":{"allow":["GET"]}}],"collection":[{"href":"https:\/\/telocuentavictorhugo.com\/index.php\/wp-json\/wp\/v2\/posts"}],"about":[{"href":"https:\/\/telocuentavictorhugo.com\/index.php\/wp-json\/wp\/v2\/types\/post"}],"author":[{"embeddable":true,"href":"https:\/\/telocuentavictorhugo.com\/index.php\/wp-json\/wp\/v2\/users\/1"}],"replies":[{"embeddable":true,"href":"https:\/\/telocuentavictorhugo.com\/index.php\/wp-json\/wp\/v2\/comments?post=9884"}],"version-history":[{"count":1,"href":"https:\/\/telocuentavictorhugo.com\/index.php\/wp-json\/wp\/v2\/posts\/9884\/revisions"}],"predecessor-version":[{"id":9913,"href":"https:\/\/telocuentavictorhugo.com\/index.php\/wp-json\/wp\/v2\/posts\/9884\/revisions\/9913"}],"wp:featuredmedia":[{"embeddable":true,"href":"https:\/\/telocuentavictorhugo.com\/index.php\/wp-json\/wp\/v2\/media\/9898"}],"wp:attachment":[{"href":"https:\/\/telocuentavictorhugo.com\/index.php\/wp-json\/wp\/v2\/media?parent=9884"}],"wp:term":[{"taxonomy":"category","embeddable":true,"href":"https:\/\/telocuentavictorhugo.com\/index.php\/wp-json\/wp\/v2\/categories?post=9884"},{"taxonomy":"post_tag","embeddable":true,"href":"https:\/\/telocuentavictorhugo.com\/index.php\/wp-json\/wp\/v2\/tags?post=9884"}],"curies":[{"name":"wp","href":"https:\/\/api.w.org\/{rel}","templated":true}]}}