{"id":9862,"date":"2025-09-18T00:44:07","date_gmt":"2025-09-18T04:44:07","guid":{"rendered":"https:\/\/telocuentavictorhugo.com\/?p=9862"},"modified":"2025-09-18T00:44:08","modified_gmt":"2025-09-18T04:44:08","slug":"beni-en-alerta-el-50-del-diesel-se-revende-preparan-protestas-para-el-miercoles","status":"publish","type":"post","link":"https:\/\/telocuentavictorhugo.com\/index.php\/2025\/09\/18\/beni-en-alerta-el-50-del-diesel-se-revende-preparan-protestas-para-el-miercoles\/","title":{"rendered":"BENI EN ALERTA: EL 50% DEL DI\u00c9SEL SE REVENDE; PREPARAN PROTESTAS PARA EL MI\u00c9RCOLES"},"content":{"rendered":"\n<p>La siembra de arroz en Beni, programada para comenzar el 25 de septiembre, enfrenta una grave amenaza debido a la escasez de di\u00e9sel, un insumo fundamental para los productores agr\u00edcolas que ya han iniciado las labores de preparaci\u00f3n de la tierra. El presidente de la Asociaci\u00f3n de Productores de Oleaginosas de Beni (Adepo), Fernando Romero, explic\u00f3 que m\u00e1s de la mitad de los agricultores que hacen fila para comprar di\u00e9sel recurren a la reventa, vendiendo el litro a precios que oscilan entre 10 y 12 bolivianos, lo que incrementa los costos y afecta la rentabilidad del sector.<\/p>\n\n\n\n<figure class=\"wp-block-embed is-type-video is-provider-youtube wp-block-embed-youtube wp-embed-aspect-16-9 wp-has-aspect-ratio\"><div class=\"wp-block-embed__wrapper\">\n<iframe title=\"BENI EN ALERTA: EL 50% DEL DI\u00c9SEL SE REVENDE; PREPARAN PROTESTAS PARA EL MI\u00c9RCOLES\" width=\"800\" height=\"450\" src=\"https:\/\/www.youtube.com\/embed\/9jnTK5S4lpU?feature=oembed\" frameborder=\"0\" allow=\"accelerometer; autoplay; clipboard-write; encrypted-media; gyroscope; picture-in-picture; web-share\" referrerpolicy=\"strict-origin-when-cross-origin\" allowfullscreen><\/iframe>\n<\/div><\/figure>\n","protected":false},"excerpt":{"rendered":"<p>La siembra de arroz en Beni, programada para comenzar el 25 de septiembre, enfrenta una grave amenaza debido a la escasez de di\u00e9sel, un insumo fundamental para los productores agr\u00edcolas que ya han iniciado las labores de preparaci\u00f3n de la tierra. El presidente de la Asociaci\u00f3n de Productores de Oleaginosas de Beni (Adepo), Fernando Romero, [&hellip;]<\/p>\n","protected":false},"author":1,"featured_media":9871,"comment_status":"open","ping_status":"open","sticky":false,"template":"","format":"standard","meta":{"_eb_attr":"","footnotes":""},"categories":[43,1],"tags":[],"class_list":["post-9862","post","type-post","status-publish","format-standard","has-post-thumbnail","hentry","category-economia","category-noticias"],"yoast_head":"<!-- This site is optimized with the Yoast SEO plugin v27.4 - https:\/\/yoast.com\/product\/yoast-seo-wordpress\/ -->\n<title>BENI EN ALERTA: EL 50% DEL DI\u00c9SEL SE REVENDE; PREPARAN PROTESTAS PARA EL MI\u00c9RCOLES - Te lo Cuenta Victor<\/title>\n<meta name=\"robots\" content=\"index, follow, max-snippet:-1, max-image-preview:large, max-video-preview:-1\" \/>\n<link rel=\"canonical\" href=\"https:\/\/telocuentavictorhugo.com\/index.php\/2025\/09\/18\/beni-en-alerta-el-50-del-diesel-se-revende-preparan-protestas-para-el-miercoles\/\" \/>\n<meta property=\"og:locale\" content=\"es_ES\" \/>\n<meta property=\"og:type\" content=\"article\" \/>\n<meta property=\"og:title\" content=\"BENI EN ALERTA: EL 50% DEL DI\u00c9SEL SE REVENDE; PREPARAN PROTESTAS PARA EL MI\u00c9RCOLES - Te lo Cuenta Victor\" \/>\n<meta property=\"og:description\" content=\"La siembra de arroz en Beni, programada para comenzar el 25 de septiembre, enfrenta una grave amenaza debido a la escasez de di\u00e9sel, un insumo fundamental para los productores agr\u00edcolas que ya han iniciado las labores de preparaci\u00f3n de la tierra. El presidente de la Asociaci\u00f3n de Productores de Oleaginosas de Beni (Adepo), Fernando Romero, [&hellip;]\" \/>\n<meta property=\"og:url\" content=\"https:\/\/telocuentavictorhugo.com\/index.php\/2025\/09\/18\/beni-en-alerta-el-50-del-diesel-se-revende-preparan-protestas-para-el-miercoles\/\" \/>\n<meta property=\"og:site_name\" content=\"Te lo Cuenta Victor\" \/>\n<meta property=\"article:published_time\" content=\"2025-09-18T04:44:07+00:00\" \/>\n<meta property=\"article:modified_time\" content=\"2025-09-18T04:44:08+00:00\" \/>\n<meta property=\"og:image\" content=\"http:\/\/telocuentavictorhugo.com\/wp-content\/uploads\/2025\/09\/27.jpg\" \/>\n\t<meta property=\"og:image:width\" content=\"619\" \/>\n\t<meta property=\"og:image:height\" content=\"341\" \/>\n\t<meta property=\"og:image:type\" content=\"image\/jpeg\" \/>\n<meta name=\"author\" content=\"telocuentavictorhugo.com\" \/>\n<meta name=\"twitter:card\" content=\"summary_large_image\" \/>\n<meta name=\"twitter:label1\" content=\"Escrito por\" \/>\n\t<meta name=\"twitter:data1\" content=\"telocuentavictorhugo.com\" \/>\n\t<meta name=\"twitter:label2\" content=\"Tiempo de lectura\" \/>\n\t<meta name=\"twitter:data2\" content=\"1 minuto\" \/>\n<script type=\"application\/ld+json\" class=\"yoast-schema-graph\">{\"@context\":\"https:\\\/\\\/schema.org\",\"@graph\":[{\"@type\":\"Article\",\"@id\":\"https:\\\/\\\/telocuentavictorhugo.com\\\/index.php\\\/2025\\\/09\\\/18\\\/beni-en-alerta-el-50-del-diesel-se-revende-preparan-protestas-para-el-miercoles\\\/#article\",\"isPartOf\":{\"@id\":\"https:\\\/\\\/telocuentavictorhugo.com\\\/index.php\\\/2025\\\/09\\\/18\\\/beni-en-alerta-el-50-del-diesel-se-revende-preparan-protestas-para-el-miercoles\\\/\"},\"author\":{\"name\":\"telocuentavictorhugo.com\",\"@id\":\"https:\\\/\\\/telocuentavictorhugo.com\\\/#\\\/schema\\\/person\\\/a8307d7271ba2849b49b562ad8602f06\"},\"headline\":\"BENI EN ALERTA: EL 50% DEL DI\u00c9SEL SE REVENDE; PREPARAN PROTESTAS PARA EL MI\u00c9RCOLES\",\"datePublished\":\"2025-09-18T04:44:07+00:00\",\"dateModified\":\"2025-09-18T04:44:08+00:00\",\"mainEntityOfPage\":{\"@id\":\"https:\\\/\\\/telocuentavictorhugo.com\\\/index.php\\\/2025\\\/09\\\/18\\\/beni-en-alerta-el-50-del-diesel-se-revende-preparan-protestas-para-el-miercoles\\\/\"},\"wordCount\":121,\"commentCount\":0,\"publisher\":{\"@id\":\"https:\\\/\\\/telocuentavictorhugo.com\\\/#organization\"},\"image\":{\"@id\":\"https:\\\/\\\/telocuentavictorhugo.com\\\/index.php\\\/2025\\\/09\\\/18\\\/beni-en-alerta-el-50-del-diesel-se-revende-preparan-protestas-para-el-miercoles\\\/#primaryimage\"},\"thumbnailUrl\":\"https:\\\/\\\/telocuentavictorhugo.com\\\/wp-content\\\/uploads\\\/2025\\\/09\\\/27.jpg\",\"articleSection\":[\"Econom\u00eda\",\"Noticias\"],\"inLanguage\":\"es\",\"potentialAction\":[{\"@type\":\"CommentAction\",\"name\":\"Comment\",\"target\":[\"https:\\\/\\\/telocuentavictorhugo.com\\\/index.php\\\/2025\\\/09\\\/18\\\/beni-en-alerta-el-50-del-diesel-se-revende-preparan-protestas-para-el-miercoles\\\/#respond\"]}]},{\"@type\":\"WebPage\",\"@id\":\"https:\\\/\\\/telocuentavictorhugo.com\\\/index.php\\\/2025\\\/09\\\/18\\\/beni-en-alerta-el-50-del-diesel-se-revende-preparan-protestas-para-el-miercoles\\\/\",\"url\":\"https:\\\/\\\/telocuentavictorhugo.com\\\/index.php\\\/2025\\\/09\\\/18\\\/beni-en-alerta-el-50-del-diesel-se-revende-preparan-protestas-para-el-miercoles\\\/\",\"name\":\"BENI EN ALERTA: EL 50% DEL DI\u00c9SEL SE REVENDE; PREPARAN PROTESTAS PARA EL MI\u00c9RCOLES - Te lo Cuenta Victor\",\"isPartOf\":{\"@id\":\"https:\\\/\\\/telocuentavictorhugo.com\\\/#website\"},\"primaryImageOfPage\":{\"@id\":\"https:\\\/\\\/telocuentavictorhugo.com\\\/index.php\\\/2025\\\/09\\\/18\\\/beni-en-alerta-el-50-del-diesel-se-revende-preparan-protestas-para-el-miercoles\\\/#primaryimage\"},\"image\":{\"@id\":\"https:\\\/\\\/telocuentavictorhugo.com\\\/index.php\\\/2025\\\/09\\\/18\\\/beni-en-alerta-el-50-del-diesel-se-revende-preparan-protestas-para-el-miercoles\\\/#primaryimage\"},\"thumbnailUrl\":\"https:\\\/\\\/telocuentavictorhugo.com\\\/wp-content\\\/uploads\\\/2025\\\/09\\\/27.jpg\",\"datePublished\":\"2025-09-18T04:44:07+00:00\",\"dateModified\":\"2025-09-18T04:44:08+00:00\",\"breadcrumb\":{\"@id\":\"https:\\\/\\\/telocuentavictorhugo.com\\\/index.php\\\/2025\\\/09\\\/18\\\/beni-en-alerta-el-50-del-diesel-se-revende-preparan-protestas-para-el-miercoles\\\/#breadcrumb\"},\"inLanguage\":\"es\",\"potentialAction\":[{\"@type\":\"ReadAction\",\"target\":[\"https:\\\/\\\/telocuentavictorhugo.com\\\/index.php\\\/2025\\\/09\\\/18\\\/beni-en-alerta-el-50-del-diesel-se-revende-preparan-protestas-para-el-miercoles\\\/\"]}]},{\"@type\":\"ImageObject\",\"inLanguage\":\"es\",\"@id\":\"https:\\\/\\\/telocuentavictorhugo.com\\\/index.php\\\/2025\\\/09\\\/18\\\/beni-en-alerta-el-50-del-diesel-se-revende-preparan-protestas-para-el-miercoles\\\/#primaryimage\",\"url\":\"https:\\\/\\\/telocuentavictorhugo.com\\\/wp-content\\\/uploads\\\/2025\\\/09\\\/27.jpg\",\"contentUrl\":\"https:\\\/\\\/telocuentavictorhugo.com\\\/wp-content\\\/uploads\\\/2025\\\/09\\\/27.jpg\",\"width\":619,\"height\":341},{\"@type\":\"BreadcrumbList\",\"@id\":\"https:\\\/\\\/telocuentavictorhugo.com\\\/index.php\\\/2025\\\/09\\\/18\\\/beni-en-alerta-el-50-del-diesel-se-revende-preparan-protestas-para-el-miercoles\\\/#breadcrumb\",\"itemListElement\":[{\"@type\":\"ListItem\",\"position\":1,\"name\":\"Portada\",\"item\":\"https:\\\/\\\/telocuentavictorhugo.com\\\/\"},{\"@type\":\"ListItem\",\"position\":2,\"name\":\"BENI EN ALERTA: EL 50% DEL DI\u00c9SEL SE REVENDE; PREPARAN PROTESTAS PARA EL MI\u00c9RCOLES\"}]},{\"@type\":\"WebSite\",\"@id\":\"https:\\\/\\\/telocuentavictorhugo.com\\\/#website\",\"url\":\"https:\\\/\\\/telocuentavictorhugo.com\\\/\",\"name\":\"Te lo Cuenta Victor\",\"description\":\"\",\"publisher\":{\"@id\":\"https:\\\/\\\/telocuentavictorhugo.com\\\/#organization\"},\"potentialAction\":[{\"@type\":\"SearchAction\",\"target\":{\"@type\":\"EntryPoint\",\"urlTemplate\":\"https:\\\/\\\/telocuentavictorhugo.com\\\/?s={search_term_string}\"},\"query-input\":{\"@type\":\"PropertyValueSpecification\",\"valueRequired\":true,\"valueName\":\"search_term_string\"}}],\"inLanguage\":\"es\"},{\"@type\":\"Organization\",\"@id\":\"https:\\\/\\\/telocuentavictorhugo.com\\\/#organization\",\"name\":\"Te lo Cuenta Victor\",\"url\":\"https:\\\/\\\/telocuentavictorhugo.com\\\/\",\"logo\":{\"@type\":\"ImageObject\",\"inLanguage\":\"es\",\"@id\":\"https:\\\/\\\/telocuentavictorhugo.com\\\/#\\\/schema\\\/logo\\\/image\\\/\",\"url\":\"https:\\\/\\\/telocuentavictorhugo.com\\\/wp-content\\\/uploads\\\/2023\\\/12\\\/Logo.png\",\"contentUrl\":\"https:\\\/\\\/telocuentavictorhugo.com\\\/wp-content\\\/uploads\\\/2023\\\/12\\\/Logo.png\",\"width\":1080,\"height\":176,\"caption\":\"Te lo Cuenta Victor\"},\"image\":{\"@id\":\"https:\\\/\\\/telocuentavictorhugo.com\\\/#\\\/schema\\\/logo\\\/image\\\/\"}},{\"@type\":\"Person\",\"@id\":\"https:\\\/\\\/telocuentavictorhugo.com\\\/#\\\/schema\\\/person\\\/a8307d7271ba2849b49b562ad8602f06\",\"name\":\"telocuentavictorhugo.com\",\"image\":{\"@type\":\"ImageObject\",\"inLanguage\":\"es\",\"@id\":\"https:\\\/\\\/secure.gravatar.com\\\/avatar\\\/da212e7b532df19fd2aea5daf46d8c176abfc85521e4b80ed435d7426ef63eb6?s=96&d=mm&r=g\",\"url\":\"https:\\\/\\\/secure.gravatar.com\\\/avatar\\\/da212e7b532df19fd2aea5daf46d8c176abfc85521e4b80ed435d7426ef63eb6?s=96&d=mm&r=g\",\"contentUrl\":\"https:\\\/\\\/secure.gravatar.com\\\/avatar\\\/da212e7b532df19fd2aea5daf46d8c176abfc85521e4b80ed435d7426ef63eb6?s=96&d=mm&r=g\",\"caption\":\"telocuentavictorhugo.com\"},\"sameAs\":[\"http:\\\/\\\/telocuentavictorhugo.com\"],\"url\":\"https:\\\/\\\/telocuentavictorhugo.com\\\/index.php\\\/author\\\/plustvpress-com\\\/\"}]}<\/script>\n<!-- \/ Yoast SEO plugin. -->","yoast_head_json":{"title":"BENI EN ALERTA: EL 50% DEL DI\u00c9SEL SE REVENDE; PREPARAN PROTESTAS PARA EL MI\u00c9RCOLES - Te lo Cuenta Victor","robots":{"index":"index","follow":"follow","max-snippet":"max-snippet:-1","max-image-preview":"max-image-preview:large","max-video-preview":"max-video-preview:-1"},"canonical":"https:\/\/telocuentavictorhugo.com\/index.php\/2025\/09\/18\/beni-en-alerta-el-50-del-diesel-se-revende-preparan-protestas-para-el-miercoles\/","og_locale":"es_ES","og_type":"article","og_title":"BENI EN ALERTA: EL 50% DEL DI\u00c9SEL SE REVENDE; PREPARAN PROTESTAS PARA EL MI\u00c9RCOLES - Te lo Cuenta Victor","og_description":"La siembra de arroz en Beni, programada para comenzar el 25 de septiembre, enfrenta una grave amenaza debido a la escasez de di\u00e9sel, un insumo fundamental para los productores agr\u00edcolas que ya han iniciado las labores de preparaci\u00f3n de la tierra. El presidente de la Asociaci\u00f3n de Productores de Oleaginosas de Beni (Adepo), Fernando Romero, [&hellip;]","og_url":"https:\/\/telocuentavictorhugo.com\/index.php\/2025\/09\/18\/beni-en-alerta-el-50-del-diesel-se-revende-preparan-protestas-para-el-miercoles\/","og_site_name":"Te lo Cuenta Victor","article_published_time":"2025-09-18T04:44:07+00:00","article_modified_time":"2025-09-18T04:44:08+00:00","og_image":[{"width":619,"height":341,"url":"http:\/\/telocuentavictorhugo.com\/wp-content\/uploads\/2025\/09\/27.jpg","type":"image\/jpeg"}],"author":"telocuentavictorhugo.com","twitter_card":"summary_large_image","twitter_misc":{"Escrito por":"telocuentavictorhugo.com","Tiempo de lectura":"1 minuto"},"schema":{"@context":"https:\/\/schema.org","@graph":[{"@type":"Article","@id":"https:\/\/telocuentavictorhugo.com\/index.php\/2025\/09\/18\/beni-en-alerta-el-50-del-diesel-se-revende-preparan-protestas-para-el-miercoles\/#article","isPartOf":{"@id":"https:\/\/telocuentavictorhugo.com\/index.php\/2025\/09\/18\/beni-en-alerta-el-50-del-diesel-se-revende-preparan-protestas-para-el-miercoles\/"},"author":{"name":"telocuentavictorhugo.com","@id":"https:\/\/telocuentavictorhugo.com\/#\/schema\/person\/a8307d7271ba2849b49b562ad8602f06"},"headline":"BENI EN ALERTA: EL 50% DEL DI\u00c9SEL SE REVENDE; PREPARAN PROTESTAS PARA EL MI\u00c9RCOLES","datePublished":"2025-09-18T04:44:07+00:00","dateModified":"2025-09-18T04:44:08+00:00","mainEntityOfPage":{"@id":"https:\/\/telocuentavictorhugo.com\/index.php\/2025\/09\/18\/beni-en-alerta-el-50-del-diesel-se-revende-preparan-protestas-para-el-miercoles\/"},"wordCount":121,"commentCount":0,"publisher":{"@id":"https:\/\/telocuentavictorhugo.com\/#organization"},"image":{"@id":"https:\/\/telocuentavictorhugo.com\/index.php\/2025\/09\/18\/beni-en-alerta-el-50-del-diesel-se-revende-preparan-protestas-para-el-miercoles\/#primaryimage"},"thumbnailUrl":"https:\/\/telocuentavictorhugo.com\/wp-content\/uploads\/2025\/09\/27.jpg","articleSection":["Econom\u00eda","Noticias"],"inLanguage":"es","potentialAction":[{"@type":"CommentAction","name":"Comment","target":["https:\/\/telocuentavictorhugo.com\/index.php\/2025\/09\/18\/beni-en-alerta-el-50-del-diesel-se-revende-preparan-protestas-para-el-miercoles\/#respond"]}]},{"@type":"WebPage","@id":"https:\/\/telocuentavictorhugo.com\/index.php\/2025\/09\/18\/beni-en-alerta-el-50-del-diesel-se-revende-preparan-protestas-para-el-miercoles\/","url":"https:\/\/telocuentavictorhugo.com\/index.php\/2025\/09\/18\/beni-en-alerta-el-50-del-diesel-se-revende-preparan-protestas-para-el-miercoles\/","name":"BENI EN ALERTA: EL 50% DEL DI\u00c9SEL SE REVENDE; PREPARAN PROTESTAS PARA EL MI\u00c9RCOLES - Te lo Cuenta Victor","isPartOf":{"@id":"https:\/\/telocuentavictorhugo.com\/#website"},"primaryImageOfPage":{"@id":"https:\/\/telocuentavictorhugo.com\/index.php\/2025\/09\/18\/beni-en-alerta-el-50-del-diesel-se-revende-preparan-protestas-para-el-miercoles\/#primaryimage"},"image":{"@id":"https:\/\/telocuentavictorhugo.com\/index.php\/2025\/09\/18\/beni-en-alerta-el-50-del-diesel-se-revende-preparan-protestas-para-el-miercoles\/#primaryimage"},"thumbnailUrl":"https:\/\/telocuentavictorhugo.com\/wp-content\/uploads\/2025\/09\/27.jpg","datePublished":"2025-09-18T04:44:07+00:00","dateModified":"2025-09-18T04:44:08+00:00","breadcrumb":{"@id":"https:\/\/telocuentavictorhugo.com\/index.php\/2025\/09\/18\/beni-en-alerta-el-50-del-diesel-se-revende-preparan-protestas-para-el-miercoles\/#breadcrumb"},"inLanguage":"es","potentialAction":[{"@type":"ReadAction","target":["https:\/\/telocuentavictorhugo.com\/index.php\/2025\/09\/18\/beni-en-alerta-el-50-del-diesel-se-revende-preparan-protestas-para-el-miercoles\/"]}]},{"@type":"ImageObject","inLanguage":"es","@id":"https:\/\/telocuentavictorhugo.com\/index.php\/2025\/09\/18\/beni-en-alerta-el-50-del-diesel-se-revende-preparan-protestas-para-el-miercoles\/#primaryimage","url":"https:\/\/telocuentavictorhugo.com\/wp-content\/uploads\/2025\/09\/27.jpg","contentUrl":"https:\/\/telocuentavictorhugo.com\/wp-content\/uploads\/2025\/09\/27.jpg","width":619,"height":341},{"@type":"BreadcrumbList","@id":"https:\/\/telocuentavictorhugo.com\/index.php\/2025\/09\/18\/beni-en-alerta-el-50-del-diesel-se-revende-preparan-protestas-para-el-miercoles\/#breadcrumb","itemListElement":[{"@type":"ListItem","position":1,"name":"Portada","item":"https:\/\/telocuentavictorhugo.com\/"},{"@type":"ListItem","position":2,"name":"BENI EN ALERTA: EL 50% DEL DI\u00c9SEL SE REVENDE; PREPARAN PROTESTAS PARA EL MI\u00c9RCOLES"}]},{"@type":"WebSite","@id":"https:\/\/telocuentavictorhugo.com\/#website","url":"https:\/\/telocuentavictorhugo.com\/","name":"Te lo Cuenta Victor","description":"","publisher":{"@id":"https:\/\/telocuentavictorhugo.com\/#organization"},"potentialAction":[{"@type":"SearchAction","target":{"@type":"EntryPoint","urlTemplate":"https:\/\/telocuentavictorhugo.com\/?s={search_term_string}"},"query-input":{"@type":"PropertyValueSpecification","valueRequired":true,"valueName":"search_term_string"}}],"inLanguage":"es"},{"@type":"Organization","@id":"https:\/\/telocuentavictorhugo.com\/#organization","name":"Te lo Cuenta Victor","url":"https:\/\/telocuentavictorhugo.com\/","logo":{"@type":"ImageObject","inLanguage":"es","@id":"https:\/\/telocuentavictorhugo.com\/#\/schema\/logo\/image\/","url":"https:\/\/telocuentavictorhugo.com\/wp-content\/uploads\/2023\/12\/Logo.png","contentUrl":"https:\/\/telocuentavictorhugo.com\/wp-content\/uploads\/2023\/12\/Logo.png","width":1080,"height":176,"caption":"Te lo Cuenta Victor"},"image":{"@id":"https:\/\/telocuentavictorhugo.com\/#\/schema\/logo\/image\/"}},{"@type":"Person","@id":"https:\/\/telocuentavictorhugo.com\/#\/schema\/person\/a8307d7271ba2849b49b562ad8602f06","name":"telocuentavictorhugo.com","image":{"@type":"ImageObject","inLanguage":"es","@id":"https:\/\/secure.gravatar.com\/avatar\/da212e7b532df19fd2aea5daf46d8c176abfc85521e4b80ed435d7426ef63eb6?s=96&d=mm&r=g","url":"https:\/\/secure.gravatar.com\/avatar\/da212e7b532df19fd2aea5daf46d8c176abfc85521e4b80ed435d7426ef63eb6?s=96&d=mm&r=g","contentUrl":"https:\/\/secure.gravatar.com\/avatar\/da212e7b532df19fd2aea5daf46d8c176abfc85521e4b80ed435d7426ef63eb6?s=96&d=mm&r=g","caption":"telocuentavictorhugo.com"},"sameAs":["http:\/\/telocuentavictorhugo.com"],"url":"https:\/\/telocuentavictorhugo.com\/index.php\/author\/plustvpress-com\/"}]}},"_links":{"self":[{"href":"https:\/\/telocuentavictorhugo.com\/index.php\/wp-json\/wp\/v2\/posts\/9862","targetHints":{"allow":["GET"]}}],"collection":[{"href":"https:\/\/telocuentavictorhugo.com\/index.php\/wp-json\/wp\/v2\/posts"}],"about":[{"href":"https:\/\/telocuentavictorhugo.com\/index.php\/wp-json\/wp\/v2\/types\/post"}],"author":[{"embeddable":true,"href":"https:\/\/telocuentavictorhugo.com\/index.php\/wp-json\/wp\/v2\/users\/1"}],"replies":[{"embeddable":true,"href":"https:\/\/telocuentavictorhugo.com\/index.php\/wp-json\/wp\/v2\/comments?post=9862"}],"version-history":[{"count":1,"href":"https:\/\/telocuentavictorhugo.com\/index.php\/wp-json\/wp\/v2\/posts\/9862\/revisions"}],"predecessor-version":[{"id":9881,"href":"https:\/\/telocuentavictorhugo.com\/index.php\/wp-json\/wp\/v2\/posts\/9862\/revisions\/9881"}],"wp:featuredmedia":[{"embeddable":true,"href":"https:\/\/telocuentavictorhugo.com\/index.php\/wp-json\/wp\/v2\/media\/9871"}],"wp:attachment":[{"href":"https:\/\/telocuentavictorhugo.com\/index.php\/wp-json\/wp\/v2\/media?parent=9862"}],"wp:term":[{"taxonomy":"category","embeddable":true,"href":"https:\/\/telocuentavictorhugo.com\/index.php\/wp-json\/wp\/v2\/categories?post=9862"},{"taxonomy":"post_tag","embeddable":true,"href":"https:\/\/telocuentavictorhugo.com\/index.php\/wp-json\/wp\/v2\/tags?post=9862"}],"curies":[{"name":"wp","href":"https:\/\/api.w.org\/{rel}","templated":true}]}}