{"id":9803,"date":"2025-09-17T20:43:41","date_gmt":"2025-09-18T00:43:41","guid":{"rendered":"https:\/\/telocuentavictorhugo.com\/?p=9803"},"modified":"2025-09-17T20:43:44","modified_gmt":"2025-09-18T00:43:44","slug":"camacho-y-doria-medina-sellan-apoyo-a-futuro-gobierno","status":"publish","type":"post","link":"https:\/\/telocuentavictorhugo.com\/index.php\/2025\/09\/17\/camacho-y-doria-medina-sellan-apoyo-a-futuro-gobierno\/","title":{"rendered":"CAMACHO Y DORIA MEDINA SELLAN APOYO A FUTURO GOBIERNO"},"content":{"rendered":"\n<p>El gobernador de Santa Cruz, Luis Fernando Camacho, sostuvo una reuni\u00f3n con el l\u00edder de la alianza Unidad, Samuel Doria Medina, en la que ambos acordaron colaborar desde la Asamblea Legislativa Plurinacional (ALP) para garantizar la estabilidad del pr\u00f3ximo gobierno que surja del balotaje. Tras el encuentro, Camacho afirm\u00f3 que sus parlamentarios apoyar\u00e1n la gesti\u00f3n del futuro mandatario sin condiciones ni participaci\u00f3n en el Ejecutivo, con el objetivo de ofrecer un marco de tranquilidad y estabilidad en un escenario electoral marcado por tensiones y desaf\u00edos.<\/p>\n\n\n\n<figure class=\"wp-block-embed is-type-video is-provider-youtube wp-block-embed-youtube wp-embed-aspect-16-9 wp-has-aspect-ratio\"><div class=\"wp-block-embed__wrapper\">\n<iframe title=\"CAMACHO Y DORIA MEDINA SELLAN APOYO A FUTURO GOBIERNO\" width=\"800\" height=\"450\" src=\"https:\/\/www.youtube.com\/embed\/nWu0_wXr1ME?feature=oembed\" frameborder=\"0\" allow=\"accelerometer; autoplay; clipboard-write; encrypted-media; gyroscope; picture-in-picture; web-share\" referrerpolicy=\"strict-origin-when-cross-origin\" allowfullscreen><\/iframe>\n<\/div><\/figure>\n","protected":false},"excerpt":{"rendered":"<p>El gobernador de Santa Cruz, Luis Fernando Camacho, sostuvo una reuni\u00f3n con el l\u00edder de la alianza Unidad, Samuel Doria Medina, en la que ambos acordaron colaborar desde la Asamblea Legislativa Plurinacional (ALP) para garantizar la estabilidad del pr\u00f3ximo gobierno que surja del balotaje. Tras el encuentro, Camacho afirm\u00f3 que sus parlamentarios apoyar\u00e1n la gesti\u00f3n [&hellip;]<\/p>\n","protected":false},"author":1,"featured_media":9823,"comment_status":"open","ping_status":"open","sticky":false,"template":"","format":"standard","meta":{"_eb_attr":"","footnotes":""},"categories":[1],"tags":[113,114],"class_list":["post-9803","post","type-post","status-publish","format-standard","has-post-thumbnail","hentry","category-noticias","tag-noticias","tag-politica"],"yoast_head":"<!-- This site is optimized with the Yoast SEO plugin v27.4 - https:\/\/yoast.com\/product\/yoast-seo-wordpress\/ -->\n<title>CAMACHO Y DORIA MEDINA SELLAN APOYO A FUTURO GOBIERNO - Te lo Cuenta Victor<\/title>\n<meta name=\"robots\" content=\"index, follow, max-snippet:-1, max-image-preview:large, max-video-preview:-1\" \/>\n<link rel=\"canonical\" href=\"https:\/\/telocuentavictorhugo.com\/index.php\/2025\/09\/17\/camacho-y-doria-medina-sellan-apoyo-a-futuro-gobierno\/\" \/>\n<meta property=\"og:locale\" content=\"es_ES\" \/>\n<meta property=\"og:type\" content=\"article\" \/>\n<meta property=\"og:title\" content=\"CAMACHO Y DORIA MEDINA SELLAN APOYO A FUTURO GOBIERNO - Te lo Cuenta Victor\" \/>\n<meta property=\"og:description\" content=\"El gobernador de Santa Cruz, Luis Fernando Camacho, sostuvo una reuni\u00f3n con el l\u00edder de la alianza Unidad, Samuel Doria Medina, en la que ambos acordaron colaborar desde la Asamblea Legislativa Plurinacional (ALP) para garantizar la estabilidad del pr\u00f3ximo gobierno que surja del balotaje. Tras el encuentro, Camacho afirm\u00f3 que sus parlamentarios apoyar\u00e1n la gesti\u00f3n [&hellip;]\" \/>\n<meta property=\"og:url\" content=\"https:\/\/telocuentavictorhugo.com\/index.php\/2025\/09\/17\/camacho-y-doria-medina-sellan-apoyo-a-futuro-gobierno\/\" \/>\n<meta property=\"og:site_name\" content=\"Te lo Cuenta Victor\" \/>\n<meta property=\"article:published_time\" content=\"2025-09-18T00:43:41+00:00\" \/>\n<meta property=\"article:modified_time\" content=\"2025-09-18T00:43:44+00:00\" \/>\n<meta property=\"og:image\" content=\"http:\/\/telocuentavictorhugo.com\/wp-content\/uploads\/2025\/09\/9-2.jpg\" \/>\n\t<meta property=\"og:image:width\" content=\"1004\" \/>\n\t<meta property=\"og:image:height\" content=\"577\" \/>\n\t<meta property=\"og:image:type\" content=\"image\/jpeg\" \/>\n<meta name=\"author\" content=\"telocuentavictorhugo.com\" \/>\n<meta name=\"twitter:card\" content=\"summary_large_image\" \/>\n<meta name=\"twitter:label1\" content=\"Escrito por\" \/>\n\t<meta name=\"twitter:data1\" content=\"telocuentavictorhugo.com\" \/>\n\t<meta name=\"twitter:label2\" content=\"Tiempo de lectura\" \/>\n\t<meta name=\"twitter:data2\" content=\"1 minuto\" \/>\n<script type=\"application\/ld+json\" class=\"yoast-schema-graph\">{\"@context\":\"https:\\\/\\\/schema.org\",\"@graph\":[{\"@type\":\"Article\",\"@id\":\"https:\\\/\\\/telocuentavictorhugo.com\\\/index.php\\\/2025\\\/09\\\/17\\\/camacho-y-doria-medina-sellan-apoyo-a-futuro-gobierno\\\/#article\",\"isPartOf\":{\"@id\":\"https:\\\/\\\/telocuentavictorhugo.com\\\/index.php\\\/2025\\\/09\\\/17\\\/camacho-y-doria-medina-sellan-apoyo-a-futuro-gobierno\\\/\"},\"author\":{\"name\":\"telocuentavictorhugo.com\",\"@id\":\"https:\\\/\\\/telocuentavictorhugo.com\\\/#\\\/schema\\\/person\\\/a8307d7271ba2849b49b562ad8602f06\"},\"headline\":\"CAMACHO Y DORIA MEDINA SELLAN APOYO A FUTURO GOBIERNO\",\"datePublished\":\"2025-09-18T00:43:41+00:00\",\"dateModified\":\"2025-09-18T00:43:44+00:00\",\"mainEntityOfPage\":{\"@id\":\"https:\\\/\\\/telocuentavictorhugo.com\\\/index.php\\\/2025\\\/09\\\/17\\\/camacho-y-doria-medina-sellan-apoyo-a-futuro-gobierno\\\/\"},\"wordCount\":107,\"commentCount\":0,\"publisher\":{\"@id\":\"https:\\\/\\\/telocuentavictorhugo.com\\\/#organization\"},\"image\":{\"@id\":\"https:\\\/\\\/telocuentavictorhugo.com\\\/index.php\\\/2025\\\/09\\\/17\\\/camacho-y-doria-medina-sellan-apoyo-a-futuro-gobierno\\\/#primaryimage\"},\"thumbnailUrl\":\"https:\\\/\\\/telocuentavictorhugo.com\\\/wp-content\\\/uploads\\\/2025\\\/09\\\/9-2.jpg\",\"keywords\":[\"NOTICIAS\",\"POL\u00cdTICA\"],\"articleSection\":[\"Noticias\"],\"inLanguage\":\"es\",\"potentialAction\":[{\"@type\":\"CommentAction\",\"name\":\"Comment\",\"target\":[\"https:\\\/\\\/telocuentavictorhugo.com\\\/index.php\\\/2025\\\/09\\\/17\\\/camacho-y-doria-medina-sellan-apoyo-a-futuro-gobierno\\\/#respond\"]}]},{\"@type\":\"WebPage\",\"@id\":\"https:\\\/\\\/telocuentavictorhugo.com\\\/index.php\\\/2025\\\/09\\\/17\\\/camacho-y-doria-medina-sellan-apoyo-a-futuro-gobierno\\\/\",\"url\":\"https:\\\/\\\/telocuentavictorhugo.com\\\/index.php\\\/2025\\\/09\\\/17\\\/camacho-y-doria-medina-sellan-apoyo-a-futuro-gobierno\\\/\",\"name\":\"CAMACHO Y DORIA MEDINA SELLAN APOYO A FUTURO GOBIERNO - Te lo Cuenta Victor\",\"isPartOf\":{\"@id\":\"https:\\\/\\\/telocuentavictorhugo.com\\\/#website\"},\"primaryImageOfPage\":{\"@id\":\"https:\\\/\\\/telocuentavictorhugo.com\\\/index.php\\\/2025\\\/09\\\/17\\\/camacho-y-doria-medina-sellan-apoyo-a-futuro-gobierno\\\/#primaryimage\"},\"image\":{\"@id\":\"https:\\\/\\\/telocuentavictorhugo.com\\\/index.php\\\/2025\\\/09\\\/17\\\/camacho-y-doria-medina-sellan-apoyo-a-futuro-gobierno\\\/#primaryimage\"},\"thumbnailUrl\":\"https:\\\/\\\/telocuentavictorhugo.com\\\/wp-content\\\/uploads\\\/2025\\\/09\\\/9-2.jpg\",\"datePublished\":\"2025-09-18T00:43:41+00:00\",\"dateModified\":\"2025-09-18T00:43:44+00:00\",\"breadcrumb\":{\"@id\":\"https:\\\/\\\/telocuentavictorhugo.com\\\/index.php\\\/2025\\\/09\\\/17\\\/camacho-y-doria-medina-sellan-apoyo-a-futuro-gobierno\\\/#breadcrumb\"},\"inLanguage\":\"es\",\"potentialAction\":[{\"@type\":\"ReadAction\",\"target\":[\"https:\\\/\\\/telocuentavictorhugo.com\\\/index.php\\\/2025\\\/09\\\/17\\\/camacho-y-doria-medina-sellan-apoyo-a-futuro-gobierno\\\/\"]}]},{\"@type\":\"ImageObject\",\"inLanguage\":\"es\",\"@id\":\"https:\\\/\\\/telocuentavictorhugo.com\\\/index.php\\\/2025\\\/09\\\/17\\\/camacho-y-doria-medina-sellan-apoyo-a-futuro-gobierno\\\/#primaryimage\",\"url\":\"https:\\\/\\\/telocuentavictorhugo.com\\\/wp-content\\\/uploads\\\/2025\\\/09\\\/9-2.jpg\",\"contentUrl\":\"https:\\\/\\\/telocuentavictorhugo.com\\\/wp-content\\\/uploads\\\/2025\\\/09\\\/9-2.jpg\",\"width\":1004,\"height\":577},{\"@type\":\"BreadcrumbList\",\"@id\":\"https:\\\/\\\/telocuentavictorhugo.com\\\/index.php\\\/2025\\\/09\\\/17\\\/camacho-y-doria-medina-sellan-apoyo-a-futuro-gobierno\\\/#breadcrumb\",\"itemListElement\":[{\"@type\":\"ListItem\",\"position\":1,\"name\":\"Portada\",\"item\":\"https:\\\/\\\/telocuentavictorhugo.com\\\/\"},{\"@type\":\"ListItem\",\"position\":2,\"name\":\"CAMACHO Y DORIA MEDINA SELLAN APOYO A FUTURO GOBIERNO\"}]},{\"@type\":\"WebSite\",\"@id\":\"https:\\\/\\\/telocuentavictorhugo.com\\\/#website\",\"url\":\"https:\\\/\\\/telocuentavictorhugo.com\\\/\",\"name\":\"Te lo Cuenta Victor\",\"description\":\"\",\"publisher\":{\"@id\":\"https:\\\/\\\/telocuentavictorhugo.com\\\/#organization\"},\"potentialAction\":[{\"@type\":\"SearchAction\",\"target\":{\"@type\":\"EntryPoint\",\"urlTemplate\":\"https:\\\/\\\/telocuentavictorhugo.com\\\/?s={search_term_string}\"},\"query-input\":{\"@type\":\"PropertyValueSpecification\",\"valueRequired\":true,\"valueName\":\"search_term_string\"}}],\"inLanguage\":\"es\"},{\"@type\":\"Organization\",\"@id\":\"https:\\\/\\\/telocuentavictorhugo.com\\\/#organization\",\"name\":\"Te lo Cuenta Victor\",\"url\":\"https:\\\/\\\/telocuentavictorhugo.com\\\/\",\"logo\":{\"@type\":\"ImageObject\",\"inLanguage\":\"es\",\"@id\":\"https:\\\/\\\/telocuentavictorhugo.com\\\/#\\\/schema\\\/logo\\\/image\\\/\",\"url\":\"https:\\\/\\\/telocuentavictorhugo.com\\\/wp-content\\\/uploads\\\/2023\\\/12\\\/Logo.png\",\"contentUrl\":\"https:\\\/\\\/telocuentavictorhugo.com\\\/wp-content\\\/uploads\\\/2023\\\/12\\\/Logo.png\",\"width\":1080,\"height\":176,\"caption\":\"Te lo Cuenta Victor\"},\"image\":{\"@id\":\"https:\\\/\\\/telocuentavictorhugo.com\\\/#\\\/schema\\\/logo\\\/image\\\/\"}},{\"@type\":\"Person\",\"@id\":\"https:\\\/\\\/telocuentavictorhugo.com\\\/#\\\/schema\\\/person\\\/a8307d7271ba2849b49b562ad8602f06\",\"name\":\"telocuentavictorhugo.com\",\"image\":{\"@type\":\"ImageObject\",\"inLanguage\":\"es\",\"@id\":\"https:\\\/\\\/secure.gravatar.com\\\/avatar\\\/da212e7b532df19fd2aea5daf46d8c176abfc85521e4b80ed435d7426ef63eb6?s=96&d=mm&r=g\",\"url\":\"https:\\\/\\\/secure.gravatar.com\\\/avatar\\\/da212e7b532df19fd2aea5daf46d8c176abfc85521e4b80ed435d7426ef63eb6?s=96&d=mm&r=g\",\"contentUrl\":\"https:\\\/\\\/secure.gravatar.com\\\/avatar\\\/da212e7b532df19fd2aea5daf46d8c176abfc85521e4b80ed435d7426ef63eb6?s=96&d=mm&r=g\",\"caption\":\"telocuentavictorhugo.com\"},\"sameAs\":[\"http:\\\/\\\/telocuentavictorhugo.com\"],\"url\":\"https:\\\/\\\/telocuentavictorhugo.com\\\/index.php\\\/author\\\/plustvpress-com\\\/\"}]}<\/script>\n<!-- \/ Yoast SEO plugin. -->","yoast_head_json":{"title":"CAMACHO Y DORIA MEDINA SELLAN APOYO A FUTURO GOBIERNO - Te lo Cuenta Victor","robots":{"index":"index","follow":"follow","max-snippet":"max-snippet:-1","max-image-preview":"max-image-preview:large","max-video-preview":"max-video-preview:-1"},"canonical":"https:\/\/telocuentavictorhugo.com\/index.php\/2025\/09\/17\/camacho-y-doria-medina-sellan-apoyo-a-futuro-gobierno\/","og_locale":"es_ES","og_type":"article","og_title":"CAMACHO Y DORIA MEDINA SELLAN APOYO A FUTURO GOBIERNO - Te lo Cuenta Victor","og_description":"El gobernador de Santa Cruz, Luis Fernando Camacho, sostuvo una reuni\u00f3n con el l\u00edder de la alianza Unidad, Samuel Doria Medina, en la que ambos acordaron colaborar desde la Asamblea Legislativa Plurinacional (ALP) para garantizar la estabilidad del pr\u00f3ximo gobierno que surja del balotaje. Tras el encuentro, Camacho afirm\u00f3 que sus parlamentarios apoyar\u00e1n la gesti\u00f3n [&hellip;]","og_url":"https:\/\/telocuentavictorhugo.com\/index.php\/2025\/09\/17\/camacho-y-doria-medina-sellan-apoyo-a-futuro-gobierno\/","og_site_name":"Te lo Cuenta Victor","article_published_time":"2025-09-18T00:43:41+00:00","article_modified_time":"2025-09-18T00:43:44+00:00","og_image":[{"width":1004,"height":577,"url":"http:\/\/telocuentavictorhugo.com\/wp-content\/uploads\/2025\/09\/9-2.jpg","type":"image\/jpeg"}],"author":"telocuentavictorhugo.com","twitter_card":"summary_large_image","twitter_misc":{"Escrito por":"telocuentavictorhugo.com","Tiempo de lectura":"1 minuto"},"schema":{"@context":"https:\/\/schema.org","@graph":[{"@type":"Article","@id":"https:\/\/telocuentavictorhugo.com\/index.php\/2025\/09\/17\/camacho-y-doria-medina-sellan-apoyo-a-futuro-gobierno\/#article","isPartOf":{"@id":"https:\/\/telocuentavictorhugo.com\/index.php\/2025\/09\/17\/camacho-y-doria-medina-sellan-apoyo-a-futuro-gobierno\/"},"author":{"name":"telocuentavictorhugo.com","@id":"https:\/\/telocuentavictorhugo.com\/#\/schema\/person\/a8307d7271ba2849b49b562ad8602f06"},"headline":"CAMACHO Y DORIA MEDINA SELLAN APOYO A FUTURO GOBIERNO","datePublished":"2025-09-18T00:43:41+00:00","dateModified":"2025-09-18T00:43:44+00:00","mainEntityOfPage":{"@id":"https:\/\/telocuentavictorhugo.com\/index.php\/2025\/09\/17\/camacho-y-doria-medina-sellan-apoyo-a-futuro-gobierno\/"},"wordCount":107,"commentCount":0,"publisher":{"@id":"https:\/\/telocuentavictorhugo.com\/#organization"},"image":{"@id":"https:\/\/telocuentavictorhugo.com\/index.php\/2025\/09\/17\/camacho-y-doria-medina-sellan-apoyo-a-futuro-gobierno\/#primaryimage"},"thumbnailUrl":"https:\/\/telocuentavictorhugo.com\/wp-content\/uploads\/2025\/09\/9-2.jpg","keywords":["NOTICIAS","POL\u00cdTICA"],"articleSection":["Noticias"],"inLanguage":"es","potentialAction":[{"@type":"CommentAction","name":"Comment","target":["https:\/\/telocuentavictorhugo.com\/index.php\/2025\/09\/17\/camacho-y-doria-medina-sellan-apoyo-a-futuro-gobierno\/#respond"]}]},{"@type":"WebPage","@id":"https:\/\/telocuentavictorhugo.com\/index.php\/2025\/09\/17\/camacho-y-doria-medina-sellan-apoyo-a-futuro-gobierno\/","url":"https:\/\/telocuentavictorhugo.com\/index.php\/2025\/09\/17\/camacho-y-doria-medina-sellan-apoyo-a-futuro-gobierno\/","name":"CAMACHO Y DORIA MEDINA SELLAN APOYO A FUTURO GOBIERNO - Te lo Cuenta Victor","isPartOf":{"@id":"https:\/\/telocuentavictorhugo.com\/#website"},"primaryImageOfPage":{"@id":"https:\/\/telocuentavictorhugo.com\/index.php\/2025\/09\/17\/camacho-y-doria-medina-sellan-apoyo-a-futuro-gobierno\/#primaryimage"},"image":{"@id":"https:\/\/telocuentavictorhugo.com\/index.php\/2025\/09\/17\/camacho-y-doria-medina-sellan-apoyo-a-futuro-gobierno\/#primaryimage"},"thumbnailUrl":"https:\/\/telocuentavictorhugo.com\/wp-content\/uploads\/2025\/09\/9-2.jpg","datePublished":"2025-09-18T00:43:41+00:00","dateModified":"2025-09-18T00:43:44+00:00","breadcrumb":{"@id":"https:\/\/telocuentavictorhugo.com\/index.php\/2025\/09\/17\/camacho-y-doria-medina-sellan-apoyo-a-futuro-gobierno\/#breadcrumb"},"inLanguage":"es","potentialAction":[{"@type":"ReadAction","target":["https:\/\/telocuentavictorhugo.com\/index.php\/2025\/09\/17\/camacho-y-doria-medina-sellan-apoyo-a-futuro-gobierno\/"]}]},{"@type":"ImageObject","inLanguage":"es","@id":"https:\/\/telocuentavictorhugo.com\/index.php\/2025\/09\/17\/camacho-y-doria-medina-sellan-apoyo-a-futuro-gobierno\/#primaryimage","url":"https:\/\/telocuentavictorhugo.com\/wp-content\/uploads\/2025\/09\/9-2.jpg","contentUrl":"https:\/\/telocuentavictorhugo.com\/wp-content\/uploads\/2025\/09\/9-2.jpg","width":1004,"height":577},{"@type":"BreadcrumbList","@id":"https:\/\/telocuentavictorhugo.com\/index.php\/2025\/09\/17\/camacho-y-doria-medina-sellan-apoyo-a-futuro-gobierno\/#breadcrumb","itemListElement":[{"@type":"ListItem","position":1,"name":"Portada","item":"https:\/\/telocuentavictorhugo.com\/"},{"@type":"ListItem","position":2,"name":"CAMACHO Y DORIA MEDINA SELLAN APOYO A FUTURO GOBIERNO"}]},{"@type":"WebSite","@id":"https:\/\/telocuentavictorhugo.com\/#website","url":"https:\/\/telocuentavictorhugo.com\/","name":"Te lo Cuenta Victor","description":"","publisher":{"@id":"https:\/\/telocuentavictorhugo.com\/#organization"},"potentialAction":[{"@type":"SearchAction","target":{"@type":"EntryPoint","urlTemplate":"https:\/\/telocuentavictorhugo.com\/?s={search_term_string}"},"query-input":{"@type":"PropertyValueSpecification","valueRequired":true,"valueName":"search_term_string"}}],"inLanguage":"es"},{"@type":"Organization","@id":"https:\/\/telocuentavictorhugo.com\/#organization","name":"Te lo Cuenta Victor","url":"https:\/\/telocuentavictorhugo.com\/","logo":{"@type":"ImageObject","inLanguage":"es","@id":"https:\/\/telocuentavictorhugo.com\/#\/schema\/logo\/image\/","url":"https:\/\/telocuentavictorhugo.com\/wp-content\/uploads\/2023\/12\/Logo.png","contentUrl":"https:\/\/telocuentavictorhugo.com\/wp-content\/uploads\/2023\/12\/Logo.png","width":1080,"height":176,"caption":"Te lo Cuenta Victor"},"image":{"@id":"https:\/\/telocuentavictorhugo.com\/#\/schema\/logo\/image\/"}},{"@type":"Person","@id":"https:\/\/telocuentavictorhugo.com\/#\/schema\/person\/a8307d7271ba2849b49b562ad8602f06","name":"telocuentavictorhugo.com","image":{"@type":"ImageObject","inLanguage":"es","@id":"https:\/\/secure.gravatar.com\/avatar\/da212e7b532df19fd2aea5daf46d8c176abfc85521e4b80ed435d7426ef63eb6?s=96&d=mm&r=g","url":"https:\/\/secure.gravatar.com\/avatar\/da212e7b532df19fd2aea5daf46d8c176abfc85521e4b80ed435d7426ef63eb6?s=96&d=mm&r=g","contentUrl":"https:\/\/secure.gravatar.com\/avatar\/da212e7b532df19fd2aea5daf46d8c176abfc85521e4b80ed435d7426ef63eb6?s=96&d=mm&r=g","caption":"telocuentavictorhugo.com"},"sameAs":["http:\/\/telocuentavictorhugo.com"],"url":"https:\/\/telocuentavictorhugo.com\/index.php\/author\/plustvpress-com\/"}]}},"_links":{"self":[{"href":"https:\/\/telocuentavictorhugo.com\/index.php\/wp-json\/wp\/v2\/posts\/9803","targetHints":{"allow":["GET"]}}],"collection":[{"href":"https:\/\/telocuentavictorhugo.com\/index.php\/wp-json\/wp\/v2\/posts"}],"about":[{"href":"https:\/\/telocuentavictorhugo.com\/index.php\/wp-json\/wp\/v2\/types\/post"}],"author":[{"embeddable":true,"href":"https:\/\/telocuentavictorhugo.com\/index.php\/wp-json\/wp\/v2\/users\/1"}],"replies":[{"embeddable":true,"href":"https:\/\/telocuentavictorhugo.com\/index.php\/wp-json\/wp\/v2\/comments?post=9803"}],"version-history":[{"count":1,"href":"https:\/\/telocuentavictorhugo.com\/index.php\/wp-json\/wp\/v2\/posts\/9803\/revisions"}],"predecessor-version":[{"id":9844,"href":"https:\/\/telocuentavictorhugo.com\/index.php\/wp-json\/wp\/v2\/posts\/9803\/revisions\/9844"}],"wp:featuredmedia":[{"embeddable":true,"href":"https:\/\/telocuentavictorhugo.com\/index.php\/wp-json\/wp\/v2\/media\/9823"}],"wp:attachment":[{"href":"https:\/\/telocuentavictorhugo.com\/index.php\/wp-json\/wp\/v2\/media?parent=9803"}],"wp:term":[{"taxonomy":"category","embeddable":true,"href":"https:\/\/telocuentavictorhugo.com\/index.php\/wp-json\/wp\/v2\/categories?post=9803"},{"taxonomy":"post_tag","embeddable":true,"href":"https:\/\/telocuentavictorhugo.com\/index.php\/wp-json\/wp\/v2\/tags?post=9803"}],"curies":[{"name":"wp","href":"https:\/\/api.w.org\/{rel}","templated":true}]}}