{"id":9798,"date":"2025-09-17T20:43:31","date_gmt":"2025-09-18T00:43:31","guid":{"rendered":"https:\/\/telocuentavictorhugo.com\/?p=9798"},"modified":"2025-09-17T20:43:31","modified_gmt":"2025-09-18T00:43:31","slug":"santa-cruz-sin-sede-para-la-final-de-la-copa-sudamericana","status":"publish","type":"post","link":"https:\/\/telocuentavictorhugo.com\/index.php\/2025\/09\/17\/santa-cruz-sin-sede-para-la-final-de-la-copa-sudamericana\/","title":{"rendered":"SANTA CRUZ SIN SEDE PARA LA FINAL DE LA COPA SUDAMERICANA"},"content":{"rendered":"\n<p>Santa Cruz de la Sierra pierde la sede de la final \u00fanica de la Copa Sudamericana 2025, que deb\u00eda disputarse el 22 de noviembre en el estadio Tahuichi Aguilera, tras una decisi\u00f3n de la Conmebol motivada por el incumplimiento en los avances de las obras de remodelaci\u00f3n. La entidad sudamericana anunci\u00f3 que el encuentro se traslada a Asunci\u00f3n, Paraguay, en una medida que busca garantizar la calidad y seguridad del espect\u00e1culo, dejando atr\u00e1s las expectativas de la ciudad cruce\u00f1a y afectando en v\u00edsperas del centenario de la Federaci\u00f3n Boliviana de F\u00fatbol, que hab\u00eda apostado por convertir a Santa Cruz en sede del evento. La inspecci\u00f3n t\u00e9cnica revel\u00f3 que las obras apenas alcanzaban un 50% de avance, y ante la imposibilidad de cumplir con los plazos, la Conmebol opt\u00f3 por mantener la final en la capital paraguaya, ciudad que ya cuenta con la infraestructura necesaria y experiencia previa en este tipo de eventos. La decisi\u00f3n, seg\u00fan el comunicado oficial, responde a un protocolo que prioriza la calidad y seguridad de la cita continental, mientras que en paralelo, la federaci\u00f3n boliviana expres\u00f3 su inter\u00e9s en ser anfitri\u00f3n en 2027, evidenciando su compromiso con la organizaci\u00f3n de futuros eventos internacionales.<\/p>\n\n\n\n<figure class=\"wp-block-embed is-type-video is-provider-youtube wp-block-embed-youtube wp-embed-aspect-16-9 wp-has-aspect-ratio\"><div class=\"wp-block-embed__wrapper\">\n<iframe title=\"SANTA CRUZ SIN SEDE PARA LA FINAL DE LA COPA SUDAMERICANA\" width=\"800\" height=\"450\" src=\"https:\/\/www.youtube.com\/embed\/WaSTTJ_Vc1c?feature=oembed\" frameborder=\"0\" allow=\"accelerometer; autoplay; clipboard-write; encrypted-media; gyroscope; picture-in-picture; web-share\" referrerpolicy=\"strict-origin-when-cross-origin\" allowfullscreen><\/iframe>\n<\/div><\/figure>\n","protected":false},"excerpt":{"rendered":"<p>Santa Cruz de la Sierra pierde la sede de la final \u00fanica de la Copa Sudamericana 2025, que deb\u00eda disputarse el 22 de noviembre en el estadio Tahuichi Aguilera, tras una decisi\u00f3n de la Conmebol motivada por el incumplimiento en los avances de las obras de remodelaci\u00f3n. La entidad sudamericana anunci\u00f3 que el encuentro se [&hellip;]<\/p>\n","protected":false},"author":1,"featured_media":9817,"comment_status":"open","ping_status":"open","sticky":false,"template":"","format":"standard","meta":{"_eb_attr":"","footnotes":""},"categories":[45,1,44],"tags":[],"class_list":["post-9798","post","type-post","status-publish","format-standard","has-post-thumbnail","hentry","category-deporte","category-noticias","category-sociedad"],"yoast_head":"<!-- This site is optimized with the Yoast SEO plugin v27.4 - https:\/\/yoast.com\/product\/yoast-seo-wordpress\/ -->\n<title>SANTA CRUZ SIN SEDE PARA LA FINAL DE LA COPA SUDAMERICANA - Te lo Cuenta Victor<\/title>\n<meta name=\"robots\" content=\"index, follow, max-snippet:-1, max-image-preview:large, max-video-preview:-1\" \/>\n<link rel=\"canonical\" href=\"https:\/\/telocuentavictorhugo.com\/index.php\/2025\/09\/17\/santa-cruz-sin-sede-para-la-final-de-la-copa-sudamericana\/\" \/>\n<meta property=\"og:locale\" content=\"es_ES\" \/>\n<meta property=\"og:type\" content=\"article\" \/>\n<meta property=\"og:title\" content=\"SANTA CRUZ SIN SEDE PARA LA FINAL DE LA COPA SUDAMERICANA - Te lo Cuenta Victor\" \/>\n<meta property=\"og:description\" content=\"Santa Cruz de la Sierra pierde la sede de la final \u00fanica de la Copa Sudamericana 2025, que deb\u00eda disputarse el 22 de noviembre en el estadio Tahuichi Aguilera, tras una decisi\u00f3n de la Conmebol motivada por el incumplimiento en los avances de las obras de remodelaci\u00f3n. La entidad sudamericana anunci\u00f3 que el encuentro se [&hellip;]\" \/>\n<meta property=\"og:url\" content=\"https:\/\/telocuentavictorhugo.com\/index.php\/2025\/09\/17\/santa-cruz-sin-sede-para-la-final-de-la-copa-sudamericana\/\" \/>\n<meta property=\"og:site_name\" content=\"Te lo Cuenta Victor\" \/>\n<meta property=\"article:published_time\" content=\"2025-09-18T00:43:31+00:00\" \/>\n<meta property=\"og:image\" content=\"http:\/\/telocuentavictorhugo.com\/wp-content\/uploads\/2025\/09\/4-6.jpg\" \/>\n\t<meta property=\"og:image:width\" content=\"1167\" \/>\n\t<meta property=\"og:image:height\" content=\"469\" \/>\n\t<meta property=\"og:image:type\" content=\"image\/jpeg\" \/>\n<meta name=\"author\" content=\"telocuentavictorhugo.com\" \/>\n<meta name=\"twitter:card\" content=\"summary_large_image\" \/>\n<meta name=\"twitter:label1\" content=\"Escrito por\" \/>\n\t<meta name=\"twitter:data1\" content=\"telocuentavictorhugo.com\" \/>\n\t<meta name=\"twitter:label2\" content=\"Tiempo de lectura\" \/>\n\t<meta name=\"twitter:data2\" content=\"2 minutos\" \/>\n<script type=\"application\/ld+json\" class=\"yoast-schema-graph\">{\"@context\":\"https:\\\/\\\/schema.org\",\"@graph\":[{\"@type\":\"Article\",\"@id\":\"https:\\\/\\\/telocuentavictorhugo.com\\\/index.php\\\/2025\\\/09\\\/17\\\/santa-cruz-sin-sede-para-la-final-de-la-copa-sudamericana\\\/#article\",\"isPartOf\":{\"@id\":\"https:\\\/\\\/telocuentavictorhugo.com\\\/index.php\\\/2025\\\/09\\\/17\\\/santa-cruz-sin-sede-para-la-final-de-la-copa-sudamericana\\\/\"},\"author\":{\"name\":\"telocuentavictorhugo.com\",\"@id\":\"https:\\\/\\\/telocuentavictorhugo.com\\\/#\\\/schema\\\/person\\\/a8307d7271ba2849b49b562ad8602f06\"},\"headline\":\"SANTA CRUZ SIN SEDE PARA LA FINAL DE LA COPA SUDAMERICANA\",\"datePublished\":\"2025-09-18T00:43:31+00:00\",\"mainEntityOfPage\":{\"@id\":\"https:\\\/\\\/telocuentavictorhugo.com\\\/index.php\\\/2025\\\/09\\\/17\\\/santa-cruz-sin-sede-para-la-final-de-la-copa-sudamericana\\\/\"},\"wordCount\":229,\"commentCount\":0,\"publisher\":{\"@id\":\"https:\\\/\\\/telocuentavictorhugo.com\\\/#organization\"},\"image\":{\"@id\":\"https:\\\/\\\/telocuentavictorhugo.com\\\/index.php\\\/2025\\\/09\\\/17\\\/santa-cruz-sin-sede-para-la-final-de-la-copa-sudamericana\\\/#primaryimage\"},\"thumbnailUrl\":\"https:\\\/\\\/telocuentavictorhugo.com\\\/wp-content\\\/uploads\\\/2025\\\/09\\\/4-6.jpg\",\"articleSection\":[\"Deporte\",\"Noticias\",\"Sociedad\"],\"inLanguage\":\"es\",\"potentialAction\":[{\"@type\":\"CommentAction\",\"name\":\"Comment\",\"target\":[\"https:\\\/\\\/telocuentavictorhugo.com\\\/index.php\\\/2025\\\/09\\\/17\\\/santa-cruz-sin-sede-para-la-final-de-la-copa-sudamericana\\\/#respond\"]}]},{\"@type\":\"WebPage\",\"@id\":\"https:\\\/\\\/telocuentavictorhugo.com\\\/index.php\\\/2025\\\/09\\\/17\\\/santa-cruz-sin-sede-para-la-final-de-la-copa-sudamericana\\\/\",\"url\":\"https:\\\/\\\/telocuentavictorhugo.com\\\/index.php\\\/2025\\\/09\\\/17\\\/santa-cruz-sin-sede-para-la-final-de-la-copa-sudamericana\\\/\",\"name\":\"SANTA CRUZ SIN SEDE PARA LA FINAL DE LA COPA SUDAMERICANA - Te lo Cuenta Victor\",\"isPartOf\":{\"@id\":\"https:\\\/\\\/telocuentavictorhugo.com\\\/#website\"},\"primaryImageOfPage\":{\"@id\":\"https:\\\/\\\/telocuentavictorhugo.com\\\/index.php\\\/2025\\\/09\\\/17\\\/santa-cruz-sin-sede-para-la-final-de-la-copa-sudamericana\\\/#primaryimage\"},\"image\":{\"@id\":\"https:\\\/\\\/telocuentavictorhugo.com\\\/index.php\\\/2025\\\/09\\\/17\\\/santa-cruz-sin-sede-para-la-final-de-la-copa-sudamericana\\\/#primaryimage\"},\"thumbnailUrl\":\"https:\\\/\\\/telocuentavictorhugo.com\\\/wp-content\\\/uploads\\\/2025\\\/09\\\/4-6.jpg\",\"datePublished\":\"2025-09-18T00:43:31+00:00\",\"breadcrumb\":{\"@id\":\"https:\\\/\\\/telocuentavictorhugo.com\\\/index.php\\\/2025\\\/09\\\/17\\\/santa-cruz-sin-sede-para-la-final-de-la-copa-sudamericana\\\/#breadcrumb\"},\"inLanguage\":\"es\",\"potentialAction\":[{\"@type\":\"ReadAction\",\"target\":[\"https:\\\/\\\/telocuentavictorhugo.com\\\/index.php\\\/2025\\\/09\\\/17\\\/santa-cruz-sin-sede-para-la-final-de-la-copa-sudamericana\\\/\"]}]},{\"@type\":\"ImageObject\",\"inLanguage\":\"es\",\"@id\":\"https:\\\/\\\/telocuentavictorhugo.com\\\/index.php\\\/2025\\\/09\\\/17\\\/santa-cruz-sin-sede-para-la-final-de-la-copa-sudamericana\\\/#primaryimage\",\"url\":\"https:\\\/\\\/telocuentavictorhugo.com\\\/wp-content\\\/uploads\\\/2025\\\/09\\\/4-6.jpg\",\"contentUrl\":\"https:\\\/\\\/telocuentavictorhugo.com\\\/wp-content\\\/uploads\\\/2025\\\/09\\\/4-6.jpg\",\"width\":1167,\"height\":469},{\"@type\":\"BreadcrumbList\",\"@id\":\"https:\\\/\\\/telocuentavictorhugo.com\\\/index.php\\\/2025\\\/09\\\/17\\\/santa-cruz-sin-sede-para-la-final-de-la-copa-sudamericana\\\/#breadcrumb\",\"itemListElement\":[{\"@type\":\"ListItem\",\"position\":1,\"name\":\"Portada\",\"item\":\"https:\\\/\\\/telocuentavictorhugo.com\\\/\"},{\"@type\":\"ListItem\",\"position\":2,\"name\":\"SANTA CRUZ SIN SEDE PARA LA FINAL DE LA COPA SUDAMERICANA\"}]},{\"@type\":\"WebSite\",\"@id\":\"https:\\\/\\\/telocuentavictorhugo.com\\\/#website\",\"url\":\"https:\\\/\\\/telocuentavictorhugo.com\\\/\",\"name\":\"Te lo Cuenta Victor\",\"description\":\"\",\"publisher\":{\"@id\":\"https:\\\/\\\/telocuentavictorhugo.com\\\/#organization\"},\"potentialAction\":[{\"@type\":\"SearchAction\",\"target\":{\"@type\":\"EntryPoint\",\"urlTemplate\":\"https:\\\/\\\/telocuentavictorhugo.com\\\/?s={search_term_string}\"},\"query-input\":{\"@type\":\"PropertyValueSpecification\",\"valueRequired\":true,\"valueName\":\"search_term_string\"}}],\"inLanguage\":\"es\"},{\"@type\":\"Organization\",\"@id\":\"https:\\\/\\\/telocuentavictorhugo.com\\\/#organization\",\"name\":\"Te lo Cuenta Victor\",\"url\":\"https:\\\/\\\/telocuentavictorhugo.com\\\/\",\"logo\":{\"@type\":\"ImageObject\",\"inLanguage\":\"es\",\"@id\":\"https:\\\/\\\/telocuentavictorhugo.com\\\/#\\\/schema\\\/logo\\\/image\\\/\",\"url\":\"https:\\\/\\\/telocuentavictorhugo.com\\\/wp-content\\\/uploads\\\/2023\\\/12\\\/Logo.png\",\"contentUrl\":\"https:\\\/\\\/telocuentavictorhugo.com\\\/wp-content\\\/uploads\\\/2023\\\/12\\\/Logo.png\",\"width\":1080,\"height\":176,\"caption\":\"Te lo Cuenta Victor\"},\"image\":{\"@id\":\"https:\\\/\\\/telocuentavictorhugo.com\\\/#\\\/schema\\\/logo\\\/image\\\/\"}},{\"@type\":\"Person\",\"@id\":\"https:\\\/\\\/telocuentavictorhugo.com\\\/#\\\/schema\\\/person\\\/a8307d7271ba2849b49b562ad8602f06\",\"name\":\"telocuentavictorhugo.com\",\"image\":{\"@type\":\"ImageObject\",\"inLanguage\":\"es\",\"@id\":\"https:\\\/\\\/secure.gravatar.com\\\/avatar\\\/da212e7b532df19fd2aea5daf46d8c176abfc85521e4b80ed435d7426ef63eb6?s=96&d=mm&r=g\",\"url\":\"https:\\\/\\\/secure.gravatar.com\\\/avatar\\\/da212e7b532df19fd2aea5daf46d8c176abfc85521e4b80ed435d7426ef63eb6?s=96&d=mm&r=g\",\"contentUrl\":\"https:\\\/\\\/secure.gravatar.com\\\/avatar\\\/da212e7b532df19fd2aea5daf46d8c176abfc85521e4b80ed435d7426ef63eb6?s=96&d=mm&r=g\",\"caption\":\"telocuentavictorhugo.com\"},\"sameAs\":[\"http:\\\/\\\/telocuentavictorhugo.com\"],\"url\":\"https:\\\/\\\/telocuentavictorhugo.com\\\/index.php\\\/author\\\/plustvpress-com\\\/\"}]}<\/script>\n<!-- \/ Yoast SEO plugin. -->","yoast_head_json":{"title":"SANTA CRUZ SIN SEDE PARA LA FINAL DE LA COPA SUDAMERICANA - Te lo Cuenta Victor","robots":{"index":"index","follow":"follow","max-snippet":"max-snippet:-1","max-image-preview":"max-image-preview:large","max-video-preview":"max-video-preview:-1"},"canonical":"https:\/\/telocuentavictorhugo.com\/index.php\/2025\/09\/17\/santa-cruz-sin-sede-para-la-final-de-la-copa-sudamericana\/","og_locale":"es_ES","og_type":"article","og_title":"SANTA CRUZ SIN SEDE PARA LA FINAL DE LA COPA SUDAMERICANA - Te lo Cuenta Victor","og_description":"Santa Cruz de la Sierra pierde la sede de la final \u00fanica de la Copa Sudamericana 2025, que deb\u00eda disputarse el 22 de noviembre en el estadio Tahuichi Aguilera, tras una decisi\u00f3n de la Conmebol motivada por el incumplimiento en los avances de las obras de remodelaci\u00f3n. La entidad sudamericana anunci\u00f3 que el encuentro se [&hellip;]","og_url":"https:\/\/telocuentavictorhugo.com\/index.php\/2025\/09\/17\/santa-cruz-sin-sede-para-la-final-de-la-copa-sudamericana\/","og_site_name":"Te lo Cuenta Victor","article_published_time":"2025-09-18T00:43:31+00:00","og_image":[{"width":1167,"height":469,"url":"http:\/\/telocuentavictorhugo.com\/wp-content\/uploads\/2025\/09\/4-6.jpg","type":"image\/jpeg"}],"author":"telocuentavictorhugo.com","twitter_card":"summary_large_image","twitter_misc":{"Escrito por":"telocuentavictorhugo.com","Tiempo de lectura":"2 minutos"},"schema":{"@context":"https:\/\/schema.org","@graph":[{"@type":"Article","@id":"https:\/\/telocuentavictorhugo.com\/index.php\/2025\/09\/17\/santa-cruz-sin-sede-para-la-final-de-la-copa-sudamericana\/#article","isPartOf":{"@id":"https:\/\/telocuentavictorhugo.com\/index.php\/2025\/09\/17\/santa-cruz-sin-sede-para-la-final-de-la-copa-sudamericana\/"},"author":{"name":"telocuentavictorhugo.com","@id":"https:\/\/telocuentavictorhugo.com\/#\/schema\/person\/a8307d7271ba2849b49b562ad8602f06"},"headline":"SANTA CRUZ SIN SEDE PARA LA FINAL DE LA COPA SUDAMERICANA","datePublished":"2025-09-18T00:43:31+00:00","mainEntityOfPage":{"@id":"https:\/\/telocuentavictorhugo.com\/index.php\/2025\/09\/17\/santa-cruz-sin-sede-para-la-final-de-la-copa-sudamericana\/"},"wordCount":229,"commentCount":0,"publisher":{"@id":"https:\/\/telocuentavictorhugo.com\/#organization"},"image":{"@id":"https:\/\/telocuentavictorhugo.com\/index.php\/2025\/09\/17\/santa-cruz-sin-sede-para-la-final-de-la-copa-sudamericana\/#primaryimage"},"thumbnailUrl":"https:\/\/telocuentavictorhugo.com\/wp-content\/uploads\/2025\/09\/4-6.jpg","articleSection":["Deporte","Noticias","Sociedad"],"inLanguage":"es","potentialAction":[{"@type":"CommentAction","name":"Comment","target":["https:\/\/telocuentavictorhugo.com\/index.php\/2025\/09\/17\/santa-cruz-sin-sede-para-la-final-de-la-copa-sudamericana\/#respond"]}]},{"@type":"WebPage","@id":"https:\/\/telocuentavictorhugo.com\/index.php\/2025\/09\/17\/santa-cruz-sin-sede-para-la-final-de-la-copa-sudamericana\/","url":"https:\/\/telocuentavictorhugo.com\/index.php\/2025\/09\/17\/santa-cruz-sin-sede-para-la-final-de-la-copa-sudamericana\/","name":"SANTA CRUZ SIN SEDE PARA LA FINAL DE LA COPA SUDAMERICANA - Te lo Cuenta Victor","isPartOf":{"@id":"https:\/\/telocuentavictorhugo.com\/#website"},"primaryImageOfPage":{"@id":"https:\/\/telocuentavictorhugo.com\/index.php\/2025\/09\/17\/santa-cruz-sin-sede-para-la-final-de-la-copa-sudamericana\/#primaryimage"},"image":{"@id":"https:\/\/telocuentavictorhugo.com\/index.php\/2025\/09\/17\/santa-cruz-sin-sede-para-la-final-de-la-copa-sudamericana\/#primaryimage"},"thumbnailUrl":"https:\/\/telocuentavictorhugo.com\/wp-content\/uploads\/2025\/09\/4-6.jpg","datePublished":"2025-09-18T00:43:31+00:00","breadcrumb":{"@id":"https:\/\/telocuentavictorhugo.com\/index.php\/2025\/09\/17\/santa-cruz-sin-sede-para-la-final-de-la-copa-sudamericana\/#breadcrumb"},"inLanguage":"es","potentialAction":[{"@type":"ReadAction","target":["https:\/\/telocuentavictorhugo.com\/index.php\/2025\/09\/17\/santa-cruz-sin-sede-para-la-final-de-la-copa-sudamericana\/"]}]},{"@type":"ImageObject","inLanguage":"es","@id":"https:\/\/telocuentavictorhugo.com\/index.php\/2025\/09\/17\/santa-cruz-sin-sede-para-la-final-de-la-copa-sudamericana\/#primaryimage","url":"https:\/\/telocuentavictorhugo.com\/wp-content\/uploads\/2025\/09\/4-6.jpg","contentUrl":"https:\/\/telocuentavictorhugo.com\/wp-content\/uploads\/2025\/09\/4-6.jpg","width":1167,"height":469},{"@type":"BreadcrumbList","@id":"https:\/\/telocuentavictorhugo.com\/index.php\/2025\/09\/17\/santa-cruz-sin-sede-para-la-final-de-la-copa-sudamericana\/#breadcrumb","itemListElement":[{"@type":"ListItem","position":1,"name":"Portada","item":"https:\/\/telocuentavictorhugo.com\/"},{"@type":"ListItem","position":2,"name":"SANTA CRUZ SIN SEDE PARA LA FINAL DE LA COPA SUDAMERICANA"}]},{"@type":"WebSite","@id":"https:\/\/telocuentavictorhugo.com\/#website","url":"https:\/\/telocuentavictorhugo.com\/","name":"Te lo Cuenta Victor","description":"","publisher":{"@id":"https:\/\/telocuentavictorhugo.com\/#organization"},"potentialAction":[{"@type":"SearchAction","target":{"@type":"EntryPoint","urlTemplate":"https:\/\/telocuentavictorhugo.com\/?s={search_term_string}"},"query-input":{"@type":"PropertyValueSpecification","valueRequired":true,"valueName":"search_term_string"}}],"inLanguage":"es"},{"@type":"Organization","@id":"https:\/\/telocuentavictorhugo.com\/#organization","name":"Te lo Cuenta Victor","url":"https:\/\/telocuentavictorhugo.com\/","logo":{"@type":"ImageObject","inLanguage":"es","@id":"https:\/\/telocuentavictorhugo.com\/#\/schema\/logo\/image\/","url":"https:\/\/telocuentavictorhugo.com\/wp-content\/uploads\/2023\/12\/Logo.png","contentUrl":"https:\/\/telocuentavictorhugo.com\/wp-content\/uploads\/2023\/12\/Logo.png","width":1080,"height":176,"caption":"Te lo Cuenta Victor"},"image":{"@id":"https:\/\/telocuentavictorhugo.com\/#\/schema\/logo\/image\/"}},{"@type":"Person","@id":"https:\/\/telocuentavictorhugo.com\/#\/schema\/person\/a8307d7271ba2849b49b562ad8602f06","name":"telocuentavictorhugo.com","image":{"@type":"ImageObject","inLanguage":"es","@id":"https:\/\/secure.gravatar.com\/avatar\/da212e7b532df19fd2aea5daf46d8c176abfc85521e4b80ed435d7426ef63eb6?s=96&d=mm&r=g","url":"https:\/\/secure.gravatar.com\/avatar\/da212e7b532df19fd2aea5daf46d8c176abfc85521e4b80ed435d7426ef63eb6?s=96&d=mm&r=g","contentUrl":"https:\/\/secure.gravatar.com\/avatar\/da212e7b532df19fd2aea5daf46d8c176abfc85521e4b80ed435d7426ef63eb6?s=96&d=mm&r=g","caption":"telocuentavictorhugo.com"},"sameAs":["http:\/\/telocuentavictorhugo.com"],"url":"https:\/\/telocuentavictorhugo.com\/index.php\/author\/plustvpress-com\/"}]}},"_links":{"self":[{"href":"https:\/\/telocuentavictorhugo.com\/index.php\/wp-json\/wp\/v2\/posts\/9798","targetHints":{"allow":["GET"]}}],"collection":[{"href":"https:\/\/telocuentavictorhugo.com\/index.php\/wp-json\/wp\/v2\/posts"}],"about":[{"href":"https:\/\/telocuentavictorhugo.com\/index.php\/wp-json\/wp\/v2\/types\/post"}],"author":[{"embeddable":true,"href":"https:\/\/telocuentavictorhugo.com\/index.php\/wp-json\/wp\/v2\/users\/1"}],"replies":[{"embeddable":true,"href":"https:\/\/telocuentavictorhugo.com\/index.php\/wp-json\/wp\/v2\/comments?post=9798"}],"version-history":[{"count":1,"href":"https:\/\/telocuentavictorhugo.com\/index.php\/wp-json\/wp\/v2\/posts\/9798\/revisions"}],"predecessor-version":[{"id":9839,"href":"https:\/\/telocuentavictorhugo.com\/index.php\/wp-json\/wp\/v2\/posts\/9798\/revisions\/9839"}],"wp:featuredmedia":[{"embeddable":true,"href":"https:\/\/telocuentavictorhugo.com\/index.php\/wp-json\/wp\/v2\/media\/9817"}],"wp:attachment":[{"href":"https:\/\/telocuentavictorhugo.com\/index.php\/wp-json\/wp\/v2\/media?parent=9798"}],"wp:term":[{"taxonomy":"category","embeddable":true,"href":"https:\/\/telocuentavictorhugo.com\/index.php\/wp-json\/wp\/v2\/categories?post=9798"},{"taxonomy":"post_tag","embeddable":true,"href":"https:\/\/telocuentavictorhugo.com\/index.php\/wp-json\/wp\/v2\/tags?post=9798"}],"curies":[{"name":"wp","href":"https:\/\/api.w.org\/{rel}","templated":true}]}}