{"id":9796,"date":"2025-09-17T20:43:26","date_gmt":"2025-09-18T00:43:26","guid":{"rendered":"https:\/\/telocuentavictorhugo.com\/?p=9796"},"modified":"2025-09-17T20:43:27","modified_gmt":"2025-09-18T00:43:27","slug":"declaraciones-polemicas-diputada-chilena-critica-a-los-bolivianos","status":"publish","type":"post","link":"https:\/\/telocuentavictorhugo.com\/index.php\/2025\/09\/17\/declaraciones-polemicas-diputada-chilena-critica-a-los-bolivianos\/","title":{"rendered":"DECLARACIONES POL\u00c9MICAS: DIPUTADA CHILENA CRITICA A LOS BOLIVIANOS"},"content":{"rendered":"\n<p>En medio de la pol\u00e9mica que ha sacudido la pol\u00edtica chilena, la diputada de Renovaci\u00f3n Nacional, Mar\u00eda Luisa Cordero, gener\u00f3 un revuelo adicional con declaraciones que han sido calificadas como insensibles y pol\u00e9micas. La parlamentaria afirm\u00f3 que los bolivianos, debido a su origen en el altiplano, padecen una condici\u00f3n llamada \u201cbradipsiquia\u201d, atribuida a la escasez de ox\u00edgeno en el cerebro por vivir en altitudes elevadas, y sostuvo que esta condici\u00f3n, una forma de lentitud en el pensamiento, ser\u00eda una consecuencia cr\u00f3nica e incurable, descubierta por un grupo de norteamericanos en Bolivia. Sus declaraciones, realizadas durante una sesi\u00f3n legislativa en la que tambi\u00e9n abordaba la propuesta del candidato presidencial del Partido Dem\u00f3crata Cristiano, Rodrigo Paz, sobre la legalizaci\u00f3n de veh\u00edculos indocumentados conocidos como chutos, han despertado una ola de reacciones en el pa\u00eds vecino y en Chile, donde la pol\u00e9mica se centra en aspectos de xenofobia y prejuicio.<\/p>\n\n\n\n<figure class=\"wp-block-embed is-type-video is-provider-youtube wp-block-embed-youtube wp-embed-aspect-16-9 wp-has-aspect-ratio\"><div class=\"wp-block-embed__wrapper\">\n<iframe title=\"DECLARACIONES POL\u00c9MICAS: DIPUTADA CHILENA CRITICA A LOS BOLIVIANOS\" width=\"800\" height=\"450\" src=\"https:\/\/www.youtube.com\/embed\/wz9XUWv6wos?feature=oembed\" frameborder=\"0\" allow=\"accelerometer; autoplay; clipboard-write; encrypted-media; gyroscope; picture-in-picture; web-share\" referrerpolicy=\"strict-origin-when-cross-origin\" allowfullscreen><\/iframe>\n<\/div><\/figure>\n","protected":false},"excerpt":{"rendered":"<p>En medio de la pol\u00e9mica que ha sacudido la pol\u00edtica chilena, la diputada de Renovaci\u00f3n Nacional, Mar\u00eda Luisa Cordero, gener\u00f3 un revuelo adicional con declaraciones que han sido calificadas como insensibles y pol\u00e9micas. La parlamentaria afirm\u00f3 que los bolivianos, debido a su origen en el altiplano, padecen una condici\u00f3n llamada \u201cbradipsiquia\u201d, atribuida a la escasez [&hellip;]<\/p>\n","protected":false},"author":1,"featured_media":9818,"comment_status":"open","ping_status":"open","sticky":false,"template":"","format":"standard","meta":{"_eb_attr":"","footnotes":""},"categories":[46,1,42],"tags":[],"class_list":["post-9796","post","type-post","status-publish","format-standard","has-post-thumbnail","hentry","category-internacional","category-noticias","category-politica"],"yoast_head":"<!-- This site is optimized with the Yoast SEO plugin v27.4 - https:\/\/yoast.com\/product\/yoast-seo-wordpress\/ -->\n<title>DECLARACIONES POL\u00c9MICAS: DIPUTADA CHILENA CRITICA A LOS BOLIVIANOS - Te lo Cuenta Victor<\/title>\n<meta name=\"robots\" content=\"index, follow, max-snippet:-1, max-image-preview:large, max-video-preview:-1\" \/>\n<link rel=\"canonical\" href=\"https:\/\/telocuentavictorhugo.com\/index.php\/2025\/09\/17\/declaraciones-polemicas-diputada-chilena-critica-a-los-bolivianos\/\" \/>\n<meta property=\"og:locale\" content=\"es_ES\" \/>\n<meta property=\"og:type\" content=\"article\" \/>\n<meta property=\"og:title\" content=\"DECLARACIONES POL\u00c9MICAS: DIPUTADA CHILENA CRITICA A LOS BOLIVIANOS - Te lo Cuenta Victor\" \/>\n<meta property=\"og:description\" content=\"En medio de la pol\u00e9mica que ha sacudido la pol\u00edtica chilena, la diputada de Renovaci\u00f3n Nacional, Mar\u00eda Luisa Cordero, gener\u00f3 un revuelo adicional con declaraciones que han sido calificadas como insensibles y pol\u00e9micas. La parlamentaria afirm\u00f3 que los bolivianos, debido a su origen en el altiplano, padecen una condici\u00f3n llamada \u201cbradipsiquia\u201d, atribuida a la escasez [&hellip;]\" \/>\n<meta property=\"og:url\" content=\"https:\/\/telocuentavictorhugo.com\/index.php\/2025\/09\/17\/declaraciones-polemicas-diputada-chilena-critica-a-los-bolivianos\/\" \/>\n<meta property=\"og:site_name\" content=\"Te lo Cuenta Victor\" \/>\n<meta property=\"article:published_time\" content=\"2025-09-18T00:43:26+00:00\" \/>\n<meta property=\"article:modified_time\" content=\"2025-09-18T00:43:27+00:00\" \/>\n<meta property=\"og:image\" content=\"http:\/\/telocuentavictorhugo.com\/wp-content\/uploads\/2025\/09\/2-5.jpg\" \/>\n\t<meta property=\"og:image:width\" content=\"1231\" \/>\n\t<meta property=\"og:image:height\" content=\"559\" \/>\n\t<meta property=\"og:image:type\" content=\"image\/jpeg\" \/>\n<meta name=\"author\" content=\"telocuentavictorhugo.com\" \/>\n<meta name=\"twitter:card\" content=\"summary_large_image\" \/>\n<meta name=\"twitter:label1\" content=\"Escrito por\" \/>\n\t<meta name=\"twitter:data1\" content=\"telocuentavictorhugo.com\" \/>\n\t<meta name=\"twitter:label2\" content=\"Tiempo de lectura\" \/>\n\t<meta name=\"twitter:data2\" content=\"1 minuto\" \/>\n<script type=\"application\/ld+json\" class=\"yoast-schema-graph\">{\"@context\":\"https:\\\/\\\/schema.org\",\"@graph\":[{\"@type\":\"Article\",\"@id\":\"https:\\\/\\\/telocuentavictorhugo.com\\\/index.php\\\/2025\\\/09\\\/17\\\/declaraciones-polemicas-diputada-chilena-critica-a-los-bolivianos\\\/#article\",\"isPartOf\":{\"@id\":\"https:\\\/\\\/telocuentavictorhugo.com\\\/index.php\\\/2025\\\/09\\\/17\\\/declaraciones-polemicas-diputada-chilena-critica-a-los-bolivianos\\\/\"},\"author\":{\"name\":\"telocuentavictorhugo.com\",\"@id\":\"https:\\\/\\\/telocuentavictorhugo.com\\\/#\\\/schema\\\/person\\\/a8307d7271ba2849b49b562ad8602f06\"},\"headline\":\"DECLARACIONES POL\u00c9MICAS: DIPUTADA CHILENA CRITICA A LOS BOLIVIANOS\",\"datePublished\":\"2025-09-18T00:43:26+00:00\",\"dateModified\":\"2025-09-18T00:43:27+00:00\",\"mainEntityOfPage\":{\"@id\":\"https:\\\/\\\/telocuentavictorhugo.com\\\/index.php\\\/2025\\\/09\\\/17\\\/declaraciones-polemicas-diputada-chilena-critica-a-los-bolivianos\\\/\"},\"wordCount\":179,\"commentCount\":0,\"publisher\":{\"@id\":\"https:\\\/\\\/telocuentavictorhugo.com\\\/#organization\"},\"image\":{\"@id\":\"https:\\\/\\\/telocuentavictorhugo.com\\\/index.php\\\/2025\\\/09\\\/17\\\/declaraciones-polemicas-diputada-chilena-critica-a-los-bolivianos\\\/#primaryimage\"},\"thumbnailUrl\":\"https:\\\/\\\/telocuentavictorhugo.com\\\/wp-content\\\/uploads\\\/2025\\\/09\\\/2-5.jpg\",\"articleSection\":[\"Internacional\",\"Noticias\",\"Pol\u00edtica\"],\"inLanguage\":\"es\",\"potentialAction\":[{\"@type\":\"CommentAction\",\"name\":\"Comment\",\"target\":[\"https:\\\/\\\/telocuentavictorhugo.com\\\/index.php\\\/2025\\\/09\\\/17\\\/declaraciones-polemicas-diputada-chilena-critica-a-los-bolivianos\\\/#respond\"]}]},{\"@type\":\"WebPage\",\"@id\":\"https:\\\/\\\/telocuentavictorhugo.com\\\/index.php\\\/2025\\\/09\\\/17\\\/declaraciones-polemicas-diputada-chilena-critica-a-los-bolivianos\\\/\",\"url\":\"https:\\\/\\\/telocuentavictorhugo.com\\\/index.php\\\/2025\\\/09\\\/17\\\/declaraciones-polemicas-diputada-chilena-critica-a-los-bolivianos\\\/\",\"name\":\"DECLARACIONES POL\u00c9MICAS: DIPUTADA CHILENA CRITICA A LOS BOLIVIANOS - Te lo Cuenta Victor\",\"isPartOf\":{\"@id\":\"https:\\\/\\\/telocuentavictorhugo.com\\\/#website\"},\"primaryImageOfPage\":{\"@id\":\"https:\\\/\\\/telocuentavictorhugo.com\\\/index.php\\\/2025\\\/09\\\/17\\\/declaraciones-polemicas-diputada-chilena-critica-a-los-bolivianos\\\/#primaryimage\"},\"image\":{\"@id\":\"https:\\\/\\\/telocuentavictorhugo.com\\\/index.php\\\/2025\\\/09\\\/17\\\/declaraciones-polemicas-diputada-chilena-critica-a-los-bolivianos\\\/#primaryimage\"},\"thumbnailUrl\":\"https:\\\/\\\/telocuentavictorhugo.com\\\/wp-content\\\/uploads\\\/2025\\\/09\\\/2-5.jpg\",\"datePublished\":\"2025-09-18T00:43:26+00:00\",\"dateModified\":\"2025-09-18T00:43:27+00:00\",\"breadcrumb\":{\"@id\":\"https:\\\/\\\/telocuentavictorhugo.com\\\/index.php\\\/2025\\\/09\\\/17\\\/declaraciones-polemicas-diputada-chilena-critica-a-los-bolivianos\\\/#breadcrumb\"},\"inLanguage\":\"es\",\"potentialAction\":[{\"@type\":\"ReadAction\",\"target\":[\"https:\\\/\\\/telocuentavictorhugo.com\\\/index.php\\\/2025\\\/09\\\/17\\\/declaraciones-polemicas-diputada-chilena-critica-a-los-bolivianos\\\/\"]}]},{\"@type\":\"ImageObject\",\"inLanguage\":\"es\",\"@id\":\"https:\\\/\\\/telocuentavictorhugo.com\\\/index.php\\\/2025\\\/09\\\/17\\\/declaraciones-polemicas-diputada-chilena-critica-a-los-bolivianos\\\/#primaryimage\",\"url\":\"https:\\\/\\\/telocuentavictorhugo.com\\\/wp-content\\\/uploads\\\/2025\\\/09\\\/2-5.jpg\",\"contentUrl\":\"https:\\\/\\\/telocuentavictorhugo.com\\\/wp-content\\\/uploads\\\/2025\\\/09\\\/2-5.jpg\",\"width\":1231,\"height\":559},{\"@type\":\"BreadcrumbList\",\"@id\":\"https:\\\/\\\/telocuentavictorhugo.com\\\/index.php\\\/2025\\\/09\\\/17\\\/declaraciones-polemicas-diputada-chilena-critica-a-los-bolivianos\\\/#breadcrumb\",\"itemListElement\":[{\"@type\":\"ListItem\",\"position\":1,\"name\":\"Portada\",\"item\":\"https:\\\/\\\/telocuentavictorhugo.com\\\/\"},{\"@type\":\"ListItem\",\"position\":2,\"name\":\"DECLARACIONES POL\u00c9MICAS: DIPUTADA CHILENA CRITICA A LOS BOLIVIANOS\"}]},{\"@type\":\"WebSite\",\"@id\":\"https:\\\/\\\/telocuentavictorhugo.com\\\/#website\",\"url\":\"https:\\\/\\\/telocuentavictorhugo.com\\\/\",\"name\":\"Te lo Cuenta Victor\",\"description\":\"\",\"publisher\":{\"@id\":\"https:\\\/\\\/telocuentavictorhugo.com\\\/#organization\"},\"potentialAction\":[{\"@type\":\"SearchAction\",\"target\":{\"@type\":\"EntryPoint\",\"urlTemplate\":\"https:\\\/\\\/telocuentavictorhugo.com\\\/?s={search_term_string}\"},\"query-input\":{\"@type\":\"PropertyValueSpecification\",\"valueRequired\":true,\"valueName\":\"search_term_string\"}}],\"inLanguage\":\"es\"},{\"@type\":\"Organization\",\"@id\":\"https:\\\/\\\/telocuentavictorhugo.com\\\/#organization\",\"name\":\"Te lo Cuenta Victor\",\"url\":\"https:\\\/\\\/telocuentavictorhugo.com\\\/\",\"logo\":{\"@type\":\"ImageObject\",\"inLanguage\":\"es\",\"@id\":\"https:\\\/\\\/telocuentavictorhugo.com\\\/#\\\/schema\\\/logo\\\/image\\\/\",\"url\":\"https:\\\/\\\/telocuentavictorhugo.com\\\/wp-content\\\/uploads\\\/2023\\\/12\\\/Logo.png\",\"contentUrl\":\"https:\\\/\\\/telocuentavictorhugo.com\\\/wp-content\\\/uploads\\\/2023\\\/12\\\/Logo.png\",\"width\":1080,\"height\":176,\"caption\":\"Te lo Cuenta Victor\"},\"image\":{\"@id\":\"https:\\\/\\\/telocuentavictorhugo.com\\\/#\\\/schema\\\/logo\\\/image\\\/\"}},{\"@type\":\"Person\",\"@id\":\"https:\\\/\\\/telocuentavictorhugo.com\\\/#\\\/schema\\\/person\\\/a8307d7271ba2849b49b562ad8602f06\",\"name\":\"telocuentavictorhugo.com\",\"image\":{\"@type\":\"ImageObject\",\"inLanguage\":\"es\",\"@id\":\"https:\\\/\\\/secure.gravatar.com\\\/avatar\\\/da212e7b532df19fd2aea5daf46d8c176abfc85521e4b80ed435d7426ef63eb6?s=96&d=mm&r=g\",\"url\":\"https:\\\/\\\/secure.gravatar.com\\\/avatar\\\/da212e7b532df19fd2aea5daf46d8c176abfc85521e4b80ed435d7426ef63eb6?s=96&d=mm&r=g\",\"contentUrl\":\"https:\\\/\\\/secure.gravatar.com\\\/avatar\\\/da212e7b532df19fd2aea5daf46d8c176abfc85521e4b80ed435d7426ef63eb6?s=96&d=mm&r=g\",\"caption\":\"telocuentavictorhugo.com\"},\"sameAs\":[\"http:\\\/\\\/telocuentavictorhugo.com\"],\"url\":\"https:\\\/\\\/telocuentavictorhugo.com\\\/index.php\\\/author\\\/plustvpress-com\\\/\"}]}<\/script>\n<!-- \/ Yoast SEO plugin. -->","yoast_head_json":{"title":"DECLARACIONES POL\u00c9MICAS: DIPUTADA CHILENA CRITICA A LOS BOLIVIANOS - Te lo Cuenta Victor","robots":{"index":"index","follow":"follow","max-snippet":"max-snippet:-1","max-image-preview":"max-image-preview:large","max-video-preview":"max-video-preview:-1"},"canonical":"https:\/\/telocuentavictorhugo.com\/index.php\/2025\/09\/17\/declaraciones-polemicas-diputada-chilena-critica-a-los-bolivianos\/","og_locale":"es_ES","og_type":"article","og_title":"DECLARACIONES POL\u00c9MICAS: DIPUTADA CHILENA CRITICA A LOS BOLIVIANOS - Te lo Cuenta Victor","og_description":"En medio de la pol\u00e9mica que ha sacudido la pol\u00edtica chilena, la diputada de Renovaci\u00f3n Nacional, Mar\u00eda Luisa Cordero, gener\u00f3 un revuelo adicional con declaraciones que han sido calificadas como insensibles y pol\u00e9micas. La parlamentaria afirm\u00f3 que los bolivianos, debido a su origen en el altiplano, padecen una condici\u00f3n llamada \u201cbradipsiquia\u201d, atribuida a la escasez [&hellip;]","og_url":"https:\/\/telocuentavictorhugo.com\/index.php\/2025\/09\/17\/declaraciones-polemicas-diputada-chilena-critica-a-los-bolivianos\/","og_site_name":"Te lo Cuenta Victor","article_published_time":"2025-09-18T00:43:26+00:00","article_modified_time":"2025-09-18T00:43:27+00:00","og_image":[{"width":1231,"height":559,"url":"http:\/\/telocuentavictorhugo.com\/wp-content\/uploads\/2025\/09\/2-5.jpg","type":"image\/jpeg"}],"author":"telocuentavictorhugo.com","twitter_card":"summary_large_image","twitter_misc":{"Escrito por":"telocuentavictorhugo.com","Tiempo de lectura":"1 minuto"},"schema":{"@context":"https:\/\/schema.org","@graph":[{"@type":"Article","@id":"https:\/\/telocuentavictorhugo.com\/index.php\/2025\/09\/17\/declaraciones-polemicas-diputada-chilena-critica-a-los-bolivianos\/#article","isPartOf":{"@id":"https:\/\/telocuentavictorhugo.com\/index.php\/2025\/09\/17\/declaraciones-polemicas-diputada-chilena-critica-a-los-bolivianos\/"},"author":{"name":"telocuentavictorhugo.com","@id":"https:\/\/telocuentavictorhugo.com\/#\/schema\/person\/a8307d7271ba2849b49b562ad8602f06"},"headline":"DECLARACIONES POL\u00c9MICAS: DIPUTADA CHILENA CRITICA A LOS BOLIVIANOS","datePublished":"2025-09-18T00:43:26+00:00","dateModified":"2025-09-18T00:43:27+00:00","mainEntityOfPage":{"@id":"https:\/\/telocuentavictorhugo.com\/index.php\/2025\/09\/17\/declaraciones-polemicas-diputada-chilena-critica-a-los-bolivianos\/"},"wordCount":179,"commentCount":0,"publisher":{"@id":"https:\/\/telocuentavictorhugo.com\/#organization"},"image":{"@id":"https:\/\/telocuentavictorhugo.com\/index.php\/2025\/09\/17\/declaraciones-polemicas-diputada-chilena-critica-a-los-bolivianos\/#primaryimage"},"thumbnailUrl":"https:\/\/telocuentavictorhugo.com\/wp-content\/uploads\/2025\/09\/2-5.jpg","articleSection":["Internacional","Noticias","Pol\u00edtica"],"inLanguage":"es","potentialAction":[{"@type":"CommentAction","name":"Comment","target":["https:\/\/telocuentavictorhugo.com\/index.php\/2025\/09\/17\/declaraciones-polemicas-diputada-chilena-critica-a-los-bolivianos\/#respond"]}]},{"@type":"WebPage","@id":"https:\/\/telocuentavictorhugo.com\/index.php\/2025\/09\/17\/declaraciones-polemicas-diputada-chilena-critica-a-los-bolivianos\/","url":"https:\/\/telocuentavictorhugo.com\/index.php\/2025\/09\/17\/declaraciones-polemicas-diputada-chilena-critica-a-los-bolivianos\/","name":"DECLARACIONES POL\u00c9MICAS: DIPUTADA CHILENA CRITICA A LOS BOLIVIANOS - Te lo Cuenta Victor","isPartOf":{"@id":"https:\/\/telocuentavictorhugo.com\/#website"},"primaryImageOfPage":{"@id":"https:\/\/telocuentavictorhugo.com\/index.php\/2025\/09\/17\/declaraciones-polemicas-diputada-chilena-critica-a-los-bolivianos\/#primaryimage"},"image":{"@id":"https:\/\/telocuentavictorhugo.com\/index.php\/2025\/09\/17\/declaraciones-polemicas-diputada-chilena-critica-a-los-bolivianos\/#primaryimage"},"thumbnailUrl":"https:\/\/telocuentavictorhugo.com\/wp-content\/uploads\/2025\/09\/2-5.jpg","datePublished":"2025-09-18T00:43:26+00:00","dateModified":"2025-09-18T00:43:27+00:00","breadcrumb":{"@id":"https:\/\/telocuentavictorhugo.com\/index.php\/2025\/09\/17\/declaraciones-polemicas-diputada-chilena-critica-a-los-bolivianos\/#breadcrumb"},"inLanguage":"es","potentialAction":[{"@type":"ReadAction","target":["https:\/\/telocuentavictorhugo.com\/index.php\/2025\/09\/17\/declaraciones-polemicas-diputada-chilena-critica-a-los-bolivianos\/"]}]},{"@type":"ImageObject","inLanguage":"es","@id":"https:\/\/telocuentavictorhugo.com\/index.php\/2025\/09\/17\/declaraciones-polemicas-diputada-chilena-critica-a-los-bolivianos\/#primaryimage","url":"https:\/\/telocuentavictorhugo.com\/wp-content\/uploads\/2025\/09\/2-5.jpg","contentUrl":"https:\/\/telocuentavictorhugo.com\/wp-content\/uploads\/2025\/09\/2-5.jpg","width":1231,"height":559},{"@type":"BreadcrumbList","@id":"https:\/\/telocuentavictorhugo.com\/index.php\/2025\/09\/17\/declaraciones-polemicas-diputada-chilena-critica-a-los-bolivianos\/#breadcrumb","itemListElement":[{"@type":"ListItem","position":1,"name":"Portada","item":"https:\/\/telocuentavictorhugo.com\/"},{"@type":"ListItem","position":2,"name":"DECLARACIONES POL\u00c9MICAS: DIPUTADA CHILENA CRITICA A LOS BOLIVIANOS"}]},{"@type":"WebSite","@id":"https:\/\/telocuentavictorhugo.com\/#website","url":"https:\/\/telocuentavictorhugo.com\/","name":"Te lo Cuenta Victor","description":"","publisher":{"@id":"https:\/\/telocuentavictorhugo.com\/#organization"},"potentialAction":[{"@type":"SearchAction","target":{"@type":"EntryPoint","urlTemplate":"https:\/\/telocuentavictorhugo.com\/?s={search_term_string}"},"query-input":{"@type":"PropertyValueSpecification","valueRequired":true,"valueName":"search_term_string"}}],"inLanguage":"es"},{"@type":"Organization","@id":"https:\/\/telocuentavictorhugo.com\/#organization","name":"Te lo Cuenta Victor","url":"https:\/\/telocuentavictorhugo.com\/","logo":{"@type":"ImageObject","inLanguage":"es","@id":"https:\/\/telocuentavictorhugo.com\/#\/schema\/logo\/image\/","url":"https:\/\/telocuentavictorhugo.com\/wp-content\/uploads\/2023\/12\/Logo.png","contentUrl":"https:\/\/telocuentavictorhugo.com\/wp-content\/uploads\/2023\/12\/Logo.png","width":1080,"height":176,"caption":"Te lo Cuenta Victor"},"image":{"@id":"https:\/\/telocuentavictorhugo.com\/#\/schema\/logo\/image\/"}},{"@type":"Person","@id":"https:\/\/telocuentavictorhugo.com\/#\/schema\/person\/a8307d7271ba2849b49b562ad8602f06","name":"telocuentavictorhugo.com","image":{"@type":"ImageObject","inLanguage":"es","@id":"https:\/\/secure.gravatar.com\/avatar\/da212e7b532df19fd2aea5daf46d8c176abfc85521e4b80ed435d7426ef63eb6?s=96&d=mm&r=g","url":"https:\/\/secure.gravatar.com\/avatar\/da212e7b532df19fd2aea5daf46d8c176abfc85521e4b80ed435d7426ef63eb6?s=96&d=mm&r=g","contentUrl":"https:\/\/secure.gravatar.com\/avatar\/da212e7b532df19fd2aea5daf46d8c176abfc85521e4b80ed435d7426ef63eb6?s=96&d=mm&r=g","caption":"telocuentavictorhugo.com"},"sameAs":["http:\/\/telocuentavictorhugo.com"],"url":"https:\/\/telocuentavictorhugo.com\/index.php\/author\/plustvpress-com\/"}]}},"_links":{"self":[{"href":"https:\/\/telocuentavictorhugo.com\/index.php\/wp-json\/wp\/v2\/posts\/9796","targetHints":{"allow":["GET"]}}],"collection":[{"href":"https:\/\/telocuentavictorhugo.com\/index.php\/wp-json\/wp\/v2\/posts"}],"about":[{"href":"https:\/\/telocuentavictorhugo.com\/index.php\/wp-json\/wp\/v2\/types\/post"}],"author":[{"embeddable":true,"href":"https:\/\/telocuentavictorhugo.com\/index.php\/wp-json\/wp\/v2\/users\/1"}],"replies":[{"embeddable":true,"href":"https:\/\/telocuentavictorhugo.com\/index.php\/wp-json\/wp\/v2\/comments?post=9796"}],"version-history":[{"count":1,"href":"https:\/\/telocuentavictorhugo.com\/index.php\/wp-json\/wp\/v2\/posts\/9796\/revisions"}],"predecessor-version":[{"id":9837,"href":"https:\/\/telocuentavictorhugo.com\/index.php\/wp-json\/wp\/v2\/posts\/9796\/revisions\/9837"}],"wp:featuredmedia":[{"embeddable":true,"href":"https:\/\/telocuentavictorhugo.com\/index.php\/wp-json\/wp\/v2\/media\/9818"}],"wp:attachment":[{"href":"https:\/\/telocuentavictorhugo.com\/index.php\/wp-json\/wp\/v2\/media?parent=9796"}],"wp:term":[{"taxonomy":"category","embeddable":true,"href":"https:\/\/telocuentavictorhugo.com\/index.php\/wp-json\/wp\/v2\/categories?post=9796"},{"taxonomy":"post_tag","embeddable":true,"href":"https:\/\/telocuentavictorhugo.com\/index.php\/wp-json\/wp\/v2\/tags?post=9796"}],"curies":[{"name":"wp","href":"https:\/\/api.w.org\/{rel}","templated":true}]}}