{"id":9775,"date":"2025-09-12T00:12:38","date_gmt":"2025-09-12T04:12:38","guid":{"rendered":"https:\/\/telocuentavictorhugo.com\/?p=9775"},"modified":"2025-09-12T00:12:41","modified_gmt":"2025-09-12T04:12:41","slug":"detenido-por-ataque-con-piedra-a-su-ex-por-celos-en-el-alto","status":"publish","type":"post","link":"https:\/\/telocuentavictorhugo.com\/index.php\/2025\/09\/12\/detenido-por-ataque-con-piedra-a-su-ex-por-celos-en-el-alto\/","title":{"rendered":"DETENIDO POR ATAQUE CON PIEDRA A SU EX POR CELOS EN EL ALTO"},"content":{"rendered":"\n<p>En un hecho que conmocion\u00f3 a la comunidad de El Alto, la madrugada de este mi\u00e9rcoles la polic\u00eda logr\u00f3 la captura de un hombre acusado de agredir f\u00edsicamente a su exconcubina en la zona Germ\u00e1n Bush, en un episodio marcado por la violencia y los celos. La v\u00edctima, que sufri\u00f3 lesiones graves, denunci\u00f3 el ataque y actualmente recibe atenci\u00f3n m\u00e9dica, mientras las autoridades trabajan en la imputaci\u00f3n formal y la solicitud de detenci\u00f3n preventiva para el agresor. Seg\u00fan inform\u00f3 el fiscal Pedro Cangri, el incidente ocurri\u00f3 en el interior de un domicilio ubicado en la calle Batallas, en la mencionada zona de Germ\u00e1n Bush. La v\u00edctima, quien se encontraba ingiriendo bebidas alcoh\u00f3licas junto a dos amigos, fue sorprendida por su exconviviente, motivado presuntamente por celos. En un acto de violencia, el agresor le propin\u00f3 m\u00faltiples golpes en el rostro y la cabeza con una piedra, tras una persecuci\u00f3n en la que la v\u00edctima intent\u00f3 escapar del lugar.<\/p>\n\n\n\n<figure class=\"wp-block-embed is-type-video is-provider-youtube wp-block-embed-youtube wp-embed-aspect-16-9 wp-has-aspect-ratio\"><div class=\"wp-block-embed__wrapper\">\n<iframe title=\"DETENIDO POR ATAQUE CON PIEDRA A SU EX POR CELOS EN EL ALTO\" width=\"800\" height=\"450\" src=\"https:\/\/www.youtube.com\/embed\/dEggTJnKIDE?feature=oembed\" frameborder=\"0\" allow=\"accelerometer; autoplay; clipboard-write; encrypted-media; gyroscope; picture-in-picture; web-share\" referrerpolicy=\"strict-origin-when-cross-origin\" allowfullscreen><\/iframe>\n<\/div><\/figure>\n","protected":false},"excerpt":{"rendered":"<p>En un hecho que conmocion\u00f3 a la comunidad de El Alto, la madrugada de este mi\u00e9rcoles la polic\u00eda logr\u00f3 la captura de un hombre acusado de agredir f\u00edsicamente a su exconcubina en la zona Germ\u00e1n Bush, en un episodio marcado por la violencia y los celos. La v\u00edctima, que sufri\u00f3 lesiones graves, denunci\u00f3 el ataque [&hellip;]<\/p>\n","protected":false},"author":1,"featured_media":9783,"comment_status":"open","ping_status":"open","sticky":false,"template":"","format":"standard","meta":{"_eb_attr":"","footnotes":""},"categories":[1,44],"tags":[],"class_list":["post-9775","post","type-post","status-publish","format-standard","has-post-thumbnail","hentry","category-noticias","category-sociedad"],"yoast_head":"<!-- This site is optimized with the Yoast SEO plugin v27.4 - https:\/\/yoast.com\/product\/yoast-seo-wordpress\/ -->\n<title>DETENIDO POR ATAQUE CON PIEDRA A SU EX POR CELOS EN EL ALTO - Te lo Cuenta Victor<\/title>\n<meta name=\"robots\" content=\"index, follow, max-snippet:-1, max-image-preview:large, max-video-preview:-1\" \/>\n<link rel=\"canonical\" href=\"https:\/\/telocuentavictorhugo.com\/index.php\/2025\/09\/12\/detenido-por-ataque-con-piedra-a-su-ex-por-celos-en-el-alto\/\" \/>\n<meta property=\"og:locale\" content=\"es_ES\" \/>\n<meta property=\"og:type\" content=\"article\" \/>\n<meta property=\"og:title\" content=\"DETENIDO POR ATAQUE CON PIEDRA A SU EX POR CELOS EN EL ALTO - Te lo Cuenta Victor\" \/>\n<meta property=\"og:description\" content=\"En un hecho que conmocion\u00f3 a la comunidad de El Alto, la madrugada de este mi\u00e9rcoles la polic\u00eda logr\u00f3 la captura de un hombre acusado de agredir f\u00edsicamente a su exconcubina en la zona Germ\u00e1n Bush, en un episodio marcado por la violencia y los celos. La v\u00edctima, que sufri\u00f3 lesiones graves, denunci\u00f3 el ataque [&hellip;]\" \/>\n<meta property=\"og:url\" content=\"https:\/\/telocuentavictorhugo.com\/index.php\/2025\/09\/12\/detenido-por-ataque-con-piedra-a-su-ex-por-celos-en-el-alto\/\" \/>\n<meta property=\"og:site_name\" content=\"Te lo Cuenta Victor\" \/>\n<meta property=\"article:published_time\" content=\"2025-09-12T04:12:38+00:00\" \/>\n<meta property=\"article:modified_time\" content=\"2025-09-12T04:12:41+00:00\" \/>\n<meta property=\"og:image\" content=\"http:\/\/telocuentavictorhugo.com\/wp-content\/uploads\/2025\/09\/16.jpg\" \/>\n\t<meta property=\"og:image:width\" content=\"519\" \/>\n\t<meta property=\"og:image:height\" content=\"244\" \/>\n\t<meta property=\"og:image:type\" content=\"image\/jpeg\" \/>\n<meta name=\"author\" content=\"telocuentavictorhugo.com\" \/>\n<meta name=\"twitter:card\" content=\"summary_large_image\" \/>\n<meta name=\"twitter:label1\" content=\"Escrito por\" \/>\n\t<meta name=\"twitter:data1\" content=\"telocuentavictorhugo.com\" \/>\n\t<meta name=\"twitter:label2\" content=\"Tiempo de lectura\" \/>\n\t<meta name=\"twitter:data2\" content=\"1 minuto\" \/>\n<script type=\"application\/ld+json\" class=\"yoast-schema-graph\">{\"@context\":\"https:\\\/\\\/schema.org\",\"@graph\":[{\"@type\":\"Article\",\"@id\":\"https:\\\/\\\/telocuentavictorhugo.com\\\/index.php\\\/2025\\\/09\\\/12\\\/detenido-por-ataque-con-piedra-a-su-ex-por-celos-en-el-alto\\\/#article\",\"isPartOf\":{\"@id\":\"https:\\\/\\\/telocuentavictorhugo.com\\\/index.php\\\/2025\\\/09\\\/12\\\/detenido-por-ataque-con-piedra-a-su-ex-por-celos-en-el-alto\\\/\"},\"author\":{\"name\":\"telocuentavictorhugo.com\",\"@id\":\"https:\\\/\\\/telocuentavictorhugo.com\\\/#\\\/schema\\\/person\\\/a8307d7271ba2849b49b562ad8602f06\"},\"headline\":\"DETENIDO POR ATAQUE CON PIEDRA A SU EX POR CELOS EN EL ALTO\",\"datePublished\":\"2025-09-12T04:12:38+00:00\",\"dateModified\":\"2025-09-12T04:12:41+00:00\",\"mainEntityOfPage\":{\"@id\":\"https:\\\/\\\/telocuentavictorhugo.com\\\/index.php\\\/2025\\\/09\\\/12\\\/detenido-por-ataque-con-piedra-a-su-ex-por-celos-en-el-alto\\\/\"},\"wordCount\":190,\"commentCount\":0,\"publisher\":{\"@id\":\"https:\\\/\\\/telocuentavictorhugo.com\\\/#organization\"},\"image\":{\"@id\":\"https:\\\/\\\/telocuentavictorhugo.com\\\/index.php\\\/2025\\\/09\\\/12\\\/detenido-por-ataque-con-piedra-a-su-ex-por-celos-en-el-alto\\\/#primaryimage\"},\"thumbnailUrl\":\"https:\\\/\\\/telocuentavictorhugo.com\\\/wp-content\\\/uploads\\\/2025\\\/09\\\/16.jpg\",\"articleSection\":[\"Noticias\",\"Sociedad\"],\"inLanguage\":\"es\",\"potentialAction\":[{\"@type\":\"CommentAction\",\"name\":\"Comment\",\"target\":[\"https:\\\/\\\/telocuentavictorhugo.com\\\/index.php\\\/2025\\\/09\\\/12\\\/detenido-por-ataque-con-piedra-a-su-ex-por-celos-en-el-alto\\\/#respond\"]}]},{\"@type\":\"WebPage\",\"@id\":\"https:\\\/\\\/telocuentavictorhugo.com\\\/index.php\\\/2025\\\/09\\\/12\\\/detenido-por-ataque-con-piedra-a-su-ex-por-celos-en-el-alto\\\/\",\"url\":\"https:\\\/\\\/telocuentavictorhugo.com\\\/index.php\\\/2025\\\/09\\\/12\\\/detenido-por-ataque-con-piedra-a-su-ex-por-celos-en-el-alto\\\/\",\"name\":\"DETENIDO POR ATAQUE CON PIEDRA A SU EX POR CELOS EN EL ALTO - Te lo Cuenta Victor\",\"isPartOf\":{\"@id\":\"https:\\\/\\\/telocuentavictorhugo.com\\\/#website\"},\"primaryImageOfPage\":{\"@id\":\"https:\\\/\\\/telocuentavictorhugo.com\\\/index.php\\\/2025\\\/09\\\/12\\\/detenido-por-ataque-con-piedra-a-su-ex-por-celos-en-el-alto\\\/#primaryimage\"},\"image\":{\"@id\":\"https:\\\/\\\/telocuentavictorhugo.com\\\/index.php\\\/2025\\\/09\\\/12\\\/detenido-por-ataque-con-piedra-a-su-ex-por-celos-en-el-alto\\\/#primaryimage\"},\"thumbnailUrl\":\"https:\\\/\\\/telocuentavictorhugo.com\\\/wp-content\\\/uploads\\\/2025\\\/09\\\/16.jpg\",\"datePublished\":\"2025-09-12T04:12:38+00:00\",\"dateModified\":\"2025-09-12T04:12:41+00:00\",\"breadcrumb\":{\"@id\":\"https:\\\/\\\/telocuentavictorhugo.com\\\/index.php\\\/2025\\\/09\\\/12\\\/detenido-por-ataque-con-piedra-a-su-ex-por-celos-en-el-alto\\\/#breadcrumb\"},\"inLanguage\":\"es\",\"potentialAction\":[{\"@type\":\"ReadAction\",\"target\":[\"https:\\\/\\\/telocuentavictorhugo.com\\\/index.php\\\/2025\\\/09\\\/12\\\/detenido-por-ataque-con-piedra-a-su-ex-por-celos-en-el-alto\\\/\"]}]},{\"@type\":\"ImageObject\",\"inLanguage\":\"es\",\"@id\":\"https:\\\/\\\/telocuentavictorhugo.com\\\/index.php\\\/2025\\\/09\\\/12\\\/detenido-por-ataque-con-piedra-a-su-ex-por-celos-en-el-alto\\\/#primaryimage\",\"url\":\"https:\\\/\\\/telocuentavictorhugo.com\\\/wp-content\\\/uploads\\\/2025\\\/09\\\/16.jpg\",\"contentUrl\":\"https:\\\/\\\/telocuentavictorhugo.com\\\/wp-content\\\/uploads\\\/2025\\\/09\\\/16.jpg\",\"width\":519,\"height\":244},{\"@type\":\"BreadcrumbList\",\"@id\":\"https:\\\/\\\/telocuentavictorhugo.com\\\/index.php\\\/2025\\\/09\\\/12\\\/detenido-por-ataque-con-piedra-a-su-ex-por-celos-en-el-alto\\\/#breadcrumb\",\"itemListElement\":[{\"@type\":\"ListItem\",\"position\":1,\"name\":\"Portada\",\"item\":\"https:\\\/\\\/telocuentavictorhugo.com\\\/\"},{\"@type\":\"ListItem\",\"position\":2,\"name\":\"DETENIDO POR ATAQUE CON PIEDRA A SU EX POR CELOS EN EL ALTO\"}]},{\"@type\":\"WebSite\",\"@id\":\"https:\\\/\\\/telocuentavictorhugo.com\\\/#website\",\"url\":\"https:\\\/\\\/telocuentavictorhugo.com\\\/\",\"name\":\"Te lo Cuenta Victor\",\"description\":\"\",\"publisher\":{\"@id\":\"https:\\\/\\\/telocuentavictorhugo.com\\\/#organization\"},\"potentialAction\":[{\"@type\":\"SearchAction\",\"target\":{\"@type\":\"EntryPoint\",\"urlTemplate\":\"https:\\\/\\\/telocuentavictorhugo.com\\\/?s={search_term_string}\"},\"query-input\":{\"@type\":\"PropertyValueSpecification\",\"valueRequired\":true,\"valueName\":\"search_term_string\"}}],\"inLanguage\":\"es\"},{\"@type\":\"Organization\",\"@id\":\"https:\\\/\\\/telocuentavictorhugo.com\\\/#organization\",\"name\":\"Te lo Cuenta Victor\",\"url\":\"https:\\\/\\\/telocuentavictorhugo.com\\\/\",\"logo\":{\"@type\":\"ImageObject\",\"inLanguage\":\"es\",\"@id\":\"https:\\\/\\\/telocuentavictorhugo.com\\\/#\\\/schema\\\/logo\\\/image\\\/\",\"url\":\"https:\\\/\\\/telocuentavictorhugo.com\\\/wp-content\\\/uploads\\\/2023\\\/12\\\/Logo.png\",\"contentUrl\":\"https:\\\/\\\/telocuentavictorhugo.com\\\/wp-content\\\/uploads\\\/2023\\\/12\\\/Logo.png\",\"width\":1080,\"height\":176,\"caption\":\"Te lo Cuenta Victor\"},\"image\":{\"@id\":\"https:\\\/\\\/telocuentavictorhugo.com\\\/#\\\/schema\\\/logo\\\/image\\\/\"}},{\"@type\":\"Person\",\"@id\":\"https:\\\/\\\/telocuentavictorhugo.com\\\/#\\\/schema\\\/person\\\/a8307d7271ba2849b49b562ad8602f06\",\"name\":\"telocuentavictorhugo.com\",\"image\":{\"@type\":\"ImageObject\",\"inLanguage\":\"es\",\"@id\":\"https:\\\/\\\/secure.gravatar.com\\\/avatar\\\/da212e7b532df19fd2aea5daf46d8c176abfc85521e4b80ed435d7426ef63eb6?s=96&d=mm&r=g\",\"url\":\"https:\\\/\\\/secure.gravatar.com\\\/avatar\\\/da212e7b532df19fd2aea5daf46d8c176abfc85521e4b80ed435d7426ef63eb6?s=96&d=mm&r=g\",\"contentUrl\":\"https:\\\/\\\/secure.gravatar.com\\\/avatar\\\/da212e7b532df19fd2aea5daf46d8c176abfc85521e4b80ed435d7426ef63eb6?s=96&d=mm&r=g\",\"caption\":\"telocuentavictorhugo.com\"},\"sameAs\":[\"http:\\\/\\\/telocuentavictorhugo.com\"],\"url\":\"https:\\\/\\\/telocuentavictorhugo.com\\\/index.php\\\/author\\\/plustvpress-com\\\/\"}]}<\/script>\n<!-- \/ Yoast SEO plugin. -->","yoast_head_json":{"title":"DETENIDO POR ATAQUE CON PIEDRA A SU EX POR CELOS EN EL ALTO - Te lo Cuenta Victor","robots":{"index":"index","follow":"follow","max-snippet":"max-snippet:-1","max-image-preview":"max-image-preview:large","max-video-preview":"max-video-preview:-1"},"canonical":"https:\/\/telocuentavictorhugo.com\/index.php\/2025\/09\/12\/detenido-por-ataque-con-piedra-a-su-ex-por-celos-en-el-alto\/","og_locale":"es_ES","og_type":"article","og_title":"DETENIDO POR ATAQUE CON PIEDRA A SU EX POR CELOS EN EL ALTO - Te lo Cuenta Victor","og_description":"En un hecho que conmocion\u00f3 a la comunidad de El Alto, la madrugada de este mi\u00e9rcoles la polic\u00eda logr\u00f3 la captura de un hombre acusado de agredir f\u00edsicamente a su exconcubina en la zona Germ\u00e1n Bush, en un episodio marcado por la violencia y los celos. La v\u00edctima, que sufri\u00f3 lesiones graves, denunci\u00f3 el ataque [&hellip;]","og_url":"https:\/\/telocuentavictorhugo.com\/index.php\/2025\/09\/12\/detenido-por-ataque-con-piedra-a-su-ex-por-celos-en-el-alto\/","og_site_name":"Te lo Cuenta Victor","article_published_time":"2025-09-12T04:12:38+00:00","article_modified_time":"2025-09-12T04:12:41+00:00","og_image":[{"width":519,"height":244,"url":"http:\/\/telocuentavictorhugo.com\/wp-content\/uploads\/2025\/09\/16.jpg","type":"image\/jpeg"}],"author":"telocuentavictorhugo.com","twitter_card":"summary_large_image","twitter_misc":{"Escrito por":"telocuentavictorhugo.com","Tiempo de lectura":"1 minuto"},"schema":{"@context":"https:\/\/schema.org","@graph":[{"@type":"Article","@id":"https:\/\/telocuentavictorhugo.com\/index.php\/2025\/09\/12\/detenido-por-ataque-con-piedra-a-su-ex-por-celos-en-el-alto\/#article","isPartOf":{"@id":"https:\/\/telocuentavictorhugo.com\/index.php\/2025\/09\/12\/detenido-por-ataque-con-piedra-a-su-ex-por-celos-en-el-alto\/"},"author":{"name":"telocuentavictorhugo.com","@id":"https:\/\/telocuentavictorhugo.com\/#\/schema\/person\/a8307d7271ba2849b49b562ad8602f06"},"headline":"DETENIDO POR ATAQUE CON PIEDRA A SU EX POR CELOS EN EL ALTO","datePublished":"2025-09-12T04:12:38+00:00","dateModified":"2025-09-12T04:12:41+00:00","mainEntityOfPage":{"@id":"https:\/\/telocuentavictorhugo.com\/index.php\/2025\/09\/12\/detenido-por-ataque-con-piedra-a-su-ex-por-celos-en-el-alto\/"},"wordCount":190,"commentCount":0,"publisher":{"@id":"https:\/\/telocuentavictorhugo.com\/#organization"},"image":{"@id":"https:\/\/telocuentavictorhugo.com\/index.php\/2025\/09\/12\/detenido-por-ataque-con-piedra-a-su-ex-por-celos-en-el-alto\/#primaryimage"},"thumbnailUrl":"https:\/\/telocuentavictorhugo.com\/wp-content\/uploads\/2025\/09\/16.jpg","articleSection":["Noticias","Sociedad"],"inLanguage":"es","potentialAction":[{"@type":"CommentAction","name":"Comment","target":["https:\/\/telocuentavictorhugo.com\/index.php\/2025\/09\/12\/detenido-por-ataque-con-piedra-a-su-ex-por-celos-en-el-alto\/#respond"]}]},{"@type":"WebPage","@id":"https:\/\/telocuentavictorhugo.com\/index.php\/2025\/09\/12\/detenido-por-ataque-con-piedra-a-su-ex-por-celos-en-el-alto\/","url":"https:\/\/telocuentavictorhugo.com\/index.php\/2025\/09\/12\/detenido-por-ataque-con-piedra-a-su-ex-por-celos-en-el-alto\/","name":"DETENIDO POR ATAQUE CON PIEDRA A SU EX POR CELOS EN EL ALTO - Te lo Cuenta Victor","isPartOf":{"@id":"https:\/\/telocuentavictorhugo.com\/#website"},"primaryImageOfPage":{"@id":"https:\/\/telocuentavictorhugo.com\/index.php\/2025\/09\/12\/detenido-por-ataque-con-piedra-a-su-ex-por-celos-en-el-alto\/#primaryimage"},"image":{"@id":"https:\/\/telocuentavictorhugo.com\/index.php\/2025\/09\/12\/detenido-por-ataque-con-piedra-a-su-ex-por-celos-en-el-alto\/#primaryimage"},"thumbnailUrl":"https:\/\/telocuentavictorhugo.com\/wp-content\/uploads\/2025\/09\/16.jpg","datePublished":"2025-09-12T04:12:38+00:00","dateModified":"2025-09-12T04:12:41+00:00","breadcrumb":{"@id":"https:\/\/telocuentavictorhugo.com\/index.php\/2025\/09\/12\/detenido-por-ataque-con-piedra-a-su-ex-por-celos-en-el-alto\/#breadcrumb"},"inLanguage":"es","potentialAction":[{"@type":"ReadAction","target":["https:\/\/telocuentavictorhugo.com\/index.php\/2025\/09\/12\/detenido-por-ataque-con-piedra-a-su-ex-por-celos-en-el-alto\/"]}]},{"@type":"ImageObject","inLanguage":"es","@id":"https:\/\/telocuentavictorhugo.com\/index.php\/2025\/09\/12\/detenido-por-ataque-con-piedra-a-su-ex-por-celos-en-el-alto\/#primaryimage","url":"https:\/\/telocuentavictorhugo.com\/wp-content\/uploads\/2025\/09\/16.jpg","contentUrl":"https:\/\/telocuentavictorhugo.com\/wp-content\/uploads\/2025\/09\/16.jpg","width":519,"height":244},{"@type":"BreadcrumbList","@id":"https:\/\/telocuentavictorhugo.com\/index.php\/2025\/09\/12\/detenido-por-ataque-con-piedra-a-su-ex-por-celos-en-el-alto\/#breadcrumb","itemListElement":[{"@type":"ListItem","position":1,"name":"Portada","item":"https:\/\/telocuentavictorhugo.com\/"},{"@type":"ListItem","position":2,"name":"DETENIDO POR ATAQUE CON PIEDRA A SU EX POR CELOS EN EL ALTO"}]},{"@type":"WebSite","@id":"https:\/\/telocuentavictorhugo.com\/#website","url":"https:\/\/telocuentavictorhugo.com\/","name":"Te lo Cuenta Victor","description":"","publisher":{"@id":"https:\/\/telocuentavictorhugo.com\/#organization"},"potentialAction":[{"@type":"SearchAction","target":{"@type":"EntryPoint","urlTemplate":"https:\/\/telocuentavictorhugo.com\/?s={search_term_string}"},"query-input":{"@type":"PropertyValueSpecification","valueRequired":true,"valueName":"search_term_string"}}],"inLanguage":"es"},{"@type":"Organization","@id":"https:\/\/telocuentavictorhugo.com\/#organization","name":"Te lo Cuenta Victor","url":"https:\/\/telocuentavictorhugo.com\/","logo":{"@type":"ImageObject","inLanguage":"es","@id":"https:\/\/telocuentavictorhugo.com\/#\/schema\/logo\/image\/","url":"https:\/\/telocuentavictorhugo.com\/wp-content\/uploads\/2023\/12\/Logo.png","contentUrl":"https:\/\/telocuentavictorhugo.com\/wp-content\/uploads\/2023\/12\/Logo.png","width":1080,"height":176,"caption":"Te lo Cuenta Victor"},"image":{"@id":"https:\/\/telocuentavictorhugo.com\/#\/schema\/logo\/image\/"}},{"@type":"Person","@id":"https:\/\/telocuentavictorhugo.com\/#\/schema\/person\/a8307d7271ba2849b49b562ad8602f06","name":"telocuentavictorhugo.com","image":{"@type":"ImageObject","inLanguage":"es","@id":"https:\/\/secure.gravatar.com\/avatar\/da212e7b532df19fd2aea5daf46d8c176abfc85521e4b80ed435d7426ef63eb6?s=96&d=mm&r=g","url":"https:\/\/secure.gravatar.com\/avatar\/da212e7b532df19fd2aea5daf46d8c176abfc85521e4b80ed435d7426ef63eb6?s=96&d=mm&r=g","contentUrl":"https:\/\/secure.gravatar.com\/avatar\/da212e7b532df19fd2aea5daf46d8c176abfc85521e4b80ed435d7426ef63eb6?s=96&d=mm&r=g","caption":"telocuentavictorhugo.com"},"sameAs":["http:\/\/telocuentavictorhugo.com"],"url":"https:\/\/telocuentavictorhugo.com\/index.php\/author\/plustvpress-com\/"}]}},"_links":{"self":[{"href":"https:\/\/telocuentavictorhugo.com\/index.php\/wp-json\/wp\/v2\/posts\/9775","targetHints":{"allow":["GET"]}}],"collection":[{"href":"https:\/\/telocuentavictorhugo.com\/index.php\/wp-json\/wp\/v2\/posts"}],"about":[{"href":"https:\/\/telocuentavictorhugo.com\/index.php\/wp-json\/wp\/v2\/types\/post"}],"author":[{"embeddable":true,"href":"https:\/\/telocuentavictorhugo.com\/index.php\/wp-json\/wp\/v2\/users\/1"}],"replies":[{"embeddable":true,"href":"https:\/\/telocuentavictorhugo.com\/index.php\/wp-json\/wp\/v2\/comments?post=9775"}],"version-history":[{"count":1,"href":"https:\/\/telocuentavictorhugo.com\/index.php\/wp-json\/wp\/v2\/posts\/9775\/revisions"}],"predecessor-version":[{"id":9791,"href":"https:\/\/telocuentavictorhugo.com\/index.php\/wp-json\/wp\/v2\/posts\/9775\/revisions\/9791"}],"wp:featuredmedia":[{"embeddable":true,"href":"https:\/\/telocuentavictorhugo.com\/index.php\/wp-json\/wp\/v2\/media\/9783"}],"wp:attachment":[{"href":"https:\/\/telocuentavictorhugo.com\/index.php\/wp-json\/wp\/v2\/media?parent=9775"}],"wp:term":[{"taxonomy":"category","embeddable":true,"href":"https:\/\/telocuentavictorhugo.com\/index.php\/wp-json\/wp\/v2\/categories?post=9775"},{"taxonomy":"post_tag","embeddable":true,"href":"https:\/\/telocuentavictorhugo.com\/index.php\/wp-json\/wp\/v2\/tags?post=9775"}],"curies":[{"name":"wp","href":"https:\/\/api.w.org\/{rel}","templated":true}]}}