{"id":9772,"date":"2025-09-12T00:12:36","date_gmt":"2025-09-12T04:12:36","guid":{"rendered":"https:\/\/telocuentavictorhugo.com\/?p=9772"},"modified":"2025-09-12T00:12:39","modified_gmt":"2025-09-12T04:12:39","slug":"secuestran-a-un-nino-en-la-paz-y-lo-esconden-en-un-hostal","status":"publish","type":"post","link":"https:\/\/telocuentavictorhugo.com\/index.php\/2025\/09\/12\/secuestran-a-un-nino-en-la-paz-y-lo-esconden-en-un-hostal\/","title":{"rendered":"SECUESTRAN A UN NI\u00d1O EN LA PAZ Y LO ESCONDEN EN UN HOSTAL"},"content":{"rendered":"\n<p>En un operativo de las fuerzas de seguridad en la lucha contra el delito, la Fuerza Especial de Lucha Contra el Crimen (Felcc) de La Paz logr\u00f3 rescatar a un menor de 11 a\u00f1os que hab\u00eda sido v\u00edctima de un rapto en la zona de Alpacoma. La desaparici\u00f3n, denunciada por su madre, desencaden\u00f3 una intensa investigaci\u00f3n que incluy\u00f3 la revisi\u00f3n exhaustiva de c\u00e1maras de seguridad y entrevistas a los vecinos, permitiendo identificar y aprehender a los presuntos responsables, un hombre de aproximadamente 40 a\u00f1os y una mujer de unos 28, quienes permanecen bajo custodia y a disposici\u00f3n del Ministerio P\u00fablico. El menor fue encontrado oculto en un hostal cercano, en buen estado de salud, y actualmente recibe atenci\u00f3n de la Defensor\u00eda de la Ni\u00f1ez, que trabaja para garantizar su estabilidad emocional y descartar cualquier da\u00f1o f\u00edsico. Este caso pone de manifiesto la importancia de la colaboraci\u00f3n comunitaria y la r\u00e1pida respuesta institucional frente a delitos que afectan a los menores, reafirmando el compromiso de las autoridades para proteger a los m\u00e1s vulnerables en la capital pace\u00f1a.<\/p>\n\n\n\n<figure class=\"wp-block-embed is-type-video is-provider-youtube wp-block-embed-youtube wp-embed-aspect-16-9 wp-has-aspect-ratio\"><div class=\"wp-block-embed__wrapper\">\n<iframe title=\"SECUESTRAN A UN NI\u00d1O EN LA PAZ Y LO ESCONDEN EN UN HOSTAL\" width=\"800\" height=\"450\" src=\"https:\/\/www.youtube.com\/embed\/tkpfnfFKqHY?feature=oembed\" frameborder=\"0\" allow=\"accelerometer; autoplay; clipboard-write; encrypted-media; gyroscope; picture-in-picture; web-share\" referrerpolicy=\"strict-origin-when-cross-origin\" allowfullscreen><\/iframe>\n<\/div><\/figure>\n","protected":false},"excerpt":{"rendered":"<p>En un operativo de las fuerzas de seguridad en la lucha contra el delito, la Fuerza Especial de Lucha Contra el Crimen (Felcc) de La Paz logr\u00f3 rescatar a un menor de 11 a\u00f1os que hab\u00eda sido v\u00edctima de un rapto en la zona de Alpacoma. La desaparici\u00f3n, denunciada por su madre, desencaden\u00f3 una intensa [&hellip;]<\/p>\n","protected":false},"author":1,"featured_media":9782,"comment_status":"open","ping_status":"open","sticky":false,"template":"","format":"standard","meta":{"_eb_attr":"","footnotes":""},"categories":[1,44],"tags":[],"class_list":["post-9772","post","type-post","status-publish","format-standard","has-post-thumbnail","hentry","category-noticias","category-sociedad"],"yoast_head":"<!-- This site is optimized with the Yoast SEO plugin v27.4 - https:\/\/yoast.com\/product\/yoast-seo-wordpress\/ -->\n<title>SECUESTRAN A UN NI\u00d1O EN LA PAZ Y LO ESCONDEN EN UN HOSTAL - Te lo Cuenta Victor<\/title>\n<meta name=\"robots\" content=\"index, follow, max-snippet:-1, max-image-preview:large, max-video-preview:-1\" \/>\n<link rel=\"canonical\" href=\"https:\/\/telocuentavictorhugo.com\/index.php\/2025\/09\/12\/secuestran-a-un-nino-en-la-paz-y-lo-esconden-en-un-hostal\/\" \/>\n<meta property=\"og:locale\" content=\"es_ES\" \/>\n<meta property=\"og:type\" content=\"article\" \/>\n<meta property=\"og:title\" content=\"SECUESTRAN A UN NI\u00d1O EN LA PAZ Y LO ESCONDEN EN UN HOSTAL - Te lo Cuenta Victor\" \/>\n<meta property=\"og:description\" content=\"En un operativo de las fuerzas de seguridad en la lucha contra el delito, la Fuerza Especial de Lucha Contra el Crimen (Felcc) de La Paz logr\u00f3 rescatar a un menor de 11 a\u00f1os que hab\u00eda sido v\u00edctima de un rapto en la zona de Alpacoma. La desaparici\u00f3n, denunciada por su madre, desencaden\u00f3 una intensa [&hellip;]\" \/>\n<meta property=\"og:url\" content=\"https:\/\/telocuentavictorhugo.com\/index.php\/2025\/09\/12\/secuestran-a-un-nino-en-la-paz-y-lo-esconden-en-un-hostal\/\" \/>\n<meta property=\"og:site_name\" content=\"Te lo Cuenta Victor\" \/>\n<meta property=\"article:published_time\" content=\"2025-09-12T04:12:36+00:00\" \/>\n<meta property=\"article:modified_time\" content=\"2025-09-12T04:12:39+00:00\" \/>\n<meta property=\"og:image\" content=\"http:\/\/telocuentavictorhugo.com\/wp-content\/uploads\/2025\/09\/15.jpg\" \/>\n\t<meta property=\"og:image:width\" content=\"452\" \/>\n\t<meta property=\"og:image:height\" content=\"295\" \/>\n\t<meta property=\"og:image:type\" content=\"image\/jpeg\" \/>\n<meta name=\"author\" content=\"telocuentavictorhugo.com\" \/>\n<meta name=\"twitter:card\" content=\"summary_large_image\" \/>\n<meta name=\"twitter:label1\" content=\"Escrito por\" \/>\n\t<meta name=\"twitter:data1\" content=\"telocuentavictorhugo.com\" \/>\n\t<meta name=\"twitter:label2\" content=\"Tiempo de lectura\" \/>\n\t<meta name=\"twitter:data2\" content=\"2 minutos\" \/>\n<script type=\"application\/ld+json\" class=\"yoast-schema-graph\">{\"@context\":\"https:\\\/\\\/schema.org\",\"@graph\":[{\"@type\":\"Article\",\"@id\":\"https:\\\/\\\/telocuentavictorhugo.com\\\/index.php\\\/2025\\\/09\\\/12\\\/secuestran-a-un-nino-en-la-paz-y-lo-esconden-en-un-hostal\\\/#article\",\"isPartOf\":{\"@id\":\"https:\\\/\\\/telocuentavictorhugo.com\\\/index.php\\\/2025\\\/09\\\/12\\\/secuestran-a-un-nino-en-la-paz-y-lo-esconden-en-un-hostal\\\/\"},\"author\":{\"name\":\"telocuentavictorhugo.com\",\"@id\":\"https:\\\/\\\/telocuentavictorhugo.com\\\/#\\\/schema\\\/person\\\/a8307d7271ba2849b49b562ad8602f06\"},\"headline\":\"SECUESTRAN A UN NI\u00d1O EN LA PAZ Y LO ESCONDEN EN UN HOSTAL\",\"datePublished\":\"2025-09-12T04:12:36+00:00\",\"dateModified\":\"2025-09-12T04:12:39+00:00\",\"mainEntityOfPage\":{\"@id\":\"https:\\\/\\\/telocuentavictorhugo.com\\\/index.php\\\/2025\\\/09\\\/12\\\/secuestran-a-un-nino-en-la-paz-y-lo-esconden-en-un-hostal\\\/\"},\"wordCount\":210,\"commentCount\":0,\"publisher\":{\"@id\":\"https:\\\/\\\/telocuentavictorhugo.com\\\/#organization\"},\"image\":{\"@id\":\"https:\\\/\\\/telocuentavictorhugo.com\\\/index.php\\\/2025\\\/09\\\/12\\\/secuestran-a-un-nino-en-la-paz-y-lo-esconden-en-un-hostal\\\/#primaryimage\"},\"thumbnailUrl\":\"https:\\\/\\\/telocuentavictorhugo.com\\\/wp-content\\\/uploads\\\/2025\\\/09\\\/15.jpg\",\"articleSection\":[\"Noticias\",\"Sociedad\"],\"inLanguage\":\"es\",\"potentialAction\":[{\"@type\":\"CommentAction\",\"name\":\"Comment\",\"target\":[\"https:\\\/\\\/telocuentavictorhugo.com\\\/index.php\\\/2025\\\/09\\\/12\\\/secuestran-a-un-nino-en-la-paz-y-lo-esconden-en-un-hostal\\\/#respond\"]}]},{\"@type\":\"WebPage\",\"@id\":\"https:\\\/\\\/telocuentavictorhugo.com\\\/index.php\\\/2025\\\/09\\\/12\\\/secuestran-a-un-nino-en-la-paz-y-lo-esconden-en-un-hostal\\\/\",\"url\":\"https:\\\/\\\/telocuentavictorhugo.com\\\/index.php\\\/2025\\\/09\\\/12\\\/secuestran-a-un-nino-en-la-paz-y-lo-esconden-en-un-hostal\\\/\",\"name\":\"SECUESTRAN A UN NI\u00d1O EN LA PAZ Y LO ESCONDEN EN UN HOSTAL - Te lo Cuenta Victor\",\"isPartOf\":{\"@id\":\"https:\\\/\\\/telocuentavictorhugo.com\\\/#website\"},\"primaryImageOfPage\":{\"@id\":\"https:\\\/\\\/telocuentavictorhugo.com\\\/index.php\\\/2025\\\/09\\\/12\\\/secuestran-a-un-nino-en-la-paz-y-lo-esconden-en-un-hostal\\\/#primaryimage\"},\"image\":{\"@id\":\"https:\\\/\\\/telocuentavictorhugo.com\\\/index.php\\\/2025\\\/09\\\/12\\\/secuestran-a-un-nino-en-la-paz-y-lo-esconden-en-un-hostal\\\/#primaryimage\"},\"thumbnailUrl\":\"https:\\\/\\\/telocuentavictorhugo.com\\\/wp-content\\\/uploads\\\/2025\\\/09\\\/15.jpg\",\"datePublished\":\"2025-09-12T04:12:36+00:00\",\"dateModified\":\"2025-09-12T04:12:39+00:00\",\"breadcrumb\":{\"@id\":\"https:\\\/\\\/telocuentavictorhugo.com\\\/index.php\\\/2025\\\/09\\\/12\\\/secuestran-a-un-nino-en-la-paz-y-lo-esconden-en-un-hostal\\\/#breadcrumb\"},\"inLanguage\":\"es\",\"potentialAction\":[{\"@type\":\"ReadAction\",\"target\":[\"https:\\\/\\\/telocuentavictorhugo.com\\\/index.php\\\/2025\\\/09\\\/12\\\/secuestran-a-un-nino-en-la-paz-y-lo-esconden-en-un-hostal\\\/\"]}]},{\"@type\":\"ImageObject\",\"inLanguage\":\"es\",\"@id\":\"https:\\\/\\\/telocuentavictorhugo.com\\\/index.php\\\/2025\\\/09\\\/12\\\/secuestran-a-un-nino-en-la-paz-y-lo-esconden-en-un-hostal\\\/#primaryimage\",\"url\":\"https:\\\/\\\/telocuentavictorhugo.com\\\/wp-content\\\/uploads\\\/2025\\\/09\\\/15.jpg\",\"contentUrl\":\"https:\\\/\\\/telocuentavictorhugo.com\\\/wp-content\\\/uploads\\\/2025\\\/09\\\/15.jpg\",\"width\":452,\"height\":295},{\"@type\":\"BreadcrumbList\",\"@id\":\"https:\\\/\\\/telocuentavictorhugo.com\\\/index.php\\\/2025\\\/09\\\/12\\\/secuestran-a-un-nino-en-la-paz-y-lo-esconden-en-un-hostal\\\/#breadcrumb\",\"itemListElement\":[{\"@type\":\"ListItem\",\"position\":1,\"name\":\"Portada\",\"item\":\"https:\\\/\\\/telocuentavictorhugo.com\\\/\"},{\"@type\":\"ListItem\",\"position\":2,\"name\":\"SECUESTRAN A UN NI\u00d1O EN LA PAZ Y LO ESCONDEN EN UN HOSTAL\"}]},{\"@type\":\"WebSite\",\"@id\":\"https:\\\/\\\/telocuentavictorhugo.com\\\/#website\",\"url\":\"https:\\\/\\\/telocuentavictorhugo.com\\\/\",\"name\":\"Te lo Cuenta Victor\",\"description\":\"\",\"publisher\":{\"@id\":\"https:\\\/\\\/telocuentavictorhugo.com\\\/#organization\"},\"potentialAction\":[{\"@type\":\"SearchAction\",\"target\":{\"@type\":\"EntryPoint\",\"urlTemplate\":\"https:\\\/\\\/telocuentavictorhugo.com\\\/?s={search_term_string}\"},\"query-input\":{\"@type\":\"PropertyValueSpecification\",\"valueRequired\":true,\"valueName\":\"search_term_string\"}}],\"inLanguage\":\"es\"},{\"@type\":\"Organization\",\"@id\":\"https:\\\/\\\/telocuentavictorhugo.com\\\/#organization\",\"name\":\"Te lo Cuenta Victor\",\"url\":\"https:\\\/\\\/telocuentavictorhugo.com\\\/\",\"logo\":{\"@type\":\"ImageObject\",\"inLanguage\":\"es\",\"@id\":\"https:\\\/\\\/telocuentavictorhugo.com\\\/#\\\/schema\\\/logo\\\/image\\\/\",\"url\":\"https:\\\/\\\/telocuentavictorhugo.com\\\/wp-content\\\/uploads\\\/2023\\\/12\\\/Logo.png\",\"contentUrl\":\"https:\\\/\\\/telocuentavictorhugo.com\\\/wp-content\\\/uploads\\\/2023\\\/12\\\/Logo.png\",\"width\":1080,\"height\":176,\"caption\":\"Te lo Cuenta Victor\"},\"image\":{\"@id\":\"https:\\\/\\\/telocuentavictorhugo.com\\\/#\\\/schema\\\/logo\\\/image\\\/\"}},{\"@type\":\"Person\",\"@id\":\"https:\\\/\\\/telocuentavictorhugo.com\\\/#\\\/schema\\\/person\\\/a8307d7271ba2849b49b562ad8602f06\",\"name\":\"telocuentavictorhugo.com\",\"image\":{\"@type\":\"ImageObject\",\"inLanguage\":\"es\",\"@id\":\"https:\\\/\\\/secure.gravatar.com\\\/avatar\\\/da212e7b532df19fd2aea5daf46d8c176abfc85521e4b80ed435d7426ef63eb6?s=96&d=mm&r=g\",\"url\":\"https:\\\/\\\/secure.gravatar.com\\\/avatar\\\/da212e7b532df19fd2aea5daf46d8c176abfc85521e4b80ed435d7426ef63eb6?s=96&d=mm&r=g\",\"contentUrl\":\"https:\\\/\\\/secure.gravatar.com\\\/avatar\\\/da212e7b532df19fd2aea5daf46d8c176abfc85521e4b80ed435d7426ef63eb6?s=96&d=mm&r=g\",\"caption\":\"telocuentavictorhugo.com\"},\"sameAs\":[\"http:\\\/\\\/telocuentavictorhugo.com\"],\"url\":\"https:\\\/\\\/telocuentavictorhugo.com\\\/index.php\\\/author\\\/plustvpress-com\\\/\"}]}<\/script>\n<!-- \/ Yoast SEO plugin. -->","yoast_head_json":{"title":"SECUESTRAN A UN NI\u00d1O EN LA PAZ Y LO ESCONDEN EN UN HOSTAL - Te lo Cuenta Victor","robots":{"index":"index","follow":"follow","max-snippet":"max-snippet:-1","max-image-preview":"max-image-preview:large","max-video-preview":"max-video-preview:-1"},"canonical":"https:\/\/telocuentavictorhugo.com\/index.php\/2025\/09\/12\/secuestran-a-un-nino-en-la-paz-y-lo-esconden-en-un-hostal\/","og_locale":"es_ES","og_type":"article","og_title":"SECUESTRAN A UN NI\u00d1O EN LA PAZ Y LO ESCONDEN EN UN HOSTAL - Te lo Cuenta Victor","og_description":"En un operativo de las fuerzas de seguridad en la lucha contra el delito, la Fuerza Especial de Lucha Contra el Crimen (Felcc) de La Paz logr\u00f3 rescatar a un menor de 11 a\u00f1os que hab\u00eda sido v\u00edctima de un rapto en la zona de Alpacoma. La desaparici\u00f3n, denunciada por su madre, desencaden\u00f3 una intensa [&hellip;]","og_url":"https:\/\/telocuentavictorhugo.com\/index.php\/2025\/09\/12\/secuestran-a-un-nino-en-la-paz-y-lo-esconden-en-un-hostal\/","og_site_name":"Te lo Cuenta Victor","article_published_time":"2025-09-12T04:12:36+00:00","article_modified_time":"2025-09-12T04:12:39+00:00","og_image":[{"width":452,"height":295,"url":"http:\/\/telocuentavictorhugo.com\/wp-content\/uploads\/2025\/09\/15.jpg","type":"image\/jpeg"}],"author":"telocuentavictorhugo.com","twitter_card":"summary_large_image","twitter_misc":{"Escrito por":"telocuentavictorhugo.com","Tiempo de lectura":"2 minutos"},"schema":{"@context":"https:\/\/schema.org","@graph":[{"@type":"Article","@id":"https:\/\/telocuentavictorhugo.com\/index.php\/2025\/09\/12\/secuestran-a-un-nino-en-la-paz-y-lo-esconden-en-un-hostal\/#article","isPartOf":{"@id":"https:\/\/telocuentavictorhugo.com\/index.php\/2025\/09\/12\/secuestran-a-un-nino-en-la-paz-y-lo-esconden-en-un-hostal\/"},"author":{"name":"telocuentavictorhugo.com","@id":"https:\/\/telocuentavictorhugo.com\/#\/schema\/person\/a8307d7271ba2849b49b562ad8602f06"},"headline":"SECUESTRAN A UN NI\u00d1O EN LA PAZ Y LO ESCONDEN EN UN HOSTAL","datePublished":"2025-09-12T04:12:36+00:00","dateModified":"2025-09-12T04:12:39+00:00","mainEntityOfPage":{"@id":"https:\/\/telocuentavictorhugo.com\/index.php\/2025\/09\/12\/secuestran-a-un-nino-en-la-paz-y-lo-esconden-en-un-hostal\/"},"wordCount":210,"commentCount":0,"publisher":{"@id":"https:\/\/telocuentavictorhugo.com\/#organization"},"image":{"@id":"https:\/\/telocuentavictorhugo.com\/index.php\/2025\/09\/12\/secuestran-a-un-nino-en-la-paz-y-lo-esconden-en-un-hostal\/#primaryimage"},"thumbnailUrl":"https:\/\/telocuentavictorhugo.com\/wp-content\/uploads\/2025\/09\/15.jpg","articleSection":["Noticias","Sociedad"],"inLanguage":"es","potentialAction":[{"@type":"CommentAction","name":"Comment","target":["https:\/\/telocuentavictorhugo.com\/index.php\/2025\/09\/12\/secuestran-a-un-nino-en-la-paz-y-lo-esconden-en-un-hostal\/#respond"]}]},{"@type":"WebPage","@id":"https:\/\/telocuentavictorhugo.com\/index.php\/2025\/09\/12\/secuestran-a-un-nino-en-la-paz-y-lo-esconden-en-un-hostal\/","url":"https:\/\/telocuentavictorhugo.com\/index.php\/2025\/09\/12\/secuestran-a-un-nino-en-la-paz-y-lo-esconden-en-un-hostal\/","name":"SECUESTRAN A UN NI\u00d1O EN LA PAZ Y LO ESCONDEN EN UN HOSTAL - Te lo Cuenta Victor","isPartOf":{"@id":"https:\/\/telocuentavictorhugo.com\/#website"},"primaryImageOfPage":{"@id":"https:\/\/telocuentavictorhugo.com\/index.php\/2025\/09\/12\/secuestran-a-un-nino-en-la-paz-y-lo-esconden-en-un-hostal\/#primaryimage"},"image":{"@id":"https:\/\/telocuentavictorhugo.com\/index.php\/2025\/09\/12\/secuestran-a-un-nino-en-la-paz-y-lo-esconden-en-un-hostal\/#primaryimage"},"thumbnailUrl":"https:\/\/telocuentavictorhugo.com\/wp-content\/uploads\/2025\/09\/15.jpg","datePublished":"2025-09-12T04:12:36+00:00","dateModified":"2025-09-12T04:12:39+00:00","breadcrumb":{"@id":"https:\/\/telocuentavictorhugo.com\/index.php\/2025\/09\/12\/secuestran-a-un-nino-en-la-paz-y-lo-esconden-en-un-hostal\/#breadcrumb"},"inLanguage":"es","potentialAction":[{"@type":"ReadAction","target":["https:\/\/telocuentavictorhugo.com\/index.php\/2025\/09\/12\/secuestran-a-un-nino-en-la-paz-y-lo-esconden-en-un-hostal\/"]}]},{"@type":"ImageObject","inLanguage":"es","@id":"https:\/\/telocuentavictorhugo.com\/index.php\/2025\/09\/12\/secuestran-a-un-nino-en-la-paz-y-lo-esconden-en-un-hostal\/#primaryimage","url":"https:\/\/telocuentavictorhugo.com\/wp-content\/uploads\/2025\/09\/15.jpg","contentUrl":"https:\/\/telocuentavictorhugo.com\/wp-content\/uploads\/2025\/09\/15.jpg","width":452,"height":295},{"@type":"BreadcrumbList","@id":"https:\/\/telocuentavictorhugo.com\/index.php\/2025\/09\/12\/secuestran-a-un-nino-en-la-paz-y-lo-esconden-en-un-hostal\/#breadcrumb","itemListElement":[{"@type":"ListItem","position":1,"name":"Portada","item":"https:\/\/telocuentavictorhugo.com\/"},{"@type":"ListItem","position":2,"name":"SECUESTRAN A UN NI\u00d1O EN LA PAZ Y LO ESCONDEN EN UN HOSTAL"}]},{"@type":"WebSite","@id":"https:\/\/telocuentavictorhugo.com\/#website","url":"https:\/\/telocuentavictorhugo.com\/","name":"Te lo Cuenta Victor","description":"","publisher":{"@id":"https:\/\/telocuentavictorhugo.com\/#organization"},"potentialAction":[{"@type":"SearchAction","target":{"@type":"EntryPoint","urlTemplate":"https:\/\/telocuentavictorhugo.com\/?s={search_term_string}"},"query-input":{"@type":"PropertyValueSpecification","valueRequired":true,"valueName":"search_term_string"}}],"inLanguage":"es"},{"@type":"Organization","@id":"https:\/\/telocuentavictorhugo.com\/#organization","name":"Te lo Cuenta Victor","url":"https:\/\/telocuentavictorhugo.com\/","logo":{"@type":"ImageObject","inLanguage":"es","@id":"https:\/\/telocuentavictorhugo.com\/#\/schema\/logo\/image\/","url":"https:\/\/telocuentavictorhugo.com\/wp-content\/uploads\/2023\/12\/Logo.png","contentUrl":"https:\/\/telocuentavictorhugo.com\/wp-content\/uploads\/2023\/12\/Logo.png","width":1080,"height":176,"caption":"Te lo Cuenta Victor"},"image":{"@id":"https:\/\/telocuentavictorhugo.com\/#\/schema\/logo\/image\/"}},{"@type":"Person","@id":"https:\/\/telocuentavictorhugo.com\/#\/schema\/person\/a8307d7271ba2849b49b562ad8602f06","name":"telocuentavictorhugo.com","image":{"@type":"ImageObject","inLanguage":"es","@id":"https:\/\/secure.gravatar.com\/avatar\/da212e7b532df19fd2aea5daf46d8c176abfc85521e4b80ed435d7426ef63eb6?s=96&d=mm&r=g","url":"https:\/\/secure.gravatar.com\/avatar\/da212e7b532df19fd2aea5daf46d8c176abfc85521e4b80ed435d7426ef63eb6?s=96&d=mm&r=g","contentUrl":"https:\/\/secure.gravatar.com\/avatar\/da212e7b532df19fd2aea5daf46d8c176abfc85521e4b80ed435d7426ef63eb6?s=96&d=mm&r=g","caption":"telocuentavictorhugo.com"},"sameAs":["http:\/\/telocuentavictorhugo.com"],"url":"https:\/\/telocuentavictorhugo.com\/index.php\/author\/plustvpress-com\/"}]}},"_links":{"self":[{"href":"https:\/\/telocuentavictorhugo.com\/index.php\/wp-json\/wp\/v2\/posts\/9772","targetHints":{"allow":["GET"]}}],"collection":[{"href":"https:\/\/telocuentavictorhugo.com\/index.php\/wp-json\/wp\/v2\/posts"}],"about":[{"href":"https:\/\/telocuentavictorhugo.com\/index.php\/wp-json\/wp\/v2\/types\/post"}],"author":[{"embeddable":true,"href":"https:\/\/telocuentavictorhugo.com\/index.php\/wp-json\/wp\/v2\/users\/1"}],"replies":[{"embeddable":true,"href":"https:\/\/telocuentavictorhugo.com\/index.php\/wp-json\/wp\/v2\/comments?post=9772"}],"version-history":[{"count":1,"href":"https:\/\/telocuentavictorhugo.com\/index.php\/wp-json\/wp\/v2\/posts\/9772\/revisions"}],"predecessor-version":[{"id":9790,"href":"https:\/\/telocuentavictorhugo.com\/index.php\/wp-json\/wp\/v2\/posts\/9772\/revisions\/9790"}],"wp:featuredmedia":[{"embeddable":true,"href":"https:\/\/telocuentavictorhugo.com\/index.php\/wp-json\/wp\/v2\/media\/9782"}],"wp:attachment":[{"href":"https:\/\/telocuentavictorhugo.com\/index.php\/wp-json\/wp\/v2\/media?parent=9772"}],"wp:term":[{"taxonomy":"category","embeddable":true,"href":"https:\/\/telocuentavictorhugo.com\/index.php\/wp-json\/wp\/v2\/categories?post=9772"},{"taxonomy":"post_tag","embeddable":true,"href":"https:\/\/telocuentavictorhugo.com\/index.php\/wp-json\/wp\/v2\/tags?post=9772"}],"curies":[{"name":"wp","href":"https:\/\/api.w.org\/{rel}","templated":true}]}}