{"id":9771,"date":"2025-09-12T00:12:33","date_gmt":"2025-09-12T04:12:33","guid":{"rendered":"https:\/\/telocuentavictorhugo.com\/?p=9771"},"modified":"2025-09-12T00:12:35","modified_gmt":"2025-09-12T04:12:35","slug":"arce-promulga-ley-contra-el-bus0-s3xul-en-la-era-digital","status":"publish","type":"post","link":"https:\/\/telocuentavictorhugo.com\/index.php\/2025\/09\/12\/arce-promulga-ley-contra-el-bus0-s3xul-en-la-era-digital\/","title":{"rendered":"ARCE PROMULGA LEY CONTRA EL @BUS0 S3XU@L EN LA ERA DIGITAL"},"content":{"rendered":"\n<p>El presidente Luis Arce promulg\u00f3 este mi\u00e9rcoles la Ley 1636, destinada a salvaguardar la integridad sexual de ni\u00f1as, ni\u00f1os y adolescentes en entornos digitales. La normativa, resultado de una iniciativa de la Fiscal\u00eda General del Estado, fue aprobada en consenso y por unanimidad en la Asamblea Legislativa Plurinacional, marcando un paso decisivo en la legislaci\u00f3n boliviana frente a delitos digitales que afectan a los menores. La nueva ley introduce cinco figuras penales espec\u00edficas, fortaleciendo el marco legal para identificar, investigar y sancionar conductas delictivas como el grooming, la difusi\u00f3n de material de abuso sexual infantil y el contacto indebido con fines sexuales a trav\u00e9s de las tecnolog\u00edas de la informaci\u00f3n y comunicaci\u00f3n (TIC). Entre las medidas m\u00e1s severas, establece penas de 10 a 15 a\u00f1os de c\u00e1rcel para quienes distribuyan, comercialicen o intercambien contenidos digitales que representen a menores en situaciones de explotaci\u00f3n, adem\u00e1s de sanciones de 4 a 8 a\u00f1os para quienes contacten a menores con fines sexuales mediante plataformas electr\u00f3nicas.<\/p>\n\n\n\n<figure class=\"wp-block-embed is-type-video is-provider-youtube wp-block-embed-youtube wp-embed-aspect-16-9 wp-has-aspect-ratio\"><div class=\"wp-block-embed__wrapper\">\n<iframe title=\"ARCE PROMULGA LEY CONTRA EL @BUS0 S3XU@L EN LA ERA DIGITAL\" width=\"800\" height=\"450\" src=\"https:\/\/www.youtube.com\/embed\/Or7LMt1G4h8?feature=oembed\" frameborder=\"0\" allow=\"accelerometer; autoplay; clipboard-write; encrypted-media; gyroscope; picture-in-picture; web-share\" referrerpolicy=\"strict-origin-when-cross-origin\" allowfullscreen><\/iframe>\n<\/div><\/figure>\n","protected":false},"excerpt":{"rendered":"<p>El presidente Luis Arce promulg\u00f3 este mi\u00e9rcoles la Ley 1636, destinada a salvaguardar la integridad sexual de ni\u00f1as, ni\u00f1os y adolescentes en entornos digitales. La normativa, resultado de una iniciativa de la Fiscal\u00eda General del Estado, fue aprobada en consenso y por unanimidad en la Asamblea Legislativa Plurinacional, marcando un paso decisivo en la legislaci\u00f3n [&hellip;]<\/p>\n","protected":false},"author":1,"featured_media":9780,"comment_status":"open","ping_status":"open","sticky":false,"template":"","format":"standard","meta":{"_eb_attr":"","footnotes":""},"categories":[1,42],"tags":[],"class_list":["post-9771","post","type-post","status-publish","format-standard","has-post-thumbnail","hentry","category-noticias","category-politica"],"yoast_head":"<!-- This site is optimized with the Yoast SEO plugin v27.4 - https:\/\/yoast.com\/product\/yoast-seo-wordpress\/ -->\n<title>ARCE PROMULGA LEY CONTRA EL @BUS0 S3XU@L EN LA ERA DIGITAL - Te lo Cuenta Victor<\/title>\n<meta name=\"robots\" content=\"index, follow, max-snippet:-1, max-image-preview:large, max-video-preview:-1\" \/>\n<link rel=\"canonical\" href=\"https:\/\/telocuentavictorhugo.com\/index.php\/2025\/09\/12\/arce-promulga-ley-contra-el-bus0-s3xul-en-la-era-digital\/\" \/>\n<meta property=\"og:locale\" content=\"es_ES\" \/>\n<meta property=\"og:type\" content=\"article\" \/>\n<meta property=\"og:title\" content=\"ARCE PROMULGA LEY CONTRA EL @BUS0 S3XU@L EN LA ERA DIGITAL - Te lo Cuenta Victor\" \/>\n<meta property=\"og:description\" content=\"El presidente Luis Arce promulg\u00f3 este mi\u00e9rcoles la Ley 1636, destinada a salvaguardar la integridad sexual de ni\u00f1as, ni\u00f1os y adolescentes en entornos digitales. La normativa, resultado de una iniciativa de la Fiscal\u00eda General del Estado, fue aprobada en consenso y por unanimidad en la Asamblea Legislativa Plurinacional, marcando un paso decisivo en la legislaci\u00f3n [&hellip;]\" \/>\n<meta property=\"og:url\" content=\"https:\/\/telocuentavictorhugo.com\/index.php\/2025\/09\/12\/arce-promulga-ley-contra-el-bus0-s3xul-en-la-era-digital\/\" \/>\n<meta property=\"og:site_name\" content=\"Te lo Cuenta Victor\" \/>\n<meta property=\"article:published_time\" content=\"2025-09-12T04:12:33+00:00\" \/>\n<meta property=\"article:modified_time\" content=\"2025-09-12T04:12:35+00:00\" \/>\n<meta property=\"og:image\" content=\"http:\/\/telocuentavictorhugo.com\/wp-content\/uploads\/2025\/09\/13.jpg\" \/>\n\t<meta property=\"og:image:width\" content=\"458\" \/>\n\t<meta property=\"og:image:height\" content=\"373\" \/>\n\t<meta property=\"og:image:type\" content=\"image\/jpeg\" \/>\n<meta name=\"author\" content=\"telocuentavictorhugo.com\" \/>\n<meta name=\"twitter:card\" content=\"summary_large_image\" \/>\n<meta name=\"twitter:label1\" content=\"Escrito por\" \/>\n\t<meta name=\"twitter:data1\" content=\"telocuentavictorhugo.com\" \/>\n\t<meta name=\"twitter:label2\" content=\"Tiempo de lectura\" \/>\n\t<meta name=\"twitter:data2\" content=\"1 minuto\" \/>\n<script type=\"application\/ld+json\" class=\"yoast-schema-graph\">{\"@context\":\"https:\\\/\\\/schema.org\",\"@graph\":[{\"@type\":\"Article\",\"@id\":\"https:\\\/\\\/telocuentavictorhugo.com\\\/index.php\\\/2025\\\/09\\\/12\\\/arce-promulga-ley-contra-el-bus0-s3xul-en-la-era-digital\\\/#article\",\"isPartOf\":{\"@id\":\"https:\\\/\\\/telocuentavictorhugo.com\\\/index.php\\\/2025\\\/09\\\/12\\\/arce-promulga-ley-contra-el-bus0-s3xul-en-la-era-digital\\\/\"},\"author\":{\"name\":\"telocuentavictorhugo.com\",\"@id\":\"https:\\\/\\\/telocuentavictorhugo.com\\\/#\\\/schema\\\/person\\\/a8307d7271ba2849b49b562ad8602f06\"},\"headline\":\"ARCE PROMULGA LEY CONTRA EL @BUS0 S3XU@L EN LA ERA DIGITAL\",\"datePublished\":\"2025-09-12T04:12:33+00:00\",\"dateModified\":\"2025-09-12T04:12:35+00:00\",\"mainEntityOfPage\":{\"@id\":\"https:\\\/\\\/telocuentavictorhugo.com\\\/index.php\\\/2025\\\/09\\\/12\\\/arce-promulga-ley-contra-el-bus0-s3xul-en-la-era-digital\\\/\"},\"wordCount\":195,\"commentCount\":0,\"publisher\":{\"@id\":\"https:\\\/\\\/telocuentavictorhugo.com\\\/#organization\"},\"image\":{\"@id\":\"https:\\\/\\\/telocuentavictorhugo.com\\\/index.php\\\/2025\\\/09\\\/12\\\/arce-promulga-ley-contra-el-bus0-s3xul-en-la-era-digital\\\/#primaryimage\"},\"thumbnailUrl\":\"https:\\\/\\\/telocuentavictorhugo.com\\\/wp-content\\\/uploads\\\/2025\\\/09\\\/13.jpg\",\"articleSection\":[\"Noticias\",\"Pol\u00edtica\"],\"inLanguage\":\"es\",\"potentialAction\":[{\"@type\":\"CommentAction\",\"name\":\"Comment\",\"target\":[\"https:\\\/\\\/telocuentavictorhugo.com\\\/index.php\\\/2025\\\/09\\\/12\\\/arce-promulga-ley-contra-el-bus0-s3xul-en-la-era-digital\\\/#respond\"]}]},{\"@type\":\"WebPage\",\"@id\":\"https:\\\/\\\/telocuentavictorhugo.com\\\/index.php\\\/2025\\\/09\\\/12\\\/arce-promulga-ley-contra-el-bus0-s3xul-en-la-era-digital\\\/\",\"url\":\"https:\\\/\\\/telocuentavictorhugo.com\\\/index.php\\\/2025\\\/09\\\/12\\\/arce-promulga-ley-contra-el-bus0-s3xul-en-la-era-digital\\\/\",\"name\":\"ARCE PROMULGA LEY CONTRA EL @BUS0 S3XU@L EN LA ERA DIGITAL - Te lo Cuenta Victor\",\"isPartOf\":{\"@id\":\"https:\\\/\\\/telocuentavictorhugo.com\\\/#website\"},\"primaryImageOfPage\":{\"@id\":\"https:\\\/\\\/telocuentavictorhugo.com\\\/index.php\\\/2025\\\/09\\\/12\\\/arce-promulga-ley-contra-el-bus0-s3xul-en-la-era-digital\\\/#primaryimage\"},\"image\":{\"@id\":\"https:\\\/\\\/telocuentavictorhugo.com\\\/index.php\\\/2025\\\/09\\\/12\\\/arce-promulga-ley-contra-el-bus0-s3xul-en-la-era-digital\\\/#primaryimage\"},\"thumbnailUrl\":\"https:\\\/\\\/telocuentavictorhugo.com\\\/wp-content\\\/uploads\\\/2025\\\/09\\\/13.jpg\",\"datePublished\":\"2025-09-12T04:12:33+00:00\",\"dateModified\":\"2025-09-12T04:12:35+00:00\",\"breadcrumb\":{\"@id\":\"https:\\\/\\\/telocuentavictorhugo.com\\\/index.php\\\/2025\\\/09\\\/12\\\/arce-promulga-ley-contra-el-bus0-s3xul-en-la-era-digital\\\/#breadcrumb\"},\"inLanguage\":\"es\",\"potentialAction\":[{\"@type\":\"ReadAction\",\"target\":[\"https:\\\/\\\/telocuentavictorhugo.com\\\/index.php\\\/2025\\\/09\\\/12\\\/arce-promulga-ley-contra-el-bus0-s3xul-en-la-era-digital\\\/\"]}]},{\"@type\":\"ImageObject\",\"inLanguage\":\"es\",\"@id\":\"https:\\\/\\\/telocuentavictorhugo.com\\\/index.php\\\/2025\\\/09\\\/12\\\/arce-promulga-ley-contra-el-bus0-s3xul-en-la-era-digital\\\/#primaryimage\",\"url\":\"https:\\\/\\\/telocuentavictorhugo.com\\\/wp-content\\\/uploads\\\/2025\\\/09\\\/13.jpg\",\"contentUrl\":\"https:\\\/\\\/telocuentavictorhugo.com\\\/wp-content\\\/uploads\\\/2025\\\/09\\\/13.jpg\",\"width\":458,\"height\":373},{\"@type\":\"BreadcrumbList\",\"@id\":\"https:\\\/\\\/telocuentavictorhugo.com\\\/index.php\\\/2025\\\/09\\\/12\\\/arce-promulga-ley-contra-el-bus0-s3xul-en-la-era-digital\\\/#breadcrumb\",\"itemListElement\":[{\"@type\":\"ListItem\",\"position\":1,\"name\":\"Portada\",\"item\":\"https:\\\/\\\/telocuentavictorhugo.com\\\/\"},{\"@type\":\"ListItem\",\"position\":2,\"name\":\"ARCE PROMULGA LEY CONTRA EL @BUS0 S3XU@L EN LA ERA DIGITAL\"}]},{\"@type\":\"WebSite\",\"@id\":\"https:\\\/\\\/telocuentavictorhugo.com\\\/#website\",\"url\":\"https:\\\/\\\/telocuentavictorhugo.com\\\/\",\"name\":\"Te lo Cuenta Victor\",\"description\":\"\",\"publisher\":{\"@id\":\"https:\\\/\\\/telocuentavictorhugo.com\\\/#organization\"},\"potentialAction\":[{\"@type\":\"SearchAction\",\"target\":{\"@type\":\"EntryPoint\",\"urlTemplate\":\"https:\\\/\\\/telocuentavictorhugo.com\\\/?s={search_term_string}\"},\"query-input\":{\"@type\":\"PropertyValueSpecification\",\"valueRequired\":true,\"valueName\":\"search_term_string\"}}],\"inLanguage\":\"es\"},{\"@type\":\"Organization\",\"@id\":\"https:\\\/\\\/telocuentavictorhugo.com\\\/#organization\",\"name\":\"Te lo Cuenta Victor\",\"url\":\"https:\\\/\\\/telocuentavictorhugo.com\\\/\",\"logo\":{\"@type\":\"ImageObject\",\"inLanguage\":\"es\",\"@id\":\"https:\\\/\\\/telocuentavictorhugo.com\\\/#\\\/schema\\\/logo\\\/image\\\/\",\"url\":\"https:\\\/\\\/telocuentavictorhugo.com\\\/wp-content\\\/uploads\\\/2023\\\/12\\\/Logo.png\",\"contentUrl\":\"https:\\\/\\\/telocuentavictorhugo.com\\\/wp-content\\\/uploads\\\/2023\\\/12\\\/Logo.png\",\"width\":1080,\"height\":176,\"caption\":\"Te lo Cuenta Victor\"},\"image\":{\"@id\":\"https:\\\/\\\/telocuentavictorhugo.com\\\/#\\\/schema\\\/logo\\\/image\\\/\"}},{\"@type\":\"Person\",\"@id\":\"https:\\\/\\\/telocuentavictorhugo.com\\\/#\\\/schema\\\/person\\\/a8307d7271ba2849b49b562ad8602f06\",\"name\":\"telocuentavictorhugo.com\",\"image\":{\"@type\":\"ImageObject\",\"inLanguage\":\"es\",\"@id\":\"https:\\\/\\\/secure.gravatar.com\\\/avatar\\\/da212e7b532df19fd2aea5daf46d8c176abfc85521e4b80ed435d7426ef63eb6?s=96&d=mm&r=g\",\"url\":\"https:\\\/\\\/secure.gravatar.com\\\/avatar\\\/da212e7b532df19fd2aea5daf46d8c176abfc85521e4b80ed435d7426ef63eb6?s=96&d=mm&r=g\",\"contentUrl\":\"https:\\\/\\\/secure.gravatar.com\\\/avatar\\\/da212e7b532df19fd2aea5daf46d8c176abfc85521e4b80ed435d7426ef63eb6?s=96&d=mm&r=g\",\"caption\":\"telocuentavictorhugo.com\"},\"sameAs\":[\"http:\\\/\\\/telocuentavictorhugo.com\"],\"url\":\"https:\\\/\\\/telocuentavictorhugo.com\\\/index.php\\\/author\\\/plustvpress-com\\\/\"}]}<\/script>\n<!-- \/ Yoast SEO plugin. -->","yoast_head_json":{"title":"ARCE PROMULGA LEY CONTRA EL @BUS0 S3XU@L EN LA ERA DIGITAL - Te lo Cuenta Victor","robots":{"index":"index","follow":"follow","max-snippet":"max-snippet:-1","max-image-preview":"max-image-preview:large","max-video-preview":"max-video-preview:-1"},"canonical":"https:\/\/telocuentavictorhugo.com\/index.php\/2025\/09\/12\/arce-promulga-ley-contra-el-bus0-s3xul-en-la-era-digital\/","og_locale":"es_ES","og_type":"article","og_title":"ARCE PROMULGA LEY CONTRA EL @BUS0 S3XU@L EN LA ERA DIGITAL - Te lo Cuenta Victor","og_description":"El presidente Luis Arce promulg\u00f3 este mi\u00e9rcoles la Ley 1636, destinada a salvaguardar la integridad sexual de ni\u00f1as, ni\u00f1os y adolescentes en entornos digitales. La normativa, resultado de una iniciativa de la Fiscal\u00eda General del Estado, fue aprobada en consenso y por unanimidad en la Asamblea Legislativa Plurinacional, marcando un paso decisivo en la legislaci\u00f3n [&hellip;]","og_url":"https:\/\/telocuentavictorhugo.com\/index.php\/2025\/09\/12\/arce-promulga-ley-contra-el-bus0-s3xul-en-la-era-digital\/","og_site_name":"Te lo Cuenta Victor","article_published_time":"2025-09-12T04:12:33+00:00","article_modified_time":"2025-09-12T04:12:35+00:00","og_image":[{"width":458,"height":373,"url":"http:\/\/telocuentavictorhugo.com\/wp-content\/uploads\/2025\/09\/13.jpg","type":"image\/jpeg"}],"author":"telocuentavictorhugo.com","twitter_card":"summary_large_image","twitter_misc":{"Escrito por":"telocuentavictorhugo.com","Tiempo de lectura":"1 minuto"},"schema":{"@context":"https:\/\/schema.org","@graph":[{"@type":"Article","@id":"https:\/\/telocuentavictorhugo.com\/index.php\/2025\/09\/12\/arce-promulga-ley-contra-el-bus0-s3xul-en-la-era-digital\/#article","isPartOf":{"@id":"https:\/\/telocuentavictorhugo.com\/index.php\/2025\/09\/12\/arce-promulga-ley-contra-el-bus0-s3xul-en-la-era-digital\/"},"author":{"name":"telocuentavictorhugo.com","@id":"https:\/\/telocuentavictorhugo.com\/#\/schema\/person\/a8307d7271ba2849b49b562ad8602f06"},"headline":"ARCE PROMULGA LEY CONTRA EL @BUS0 S3XU@L EN LA ERA DIGITAL","datePublished":"2025-09-12T04:12:33+00:00","dateModified":"2025-09-12T04:12:35+00:00","mainEntityOfPage":{"@id":"https:\/\/telocuentavictorhugo.com\/index.php\/2025\/09\/12\/arce-promulga-ley-contra-el-bus0-s3xul-en-la-era-digital\/"},"wordCount":195,"commentCount":0,"publisher":{"@id":"https:\/\/telocuentavictorhugo.com\/#organization"},"image":{"@id":"https:\/\/telocuentavictorhugo.com\/index.php\/2025\/09\/12\/arce-promulga-ley-contra-el-bus0-s3xul-en-la-era-digital\/#primaryimage"},"thumbnailUrl":"https:\/\/telocuentavictorhugo.com\/wp-content\/uploads\/2025\/09\/13.jpg","articleSection":["Noticias","Pol\u00edtica"],"inLanguage":"es","potentialAction":[{"@type":"CommentAction","name":"Comment","target":["https:\/\/telocuentavictorhugo.com\/index.php\/2025\/09\/12\/arce-promulga-ley-contra-el-bus0-s3xul-en-la-era-digital\/#respond"]}]},{"@type":"WebPage","@id":"https:\/\/telocuentavictorhugo.com\/index.php\/2025\/09\/12\/arce-promulga-ley-contra-el-bus0-s3xul-en-la-era-digital\/","url":"https:\/\/telocuentavictorhugo.com\/index.php\/2025\/09\/12\/arce-promulga-ley-contra-el-bus0-s3xul-en-la-era-digital\/","name":"ARCE PROMULGA LEY CONTRA EL @BUS0 S3XU@L EN LA ERA DIGITAL - Te lo Cuenta Victor","isPartOf":{"@id":"https:\/\/telocuentavictorhugo.com\/#website"},"primaryImageOfPage":{"@id":"https:\/\/telocuentavictorhugo.com\/index.php\/2025\/09\/12\/arce-promulga-ley-contra-el-bus0-s3xul-en-la-era-digital\/#primaryimage"},"image":{"@id":"https:\/\/telocuentavictorhugo.com\/index.php\/2025\/09\/12\/arce-promulga-ley-contra-el-bus0-s3xul-en-la-era-digital\/#primaryimage"},"thumbnailUrl":"https:\/\/telocuentavictorhugo.com\/wp-content\/uploads\/2025\/09\/13.jpg","datePublished":"2025-09-12T04:12:33+00:00","dateModified":"2025-09-12T04:12:35+00:00","breadcrumb":{"@id":"https:\/\/telocuentavictorhugo.com\/index.php\/2025\/09\/12\/arce-promulga-ley-contra-el-bus0-s3xul-en-la-era-digital\/#breadcrumb"},"inLanguage":"es","potentialAction":[{"@type":"ReadAction","target":["https:\/\/telocuentavictorhugo.com\/index.php\/2025\/09\/12\/arce-promulga-ley-contra-el-bus0-s3xul-en-la-era-digital\/"]}]},{"@type":"ImageObject","inLanguage":"es","@id":"https:\/\/telocuentavictorhugo.com\/index.php\/2025\/09\/12\/arce-promulga-ley-contra-el-bus0-s3xul-en-la-era-digital\/#primaryimage","url":"https:\/\/telocuentavictorhugo.com\/wp-content\/uploads\/2025\/09\/13.jpg","contentUrl":"https:\/\/telocuentavictorhugo.com\/wp-content\/uploads\/2025\/09\/13.jpg","width":458,"height":373},{"@type":"BreadcrumbList","@id":"https:\/\/telocuentavictorhugo.com\/index.php\/2025\/09\/12\/arce-promulga-ley-contra-el-bus0-s3xul-en-la-era-digital\/#breadcrumb","itemListElement":[{"@type":"ListItem","position":1,"name":"Portada","item":"https:\/\/telocuentavictorhugo.com\/"},{"@type":"ListItem","position":2,"name":"ARCE PROMULGA LEY CONTRA EL @BUS0 S3XU@L EN LA ERA DIGITAL"}]},{"@type":"WebSite","@id":"https:\/\/telocuentavictorhugo.com\/#website","url":"https:\/\/telocuentavictorhugo.com\/","name":"Te lo Cuenta Victor","description":"","publisher":{"@id":"https:\/\/telocuentavictorhugo.com\/#organization"},"potentialAction":[{"@type":"SearchAction","target":{"@type":"EntryPoint","urlTemplate":"https:\/\/telocuentavictorhugo.com\/?s={search_term_string}"},"query-input":{"@type":"PropertyValueSpecification","valueRequired":true,"valueName":"search_term_string"}}],"inLanguage":"es"},{"@type":"Organization","@id":"https:\/\/telocuentavictorhugo.com\/#organization","name":"Te lo Cuenta Victor","url":"https:\/\/telocuentavictorhugo.com\/","logo":{"@type":"ImageObject","inLanguage":"es","@id":"https:\/\/telocuentavictorhugo.com\/#\/schema\/logo\/image\/","url":"https:\/\/telocuentavictorhugo.com\/wp-content\/uploads\/2023\/12\/Logo.png","contentUrl":"https:\/\/telocuentavictorhugo.com\/wp-content\/uploads\/2023\/12\/Logo.png","width":1080,"height":176,"caption":"Te lo Cuenta Victor"},"image":{"@id":"https:\/\/telocuentavictorhugo.com\/#\/schema\/logo\/image\/"}},{"@type":"Person","@id":"https:\/\/telocuentavictorhugo.com\/#\/schema\/person\/a8307d7271ba2849b49b562ad8602f06","name":"telocuentavictorhugo.com","image":{"@type":"ImageObject","inLanguage":"es","@id":"https:\/\/secure.gravatar.com\/avatar\/da212e7b532df19fd2aea5daf46d8c176abfc85521e4b80ed435d7426ef63eb6?s=96&d=mm&r=g","url":"https:\/\/secure.gravatar.com\/avatar\/da212e7b532df19fd2aea5daf46d8c176abfc85521e4b80ed435d7426ef63eb6?s=96&d=mm&r=g","contentUrl":"https:\/\/secure.gravatar.com\/avatar\/da212e7b532df19fd2aea5daf46d8c176abfc85521e4b80ed435d7426ef63eb6?s=96&d=mm&r=g","caption":"telocuentavictorhugo.com"},"sameAs":["http:\/\/telocuentavictorhugo.com"],"url":"https:\/\/telocuentavictorhugo.com\/index.php\/author\/plustvpress-com\/"}]}},"_links":{"self":[{"href":"https:\/\/telocuentavictorhugo.com\/index.php\/wp-json\/wp\/v2\/posts\/9771","targetHints":{"allow":["GET"]}}],"collection":[{"href":"https:\/\/telocuentavictorhugo.com\/index.php\/wp-json\/wp\/v2\/posts"}],"about":[{"href":"https:\/\/telocuentavictorhugo.com\/index.php\/wp-json\/wp\/v2\/types\/post"}],"author":[{"embeddable":true,"href":"https:\/\/telocuentavictorhugo.com\/index.php\/wp-json\/wp\/v2\/users\/1"}],"replies":[{"embeddable":true,"href":"https:\/\/telocuentavictorhugo.com\/index.php\/wp-json\/wp\/v2\/comments?post=9771"}],"version-history":[{"count":1,"href":"https:\/\/telocuentavictorhugo.com\/index.php\/wp-json\/wp\/v2\/posts\/9771\/revisions"}],"predecessor-version":[{"id":9788,"href":"https:\/\/telocuentavictorhugo.com\/index.php\/wp-json\/wp\/v2\/posts\/9771\/revisions\/9788"}],"wp:featuredmedia":[{"embeddable":true,"href":"https:\/\/telocuentavictorhugo.com\/index.php\/wp-json\/wp\/v2\/media\/9780"}],"wp:attachment":[{"href":"https:\/\/telocuentavictorhugo.com\/index.php\/wp-json\/wp\/v2\/media?parent=9771"}],"wp:term":[{"taxonomy":"category","embeddable":true,"href":"https:\/\/telocuentavictorhugo.com\/index.php\/wp-json\/wp\/v2\/categories?post=9771"},{"taxonomy":"post_tag","embeddable":true,"href":"https:\/\/telocuentavictorhugo.com\/index.php\/wp-json\/wp\/v2\/tags?post=9771"}],"curies":[{"name":"wp","href":"https:\/\/api.w.org\/{rel}","templated":true}]}}