{"id":9737,"date":"2025-09-12T00:01:07","date_gmt":"2025-09-12T04:01:07","guid":{"rendered":"https:\/\/telocuentavictorhugo.com\/?p=9737"},"modified":"2025-09-12T00:01:08","modified_gmt":"2025-09-12T04:01:08","slug":"luis-arce-enfrenta-denuncia-de-paternidad-pero-asegura-que-no-fue-notificado","status":"publish","type":"post","link":"https:\/\/telocuentavictorhugo.com\/index.php\/2025\/09\/12\/luis-arce-enfrenta-denuncia-de-paternidad-pero-asegura-que-no-fue-notificado\/","title":{"rendered":"LUIS ARCE ENFRENTA DENUNCIA DE PATERNIDAD, PERO ASEGURA QUE NO FUE NOTIFICADO"},"content":{"rendered":"\n<p>El fiscal departamental de Cochabamba, Osvaldo Tejerina, ha confirmado la apertura de una investigaci\u00f3n en curso contra el presidente Luis Arce, a ra\u00edz de una denuncia presentada por una exfuncionaria que lo acusa del presunto delito de abandono de mujer embarazada. La denuncia fue formulada por ., quien sostiene haber quedado embarazada del mandatario y afirma que este no solo rechaz\u00f3 la paternidad, sino que tambi\u00e9n la ha dejado sin apoyo desde el inicio de su embarazo. Por su parte, el presidente Arce declar\u00f3 que se enter\u00f3 de la acusaci\u00f3n a trav\u00e9s de la prensa y enfatiz\u00f3 que a\u00fan no ha recibido notificaci\u00f3n oficial, comprometido a defenderse legalmente una vez sea notificado.<\/p>\n\n\n\n<figure class=\"wp-block-embed is-type-video is-provider-youtube wp-block-embed-youtube wp-embed-aspect-16-9 wp-has-aspect-ratio\"><div class=\"wp-block-embed__wrapper\">\n<iframe title=\"LUIS ARCE ENFRENTA DENUNCIA DE PATERNIDAD, PERO ASEGURA QUE NO FUE NOTIFICADO\" width=\"800\" height=\"450\" src=\"https:\/\/www.youtube.com\/embed\/MemFwLzp2r8?feature=oembed\" frameborder=\"0\" allow=\"accelerometer; autoplay; clipboard-write; encrypted-media; gyroscope; picture-in-picture; web-share\" referrerpolicy=\"strict-origin-when-cross-origin\" allowfullscreen><\/iframe>\n<\/div><\/figure>\n\n\n\n<p><\/p>\n","protected":false},"excerpt":{"rendered":"<p>El fiscal departamental de Cochabamba, Osvaldo Tejerina, ha confirmado la apertura de una investigaci\u00f3n en curso contra el presidente Luis Arce, a ra\u00edz de una denuncia presentada por una exfuncionaria que lo acusa del presunto delito de abandono de mujer embarazada. La denuncia fue formulada por ., quien sostiene haber quedado embarazada del mandatario y [&hellip;]<\/p>\n","protected":false},"author":1,"featured_media":9747,"comment_status":"open","ping_status":"open","sticky":false,"template":"","format":"standard","meta":{"_eb_attr":"","footnotes":""},"categories":[1,42],"tags":[],"class_list":["post-9737","post","type-post","status-publish","format-standard","has-post-thumbnail","hentry","category-noticias","category-politica"],"yoast_head":"<!-- This site is optimized with the Yoast SEO plugin v27.4 - https:\/\/yoast.com\/product\/yoast-seo-wordpress\/ -->\n<title>LUIS ARCE ENFRENTA DENUNCIA DE PATERNIDAD, PERO ASEGURA QUE NO FUE NOTIFICADO - Te lo Cuenta Victor<\/title>\n<meta name=\"robots\" content=\"index, follow, max-snippet:-1, max-image-preview:large, max-video-preview:-1\" \/>\n<link rel=\"canonical\" href=\"https:\/\/telocuentavictorhugo.com\/index.php\/2025\/09\/12\/luis-arce-enfrenta-denuncia-de-paternidad-pero-asegura-que-no-fue-notificado\/\" \/>\n<meta property=\"og:locale\" content=\"es_ES\" \/>\n<meta property=\"og:type\" content=\"article\" \/>\n<meta property=\"og:title\" content=\"LUIS ARCE ENFRENTA DENUNCIA DE PATERNIDAD, PERO ASEGURA QUE NO FUE NOTIFICADO - Te lo Cuenta Victor\" \/>\n<meta property=\"og:description\" content=\"El fiscal departamental de Cochabamba, Osvaldo Tejerina, ha confirmado la apertura de una investigaci\u00f3n en curso contra el presidente Luis Arce, a ra\u00edz de una denuncia presentada por una exfuncionaria que lo acusa del presunto delito de abandono de mujer embarazada. La denuncia fue formulada por ., quien sostiene haber quedado embarazada del mandatario y [&hellip;]\" \/>\n<meta property=\"og:url\" content=\"https:\/\/telocuentavictorhugo.com\/index.php\/2025\/09\/12\/luis-arce-enfrenta-denuncia-de-paternidad-pero-asegura-que-no-fue-notificado\/\" \/>\n<meta property=\"og:site_name\" content=\"Te lo Cuenta Victor\" \/>\n<meta property=\"article:published_time\" content=\"2025-09-12T04:01:07+00:00\" \/>\n<meta property=\"article:modified_time\" content=\"2025-09-12T04:01:08+00:00\" \/>\n<meta property=\"og:image\" content=\"http:\/\/telocuentavictorhugo.com\/wp-content\/uploads\/2025\/09\/2-4.jpg\" \/>\n\t<meta property=\"og:image:width\" content=\"520\" \/>\n\t<meta property=\"og:image:height\" content=\"340\" \/>\n\t<meta property=\"og:image:type\" content=\"image\/jpeg\" \/>\n<meta name=\"author\" content=\"telocuentavictorhugo.com\" \/>\n<meta name=\"twitter:card\" content=\"summary_large_image\" \/>\n<meta name=\"twitter:label1\" content=\"Escrito por\" \/>\n\t<meta name=\"twitter:data1\" content=\"telocuentavictorhugo.com\" \/>\n\t<meta name=\"twitter:label2\" content=\"Tiempo de lectura\" \/>\n\t<meta name=\"twitter:data2\" content=\"1 minuto\" \/>\n<script type=\"application\/ld+json\" class=\"yoast-schema-graph\">{\"@context\":\"https:\\\/\\\/schema.org\",\"@graph\":[{\"@type\":\"Article\",\"@id\":\"https:\\\/\\\/telocuentavictorhugo.com\\\/index.php\\\/2025\\\/09\\\/12\\\/luis-arce-enfrenta-denuncia-de-paternidad-pero-asegura-que-no-fue-notificado\\\/#article\",\"isPartOf\":{\"@id\":\"https:\\\/\\\/telocuentavictorhugo.com\\\/index.php\\\/2025\\\/09\\\/12\\\/luis-arce-enfrenta-denuncia-de-paternidad-pero-asegura-que-no-fue-notificado\\\/\"},\"author\":{\"name\":\"telocuentavictorhugo.com\",\"@id\":\"https:\\\/\\\/telocuentavictorhugo.com\\\/#\\\/schema\\\/person\\\/a8307d7271ba2849b49b562ad8602f06\"},\"headline\":\"LUIS ARCE ENFRENTA DENUNCIA DE PATERNIDAD, PERO ASEGURA QUE NO FUE NOTIFICADO\",\"datePublished\":\"2025-09-12T04:01:07+00:00\",\"dateModified\":\"2025-09-12T04:01:08+00:00\",\"mainEntityOfPage\":{\"@id\":\"https:\\\/\\\/telocuentavictorhugo.com\\\/index.php\\\/2025\\\/09\\\/12\\\/luis-arce-enfrenta-denuncia-de-paternidad-pero-asegura-que-no-fue-notificado\\\/\"},\"wordCount\":135,\"commentCount\":0,\"publisher\":{\"@id\":\"https:\\\/\\\/telocuentavictorhugo.com\\\/#organization\"},\"image\":{\"@id\":\"https:\\\/\\\/telocuentavictorhugo.com\\\/index.php\\\/2025\\\/09\\\/12\\\/luis-arce-enfrenta-denuncia-de-paternidad-pero-asegura-que-no-fue-notificado\\\/#primaryimage\"},\"thumbnailUrl\":\"https:\\\/\\\/telocuentavictorhugo.com\\\/wp-content\\\/uploads\\\/2025\\\/09\\\/2-4.jpg\",\"articleSection\":[\"Noticias\",\"Pol\u00edtica\"],\"inLanguage\":\"es\",\"potentialAction\":[{\"@type\":\"CommentAction\",\"name\":\"Comment\",\"target\":[\"https:\\\/\\\/telocuentavictorhugo.com\\\/index.php\\\/2025\\\/09\\\/12\\\/luis-arce-enfrenta-denuncia-de-paternidad-pero-asegura-que-no-fue-notificado\\\/#respond\"]}]},{\"@type\":\"WebPage\",\"@id\":\"https:\\\/\\\/telocuentavictorhugo.com\\\/index.php\\\/2025\\\/09\\\/12\\\/luis-arce-enfrenta-denuncia-de-paternidad-pero-asegura-que-no-fue-notificado\\\/\",\"url\":\"https:\\\/\\\/telocuentavictorhugo.com\\\/index.php\\\/2025\\\/09\\\/12\\\/luis-arce-enfrenta-denuncia-de-paternidad-pero-asegura-que-no-fue-notificado\\\/\",\"name\":\"LUIS ARCE ENFRENTA DENUNCIA DE PATERNIDAD, PERO ASEGURA QUE NO FUE NOTIFICADO - Te lo Cuenta Victor\",\"isPartOf\":{\"@id\":\"https:\\\/\\\/telocuentavictorhugo.com\\\/#website\"},\"primaryImageOfPage\":{\"@id\":\"https:\\\/\\\/telocuentavictorhugo.com\\\/index.php\\\/2025\\\/09\\\/12\\\/luis-arce-enfrenta-denuncia-de-paternidad-pero-asegura-que-no-fue-notificado\\\/#primaryimage\"},\"image\":{\"@id\":\"https:\\\/\\\/telocuentavictorhugo.com\\\/index.php\\\/2025\\\/09\\\/12\\\/luis-arce-enfrenta-denuncia-de-paternidad-pero-asegura-que-no-fue-notificado\\\/#primaryimage\"},\"thumbnailUrl\":\"https:\\\/\\\/telocuentavictorhugo.com\\\/wp-content\\\/uploads\\\/2025\\\/09\\\/2-4.jpg\",\"datePublished\":\"2025-09-12T04:01:07+00:00\",\"dateModified\":\"2025-09-12T04:01:08+00:00\",\"breadcrumb\":{\"@id\":\"https:\\\/\\\/telocuentavictorhugo.com\\\/index.php\\\/2025\\\/09\\\/12\\\/luis-arce-enfrenta-denuncia-de-paternidad-pero-asegura-que-no-fue-notificado\\\/#breadcrumb\"},\"inLanguage\":\"es\",\"potentialAction\":[{\"@type\":\"ReadAction\",\"target\":[\"https:\\\/\\\/telocuentavictorhugo.com\\\/index.php\\\/2025\\\/09\\\/12\\\/luis-arce-enfrenta-denuncia-de-paternidad-pero-asegura-que-no-fue-notificado\\\/\"]}]},{\"@type\":\"ImageObject\",\"inLanguage\":\"es\",\"@id\":\"https:\\\/\\\/telocuentavictorhugo.com\\\/index.php\\\/2025\\\/09\\\/12\\\/luis-arce-enfrenta-denuncia-de-paternidad-pero-asegura-que-no-fue-notificado\\\/#primaryimage\",\"url\":\"https:\\\/\\\/telocuentavictorhugo.com\\\/wp-content\\\/uploads\\\/2025\\\/09\\\/2-4.jpg\",\"contentUrl\":\"https:\\\/\\\/telocuentavictorhugo.com\\\/wp-content\\\/uploads\\\/2025\\\/09\\\/2-4.jpg\",\"width\":520,\"height\":340},{\"@type\":\"BreadcrumbList\",\"@id\":\"https:\\\/\\\/telocuentavictorhugo.com\\\/index.php\\\/2025\\\/09\\\/12\\\/luis-arce-enfrenta-denuncia-de-paternidad-pero-asegura-que-no-fue-notificado\\\/#breadcrumb\",\"itemListElement\":[{\"@type\":\"ListItem\",\"position\":1,\"name\":\"Portada\",\"item\":\"https:\\\/\\\/telocuentavictorhugo.com\\\/\"},{\"@type\":\"ListItem\",\"position\":2,\"name\":\"LUIS ARCE ENFRENTA DENUNCIA DE PATERNIDAD, PERO ASEGURA QUE NO FUE NOTIFICADO\"}]},{\"@type\":\"WebSite\",\"@id\":\"https:\\\/\\\/telocuentavictorhugo.com\\\/#website\",\"url\":\"https:\\\/\\\/telocuentavictorhugo.com\\\/\",\"name\":\"Te lo Cuenta Victor\",\"description\":\"\",\"publisher\":{\"@id\":\"https:\\\/\\\/telocuentavictorhugo.com\\\/#organization\"},\"potentialAction\":[{\"@type\":\"SearchAction\",\"target\":{\"@type\":\"EntryPoint\",\"urlTemplate\":\"https:\\\/\\\/telocuentavictorhugo.com\\\/?s={search_term_string}\"},\"query-input\":{\"@type\":\"PropertyValueSpecification\",\"valueRequired\":true,\"valueName\":\"search_term_string\"}}],\"inLanguage\":\"es\"},{\"@type\":\"Organization\",\"@id\":\"https:\\\/\\\/telocuentavictorhugo.com\\\/#organization\",\"name\":\"Te lo Cuenta Victor\",\"url\":\"https:\\\/\\\/telocuentavictorhugo.com\\\/\",\"logo\":{\"@type\":\"ImageObject\",\"inLanguage\":\"es\",\"@id\":\"https:\\\/\\\/telocuentavictorhugo.com\\\/#\\\/schema\\\/logo\\\/image\\\/\",\"url\":\"https:\\\/\\\/telocuentavictorhugo.com\\\/wp-content\\\/uploads\\\/2023\\\/12\\\/Logo.png\",\"contentUrl\":\"https:\\\/\\\/telocuentavictorhugo.com\\\/wp-content\\\/uploads\\\/2023\\\/12\\\/Logo.png\",\"width\":1080,\"height\":176,\"caption\":\"Te lo Cuenta Victor\"},\"image\":{\"@id\":\"https:\\\/\\\/telocuentavictorhugo.com\\\/#\\\/schema\\\/logo\\\/image\\\/\"}},{\"@type\":\"Person\",\"@id\":\"https:\\\/\\\/telocuentavictorhugo.com\\\/#\\\/schema\\\/person\\\/a8307d7271ba2849b49b562ad8602f06\",\"name\":\"telocuentavictorhugo.com\",\"image\":{\"@type\":\"ImageObject\",\"inLanguage\":\"es\",\"@id\":\"https:\\\/\\\/secure.gravatar.com\\\/avatar\\\/da212e7b532df19fd2aea5daf46d8c176abfc85521e4b80ed435d7426ef63eb6?s=96&d=mm&r=g\",\"url\":\"https:\\\/\\\/secure.gravatar.com\\\/avatar\\\/da212e7b532df19fd2aea5daf46d8c176abfc85521e4b80ed435d7426ef63eb6?s=96&d=mm&r=g\",\"contentUrl\":\"https:\\\/\\\/secure.gravatar.com\\\/avatar\\\/da212e7b532df19fd2aea5daf46d8c176abfc85521e4b80ed435d7426ef63eb6?s=96&d=mm&r=g\",\"caption\":\"telocuentavictorhugo.com\"},\"sameAs\":[\"http:\\\/\\\/telocuentavictorhugo.com\"],\"url\":\"https:\\\/\\\/telocuentavictorhugo.com\\\/index.php\\\/author\\\/plustvpress-com\\\/\"}]}<\/script>\n<!-- \/ Yoast SEO plugin. -->","yoast_head_json":{"title":"LUIS ARCE ENFRENTA DENUNCIA DE PATERNIDAD, PERO ASEGURA QUE NO FUE NOTIFICADO - Te lo Cuenta Victor","robots":{"index":"index","follow":"follow","max-snippet":"max-snippet:-1","max-image-preview":"max-image-preview:large","max-video-preview":"max-video-preview:-1"},"canonical":"https:\/\/telocuentavictorhugo.com\/index.php\/2025\/09\/12\/luis-arce-enfrenta-denuncia-de-paternidad-pero-asegura-que-no-fue-notificado\/","og_locale":"es_ES","og_type":"article","og_title":"LUIS ARCE ENFRENTA DENUNCIA DE PATERNIDAD, PERO ASEGURA QUE NO FUE NOTIFICADO - Te lo Cuenta Victor","og_description":"El fiscal departamental de Cochabamba, Osvaldo Tejerina, ha confirmado la apertura de una investigaci\u00f3n en curso contra el presidente Luis Arce, a ra\u00edz de una denuncia presentada por una exfuncionaria que lo acusa del presunto delito de abandono de mujer embarazada. La denuncia fue formulada por ., quien sostiene haber quedado embarazada del mandatario y [&hellip;]","og_url":"https:\/\/telocuentavictorhugo.com\/index.php\/2025\/09\/12\/luis-arce-enfrenta-denuncia-de-paternidad-pero-asegura-que-no-fue-notificado\/","og_site_name":"Te lo Cuenta Victor","article_published_time":"2025-09-12T04:01:07+00:00","article_modified_time":"2025-09-12T04:01:08+00:00","og_image":[{"width":520,"height":340,"url":"http:\/\/telocuentavictorhugo.com\/wp-content\/uploads\/2025\/09\/2-4.jpg","type":"image\/jpeg"}],"author":"telocuentavictorhugo.com","twitter_card":"summary_large_image","twitter_misc":{"Escrito por":"telocuentavictorhugo.com","Tiempo de lectura":"1 minuto"},"schema":{"@context":"https:\/\/schema.org","@graph":[{"@type":"Article","@id":"https:\/\/telocuentavictorhugo.com\/index.php\/2025\/09\/12\/luis-arce-enfrenta-denuncia-de-paternidad-pero-asegura-que-no-fue-notificado\/#article","isPartOf":{"@id":"https:\/\/telocuentavictorhugo.com\/index.php\/2025\/09\/12\/luis-arce-enfrenta-denuncia-de-paternidad-pero-asegura-que-no-fue-notificado\/"},"author":{"name":"telocuentavictorhugo.com","@id":"https:\/\/telocuentavictorhugo.com\/#\/schema\/person\/a8307d7271ba2849b49b562ad8602f06"},"headline":"LUIS ARCE ENFRENTA DENUNCIA DE PATERNIDAD, PERO ASEGURA QUE NO FUE NOTIFICADO","datePublished":"2025-09-12T04:01:07+00:00","dateModified":"2025-09-12T04:01:08+00:00","mainEntityOfPage":{"@id":"https:\/\/telocuentavictorhugo.com\/index.php\/2025\/09\/12\/luis-arce-enfrenta-denuncia-de-paternidad-pero-asegura-que-no-fue-notificado\/"},"wordCount":135,"commentCount":0,"publisher":{"@id":"https:\/\/telocuentavictorhugo.com\/#organization"},"image":{"@id":"https:\/\/telocuentavictorhugo.com\/index.php\/2025\/09\/12\/luis-arce-enfrenta-denuncia-de-paternidad-pero-asegura-que-no-fue-notificado\/#primaryimage"},"thumbnailUrl":"https:\/\/telocuentavictorhugo.com\/wp-content\/uploads\/2025\/09\/2-4.jpg","articleSection":["Noticias","Pol\u00edtica"],"inLanguage":"es","potentialAction":[{"@type":"CommentAction","name":"Comment","target":["https:\/\/telocuentavictorhugo.com\/index.php\/2025\/09\/12\/luis-arce-enfrenta-denuncia-de-paternidad-pero-asegura-que-no-fue-notificado\/#respond"]}]},{"@type":"WebPage","@id":"https:\/\/telocuentavictorhugo.com\/index.php\/2025\/09\/12\/luis-arce-enfrenta-denuncia-de-paternidad-pero-asegura-que-no-fue-notificado\/","url":"https:\/\/telocuentavictorhugo.com\/index.php\/2025\/09\/12\/luis-arce-enfrenta-denuncia-de-paternidad-pero-asegura-que-no-fue-notificado\/","name":"LUIS ARCE ENFRENTA DENUNCIA DE PATERNIDAD, PERO ASEGURA QUE NO FUE NOTIFICADO - Te lo Cuenta Victor","isPartOf":{"@id":"https:\/\/telocuentavictorhugo.com\/#website"},"primaryImageOfPage":{"@id":"https:\/\/telocuentavictorhugo.com\/index.php\/2025\/09\/12\/luis-arce-enfrenta-denuncia-de-paternidad-pero-asegura-que-no-fue-notificado\/#primaryimage"},"image":{"@id":"https:\/\/telocuentavictorhugo.com\/index.php\/2025\/09\/12\/luis-arce-enfrenta-denuncia-de-paternidad-pero-asegura-que-no-fue-notificado\/#primaryimage"},"thumbnailUrl":"https:\/\/telocuentavictorhugo.com\/wp-content\/uploads\/2025\/09\/2-4.jpg","datePublished":"2025-09-12T04:01:07+00:00","dateModified":"2025-09-12T04:01:08+00:00","breadcrumb":{"@id":"https:\/\/telocuentavictorhugo.com\/index.php\/2025\/09\/12\/luis-arce-enfrenta-denuncia-de-paternidad-pero-asegura-que-no-fue-notificado\/#breadcrumb"},"inLanguage":"es","potentialAction":[{"@type":"ReadAction","target":["https:\/\/telocuentavictorhugo.com\/index.php\/2025\/09\/12\/luis-arce-enfrenta-denuncia-de-paternidad-pero-asegura-que-no-fue-notificado\/"]}]},{"@type":"ImageObject","inLanguage":"es","@id":"https:\/\/telocuentavictorhugo.com\/index.php\/2025\/09\/12\/luis-arce-enfrenta-denuncia-de-paternidad-pero-asegura-que-no-fue-notificado\/#primaryimage","url":"https:\/\/telocuentavictorhugo.com\/wp-content\/uploads\/2025\/09\/2-4.jpg","contentUrl":"https:\/\/telocuentavictorhugo.com\/wp-content\/uploads\/2025\/09\/2-4.jpg","width":520,"height":340},{"@type":"BreadcrumbList","@id":"https:\/\/telocuentavictorhugo.com\/index.php\/2025\/09\/12\/luis-arce-enfrenta-denuncia-de-paternidad-pero-asegura-que-no-fue-notificado\/#breadcrumb","itemListElement":[{"@type":"ListItem","position":1,"name":"Portada","item":"https:\/\/telocuentavictorhugo.com\/"},{"@type":"ListItem","position":2,"name":"LUIS ARCE ENFRENTA DENUNCIA DE PATERNIDAD, PERO ASEGURA QUE NO FUE NOTIFICADO"}]},{"@type":"WebSite","@id":"https:\/\/telocuentavictorhugo.com\/#website","url":"https:\/\/telocuentavictorhugo.com\/","name":"Te lo Cuenta Victor","description":"","publisher":{"@id":"https:\/\/telocuentavictorhugo.com\/#organization"},"potentialAction":[{"@type":"SearchAction","target":{"@type":"EntryPoint","urlTemplate":"https:\/\/telocuentavictorhugo.com\/?s={search_term_string}"},"query-input":{"@type":"PropertyValueSpecification","valueRequired":true,"valueName":"search_term_string"}}],"inLanguage":"es"},{"@type":"Organization","@id":"https:\/\/telocuentavictorhugo.com\/#organization","name":"Te lo Cuenta Victor","url":"https:\/\/telocuentavictorhugo.com\/","logo":{"@type":"ImageObject","inLanguage":"es","@id":"https:\/\/telocuentavictorhugo.com\/#\/schema\/logo\/image\/","url":"https:\/\/telocuentavictorhugo.com\/wp-content\/uploads\/2023\/12\/Logo.png","contentUrl":"https:\/\/telocuentavictorhugo.com\/wp-content\/uploads\/2023\/12\/Logo.png","width":1080,"height":176,"caption":"Te lo Cuenta Victor"},"image":{"@id":"https:\/\/telocuentavictorhugo.com\/#\/schema\/logo\/image\/"}},{"@type":"Person","@id":"https:\/\/telocuentavictorhugo.com\/#\/schema\/person\/a8307d7271ba2849b49b562ad8602f06","name":"telocuentavictorhugo.com","image":{"@type":"ImageObject","inLanguage":"es","@id":"https:\/\/secure.gravatar.com\/avatar\/da212e7b532df19fd2aea5daf46d8c176abfc85521e4b80ed435d7426ef63eb6?s=96&d=mm&r=g","url":"https:\/\/secure.gravatar.com\/avatar\/da212e7b532df19fd2aea5daf46d8c176abfc85521e4b80ed435d7426ef63eb6?s=96&d=mm&r=g","contentUrl":"https:\/\/secure.gravatar.com\/avatar\/da212e7b532df19fd2aea5daf46d8c176abfc85521e4b80ed435d7426ef63eb6?s=96&d=mm&r=g","caption":"telocuentavictorhugo.com"},"sameAs":["http:\/\/telocuentavictorhugo.com"],"url":"https:\/\/telocuentavictorhugo.com\/index.php\/author\/plustvpress-com\/"}]}},"_links":{"self":[{"href":"https:\/\/telocuentavictorhugo.com\/index.php\/wp-json\/wp\/v2\/posts\/9737","targetHints":{"allow":["GET"]}}],"collection":[{"href":"https:\/\/telocuentavictorhugo.com\/index.php\/wp-json\/wp\/v2\/posts"}],"about":[{"href":"https:\/\/telocuentavictorhugo.com\/index.php\/wp-json\/wp\/v2\/types\/post"}],"author":[{"embeddable":true,"href":"https:\/\/telocuentavictorhugo.com\/index.php\/wp-json\/wp\/v2\/users\/1"}],"replies":[{"embeddable":true,"href":"https:\/\/telocuentavictorhugo.com\/index.php\/wp-json\/wp\/v2\/comments?post=9737"}],"version-history":[{"count":1,"href":"https:\/\/telocuentavictorhugo.com\/index.php\/wp-json\/wp\/v2\/posts\/9737\/revisions"}],"predecessor-version":[{"id":9760,"href":"https:\/\/telocuentavictorhugo.com\/index.php\/wp-json\/wp\/v2\/posts\/9737\/revisions\/9760"}],"wp:featuredmedia":[{"embeddable":true,"href":"https:\/\/telocuentavictorhugo.com\/index.php\/wp-json\/wp\/v2\/media\/9747"}],"wp:attachment":[{"href":"https:\/\/telocuentavictorhugo.com\/index.php\/wp-json\/wp\/v2\/media?parent=9737"}],"wp:term":[{"taxonomy":"category","embeddable":true,"href":"https:\/\/telocuentavictorhugo.com\/index.php\/wp-json\/wp\/v2\/categories?post=9737"},{"taxonomy":"post_tag","embeddable":true,"href":"https:\/\/telocuentavictorhugo.com\/index.php\/wp-json\/wp\/v2\/tags?post=9737"}],"curies":[{"name":"wp","href":"https:\/\/api.w.org\/{rel}","templated":true}]}}