{"id":9716,"date":"2025-09-07T02:06:27","date_gmt":"2025-09-07T06:06:27","guid":{"rendered":"https:\/\/telocuentavictorhugo.com\/?p=9716"},"modified":"2025-09-07T02:06:30","modified_gmt":"2025-09-07T06:06:30","slug":"tahuichi-pide-cumbre-para-un-pacto-de-paz-entre-candidatos","status":"publish","type":"post","link":"https:\/\/telocuentavictorhugo.com\/index.php\/2025\/09\/07\/tahuichi-pide-cumbre-para-un-pacto-de-paz-entre-candidatos\/","title":{"rendered":"TAHUICHI PIDE CUMBRE PARA UN PACTO DE PAZ ENTRE CANDIDATOS"},"content":{"rendered":"\n<p>El vocal del Tribunal Supremo Electoral (TSE), Tahuichi Tahuichi Quispe, ha dirigido una carta a la presidenta en ejercicio de esa instancia, Yajaira San Mart\u00edn, en la que propone la convocatoria de una cumbre interinstitucional en los pr\u00f3ximos d\u00edas. La iniciativa busca reunir a los principales actores pol\u00edticos del pa\u00eds, incluyendo a los candidatos presidenciales y vicepresidenciales, con el fin de firmar un pacto de no agresi\u00f3n en la recta final de la segunda vuelta electoral prevista para el 19 de octubre. Esta propuesta surge en medio de un contexto de alta tensi\u00f3n pol\u00edtica, en el que las elecciones del pasado 17 de agosto dejaron una polarizaci\u00f3n marcada entre los dos binomios con mayor respaldo popular: el Partido Dem\u00f3crata Cristiano, representado por Rodrigo Paz y Edman Lara, y la Alianza Libre, encabezada por Jorge Tuto Quiroga y Juan Pablo Velasco. La iniciativa del vocal Tahuichi busca promover un ambiente de respeto y civismo, solicitando adem\u00e1s que se establezca un acuerdo de respeto a los resultados de la segunda vuelta y que se invite a las universidades p\u00fablicas y privadas del pa\u00eds a participar en la realizaci\u00f3n de encuestas para monitorear el proceso electoral.<\/p>\n\n\n\n<figure class=\"wp-block-embed is-type-video is-provider-youtube wp-block-embed-youtube wp-embed-aspect-16-9 wp-has-aspect-ratio\"><div class=\"wp-block-embed__wrapper\">\n<iframe title=\"TAHUICHI PIDE CUMBRE PARA UN PACTO DE PAZ ENTRE CANDIDATOS\" width=\"800\" height=\"450\" src=\"https:\/\/www.youtube.com\/embed\/oTI4u76n1Gw?feature=oembed\" frameborder=\"0\" allow=\"accelerometer; autoplay; clipboard-write; encrypted-media; gyroscope; picture-in-picture; web-share\" referrerpolicy=\"strict-origin-when-cross-origin\" allowfullscreen><\/iframe>\n<\/div><\/figure>\n","protected":false},"excerpt":{"rendered":"<p>El vocal del Tribunal Supremo Electoral (TSE), Tahuichi Tahuichi Quispe, ha dirigido una carta a la presidenta en ejercicio de esa instancia, Yajaira San Mart\u00edn, en la que propone la convocatoria de una cumbre interinstitucional en los pr\u00f3ximos d\u00edas. La iniciativa busca reunir a los principales actores pol\u00edticos del pa\u00eds, incluyendo a los candidatos presidenciales [&hellip;]<\/p>\n","protected":false},"author":1,"featured_media":9723,"comment_status":"open","ping_status":"open","sticky":false,"template":"","format":"standard","meta":{"_eb_attr":"","footnotes":""},"categories":[1,42],"tags":[],"class_list":["post-9716","post","type-post","status-publish","format-standard","has-post-thumbnail","hentry","category-noticias","category-politica"],"yoast_head":"<!-- This site is optimized with the Yoast SEO plugin v27.4 - https:\/\/yoast.com\/product\/yoast-seo-wordpress\/ -->\n<title>TAHUICHI PIDE CUMBRE PARA UN PACTO DE PAZ ENTRE CANDIDATOS - Te lo Cuenta Victor<\/title>\n<meta name=\"robots\" content=\"index, follow, max-snippet:-1, max-image-preview:large, max-video-preview:-1\" \/>\n<link rel=\"canonical\" href=\"https:\/\/telocuentavictorhugo.com\/index.php\/2025\/09\/07\/tahuichi-pide-cumbre-para-un-pacto-de-paz-entre-candidatos\/\" \/>\n<meta property=\"og:locale\" content=\"es_ES\" \/>\n<meta property=\"og:type\" content=\"article\" \/>\n<meta property=\"og:title\" content=\"TAHUICHI PIDE CUMBRE PARA UN PACTO DE PAZ ENTRE CANDIDATOS - Te lo Cuenta Victor\" \/>\n<meta property=\"og:description\" content=\"El vocal del Tribunal Supremo Electoral (TSE), Tahuichi Tahuichi Quispe, ha dirigido una carta a la presidenta en ejercicio de esa instancia, Yajaira San Mart\u00edn, en la que propone la convocatoria de una cumbre interinstitucional en los pr\u00f3ximos d\u00edas. La iniciativa busca reunir a los principales actores pol\u00edticos del pa\u00eds, incluyendo a los candidatos presidenciales [&hellip;]\" \/>\n<meta property=\"og:url\" content=\"https:\/\/telocuentavictorhugo.com\/index.php\/2025\/09\/07\/tahuichi-pide-cumbre-para-un-pacto-de-paz-entre-candidatos\/\" \/>\n<meta property=\"og:site_name\" content=\"Te lo Cuenta Victor\" \/>\n<meta property=\"article:published_time\" content=\"2025-09-07T06:06:27+00:00\" \/>\n<meta property=\"article:modified_time\" content=\"2025-09-07T06:06:30+00:00\" \/>\n<meta property=\"og:image\" content=\"http:\/\/telocuentavictorhugo.com\/wp-content\/uploads\/2025\/09\/5-3.jpg\" \/>\n\t<meta property=\"og:image:width\" content=\"554\" \/>\n\t<meta property=\"og:image:height\" content=\"273\" \/>\n\t<meta property=\"og:image:type\" content=\"image\/jpeg\" \/>\n<meta name=\"author\" content=\"telocuentavictorhugo.com\" \/>\n<meta name=\"twitter:card\" content=\"summary_large_image\" \/>\n<meta name=\"twitter:label1\" content=\"Escrito por\" \/>\n\t<meta name=\"twitter:data1\" content=\"telocuentavictorhugo.com\" \/>\n\t<meta name=\"twitter:label2\" content=\"Tiempo de lectura\" \/>\n\t<meta name=\"twitter:data2\" content=\"2 minutos\" \/>\n<script type=\"application\/ld+json\" class=\"yoast-schema-graph\">{\"@context\":\"https:\\\/\\\/schema.org\",\"@graph\":[{\"@type\":\"Article\",\"@id\":\"https:\\\/\\\/telocuentavictorhugo.com\\\/index.php\\\/2025\\\/09\\\/07\\\/tahuichi-pide-cumbre-para-un-pacto-de-paz-entre-candidatos\\\/#article\",\"isPartOf\":{\"@id\":\"https:\\\/\\\/telocuentavictorhugo.com\\\/index.php\\\/2025\\\/09\\\/07\\\/tahuichi-pide-cumbre-para-un-pacto-de-paz-entre-candidatos\\\/\"},\"author\":{\"name\":\"telocuentavictorhugo.com\",\"@id\":\"https:\\\/\\\/telocuentavictorhugo.com\\\/#\\\/schema\\\/person\\\/a8307d7271ba2849b49b562ad8602f06\"},\"headline\":\"TAHUICHI PIDE CUMBRE PARA UN PACTO DE PAZ ENTRE CANDIDATOS\",\"datePublished\":\"2025-09-07T06:06:27+00:00\",\"dateModified\":\"2025-09-07T06:06:30+00:00\",\"mainEntityOfPage\":{\"@id\":\"https:\\\/\\\/telocuentavictorhugo.com\\\/index.php\\\/2025\\\/09\\\/07\\\/tahuichi-pide-cumbre-para-un-pacto-de-paz-entre-candidatos\\\/\"},\"wordCount\":222,\"commentCount\":0,\"publisher\":{\"@id\":\"https:\\\/\\\/telocuentavictorhugo.com\\\/#organization\"},\"image\":{\"@id\":\"https:\\\/\\\/telocuentavictorhugo.com\\\/index.php\\\/2025\\\/09\\\/07\\\/tahuichi-pide-cumbre-para-un-pacto-de-paz-entre-candidatos\\\/#primaryimage\"},\"thumbnailUrl\":\"https:\\\/\\\/telocuentavictorhugo.com\\\/wp-content\\\/uploads\\\/2025\\\/09\\\/5-3.jpg\",\"articleSection\":[\"Noticias\",\"Pol\u00edtica\"],\"inLanguage\":\"es\",\"potentialAction\":[{\"@type\":\"CommentAction\",\"name\":\"Comment\",\"target\":[\"https:\\\/\\\/telocuentavictorhugo.com\\\/index.php\\\/2025\\\/09\\\/07\\\/tahuichi-pide-cumbre-para-un-pacto-de-paz-entre-candidatos\\\/#respond\"]}]},{\"@type\":\"WebPage\",\"@id\":\"https:\\\/\\\/telocuentavictorhugo.com\\\/index.php\\\/2025\\\/09\\\/07\\\/tahuichi-pide-cumbre-para-un-pacto-de-paz-entre-candidatos\\\/\",\"url\":\"https:\\\/\\\/telocuentavictorhugo.com\\\/index.php\\\/2025\\\/09\\\/07\\\/tahuichi-pide-cumbre-para-un-pacto-de-paz-entre-candidatos\\\/\",\"name\":\"TAHUICHI PIDE CUMBRE PARA UN PACTO DE PAZ ENTRE CANDIDATOS - Te lo Cuenta Victor\",\"isPartOf\":{\"@id\":\"https:\\\/\\\/telocuentavictorhugo.com\\\/#website\"},\"primaryImageOfPage\":{\"@id\":\"https:\\\/\\\/telocuentavictorhugo.com\\\/index.php\\\/2025\\\/09\\\/07\\\/tahuichi-pide-cumbre-para-un-pacto-de-paz-entre-candidatos\\\/#primaryimage\"},\"image\":{\"@id\":\"https:\\\/\\\/telocuentavictorhugo.com\\\/index.php\\\/2025\\\/09\\\/07\\\/tahuichi-pide-cumbre-para-un-pacto-de-paz-entre-candidatos\\\/#primaryimage\"},\"thumbnailUrl\":\"https:\\\/\\\/telocuentavictorhugo.com\\\/wp-content\\\/uploads\\\/2025\\\/09\\\/5-3.jpg\",\"datePublished\":\"2025-09-07T06:06:27+00:00\",\"dateModified\":\"2025-09-07T06:06:30+00:00\",\"breadcrumb\":{\"@id\":\"https:\\\/\\\/telocuentavictorhugo.com\\\/index.php\\\/2025\\\/09\\\/07\\\/tahuichi-pide-cumbre-para-un-pacto-de-paz-entre-candidatos\\\/#breadcrumb\"},\"inLanguage\":\"es\",\"potentialAction\":[{\"@type\":\"ReadAction\",\"target\":[\"https:\\\/\\\/telocuentavictorhugo.com\\\/index.php\\\/2025\\\/09\\\/07\\\/tahuichi-pide-cumbre-para-un-pacto-de-paz-entre-candidatos\\\/\"]}]},{\"@type\":\"ImageObject\",\"inLanguage\":\"es\",\"@id\":\"https:\\\/\\\/telocuentavictorhugo.com\\\/index.php\\\/2025\\\/09\\\/07\\\/tahuichi-pide-cumbre-para-un-pacto-de-paz-entre-candidatos\\\/#primaryimage\",\"url\":\"https:\\\/\\\/telocuentavictorhugo.com\\\/wp-content\\\/uploads\\\/2025\\\/09\\\/5-3.jpg\",\"contentUrl\":\"https:\\\/\\\/telocuentavictorhugo.com\\\/wp-content\\\/uploads\\\/2025\\\/09\\\/5-3.jpg\",\"width\":554,\"height\":273},{\"@type\":\"BreadcrumbList\",\"@id\":\"https:\\\/\\\/telocuentavictorhugo.com\\\/index.php\\\/2025\\\/09\\\/07\\\/tahuichi-pide-cumbre-para-un-pacto-de-paz-entre-candidatos\\\/#breadcrumb\",\"itemListElement\":[{\"@type\":\"ListItem\",\"position\":1,\"name\":\"Portada\",\"item\":\"https:\\\/\\\/telocuentavictorhugo.com\\\/\"},{\"@type\":\"ListItem\",\"position\":2,\"name\":\"TAHUICHI PIDE CUMBRE PARA UN PACTO DE PAZ ENTRE CANDIDATOS\"}]},{\"@type\":\"WebSite\",\"@id\":\"https:\\\/\\\/telocuentavictorhugo.com\\\/#website\",\"url\":\"https:\\\/\\\/telocuentavictorhugo.com\\\/\",\"name\":\"Te lo Cuenta Victor\",\"description\":\"\",\"publisher\":{\"@id\":\"https:\\\/\\\/telocuentavictorhugo.com\\\/#organization\"},\"potentialAction\":[{\"@type\":\"SearchAction\",\"target\":{\"@type\":\"EntryPoint\",\"urlTemplate\":\"https:\\\/\\\/telocuentavictorhugo.com\\\/?s={search_term_string}\"},\"query-input\":{\"@type\":\"PropertyValueSpecification\",\"valueRequired\":true,\"valueName\":\"search_term_string\"}}],\"inLanguage\":\"es\"},{\"@type\":\"Organization\",\"@id\":\"https:\\\/\\\/telocuentavictorhugo.com\\\/#organization\",\"name\":\"Te lo Cuenta Victor\",\"url\":\"https:\\\/\\\/telocuentavictorhugo.com\\\/\",\"logo\":{\"@type\":\"ImageObject\",\"inLanguage\":\"es\",\"@id\":\"https:\\\/\\\/telocuentavictorhugo.com\\\/#\\\/schema\\\/logo\\\/image\\\/\",\"url\":\"https:\\\/\\\/telocuentavictorhugo.com\\\/wp-content\\\/uploads\\\/2023\\\/12\\\/Logo.png\",\"contentUrl\":\"https:\\\/\\\/telocuentavictorhugo.com\\\/wp-content\\\/uploads\\\/2023\\\/12\\\/Logo.png\",\"width\":1080,\"height\":176,\"caption\":\"Te lo Cuenta Victor\"},\"image\":{\"@id\":\"https:\\\/\\\/telocuentavictorhugo.com\\\/#\\\/schema\\\/logo\\\/image\\\/\"}},{\"@type\":\"Person\",\"@id\":\"https:\\\/\\\/telocuentavictorhugo.com\\\/#\\\/schema\\\/person\\\/a8307d7271ba2849b49b562ad8602f06\",\"name\":\"telocuentavictorhugo.com\",\"image\":{\"@type\":\"ImageObject\",\"inLanguage\":\"es\",\"@id\":\"https:\\\/\\\/secure.gravatar.com\\\/avatar\\\/da212e7b532df19fd2aea5daf46d8c176abfc85521e4b80ed435d7426ef63eb6?s=96&d=mm&r=g\",\"url\":\"https:\\\/\\\/secure.gravatar.com\\\/avatar\\\/da212e7b532df19fd2aea5daf46d8c176abfc85521e4b80ed435d7426ef63eb6?s=96&d=mm&r=g\",\"contentUrl\":\"https:\\\/\\\/secure.gravatar.com\\\/avatar\\\/da212e7b532df19fd2aea5daf46d8c176abfc85521e4b80ed435d7426ef63eb6?s=96&d=mm&r=g\",\"caption\":\"telocuentavictorhugo.com\"},\"sameAs\":[\"http:\\\/\\\/telocuentavictorhugo.com\"],\"url\":\"https:\\\/\\\/telocuentavictorhugo.com\\\/index.php\\\/author\\\/plustvpress-com\\\/\"}]}<\/script>\n<!-- \/ Yoast SEO plugin. -->","yoast_head_json":{"title":"TAHUICHI PIDE CUMBRE PARA UN PACTO DE PAZ ENTRE CANDIDATOS - Te lo Cuenta Victor","robots":{"index":"index","follow":"follow","max-snippet":"max-snippet:-1","max-image-preview":"max-image-preview:large","max-video-preview":"max-video-preview:-1"},"canonical":"https:\/\/telocuentavictorhugo.com\/index.php\/2025\/09\/07\/tahuichi-pide-cumbre-para-un-pacto-de-paz-entre-candidatos\/","og_locale":"es_ES","og_type":"article","og_title":"TAHUICHI PIDE CUMBRE PARA UN PACTO DE PAZ ENTRE CANDIDATOS - Te lo Cuenta Victor","og_description":"El vocal del Tribunal Supremo Electoral (TSE), Tahuichi Tahuichi Quispe, ha dirigido una carta a la presidenta en ejercicio de esa instancia, Yajaira San Mart\u00edn, en la que propone la convocatoria de una cumbre interinstitucional en los pr\u00f3ximos d\u00edas. La iniciativa busca reunir a los principales actores pol\u00edticos del pa\u00eds, incluyendo a los candidatos presidenciales [&hellip;]","og_url":"https:\/\/telocuentavictorhugo.com\/index.php\/2025\/09\/07\/tahuichi-pide-cumbre-para-un-pacto-de-paz-entre-candidatos\/","og_site_name":"Te lo Cuenta Victor","article_published_time":"2025-09-07T06:06:27+00:00","article_modified_time":"2025-09-07T06:06:30+00:00","og_image":[{"width":554,"height":273,"url":"http:\/\/telocuentavictorhugo.com\/wp-content\/uploads\/2025\/09\/5-3.jpg","type":"image\/jpeg"}],"author":"telocuentavictorhugo.com","twitter_card":"summary_large_image","twitter_misc":{"Escrito por":"telocuentavictorhugo.com","Tiempo de lectura":"2 minutos"},"schema":{"@context":"https:\/\/schema.org","@graph":[{"@type":"Article","@id":"https:\/\/telocuentavictorhugo.com\/index.php\/2025\/09\/07\/tahuichi-pide-cumbre-para-un-pacto-de-paz-entre-candidatos\/#article","isPartOf":{"@id":"https:\/\/telocuentavictorhugo.com\/index.php\/2025\/09\/07\/tahuichi-pide-cumbre-para-un-pacto-de-paz-entre-candidatos\/"},"author":{"name":"telocuentavictorhugo.com","@id":"https:\/\/telocuentavictorhugo.com\/#\/schema\/person\/a8307d7271ba2849b49b562ad8602f06"},"headline":"TAHUICHI PIDE CUMBRE PARA UN PACTO DE PAZ ENTRE CANDIDATOS","datePublished":"2025-09-07T06:06:27+00:00","dateModified":"2025-09-07T06:06:30+00:00","mainEntityOfPage":{"@id":"https:\/\/telocuentavictorhugo.com\/index.php\/2025\/09\/07\/tahuichi-pide-cumbre-para-un-pacto-de-paz-entre-candidatos\/"},"wordCount":222,"commentCount":0,"publisher":{"@id":"https:\/\/telocuentavictorhugo.com\/#organization"},"image":{"@id":"https:\/\/telocuentavictorhugo.com\/index.php\/2025\/09\/07\/tahuichi-pide-cumbre-para-un-pacto-de-paz-entre-candidatos\/#primaryimage"},"thumbnailUrl":"https:\/\/telocuentavictorhugo.com\/wp-content\/uploads\/2025\/09\/5-3.jpg","articleSection":["Noticias","Pol\u00edtica"],"inLanguage":"es","potentialAction":[{"@type":"CommentAction","name":"Comment","target":["https:\/\/telocuentavictorhugo.com\/index.php\/2025\/09\/07\/tahuichi-pide-cumbre-para-un-pacto-de-paz-entre-candidatos\/#respond"]}]},{"@type":"WebPage","@id":"https:\/\/telocuentavictorhugo.com\/index.php\/2025\/09\/07\/tahuichi-pide-cumbre-para-un-pacto-de-paz-entre-candidatos\/","url":"https:\/\/telocuentavictorhugo.com\/index.php\/2025\/09\/07\/tahuichi-pide-cumbre-para-un-pacto-de-paz-entre-candidatos\/","name":"TAHUICHI PIDE CUMBRE PARA UN PACTO DE PAZ ENTRE CANDIDATOS - Te lo Cuenta Victor","isPartOf":{"@id":"https:\/\/telocuentavictorhugo.com\/#website"},"primaryImageOfPage":{"@id":"https:\/\/telocuentavictorhugo.com\/index.php\/2025\/09\/07\/tahuichi-pide-cumbre-para-un-pacto-de-paz-entre-candidatos\/#primaryimage"},"image":{"@id":"https:\/\/telocuentavictorhugo.com\/index.php\/2025\/09\/07\/tahuichi-pide-cumbre-para-un-pacto-de-paz-entre-candidatos\/#primaryimage"},"thumbnailUrl":"https:\/\/telocuentavictorhugo.com\/wp-content\/uploads\/2025\/09\/5-3.jpg","datePublished":"2025-09-07T06:06:27+00:00","dateModified":"2025-09-07T06:06:30+00:00","breadcrumb":{"@id":"https:\/\/telocuentavictorhugo.com\/index.php\/2025\/09\/07\/tahuichi-pide-cumbre-para-un-pacto-de-paz-entre-candidatos\/#breadcrumb"},"inLanguage":"es","potentialAction":[{"@type":"ReadAction","target":["https:\/\/telocuentavictorhugo.com\/index.php\/2025\/09\/07\/tahuichi-pide-cumbre-para-un-pacto-de-paz-entre-candidatos\/"]}]},{"@type":"ImageObject","inLanguage":"es","@id":"https:\/\/telocuentavictorhugo.com\/index.php\/2025\/09\/07\/tahuichi-pide-cumbre-para-un-pacto-de-paz-entre-candidatos\/#primaryimage","url":"https:\/\/telocuentavictorhugo.com\/wp-content\/uploads\/2025\/09\/5-3.jpg","contentUrl":"https:\/\/telocuentavictorhugo.com\/wp-content\/uploads\/2025\/09\/5-3.jpg","width":554,"height":273},{"@type":"BreadcrumbList","@id":"https:\/\/telocuentavictorhugo.com\/index.php\/2025\/09\/07\/tahuichi-pide-cumbre-para-un-pacto-de-paz-entre-candidatos\/#breadcrumb","itemListElement":[{"@type":"ListItem","position":1,"name":"Portada","item":"https:\/\/telocuentavictorhugo.com\/"},{"@type":"ListItem","position":2,"name":"TAHUICHI PIDE CUMBRE PARA UN PACTO DE PAZ ENTRE CANDIDATOS"}]},{"@type":"WebSite","@id":"https:\/\/telocuentavictorhugo.com\/#website","url":"https:\/\/telocuentavictorhugo.com\/","name":"Te lo Cuenta Victor","description":"","publisher":{"@id":"https:\/\/telocuentavictorhugo.com\/#organization"},"potentialAction":[{"@type":"SearchAction","target":{"@type":"EntryPoint","urlTemplate":"https:\/\/telocuentavictorhugo.com\/?s={search_term_string}"},"query-input":{"@type":"PropertyValueSpecification","valueRequired":true,"valueName":"search_term_string"}}],"inLanguage":"es"},{"@type":"Organization","@id":"https:\/\/telocuentavictorhugo.com\/#organization","name":"Te lo Cuenta Victor","url":"https:\/\/telocuentavictorhugo.com\/","logo":{"@type":"ImageObject","inLanguage":"es","@id":"https:\/\/telocuentavictorhugo.com\/#\/schema\/logo\/image\/","url":"https:\/\/telocuentavictorhugo.com\/wp-content\/uploads\/2023\/12\/Logo.png","contentUrl":"https:\/\/telocuentavictorhugo.com\/wp-content\/uploads\/2023\/12\/Logo.png","width":1080,"height":176,"caption":"Te lo Cuenta Victor"},"image":{"@id":"https:\/\/telocuentavictorhugo.com\/#\/schema\/logo\/image\/"}},{"@type":"Person","@id":"https:\/\/telocuentavictorhugo.com\/#\/schema\/person\/a8307d7271ba2849b49b562ad8602f06","name":"telocuentavictorhugo.com","image":{"@type":"ImageObject","inLanguage":"es","@id":"https:\/\/secure.gravatar.com\/avatar\/da212e7b532df19fd2aea5daf46d8c176abfc85521e4b80ed435d7426ef63eb6?s=96&d=mm&r=g","url":"https:\/\/secure.gravatar.com\/avatar\/da212e7b532df19fd2aea5daf46d8c176abfc85521e4b80ed435d7426ef63eb6?s=96&d=mm&r=g","contentUrl":"https:\/\/secure.gravatar.com\/avatar\/da212e7b532df19fd2aea5daf46d8c176abfc85521e4b80ed435d7426ef63eb6?s=96&d=mm&r=g","caption":"telocuentavictorhugo.com"},"sameAs":["http:\/\/telocuentavictorhugo.com"],"url":"https:\/\/telocuentavictorhugo.com\/index.php\/author\/plustvpress-com\/"}]}},"_links":{"self":[{"href":"https:\/\/telocuentavictorhugo.com\/index.php\/wp-json\/wp\/v2\/posts\/9716","targetHints":{"allow":["GET"]}}],"collection":[{"href":"https:\/\/telocuentavictorhugo.com\/index.php\/wp-json\/wp\/v2\/posts"}],"about":[{"href":"https:\/\/telocuentavictorhugo.com\/index.php\/wp-json\/wp\/v2\/types\/post"}],"author":[{"embeddable":true,"href":"https:\/\/telocuentavictorhugo.com\/index.php\/wp-json\/wp\/v2\/users\/1"}],"replies":[{"embeddable":true,"href":"https:\/\/telocuentavictorhugo.com\/index.php\/wp-json\/wp\/v2\/comments?post=9716"}],"version-history":[{"count":1,"href":"https:\/\/telocuentavictorhugo.com\/index.php\/wp-json\/wp\/v2\/posts\/9716\/revisions"}],"predecessor-version":[{"id":9730,"href":"https:\/\/telocuentavictorhugo.com\/index.php\/wp-json\/wp\/v2\/posts\/9716\/revisions\/9730"}],"wp:featuredmedia":[{"embeddable":true,"href":"https:\/\/telocuentavictorhugo.com\/index.php\/wp-json\/wp\/v2\/media\/9723"}],"wp:attachment":[{"href":"https:\/\/telocuentavictorhugo.com\/index.php\/wp-json\/wp\/v2\/media?parent=9716"}],"wp:term":[{"taxonomy":"category","embeddable":true,"href":"https:\/\/telocuentavictorhugo.com\/index.php\/wp-json\/wp\/v2\/categories?post=9716"},{"taxonomy":"post_tag","embeddable":true,"href":"https:\/\/telocuentavictorhugo.com\/index.php\/wp-json\/wp\/v2\/tags?post=9716"}],"curies":[{"name":"wp","href":"https:\/\/api.w.org\/{rel}","templated":true}]}}