{"id":9715,"date":"2025-09-07T02:06:25","date_gmt":"2025-09-07T06:06:25","guid":{"rendered":"https:\/\/telocuentavictorhugo.com\/?p=9715"},"modified":"2025-09-07T02:06:28","modified_gmt":"2025-09-07T06:06:28","slug":"candidato-chileno-advierte-perderan-el-tratado-de-1904-como-perdieron-el-mar","status":"publish","type":"post","link":"https:\/\/telocuentavictorhugo.com\/index.php\/2025\/09\/07\/candidato-chileno-advierte-perderan-el-tratado-de-1904-como-perdieron-el-mar\/","title":{"rendered":"CANDIDATO CHILENO ADVIERTE: \u00abPERDER\u00c1N EL TRATADO DE 1904 COMO PERDIERON EL MAR\u00bb"},"content":{"rendered":"\n<p>En medio de un intenso debate pol\u00edtico y diplom\u00e1tico que atraviesa la frontera entre Chile y Bolivia, una nueva cr\u00edtica desde tierras chilenas pone en jaque las propuestas del candidato presidencial boliviano Rodrigo Paz. La pol\u00e9mica se aviva tras su iniciativa de legalizar los autos indocumentados, conocidos como \u201cchutos\u201d, en un contexto donde las autoridades chilenas advierten sobre las implicancias de una posible amnist\u00eda para veh\u00edculos robados, particularmente en zonas fronterizas como Arica. A ello se suma una propuesta de fuerte contenido diplom\u00e1tico: el legislador chileno Rodrigo Cuevas, del Partido de la Gente, ha sugerido suspender el hist\u00f3rico Tratado de 1904 con Bolivia, que sell\u00f3 la paz tras la Guerra del Pac\u00edfico, en respuesta a lo que califica como una actitud desafiante del pa\u00eds vecino en materia de cooperaci\u00f3n y seguridad<\/p>\n\n\n\n<figure class=\"wp-block-embed is-type-video is-provider-youtube wp-block-embed-youtube wp-embed-aspect-16-9 wp-has-aspect-ratio\"><div class=\"wp-block-embed__wrapper\">\n<iframe title=\"CANDIDATO CHILENO ADVIERTE: &quot;PERDER\u00c1N EL TRATADO DE 1904 COMO PERDIERON EL MAR&quot;\" width=\"800\" height=\"450\" src=\"https:\/\/www.youtube.com\/embed\/wVlzm8NWlcU?feature=oembed\" frameborder=\"0\" allow=\"accelerometer; autoplay; clipboard-write; encrypted-media; gyroscope; picture-in-picture; web-share\" referrerpolicy=\"strict-origin-when-cross-origin\" allowfullscreen><\/iframe>\n<\/div><\/figure>\n\n\n\n<p><\/p>\n","protected":false},"excerpt":{"rendered":"<p>En medio de un intenso debate pol\u00edtico y diplom\u00e1tico que atraviesa la frontera entre Chile y Bolivia, una nueva cr\u00edtica desde tierras chilenas pone en jaque las propuestas del candidato presidencial boliviano Rodrigo Paz. La pol\u00e9mica se aviva tras su iniciativa de legalizar los autos indocumentados, conocidos como \u201cchutos\u201d, en un contexto donde las autoridades [&hellip;]<\/p>\n","protected":false},"author":1,"featured_media":9722,"comment_status":"open","ping_status":"open","sticky":false,"template":"","format":"standard","meta":{"_eb_attr":"","footnotes":""},"categories":[46,1,42],"tags":[],"class_list":["post-9715","post","type-post","status-publish","format-standard","has-post-thumbnail","hentry","category-internacional","category-noticias","category-politica"],"yoast_head":"<!-- This site is optimized with the Yoast SEO plugin v27.4 - https:\/\/yoast.com\/product\/yoast-seo-wordpress\/ -->\n<title>CANDIDATO CHILENO ADVIERTE: &quot;PERDER\u00c1N EL TRATADO DE 1904 COMO PERDIERON EL MAR&quot; - Te lo Cuenta Victor<\/title>\n<meta name=\"robots\" content=\"index, follow, max-snippet:-1, max-image-preview:large, max-video-preview:-1\" \/>\n<link rel=\"canonical\" href=\"https:\/\/telocuentavictorhugo.com\/index.php\/2025\/09\/07\/candidato-chileno-advierte-perderan-el-tratado-de-1904-como-perdieron-el-mar\/\" \/>\n<meta property=\"og:locale\" content=\"es_ES\" \/>\n<meta property=\"og:type\" content=\"article\" \/>\n<meta property=\"og:title\" content=\"CANDIDATO CHILENO ADVIERTE: &quot;PERDER\u00c1N EL TRATADO DE 1904 COMO PERDIERON EL MAR&quot; - Te lo Cuenta Victor\" \/>\n<meta property=\"og:description\" content=\"En medio de un intenso debate pol\u00edtico y diplom\u00e1tico que atraviesa la frontera entre Chile y Bolivia, una nueva cr\u00edtica desde tierras chilenas pone en jaque las propuestas del candidato presidencial boliviano Rodrigo Paz. La pol\u00e9mica se aviva tras su iniciativa de legalizar los autos indocumentados, conocidos como \u201cchutos\u201d, en un contexto donde las autoridades [&hellip;]\" \/>\n<meta property=\"og:url\" content=\"https:\/\/telocuentavictorhugo.com\/index.php\/2025\/09\/07\/candidato-chileno-advierte-perderan-el-tratado-de-1904-como-perdieron-el-mar\/\" \/>\n<meta property=\"og:site_name\" content=\"Te lo Cuenta Victor\" \/>\n<meta property=\"article:published_time\" content=\"2025-09-07T06:06:25+00:00\" \/>\n<meta property=\"article:modified_time\" content=\"2025-09-07T06:06:28+00:00\" \/>\n<meta property=\"og:image\" content=\"http:\/\/telocuentavictorhugo.com\/wp-content\/uploads\/2025\/09\/4-3.jpg\" \/>\n\t<meta property=\"og:image:width\" content=\"609\" \/>\n\t<meta property=\"og:image:height\" content=\"288\" \/>\n\t<meta property=\"og:image:type\" content=\"image\/jpeg\" \/>\n<meta name=\"author\" content=\"telocuentavictorhugo.com\" \/>\n<meta name=\"twitter:card\" content=\"summary_large_image\" \/>\n<meta name=\"twitter:label1\" content=\"Escrito por\" \/>\n\t<meta name=\"twitter:data1\" content=\"telocuentavictorhugo.com\" \/>\n\t<meta name=\"twitter:label2\" content=\"Tiempo de lectura\" \/>\n\t<meta name=\"twitter:data2\" content=\"1 minuto\" \/>\n<script type=\"application\/ld+json\" class=\"yoast-schema-graph\">{\"@context\":\"https:\\\/\\\/schema.org\",\"@graph\":[{\"@type\":\"Article\",\"@id\":\"https:\\\/\\\/telocuentavictorhugo.com\\\/index.php\\\/2025\\\/09\\\/07\\\/candidato-chileno-advierte-perderan-el-tratado-de-1904-como-perdieron-el-mar\\\/#article\",\"isPartOf\":{\"@id\":\"https:\\\/\\\/telocuentavictorhugo.com\\\/index.php\\\/2025\\\/09\\\/07\\\/candidato-chileno-advierte-perderan-el-tratado-de-1904-como-perdieron-el-mar\\\/\"},\"author\":{\"name\":\"telocuentavictorhugo.com\",\"@id\":\"https:\\\/\\\/telocuentavictorhugo.com\\\/#\\\/schema\\\/person\\\/a8307d7271ba2849b49b562ad8602f06\"},\"headline\":\"CANDIDATO CHILENO ADVIERTE: \u00abPERDER\u00c1N EL TRATADO DE 1904 COMO PERDIERON EL MAR\u00bb\",\"datePublished\":\"2025-09-07T06:06:25+00:00\",\"dateModified\":\"2025-09-07T06:06:28+00:00\",\"mainEntityOfPage\":{\"@id\":\"https:\\\/\\\/telocuentavictorhugo.com\\\/index.php\\\/2025\\\/09\\\/07\\\/candidato-chileno-advierte-perderan-el-tratado-de-1904-como-perdieron-el-mar\\\/\"},\"wordCount\":158,\"commentCount\":0,\"publisher\":{\"@id\":\"https:\\\/\\\/telocuentavictorhugo.com\\\/#organization\"},\"image\":{\"@id\":\"https:\\\/\\\/telocuentavictorhugo.com\\\/index.php\\\/2025\\\/09\\\/07\\\/candidato-chileno-advierte-perderan-el-tratado-de-1904-como-perdieron-el-mar\\\/#primaryimage\"},\"thumbnailUrl\":\"https:\\\/\\\/telocuentavictorhugo.com\\\/wp-content\\\/uploads\\\/2025\\\/09\\\/4-3.jpg\",\"articleSection\":[\"Internacional\",\"Noticias\",\"Pol\u00edtica\"],\"inLanguage\":\"es\",\"potentialAction\":[{\"@type\":\"CommentAction\",\"name\":\"Comment\",\"target\":[\"https:\\\/\\\/telocuentavictorhugo.com\\\/index.php\\\/2025\\\/09\\\/07\\\/candidato-chileno-advierte-perderan-el-tratado-de-1904-como-perdieron-el-mar\\\/#respond\"]}]},{\"@type\":\"WebPage\",\"@id\":\"https:\\\/\\\/telocuentavictorhugo.com\\\/index.php\\\/2025\\\/09\\\/07\\\/candidato-chileno-advierte-perderan-el-tratado-de-1904-como-perdieron-el-mar\\\/\",\"url\":\"https:\\\/\\\/telocuentavictorhugo.com\\\/index.php\\\/2025\\\/09\\\/07\\\/candidato-chileno-advierte-perderan-el-tratado-de-1904-como-perdieron-el-mar\\\/\",\"name\":\"CANDIDATO CHILENO ADVIERTE: \\\"PERDER\u00c1N EL TRATADO DE 1904 COMO PERDIERON EL MAR\\\" - Te lo Cuenta Victor\",\"isPartOf\":{\"@id\":\"https:\\\/\\\/telocuentavictorhugo.com\\\/#website\"},\"primaryImageOfPage\":{\"@id\":\"https:\\\/\\\/telocuentavictorhugo.com\\\/index.php\\\/2025\\\/09\\\/07\\\/candidato-chileno-advierte-perderan-el-tratado-de-1904-como-perdieron-el-mar\\\/#primaryimage\"},\"image\":{\"@id\":\"https:\\\/\\\/telocuentavictorhugo.com\\\/index.php\\\/2025\\\/09\\\/07\\\/candidato-chileno-advierte-perderan-el-tratado-de-1904-como-perdieron-el-mar\\\/#primaryimage\"},\"thumbnailUrl\":\"https:\\\/\\\/telocuentavictorhugo.com\\\/wp-content\\\/uploads\\\/2025\\\/09\\\/4-3.jpg\",\"datePublished\":\"2025-09-07T06:06:25+00:00\",\"dateModified\":\"2025-09-07T06:06:28+00:00\",\"breadcrumb\":{\"@id\":\"https:\\\/\\\/telocuentavictorhugo.com\\\/index.php\\\/2025\\\/09\\\/07\\\/candidato-chileno-advierte-perderan-el-tratado-de-1904-como-perdieron-el-mar\\\/#breadcrumb\"},\"inLanguage\":\"es\",\"potentialAction\":[{\"@type\":\"ReadAction\",\"target\":[\"https:\\\/\\\/telocuentavictorhugo.com\\\/index.php\\\/2025\\\/09\\\/07\\\/candidato-chileno-advierte-perderan-el-tratado-de-1904-como-perdieron-el-mar\\\/\"]}]},{\"@type\":\"ImageObject\",\"inLanguage\":\"es\",\"@id\":\"https:\\\/\\\/telocuentavictorhugo.com\\\/index.php\\\/2025\\\/09\\\/07\\\/candidato-chileno-advierte-perderan-el-tratado-de-1904-como-perdieron-el-mar\\\/#primaryimage\",\"url\":\"https:\\\/\\\/telocuentavictorhugo.com\\\/wp-content\\\/uploads\\\/2025\\\/09\\\/4-3.jpg\",\"contentUrl\":\"https:\\\/\\\/telocuentavictorhugo.com\\\/wp-content\\\/uploads\\\/2025\\\/09\\\/4-3.jpg\",\"width\":609,\"height\":288},{\"@type\":\"BreadcrumbList\",\"@id\":\"https:\\\/\\\/telocuentavictorhugo.com\\\/index.php\\\/2025\\\/09\\\/07\\\/candidato-chileno-advierte-perderan-el-tratado-de-1904-como-perdieron-el-mar\\\/#breadcrumb\",\"itemListElement\":[{\"@type\":\"ListItem\",\"position\":1,\"name\":\"Portada\",\"item\":\"https:\\\/\\\/telocuentavictorhugo.com\\\/\"},{\"@type\":\"ListItem\",\"position\":2,\"name\":\"CANDIDATO CHILENO ADVIERTE: \u00abPERDER\u00c1N EL TRATADO DE 1904 COMO PERDIERON EL MAR\u00bb\"}]},{\"@type\":\"WebSite\",\"@id\":\"https:\\\/\\\/telocuentavictorhugo.com\\\/#website\",\"url\":\"https:\\\/\\\/telocuentavictorhugo.com\\\/\",\"name\":\"Te lo Cuenta Victor\",\"description\":\"\",\"publisher\":{\"@id\":\"https:\\\/\\\/telocuentavictorhugo.com\\\/#organization\"},\"potentialAction\":[{\"@type\":\"SearchAction\",\"target\":{\"@type\":\"EntryPoint\",\"urlTemplate\":\"https:\\\/\\\/telocuentavictorhugo.com\\\/?s={search_term_string}\"},\"query-input\":{\"@type\":\"PropertyValueSpecification\",\"valueRequired\":true,\"valueName\":\"search_term_string\"}}],\"inLanguage\":\"es\"},{\"@type\":\"Organization\",\"@id\":\"https:\\\/\\\/telocuentavictorhugo.com\\\/#organization\",\"name\":\"Te lo Cuenta Victor\",\"url\":\"https:\\\/\\\/telocuentavictorhugo.com\\\/\",\"logo\":{\"@type\":\"ImageObject\",\"inLanguage\":\"es\",\"@id\":\"https:\\\/\\\/telocuentavictorhugo.com\\\/#\\\/schema\\\/logo\\\/image\\\/\",\"url\":\"https:\\\/\\\/telocuentavictorhugo.com\\\/wp-content\\\/uploads\\\/2023\\\/12\\\/Logo.png\",\"contentUrl\":\"https:\\\/\\\/telocuentavictorhugo.com\\\/wp-content\\\/uploads\\\/2023\\\/12\\\/Logo.png\",\"width\":1080,\"height\":176,\"caption\":\"Te lo Cuenta Victor\"},\"image\":{\"@id\":\"https:\\\/\\\/telocuentavictorhugo.com\\\/#\\\/schema\\\/logo\\\/image\\\/\"}},{\"@type\":\"Person\",\"@id\":\"https:\\\/\\\/telocuentavictorhugo.com\\\/#\\\/schema\\\/person\\\/a8307d7271ba2849b49b562ad8602f06\",\"name\":\"telocuentavictorhugo.com\",\"image\":{\"@type\":\"ImageObject\",\"inLanguage\":\"es\",\"@id\":\"https:\\\/\\\/secure.gravatar.com\\\/avatar\\\/da212e7b532df19fd2aea5daf46d8c176abfc85521e4b80ed435d7426ef63eb6?s=96&d=mm&r=g\",\"url\":\"https:\\\/\\\/secure.gravatar.com\\\/avatar\\\/da212e7b532df19fd2aea5daf46d8c176abfc85521e4b80ed435d7426ef63eb6?s=96&d=mm&r=g\",\"contentUrl\":\"https:\\\/\\\/secure.gravatar.com\\\/avatar\\\/da212e7b532df19fd2aea5daf46d8c176abfc85521e4b80ed435d7426ef63eb6?s=96&d=mm&r=g\",\"caption\":\"telocuentavictorhugo.com\"},\"sameAs\":[\"http:\\\/\\\/telocuentavictorhugo.com\"],\"url\":\"https:\\\/\\\/telocuentavictorhugo.com\\\/index.php\\\/author\\\/plustvpress-com\\\/\"}]}<\/script>\n<!-- \/ Yoast SEO plugin. -->","yoast_head_json":{"title":"CANDIDATO CHILENO ADVIERTE: \"PERDER\u00c1N EL TRATADO DE 1904 COMO PERDIERON EL MAR\" - Te lo Cuenta Victor","robots":{"index":"index","follow":"follow","max-snippet":"max-snippet:-1","max-image-preview":"max-image-preview:large","max-video-preview":"max-video-preview:-1"},"canonical":"https:\/\/telocuentavictorhugo.com\/index.php\/2025\/09\/07\/candidato-chileno-advierte-perderan-el-tratado-de-1904-como-perdieron-el-mar\/","og_locale":"es_ES","og_type":"article","og_title":"CANDIDATO CHILENO ADVIERTE: \"PERDER\u00c1N EL TRATADO DE 1904 COMO PERDIERON EL MAR\" - Te lo Cuenta Victor","og_description":"En medio de un intenso debate pol\u00edtico y diplom\u00e1tico que atraviesa la frontera entre Chile y Bolivia, una nueva cr\u00edtica desde tierras chilenas pone en jaque las propuestas del candidato presidencial boliviano Rodrigo Paz. La pol\u00e9mica se aviva tras su iniciativa de legalizar los autos indocumentados, conocidos como \u201cchutos\u201d, en un contexto donde las autoridades [&hellip;]","og_url":"https:\/\/telocuentavictorhugo.com\/index.php\/2025\/09\/07\/candidato-chileno-advierte-perderan-el-tratado-de-1904-como-perdieron-el-mar\/","og_site_name":"Te lo Cuenta Victor","article_published_time":"2025-09-07T06:06:25+00:00","article_modified_time":"2025-09-07T06:06:28+00:00","og_image":[{"width":609,"height":288,"url":"http:\/\/telocuentavictorhugo.com\/wp-content\/uploads\/2025\/09\/4-3.jpg","type":"image\/jpeg"}],"author":"telocuentavictorhugo.com","twitter_card":"summary_large_image","twitter_misc":{"Escrito por":"telocuentavictorhugo.com","Tiempo de lectura":"1 minuto"},"schema":{"@context":"https:\/\/schema.org","@graph":[{"@type":"Article","@id":"https:\/\/telocuentavictorhugo.com\/index.php\/2025\/09\/07\/candidato-chileno-advierte-perderan-el-tratado-de-1904-como-perdieron-el-mar\/#article","isPartOf":{"@id":"https:\/\/telocuentavictorhugo.com\/index.php\/2025\/09\/07\/candidato-chileno-advierte-perderan-el-tratado-de-1904-como-perdieron-el-mar\/"},"author":{"name":"telocuentavictorhugo.com","@id":"https:\/\/telocuentavictorhugo.com\/#\/schema\/person\/a8307d7271ba2849b49b562ad8602f06"},"headline":"CANDIDATO CHILENO ADVIERTE: \u00abPERDER\u00c1N EL TRATADO DE 1904 COMO PERDIERON EL MAR\u00bb","datePublished":"2025-09-07T06:06:25+00:00","dateModified":"2025-09-07T06:06:28+00:00","mainEntityOfPage":{"@id":"https:\/\/telocuentavictorhugo.com\/index.php\/2025\/09\/07\/candidato-chileno-advierte-perderan-el-tratado-de-1904-como-perdieron-el-mar\/"},"wordCount":158,"commentCount":0,"publisher":{"@id":"https:\/\/telocuentavictorhugo.com\/#organization"},"image":{"@id":"https:\/\/telocuentavictorhugo.com\/index.php\/2025\/09\/07\/candidato-chileno-advierte-perderan-el-tratado-de-1904-como-perdieron-el-mar\/#primaryimage"},"thumbnailUrl":"https:\/\/telocuentavictorhugo.com\/wp-content\/uploads\/2025\/09\/4-3.jpg","articleSection":["Internacional","Noticias","Pol\u00edtica"],"inLanguage":"es","potentialAction":[{"@type":"CommentAction","name":"Comment","target":["https:\/\/telocuentavictorhugo.com\/index.php\/2025\/09\/07\/candidato-chileno-advierte-perderan-el-tratado-de-1904-como-perdieron-el-mar\/#respond"]}]},{"@type":"WebPage","@id":"https:\/\/telocuentavictorhugo.com\/index.php\/2025\/09\/07\/candidato-chileno-advierte-perderan-el-tratado-de-1904-como-perdieron-el-mar\/","url":"https:\/\/telocuentavictorhugo.com\/index.php\/2025\/09\/07\/candidato-chileno-advierte-perderan-el-tratado-de-1904-como-perdieron-el-mar\/","name":"CANDIDATO CHILENO ADVIERTE: \"PERDER\u00c1N EL TRATADO DE 1904 COMO PERDIERON EL MAR\" - Te lo Cuenta Victor","isPartOf":{"@id":"https:\/\/telocuentavictorhugo.com\/#website"},"primaryImageOfPage":{"@id":"https:\/\/telocuentavictorhugo.com\/index.php\/2025\/09\/07\/candidato-chileno-advierte-perderan-el-tratado-de-1904-como-perdieron-el-mar\/#primaryimage"},"image":{"@id":"https:\/\/telocuentavictorhugo.com\/index.php\/2025\/09\/07\/candidato-chileno-advierte-perderan-el-tratado-de-1904-como-perdieron-el-mar\/#primaryimage"},"thumbnailUrl":"https:\/\/telocuentavictorhugo.com\/wp-content\/uploads\/2025\/09\/4-3.jpg","datePublished":"2025-09-07T06:06:25+00:00","dateModified":"2025-09-07T06:06:28+00:00","breadcrumb":{"@id":"https:\/\/telocuentavictorhugo.com\/index.php\/2025\/09\/07\/candidato-chileno-advierte-perderan-el-tratado-de-1904-como-perdieron-el-mar\/#breadcrumb"},"inLanguage":"es","potentialAction":[{"@type":"ReadAction","target":["https:\/\/telocuentavictorhugo.com\/index.php\/2025\/09\/07\/candidato-chileno-advierte-perderan-el-tratado-de-1904-como-perdieron-el-mar\/"]}]},{"@type":"ImageObject","inLanguage":"es","@id":"https:\/\/telocuentavictorhugo.com\/index.php\/2025\/09\/07\/candidato-chileno-advierte-perderan-el-tratado-de-1904-como-perdieron-el-mar\/#primaryimage","url":"https:\/\/telocuentavictorhugo.com\/wp-content\/uploads\/2025\/09\/4-3.jpg","contentUrl":"https:\/\/telocuentavictorhugo.com\/wp-content\/uploads\/2025\/09\/4-3.jpg","width":609,"height":288},{"@type":"BreadcrumbList","@id":"https:\/\/telocuentavictorhugo.com\/index.php\/2025\/09\/07\/candidato-chileno-advierte-perderan-el-tratado-de-1904-como-perdieron-el-mar\/#breadcrumb","itemListElement":[{"@type":"ListItem","position":1,"name":"Portada","item":"https:\/\/telocuentavictorhugo.com\/"},{"@type":"ListItem","position":2,"name":"CANDIDATO CHILENO ADVIERTE: \u00abPERDER\u00c1N EL TRATADO DE 1904 COMO PERDIERON EL MAR\u00bb"}]},{"@type":"WebSite","@id":"https:\/\/telocuentavictorhugo.com\/#website","url":"https:\/\/telocuentavictorhugo.com\/","name":"Te lo Cuenta Victor","description":"","publisher":{"@id":"https:\/\/telocuentavictorhugo.com\/#organization"},"potentialAction":[{"@type":"SearchAction","target":{"@type":"EntryPoint","urlTemplate":"https:\/\/telocuentavictorhugo.com\/?s={search_term_string}"},"query-input":{"@type":"PropertyValueSpecification","valueRequired":true,"valueName":"search_term_string"}}],"inLanguage":"es"},{"@type":"Organization","@id":"https:\/\/telocuentavictorhugo.com\/#organization","name":"Te lo Cuenta Victor","url":"https:\/\/telocuentavictorhugo.com\/","logo":{"@type":"ImageObject","inLanguage":"es","@id":"https:\/\/telocuentavictorhugo.com\/#\/schema\/logo\/image\/","url":"https:\/\/telocuentavictorhugo.com\/wp-content\/uploads\/2023\/12\/Logo.png","contentUrl":"https:\/\/telocuentavictorhugo.com\/wp-content\/uploads\/2023\/12\/Logo.png","width":1080,"height":176,"caption":"Te lo Cuenta Victor"},"image":{"@id":"https:\/\/telocuentavictorhugo.com\/#\/schema\/logo\/image\/"}},{"@type":"Person","@id":"https:\/\/telocuentavictorhugo.com\/#\/schema\/person\/a8307d7271ba2849b49b562ad8602f06","name":"telocuentavictorhugo.com","image":{"@type":"ImageObject","inLanguage":"es","@id":"https:\/\/secure.gravatar.com\/avatar\/da212e7b532df19fd2aea5daf46d8c176abfc85521e4b80ed435d7426ef63eb6?s=96&d=mm&r=g","url":"https:\/\/secure.gravatar.com\/avatar\/da212e7b532df19fd2aea5daf46d8c176abfc85521e4b80ed435d7426ef63eb6?s=96&d=mm&r=g","contentUrl":"https:\/\/secure.gravatar.com\/avatar\/da212e7b532df19fd2aea5daf46d8c176abfc85521e4b80ed435d7426ef63eb6?s=96&d=mm&r=g","caption":"telocuentavictorhugo.com"},"sameAs":["http:\/\/telocuentavictorhugo.com"],"url":"https:\/\/telocuentavictorhugo.com\/index.php\/author\/plustvpress-com\/"}]}},"_links":{"self":[{"href":"https:\/\/telocuentavictorhugo.com\/index.php\/wp-json\/wp\/v2\/posts\/9715","targetHints":{"allow":["GET"]}}],"collection":[{"href":"https:\/\/telocuentavictorhugo.com\/index.php\/wp-json\/wp\/v2\/posts"}],"about":[{"href":"https:\/\/telocuentavictorhugo.com\/index.php\/wp-json\/wp\/v2\/types\/post"}],"author":[{"embeddable":true,"href":"https:\/\/telocuentavictorhugo.com\/index.php\/wp-json\/wp\/v2\/users\/1"}],"replies":[{"embeddable":true,"href":"https:\/\/telocuentavictorhugo.com\/index.php\/wp-json\/wp\/v2\/comments?post=9715"}],"version-history":[{"count":1,"href":"https:\/\/telocuentavictorhugo.com\/index.php\/wp-json\/wp\/v2\/posts\/9715\/revisions"}],"predecessor-version":[{"id":9729,"href":"https:\/\/telocuentavictorhugo.com\/index.php\/wp-json\/wp\/v2\/posts\/9715\/revisions\/9729"}],"wp:featuredmedia":[{"embeddable":true,"href":"https:\/\/telocuentavictorhugo.com\/index.php\/wp-json\/wp\/v2\/media\/9722"}],"wp:attachment":[{"href":"https:\/\/telocuentavictorhugo.com\/index.php\/wp-json\/wp\/v2\/media?parent=9715"}],"wp:term":[{"taxonomy":"category","embeddable":true,"href":"https:\/\/telocuentavictorhugo.com\/index.php\/wp-json\/wp\/v2\/categories?post=9715"},{"taxonomy":"post_tag","embeddable":true,"href":"https:\/\/telocuentavictorhugo.com\/index.php\/wp-json\/wp\/v2\/tags?post=9715"}],"curies":[{"name":"wp","href":"https:\/\/api.w.org\/{rel}","templated":true}]}}