{"id":9700,"date":"2025-09-06T03:14:10","date_gmt":"2025-09-06T07:14:10","guid":{"rendered":"https:\/\/telocuentavictorhugo.com\/?p=9700"},"modified":"2025-09-06T03:14:11","modified_gmt":"2025-09-06T07:14:11","slug":"policia-se-enmanilla-en-plaza-murillo-en-protesta-contra-la-corrupcion","status":"publish","type":"post","link":"https:\/\/telocuentavictorhugo.com\/index.php\/2025\/09\/06\/policia-se-enmanilla-en-plaza-murillo-en-protesta-contra-la-corrupcion\/","title":{"rendered":"POLIC\u00cdA SE ENMANILLA EN PLAZA MURILLO EN PROTESTA CONTRA LA CORRUPCI\u00d3N"},"content":{"rendered":"\n<p>El suboficial Santos Quispe llev\u00f3 a cabo una protesta en la Plaza Murillo, donde se espos\u00f3 a una banca para denunciar pr\u00e1cticas corruptas en la instituci\u00f3n policial, espec\u00edficamente en la asignaci\u00f3n de destinos. Asegura que una \u00abc\u00fapula\u00bb cobra 300 d\u00f3lares por facilitar estos traslados y acusa que estas maniobras desintegran familias y sirven para eliminar a quienes denuncian irregularidades. La denuncia se acompa\u00f1a de cuestionamientos legales, pues un informe policial lo se\u00f1ala por indisciplina, documento que su abogado califica de irregular, al ser emitido por personal de rango inferior. Quispe afirma que no hay motivos v\u00e1lidos para su traslado a Pando, y advierte que su lucha responde a una defensa de la integridad en la instituci\u00f3n.<\/p>\n\n\n\n<figure class=\"wp-block-embed is-type-video is-provider-youtube wp-block-embed-youtube wp-embed-aspect-16-9 wp-has-aspect-ratio\"><div class=\"wp-block-embed__wrapper\">\n<iframe title=\"POLIC\u00cdA SE ENMANILLA EN PLAZA MURILLO EN PROTESTA CONTRA LA CORRUPCI\u00d3N\" width=\"800\" height=\"450\" src=\"https:\/\/www.youtube.com\/embed\/eKekeRwL_ic?feature=oembed\" frameborder=\"0\" allow=\"accelerometer; autoplay; clipboard-write; encrypted-media; gyroscope; picture-in-picture; web-share\" referrerpolicy=\"strict-origin-when-cross-origin\" allowfullscreen><\/iframe>\n<\/div><\/figure>\n","protected":false},"excerpt":{"rendered":"<p>El suboficial Santos Quispe llev\u00f3 a cabo una protesta en la Plaza Murillo, donde se espos\u00f3 a una banca para denunciar pr\u00e1cticas corruptas en la instituci\u00f3n policial, espec\u00edficamente en la asignaci\u00f3n de destinos. Asegura que una \u00abc\u00fapula\u00bb cobra 300 d\u00f3lares por facilitar estos traslados y acusa que estas maniobras desintegran familias y sirven para eliminar [&hellip;]<\/p>\n","protected":false},"author":1,"featured_media":9705,"comment_status":"open","ping_status":"open","sticky":false,"template":"","format":"standard","meta":{"_eb_attr":"","footnotes":""},"categories":[1,44],"tags":[],"class_list":["post-9700","post","type-post","status-publish","format-standard","has-post-thumbnail","hentry","category-noticias","category-sociedad"],"yoast_head":"<!-- This site is optimized with the Yoast SEO plugin v27.4 - https:\/\/yoast.com\/product\/yoast-seo-wordpress\/ -->\n<title>POLIC\u00cdA SE ENMANILLA EN PLAZA MURILLO EN PROTESTA CONTRA LA CORRUPCI\u00d3N - Te lo Cuenta Victor<\/title>\n<meta name=\"robots\" content=\"index, follow, max-snippet:-1, max-image-preview:large, max-video-preview:-1\" \/>\n<link rel=\"canonical\" href=\"https:\/\/telocuentavictorhugo.com\/index.php\/2025\/09\/06\/policia-se-enmanilla-en-plaza-murillo-en-protesta-contra-la-corrupcion\/\" \/>\n<meta property=\"og:locale\" content=\"es_ES\" \/>\n<meta property=\"og:type\" content=\"article\" \/>\n<meta property=\"og:title\" content=\"POLIC\u00cdA SE ENMANILLA EN PLAZA MURILLO EN PROTESTA CONTRA LA CORRUPCI\u00d3N - Te lo Cuenta Victor\" \/>\n<meta property=\"og:description\" content=\"El suboficial Santos Quispe llev\u00f3 a cabo una protesta en la Plaza Murillo, donde se espos\u00f3 a una banca para denunciar pr\u00e1cticas corruptas en la instituci\u00f3n policial, espec\u00edficamente en la asignaci\u00f3n de destinos. Asegura que una \u00abc\u00fapula\u00bb cobra 300 d\u00f3lares por facilitar estos traslados y acusa que estas maniobras desintegran familias y sirven para eliminar [&hellip;]\" \/>\n<meta property=\"og:url\" content=\"https:\/\/telocuentavictorhugo.com\/index.php\/2025\/09\/06\/policia-se-enmanilla-en-plaza-murillo-en-protesta-contra-la-corrupcion\/\" \/>\n<meta property=\"og:site_name\" content=\"Te lo Cuenta Victor\" \/>\n<meta property=\"article:published_time\" content=\"2025-09-06T07:14:10+00:00\" \/>\n<meta property=\"article:modified_time\" content=\"2025-09-06T07:14:11+00:00\" \/>\n<meta property=\"og:image\" content=\"http:\/\/telocuentavictorhugo.com\/wp-content\/uploads\/2025\/09\/4-2.jpg\" \/>\n\t<meta property=\"og:image:width\" content=\"996\" \/>\n\t<meta property=\"og:image:height\" content=\"510\" \/>\n\t<meta property=\"og:image:type\" content=\"image\/jpeg\" \/>\n<meta name=\"author\" content=\"telocuentavictorhugo.com\" \/>\n<meta name=\"twitter:card\" content=\"summary_large_image\" \/>\n<meta name=\"twitter:label1\" content=\"Escrito por\" \/>\n\t<meta name=\"twitter:data1\" content=\"telocuentavictorhugo.com\" \/>\n\t<meta name=\"twitter:label2\" content=\"Tiempo de lectura\" \/>\n\t<meta name=\"twitter:data2\" content=\"1 minuto\" \/>\n<script type=\"application\/ld+json\" class=\"yoast-schema-graph\">{\"@context\":\"https:\\\/\\\/schema.org\",\"@graph\":[{\"@type\":\"Article\",\"@id\":\"https:\\\/\\\/telocuentavictorhugo.com\\\/index.php\\\/2025\\\/09\\\/06\\\/policia-se-enmanilla-en-plaza-murillo-en-protesta-contra-la-corrupcion\\\/#article\",\"isPartOf\":{\"@id\":\"https:\\\/\\\/telocuentavictorhugo.com\\\/index.php\\\/2025\\\/09\\\/06\\\/policia-se-enmanilla-en-plaza-murillo-en-protesta-contra-la-corrupcion\\\/\"},\"author\":{\"name\":\"telocuentavictorhugo.com\",\"@id\":\"https:\\\/\\\/telocuentavictorhugo.com\\\/#\\\/schema\\\/person\\\/a8307d7271ba2849b49b562ad8602f06\"},\"headline\":\"POLIC\u00cdA SE ENMANILLA EN PLAZA MURILLO EN PROTESTA CONTRA LA CORRUPCI\u00d3N\",\"datePublished\":\"2025-09-06T07:14:10+00:00\",\"dateModified\":\"2025-09-06T07:14:11+00:00\",\"mainEntityOfPage\":{\"@id\":\"https:\\\/\\\/telocuentavictorhugo.com\\\/index.php\\\/2025\\\/09\\\/06\\\/policia-se-enmanilla-en-plaza-murillo-en-protesta-contra-la-corrupcion\\\/\"},\"wordCount\":143,\"commentCount\":0,\"publisher\":{\"@id\":\"https:\\\/\\\/telocuentavictorhugo.com\\\/#organization\"},\"image\":{\"@id\":\"https:\\\/\\\/telocuentavictorhugo.com\\\/index.php\\\/2025\\\/09\\\/06\\\/policia-se-enmanilla-en-plaza-murillo-en-protesta-contra-la-corrupcion\\\/#primaryimage\"},\"thumbnailUrl\":\"https:\\\/\\\/telocuentavictorhugo.com\\\/wp-content\\\/uploads\\\/2025\\\/09\\\/4-2.jpg\",\"articleSection\":[\"Noticias\",\"Sociedad\"],\"inLanguage\":\"es\",\"potentialAction\":[{\"@type\":\"CommentAction\",\"name\":\"Comment\",\"target\":[\"https:\\\/\\\/telocuentavictorhugo.com\\\/index.php\\\/2025\\\/09\\\/06\\\/policia-se-enmanilla-en-plaza-murillo-en-protesta-contra-la-corrupcion\\\/#respond\"]}]},{\"@type\":\"WebPage\",\"@id\":\"https:\\\/\\\/telocuentavictorhugo.com\\\/index.php\\\/2025\\\/09\\\/06\\\/policia-se-enmanilla-en-plaza-murillo-en-protesta-contra-la-corrupcion\\\/\",\"url\":\"https:\\\/\\\/telocuentavictorhugo.com\\\/index.php\\\/2025\\\/09\\\/06\\\/policia-se-enmanilla-en-plaza-murillo-en-protesta-contra-la-corrupcion\\\/\",\"name\":\"POLIC\u00cdA SE ENMANILLA EN PLAZA MURILLO EN PROTESTA CONTRA LA CORRUPCI\u00d3N - Te lo Cuenta Victor\",\"isPartOf\":{\"@id\":\"https:\\\/\\\/telocuentavictorhugo.com\\\/#website\"},\"primaryImageOfPage\":{\"@id\":\"https:\\\/\\\/telocuentavictorhugo.com\\\/index.php\\\/2025\\\/09\\\/06\\\/policia-se-enmanilla-en-plaza-murillo-en-protesta-contra-la-corrupcion\\\/#primaryimage\"},\"image\":{\"@id\":\"https:\\\/\\\/telocuentavictorhugo.com\\\/index.php\\\/2025\\\/09\\\/06\\\/policia-se-enmanilla-en-plaza-murillo-en-protesta-contra-la-corrupcion\\\/#primaryimage\"},\"thumbnailUrl\":\"https:\\\/\\\/telocuentavictorhugo.com\\\/wp-content\\\/uploads\\\/2025\\\/09\\\/4-2.jpg\",\"datePublished\":\"2025-09-06T07:14:10+00:00\",\"dateModified\":\"2025-09-06T07:14:11+00:00\",\"breadcrumb\":{\"@id\":\"https:\\\/\\\/telocuentavictorhugo.com\\\/index.php\\\/2025\\\/09\\\/06\\\/policia-se-enmanilla-en-plaza-murillo-en-protesta-contra-la-corrupcion\\\/#breadcrumb\"},\"inLanguage\":\"es\",\"potentialAction\":[{\"@type\":\"ReadAction\",\"target\":[\"https:\\\/\\\/telocuentavictorhugo.com\\\/index.php\\\/2025\\\/09\\\/06\\\/policia-se-enmanilla-en-plaza-murillo-en-protesta-contra-la-corrupcion\\\/\"]}]},{\"@type\":\"ImageObject\",\"inLanguage\":\"es\",\"@id\":\"https:\\\/\\\/telocuentavictorhugo.com\\\/index.php\\\/2025\\\/09\\\/06\\\/policia-se-enmanilla-en-plaza-murillo-en-protesta-contra-la-corrupcion\\\/#primaryimage\",\"url\":\"https:\\\/\\\/telocuentavictorhugo.com\\\/wp-content\\\/uploads\\\/2025\\\/09\\\/4-2.jpg\",\"contentUrl\":\"https:\\\/\\\/telocuentavictorhugo.com\\\/wp-content\\\/uploads\\\/2025\\\/09\\\/4-2.jpg\",\"width\":996,\"height\":510},{\"@type\":\"BreadcrumbList\",\"@id\":\"https:\\\/\\\/telocuentavictorhugo.com\\\/index.php\\\/2025\\\/09\\\/06\\\/policia-se-enmanilla-en-plaza-murillo-en-protesta-contra-la-corrupcion\\\/#breadcrumb\",\"itemListElement\":[{\"@type\":\"ListItem\",\"position\":1,\"name\":\"Portada\",\"item\":\"https:\\\/\\\/telocuentavictorhugo.com\\\/\"},{\"@type\":\"ListItem\",\"position\":2,\"name\":\"POLIC\u00cdA SE ENMANILLA EN PLAZA MURILLO EN PROTESTA CONTRA LA CORRUPCI\u00d3N\"}]},{\"@type\":\"WebSite\",\"@id\":\"https:\\\/\\\/telocuentavictorhugo.com\\\/#website\",\"url\":\"https:\\\/\\\/telocuentavictorhugo.com\\\/\",\"name\":\"Te lo Cuenta Victor\",\"description\":\"\",\"publisher\":{\"@id\":\"https:\\\/\\\/telocuentavictorhugo.com\\\/#organization\"},\"potentialAction\":[{\"@type\":\"SearchAction\",\"target\":{\"@type\":\"EntryPoint\",\"urlTemplate\":\"https:\\\/\\\/telocuentavictorhugo.com\\\/?s={search_term_string}\"},\"query-input\":{\"@type\":\"PropertyValueSpecification\",\"valueRequired\":true,\"valueName\":\"search_term_string\"}}],\"inLanguage\":\"es\"},{\"@type\":\"Organization\",\"@id\":\"https:\\\/\\\/telocuentavictorhugo.com\\\/#organization\",\"name\":\"Te lo Cuenta Victor\",\"url\":\"https:\\\/\\\/telocuentavictorhugo.com\\\/\",\"logo\":{\"@type\":\"ImageObject\",\"inLanguage\":\"es\",\"@id\":\"https:\\\/\\\/telocuentavictorhugo.com\\\/#\\\/schema\\\/logo\\\/image\\\/\",\"url\":\"https:\\\/\\\/telocuentavictorhugo.com\\\/wp-content\\\/uploads\\\/2023\\\/12\\\/Logo.png\",\"contentUrl\":\"https:\\\/\\\/telocuentavictorhugo.com\\\/wp-content\\\/uploads\\\/2023\\\/12\\\/Logo.png\",\"width\":1080,\"height\":176,\"caption\":\"Te lo Cuenta Victor\"},\"image\":{\"@id\":\"https:\\\/\\\/telocuentavictorhugo.com\\\/#\\\/schema\\\/logo\\\/image\\\/\"}},{\"@type\":\"Person\",\"@id\":\"https:\\\/\\\/telocuentavictorhugo.com\\\/#\\\/schema\\\/person\\\/a8307d7271ba2849b49b562ad8602f06\",\"name\":\"telocuentavictorhugo.com\",\"image\":{\"@type\":\"ImageObject\",\"inLanguage\":\"es\",\"@id\":\"https:\\\/\\\/secure.gravatar.com\\\/avatar\\\/da212e7b532df19fd2aea5daf46d8c176abfc85521e4b80ed435d7426ef63eb6?s=96&d=mm&r=g\",\"url\":\"https:\\\/\\\/secure.gravatar.com\\\/avatar\\\/da212e7b532df19fd2aea5daf46d8c176abfc85521e4b80ed435d7426ef63eb6?s=96&d=mm&r=g\",\"contentUrl\":\"https:\\\/\\\/secure.gravatar.com\\\/avatar\\\/da212e7b532df19fd2aea5daf46d8c176abfc85521e4b80ed435d7426ef63eb6?s=96&d=mm&r=g\",\"caption\":\"telocuentavictorhugo.com\"},\"sameAs\":[\"http:\\\/\\\/telocuentavictorhugo.com\"],\"url\":\"https:\\\/\\\/telocuentavictorhugo.com\\\/index.php\\\/author\\\/plustvpress-com\\\/\"}]}<\/script>\n<!-- \/ Yoast SEO plugin. -->","yoast_head_json":{"title":"POLIC\u00cdA SE ENMANILLA EN PLAZA MURILLO EN PROTESTA CONTRA LA CORRUPCI\u00d3N - Te lo Cuenta Victor","robots":{"index":"index","follow":"follow","max-snippet":"max-snippet:-1","max-image-preview":"max-image-preview:large","max-video-preview":"max-video-preview:-1"},"canonical":"https:\/\/telocuentavictorhugo.com\/index.php\/2025\/09\/06\/policia-se-enmanilla-en-plaza-murillo-en-protesta-contra-la-corrupcion\/","og_locale":"es_ES","og_type":"article","og_title":"POLIC\u00cdA SE ENMANILLA EN PLAZA MURILLO EN PROTESTA CONTRA LA CORRUPCI\u00d3N - Te lo Cuenta Victor","og_description":"El suboficial Santos Quispe llev\u00f3 a cabo una protesta en la Plaza Murillo, donde se espos\u00f3 a una banca para denunciar pr\u00e1cticas corruptas en la instituci\u00f3n policial, espec\u00edficamente en la asignaci\u00f3n de destinos. Asegura que una \u00abc\u00fapula\u00bb cobra 300 d\u00f3lares por facilitar estos traslados y acusa que estas maniobras desintegran familias y sirven para eliminar [&hellip;]","og_url":"https:\/\/telocuentavictorhugo.com\/index.php\/2025\/09\/06\/policia-se-enmanilla-en-plaza-murillo-en-protesta-contra-la-corrupcion\/","og_site_name":"Te lo Cuenta Victor","article_published_time":"2025-09-06T07:14:10+00:00","article_modified_time":"2025-09-06T07:14:11+00:00","og_image":[{"width":996,"height":510,"url":"http:\/\/telocuentavictorhugo.com\/wp-content\/uploads\/2025\/09\/4-2.jpg","type":"image\/jpeg"}],"author":"telocuentavictorhugo.com","twitter_card":"summary_large_image","twitter_misc":{"Escrito por":"telocuentavictorhugo.com","Tiempo de lectura":"1 minuto"},"schema":{"@context":"https:\/\/schema.org","@graph":[{"@type":"Article","@id":"https:\/\/telocuentavictorhugo.com\/index.php\/2025\/09\/06\/policia-se-enmanilla-en-plaza-murillo-en-protesta-contra-la-corrupcion\/#article","isPartOf":{"@id":"https:\/\/telocuentavictorhugo.com\/index.php\/2025\/09\/06\/policia-se-enmanilla-en-plaza-murillo-en-protesta-contra-la-corrupcion\/"},"author":{"name":"telocuentavictorhugo.com","@id":"https:\/\/telocuentavictorhugo.com\/#\/schema\/person\/a8307d7271ba2849b49b562ad8602f06"},"headline":"POLIC\u00cdA SE ENMANILLA EN PLAZA MURILLO EN PROTESTA CONTRA LA CORRUPCI\u00d3N","datePublished":"2025-09-06T07:14:10+00:00","dateModified":"2025-09-06T07:14:11+00:00","mainEntityOfPage":{"@id":"https:\/\/telocuentavictorhugo.com\/index.php\/2025\/09\/06\/policia-se-enmanilla-en-plaza-murillo-en-protesta-contra-la-corrupcion\/"},"wordCount":143,"commentCount":0,"publisher":{"@id":"https:\/\/telocuentavictorhugo.com\/#organization"},"image":{"@id":"https:\/\/telocuentavictorhugo.com\/index.php\/2025\/09\/06\/policia-se-enmanilla-en-plaza-murillo-en-protesta-contra-la-corrupcion\/#primaryimage"},"thumbnailUrl":"https:\/\/telocuentavictorhugo.com\/wp-content\/uploads\/2025\/09\/4-2.jpg","articleSection":["Noticias","Sociedad"],"inLanguage":"es","potentialAction":[{"@type":"CommentAction","name":"Comment","target":["https:\/\/telocuentavictorhugo.com\/index.php\/2025\/09\/06\/policia-se-enmanilla-en-plaza-murillo-en-protesta-contra-la-corrupcion\/#respond"]}]},{"@type":"WebPage","@id":"https:\/\/telocuentavictorhugo.com\/index.php\/2025\/09\/06\/policia-se-enmanilla-en-plaza-murillo-en-protesta-contra-la-corrupcion\/","url":"https:\/\/telocuentavictorhugo.com\/index.php\/2025\/09\/06\/policia-se-enmanilla-en-plaza-murillo-en-protesta-contra-la-corrupcion\/","name":"POLIC\u00cdA SE ENMANILLA EN PLAZA MURILLO EN PROTESTA CONTRA LA CORRUPCI\u00d3N - Te lo Cuenta Victor","isPartOf":{"@id":"https:\/\/telocuentavictorhugo.com\/#website"},"primaryImageOfPage":{"@id":"https:\/\/telocuentavictorhugo.com\/index.php\/2025\/09\/06\/policia-se-enmanilla-en-plaza-murillo-en-protesta-contra-la-corrupcion\/#primaryimage"},"image":{"@id":"https:\/\/telocuentavictorhugo.com\/index.php\/2025\/09\/06\/policia-se-enmanilla-en-plaza-murillo-en-protesta-contra-la-corrupcion\/#primaryimage"},"thumbnailUrl":"https:\/\/telocuentavictorhugo.com\/wp-content\/uploads\/2025\/09\/4-2.jpg","datePublished":"2025-09-06T07:14:10+00:00","dateModified":"2025-09-06T07:14:11+00:00","breadcrumb":{"@id":"https:\/\/telocuentavictorhugo.com\/index.php\/2025\/09\/06\/policia-se-enmanilla-en-plaza-murillo-en-protesta-contra-la-corrupcion\/#breadcrumb"},"inLanguage":"es","potentialAction":[{"@type":"ReadAction","target":["https:\/\/telocuentavictorhugo.com\/index.php\/2025\/09\/06\/policia-se-enmanilla-en-plaza-murillo-en-protesta-contra-la-corrupcion\/"]}]},{"@type":"ImageObject","inLanguage":"es","@id":"https:\/\/telocuentavictorhugo.com\/index.php\/2025\/09\/06\/policia-se-enmanilla-en-plaza-murillo-en-protesta-contra-la-corrupcion\/#primaryimage","url":"https:\/\/telocuentavictorhugo.com\/wp-content\/uploads\/2025\/09\/4-2.jpg","contentUrl":"https:\/\/telocuentavictorhugo.com\/wp-content\/uploads\/2025\/09\/4-2.jpg","width":996,"height":510},{"@type":"BreadcrumbList","@id":"https:\/\/telocuentavictorhugo.com\/index.php\/2025\/09\/06\/policia-se-enmanilla-en-plaza-murillo-en-protesta-contra-la-corrupcion\/#breadcrumb","itemListElement":[{"@type":"ListItem","position":1,"name":"Portada","item":"https:\/\/telocuentavictorhugo.com\/"},{"@type":"ListItem","position":2,"name":"POLIC\u00cdA SE ENMANILLA EN PLAZA MURILLO EN PROTESTA CONTRA LA CORRUPCI\u00d3N"}]},{"@type":"WebSite","@id":"https:\/\/telocuentavictorhugo.com\/#website","url":"https:\/\/telocuentavictorhugo.com\/","name":"Te lo Cuenta Victor","description":"","publisher":{"@id":"https:\/\/telocuentavictorhugo.com\/#organization"},"potentialAction":[{"@type":"SearchAction","target":{"@type":"EntryPoint","urlTemplate":"https:\/\/telocuentavictorhugo.com\/?s={search_term_string}"},"query-input":{"@type":"PropertyValueSpecification","valueRequired":true,"valueName":"search_term_string"}}],"inLanguage":"es"},{"@type":"Organization","@id":"https:\/\/telocuentavictorhugo.com\/#organization","name":"Te lo Cuenta Victor","url":"https:\/\/telocuentavictorhugo.com\/","logo":{"@type":"ImageObject","inLanguage":"es","@id":"https:\/\/telocuentavictorhugo.com\/#\/schema\/logo\/image\/","url":"https:\/\/telocuentavictorhugo.com\/wp-content\/uploads\/2023\/12\/Logo.png","contentUrl":"https:\/\/telocuentavictorhugo.com\/wp-content\/uploads\/2023\/12\/Logo.png","width":1080,"height":176,"caption":"Te lo Cuenta Victor"},"image":{"@id":"https:\/\/telocuentavictorhugo.com\/#\/schema\/logo\/image\/"}},{"@type":"Person","@id":"https:\/\/telocuentavictorhugo.com\/#\/schema\/person\/a8307d7271ba2849b49b562ad8602f06","name":"telocuentavictorhugo.com","image":{"@type":"ImageObject","inLanguage":"es","@id":"https:\/\/secure.gravatar.com\/avatar\/da212e7b532df19fd2aea5daf46d8c176abfc85521e4b80ed435d7426ef63eb6?s=96&d=mm&r=g","url":"https:\/\/secure.gravatar.com\/avatar\/da212e7b532df19fd2aea5daf46d8c176abfc85521e4b80ed435d7426ef63eb6?s=96&d=mm&r=g","contentUrl":"https:\/\/secure.gravatar.com\/avatar\/da212e7b532df19fd2aea5daf46d8c176abfc85521e4b80ed435d7426ef63eb6?s=96&d=mm&r=g","caption":"telocuentavictorhugo.com"},"sameAs":["http:\/\/telocuentavictorhugo.com"],"url":"https:\/\/telocuentavictorhugo.com\/index.php\/author\/plustvpress-com\/"}]}},"_links":{"self":[{"href":"https:\/\/telocuentavictorhugo.com\/index.php\/wp-json\/wp\/v2\/posts\/9700","targetHints":{"allow":["GET"]}}],"collection":[{"href":"https:\/\/telocuentavictorhugo.com\/index.php\/wp-json\/wp\/v2\/posts"}],"about":[{"href":"https:\/\/telocuentavictorhugo.com\/index.php\/wp-json\/wp\/v2\/types\/post"}],"author":[{"embeddable":true,"href":"https:\/\/telocuentavictorhugo.com\/index.php\/wp-json\/wp\/v2\/users\/1"}],"replies":[{"embeddable":true,"href":"https:\/\/telocuentavictorhugo.com\/index.php\/wp-json\/wp\/v2\/comments?post=9700"}],"version-history":[{"count":1,"href":"https:\/\/telocuentavictorhugo.com\/index.php\/wp-json\/wp\/v2\/posts\/9700\/revisions"}],"predecessor-version":[{"id":9710,"href":"https:\/\/telocuentavictorhugo.com\/index.php\/wp-json\/wp\/v2\/posts\/9700\/revisions\/9710"}],"wp:featuredmedia":[{"embeddable":true,"href":"https:\/\/telocuentavictorhugo.com\/index.php\/wp-json\/wp\/v2\/media\/9705"}],"wp:attachment":[{"href":"https:\/\/telocuentavictorhugo.com\/index.php\/wp-json\/wp\/v2\/media?parent=9700"}],"wp:term":[{"taxonomy":"category","embeddable":true,"href":"https:\/\/telocuentavictorhugo.com\/index.php\/wp-json\/wp\/v2\/categories?post=9700"},{"taxonomy":"post_tag","embeddable":true,"href":"https:\/\/telocuentavictorhugo.com\/index.php\/wp-json\/wp\/v2\/tags?post=9700"}],"curies":[{"name":"wp","href":"https:\/\/api.w.org\/{rel}","templated":true}]}}