{"id":9671,"date":"2025-09-04T19:25:10","date_gmt":"2025-09-04T23:25:10","guid":{"rendered":"https:\/\/telocuentavictorhugo.com\/?p=9671"},"modified":"2025-09-04T19:25:14","modified_gmt":"2025-09-04T23:25:14","slug":"ypfb-recibe-fondos-y-reactivan-la-distribucion-de-diesel","status":"publish","type":"post","link":"https:\/\/telocuentavictorhugo.com\/index.php\/2025\/09\/04\/ypfb-recibe-fondos-y-reactivan-la-distribucion-de-diesel\/","title":{"rendered":"YPFB RECIBE FONDOS Y REACTIVAN LA DISTRIBUCI\u00d3N DE DI\u00c9SEL"},"content":{"rendered":"\n<p>Yacimientos Petrol\u00edferos Fiscales Bolivianos (YPFB) anuncia la reactivaci\u00f3n del suministro de di\u00e9sel tras recibir los fondos necesarios para cumplir con sus proveedores, poniendo fin a semanas de interrupciones en la distribuci\u00f3n nacional. El gerente de Comercializaci\u00f3n, Ramiro Echalar, confirm\u00f3 que, luego de dificultades originadas por retrasos en la asignaci\u00f3n de divisas desde el 21 de agosto, los desembolsos ya se realizaron y el abastecimiento vuelve a la normalidad en todo el pa\u00eds.<\/p>\n\n\n\n<figure class=\"wp-block-embed is-type-video is-provider-youtube wp-block-embed-youtube wp-embed-aspect-16-9 wp-has-aspect-ratio\"><div class=\"wp-block-embed__wrapper\">\n<iframe title=\"YPFB RECIBE FONDOS Y REACTIVAN LA DISTRIBUCI\u00d3N DE DI\u00c9SEL\" width=\"800\" height=\"450\" src=\"https:\/\/www.youtube.com\/embed\/dzYw4Ji2ZvE?feature=oembed\" frameborder=\"0\" allow=\"accelerometer; autoplay; clipboard-write; encrypted-media; gyroscope; picture-in-picture; web-share\" referrerpolicy=\"strict-origin-when-cross-origin\" allowfullscreen><\/iframe>\n<\/div><\/figure>\n","protected":false},"excerpt":{"rendered":"<p>Yacimientos Petrol\u00edferos Fiscales Bolivianos (YPFB) anuncia la reactivaci\u00f3n del suministro de di\u00e9sel tras recibir los fondos necesarios para cumplir con sus proveedores, poniendo fin a semanas de interrupciones en la distribuci\u00f3n nacional. El gerente de Comercializaci\u00f3n, Ramiro Echalar, confirm\u00f3 que, luego de dificultades originadas por retrasos en la asignaci\u00f3n de divisas desde el 21 de [&hellip;]<\/p>\n","protected":false},"author":1,"featured_media":9683,"comment_status":"open","ping_status":"open","sticky":false,"template":"","format":"standard","meta":{"_eb_attr":"","footnotes":""},"categories":[43,1],"tags":[],"class_list":["post-9671","post","type-post","status-publish","format-standard","has-post-thumbnail","hentry","category-economia","category-noticias"],"yoast_head":"<!-- This site is optimized with the Yoast SEO plugin v27.4 - https:\/\/yoast.com\/product\/yoast-seo-wordpress\/ -->\n<title>YPFB RECIBE FONDOS Y REACTIVAN LA DISTRIBUCI\u00d3N DE DI\u00c9SEL - Te lo Cuenta Victor<\/title>\n<meta name=\"robots\" content=\"index, follow, max-snippet:-1, max-image-preview:large, max-video-preview:-1\" \/>\n<link rel=\"canonical\" href=\"https:\/\/telocuentavictorhugo.com\/index.php\/2025\/09\/04\/ypfb-recibe-fondos-y-reactivan-la-distribucion-de-diesel\/\" \/>\n<meta property=\"og:locale\" content=\"es_ES\" \/>\n<meta property=\"og:type\" content=\"article\" \/>\n<meta property=\"og:title\" content=\"YPFB RECIBE FONDOS Y REACTIVAN LA DISTRIBUCI\u00d3N DE DI\u00c9SEL - Te lo Cuenta Victor\" \/>\n<meta property=\"og:description\" content=\"Yacimientos Petrol\u00edferos Fiscales Bolivianos (YPFB) anuncia la reactivaci\u00f3n del suministro de di\u00e9sel tras recibir los fondos necesarios para cumplir con sus proveedores, poniendo fin a semanas de interrupciones en la distribuci\u00f3n nacional. El gerente de Comercializaci\u00f3n, Ramiro Echalar, confirm\u00f3 que, luego de dificultades originadas por retrasos en la asignaci\u00f3n de divisas desde el 21 de [&hellip;]\" \/>\n<meta property=\"og:url\" content=\"https:\/\/telocuentavictorhugo.com\/index.php\/2025\/09\/04\/ypfb-recibe-fondos-y-reactivan-la-distribucion-de-diesel\/\" \/>\n<meta property=\"og:site_name\" content=\"Te lo Cuenta Victor\" \/>\n<meta property=\"article:published_time\" content=\"2025-09-04T23:25:10+00:00\" \/>\n<meta property=\"article:modified_time\" content=\"2025-09-04T23:25:14+00:00\" \/>\n<meta property=\"og:image\" content=\"http:\/\/telocuentavictorhugo.com\/wp-content\/uploads\/2025\/09\/9.jpg\" \/>\n\t<meta property=\"og:image:width\" content=\"1078\" \/>\n\t<meta property=\"og:image:height\" content=\"478\" \/>\n\t<meta property=\"og:image:type\" content=\"image\/jpeg\" \/>\n<meta name=\"author\" content=\"telocuentavictorhugo.com\" \/>\n<meta name=\"twitter:card\" content=\"summary_large_image\" \/>\n<meta name=\"twitter:label1\" content=\"Escrito por\" \/>\n\t<meta name=\"twitter:data1\" content=\"telocuentavictorhugo.com\" \/>\n\t<meta name=\"twitter:label2\" content=\"Tiempo de lectura\" \/>\n\t<meta name=\"twitter:data2\" content=\"1 minuto\" \/>\n<script type=\"application\/ld+json\" class=\"yoast-schema-graph\">{\"@context\":\"https:\\\/\\\/schema.org\",\"@graph\":[{\"@type\":\"Article\",\"@id\":\"https:\\\/\\\/telocuentavictorhugo.com\\\/index.php\\\/2025\\\/09\\\/04\\\/ypfb-recibe-fondos-y-reactivan-la-distribucion-de-diesel\\\/#article\",\"isPartOf\":{\"@id\":\"https:\\\/\\\/telocuentavictorhugo.com\\\/index.php\\\/2025\\\/09\\\/04\\\/ypfb-recibe-fondos-y-reactivan-la-distribucion-de-diesel\\\/\"},\"author\":{\"name\":\"telocuentavictorhugo.com\",\"@id\":\"https:\\\/\\\/telocuentavictorhugo.com\\\/#\\\/schema\\\/person\\\/a8307d7271ba2849b49b562ad8602f06\"},\"headline\":\"YPFB RECIBE FONDOS Y REACTIVAN LA DISTRIBUCI\u00d3N DE DI\u00c9SEL\",\"datePublished\":\"2025-09-04T23:25:10+00:00\",\"dateModified\":\"2025-09-04T23:25:14+00:00\",\"mainEntityOfPage\":{\"@id\":\"https:\\\/\\\/telocuentavictorhugo.com\\\/index.php\\\/2025\\\/09\\\/04\\\/ypfb-recibe-fondos-y-reactivan-la-distribucion-de-diesel\\\/\"},\"wordCount\":95,\"commentCount\":0,\"publisher\":{\"@id\":\"https:\\\/\\\/telocuentavictorhugo.com\\\/#organization\"},\"image\":{\"@id\":\"https:\\\/\\\/telocuentavictorhugo.com\\\/index.php\\\/2025\\\/09\\\/04\\\/ypfb-recibe-fondos-y-reactivan-la-distribucion-de-diesel\\\/#primaryimage\"},\"thumbnailUrl\":\"https:\\\/\\\/telocuentavictorhugo.com\\\/wp-content\\\/uploads\\\/2025\\\/09\\\/9.jpg\",\"articleSection\":[\"Econom\u00eda\",\"Noticias\"],\"inLanguage\":\"es\",\"potentialAction\":[{\"@type\":\"CommentAction\",\"name\":\"Comment\",\"target\":[\"https:\\\/\\\/telocuentavictorhugo.com\\\/index.php\\\/2025\\\/09\\\/04\\\/ypfb-recibe-fondos-y-reactivan-la-distribucion-de-diesel\\\/#respond\"]}]},{\"@type\":\"WebPage\",\"@id\":\"https:\\\/\\\/telocuentavictorhugo.com\\\/index.php\\\/2025\\\/09\\\/04\\\/ypfb-recibe-fondos-y-reactivan-la-distribucion-de-diesel\\\/\",\"url\":\"https:\\\/\\\/telocuentavictorhugo.com\\\/index.php\\\/2025\\\/09\\\/04\\\/ypfb-recibe-fondos-y-reactivan-la-distribucion-de-diesel\\\/\",\"name\":\"YPFB RECIBE FONDOS Y REACTIVAN LA DISTRIBUCI\u00d3N DE DI\u00c9SEL - Te lo Cuenta Victor\",\"isPartOf\":{\"@id\":\"https:\\\/\\\/telocuentavictorhugo.com\\\/#website\"},\"primaryImageOfPage\":{\"@id\":\"https:\\\/\\\/telocuentavictorhugo.com\\\/index.php\\\/2025\\\/09\\\/04\\\/ypfb-recibe-fondos-y-reactivan-la-distribucion-de-diesel\\\/#primaryimage\"},\"image\":{\"@id\":\"https:\\\/\\\/telocuentavictorhugo.com\\\/index.php\\\/2025\\\/09\\\/04\\\/ypfb-recibe-fondos-y-reactivan-la-distribucion-de-diesel\\\/#primaryimage\"},\"thumbnailUrl\":\"https:\\\/\\\/telocuentavictorhugo.com\\\/wp-content\\\/uploads\\\/2025\\\/09\\\/9.jpg\",\"datePublished\":\"2025-09-04T23:25:10+00:00\",\"dateModified\":\"2025-09-04T23:25:14+00:00\",\"breadcrumb\":{\"@id\":\"https:\\\/\\\/telocuentavictorhugo.com\\\/index.php\\\/2025\\\/09\\\/04\\\/ypfb-recibe-fondos-y-reactivan-la-distribucion-de-diesel\\\/#breadcrumb\"},\"inLanguage\":\"es\",\"potentialAction\":[{\"@type\":\"ReadAction\",\"target\":[\"https:\\\/\\\/telocuentavictorhugo.com\\\/index.php\\\/2025\\\/09\\\/04\\\/ypfb-recibe-fondos-y-reactivan-la-distribucion-de-diesel\\\/\"]}]},{\"@type\":\"ImageObject\",\"inLanguage\":\"es\",\"@id\":\"https:\\\/\\\/telocuentavictorhugo.com\\\/index.php\\\/2025\\\/09\\\/04\\\/ypfb-recibe-fondos-y-reactivan-la-distribucion-de-diesel\\\/#primaryimage\",\"url\":\"https:\\\/\\\/telocuentavictorhugo.com\\\/wp-content\\\/uploads\\\/2025\\\/09\\\/9.jpg\",\"contentUrl\":\"https:\\\/\\\/telocuentavictorhugo.com\\\/wp-content\\\/uploads\\\/2025\\\/09\\\/9.jpg\",\"width\":1078,\"height\":478},{\"@type\":\"BreadcrumbList\",\"@id\":\"https:\\\/\\\/telocuentavictorhugo.com\\\/index.php\\\/2025\\\/09\\\/04\\\/ypfb-recibe-fondos-y-reactivan-la-distribucion-de-diesel\\\/#breadcrumb\",\"itemListElement\":[{\"@type\":\"ListItem\",\"position\":1,\"name\":\"Portada\",\"item\":\"https:\\\/\\\/telocuentavictorhugo.com\\\/\"},{\"@type\":\"ListItem\",\"position\":2,\"name\":\"YPFB RECIBE FONDOS Y REACTIVAN LA DISTRIBUCI\u00d3N DE DI\u00c9SEL\"}]},{\"@type\":\"WebSite\",\"@id\":\"https:\\\/\\\/telocuentavictorhugo.com\\\/#website\",\"url\":\"https:\\\/\\\/telocuentavictorhugo.com\\\/\",\"name\":\"Te lo Cuenta Victor\",\"description\":\"\",\"publisher\":{\"@id\":\"https:\\\/\\\/telocuentavictorhugo.com\\\/#organization\"},\"potentialAction\":[{\"@type\":\"SearchAction\",\"target\":{\"@type\":\"EntryPoint\",\"urlTemplate\":\"https:\\\/\\\/telocuentavictorhugo.com\\\/?s={search_term_string}\"},\"query-input\":{\"@type\":\"PropertyValueSpecification\",\"valueRequired\":true,\"valueName\":\"search_term_string\"}}],\"inLanguage\":\"es\"},{\"@type\":\"Organization\",\"@id\":\"https:\\\/\\\/telocuentavictorhugo.com\\\/#organization\",\"name\":\"Te lo Cuenta Victor\",\"url\":\"https:\\\/\\\/telocuentavictorhugo.com\\\/\",\"logo\":{\"@type\":\"ImageObject\",\"inLanguage\":\"es\",\"@id\":\"https:\\\/\\\/telocuentavictorhugo.com\\\/#\\\/schema\\\/logo\\\/image\\\/\",\"url\":\"https:\\\/\\\/telocuentavictorhugo.com\\\/wp-content\\\/uploads\\\/2023\\\/12\\\/Logo.png\",\"contentUrl\":\"https:\\\/\\\/telocuentavictorhugo.com\\\/wp-content\\\/uploads\\\/2023\\\/12\\\/Logo.png\",\"width\":1080,\"height\":176,\"caption\":\"Te lo Cuenta Victor\"},\"image\":{\"@id\":\"https:\\\/\\\/telocuentavictorhugo.com\\\/#\\\/schema\\\/logo\\\/image\\\/\"}},{\"@type\":\"Person\",\"@id\":\"https:\\\/\\\/telocuentavictorhugo.com\\\/#\\\/schema\\\/person\\\/a8307d7271ba2849b49b562ad8602f06\",\"name\":\"telocuentavictorhugo.com\",\"image\":{\"@type\":\"ImageObject\",\"inLanguage\":\"es\",\"@id\":\"https:\\\/\\\/secure.gravatar.com\\\/avatar\\\/da212e7b532df19fd2aea5daf46d8c176abfc85521e4b80ed435d7426ef63eb6?s=96&d=mm&r=g\",\"url\":\"https:\\\/\\\/secure.gravatar.com\\\/avatar\\\/da212e7b532df19fd2aea5daf46d8c176abfc85521e4b80ed435d7426ef63eb6?s=96&d=mm&r=g\",\"contentUrl\":\"https:\\\/\\\/secure.gravatar.com\\\/avatar\\\/da212e7b532df19fd2aea5daf46d8c176abfc85521e4b80ed435d7426ef63eb6?s=96&d=mm&r=g\",\"caption\":\"telocuentavictorhugo.com\"},\"sameAs\":[\"http:\\\/\\\/telocuentavictorhugo.com\"],\"url\":\"https:\\\/\\\/telocuentavictorhugo.com\\\/index.php\\\/author\\\/plustvpress-com\\\/\"}]}<\/script>\n<!-- \/ Yoast SEO plugin. -->","yoast_head_json":{"title":"YPFB RECIBE FONDOS Y REACTIVAN LA DISTRIBUCI\u00d3N DE DI\u00c9SEL - Te lo Cuenta Victor","robots":{"index":"index","follow":"follow","max-snippet":"max-snippet:-1","max-image-preview":"max-image-preview:large","max-video-preview":"max-video-preview:-1"},"canonical":"https:\/\/telocuentavictorhugo.com\/index.php\/2025\/09\/04\/ypfb-recibe-fondos-y-reactivan-la-distribucion-de-diesel\/","og_locale":"es_ES","og_type":"article","og_title":"YPFB RECIBE FONDOS Y REACTIVAN LA DISTRIBUCI\u00d3N DE DI\u00c9SEL - Te lo Cuenta Victor","og_description":"Yacimientos Petrol\u00edferos Fiscales Bolivianos (YPFB) anuncia la reactivaci\u00f3n del suministro de di\u00e9sel tras recibir los fondos necesarios para cumplir con sus proveedores, poniendo fin a semanas de interrupciones en la distribuci\u00f3n nacional. El gerente de Comercializaci\u00f3n, Ramiro Echalar, confirm\u00f3 que, luego de dificultades originadas por retrasos en la asignaci\u00f3n de divisas desde el 21 de [&hellip;]","og_url":"https:\/\/telocuentavictorhugo.com\/index.php\/2025\/09\/04\/ypfb-recibe-fondos-y-reactivan-la-distribucion-de-diesel\/","og_site_name":"Te lo Cuenta Victor","article_published_time":"2025-09-04T23:25:10+00:00","article_modified_time":"2025-09-04T23:25:14+00:00","og_image":[{"width":1078,"height":478,"url":"http:\/\/telocuentavictorhugo.com\/wp-content\/uploads\/2025\/09\/9.jpg","type":"image\/jpeg"}],"author":"telocuentavictorhugo.com","twitter_card":"summary_large_image","twitter_misc":{"Escrito por":"telocuentavictorhugo.com","Tiempo de lectura":"1 minuto"},"schema":{"@context":"https:\/\/schema.org","@graph":[{"@type":"Article","@id":"https:\/\/telocuentavictorhugo.com\/index.php\/2025\/09\/04\/ypfb-recibe-fondos-y-reactivan-la-distribucion-de-diesel\/#article","isPartOf":{"@id":"https:\/\/telocuentavictorhugo.com\/index.php\/2025\/09\/04\/ypfb-recibe-fondos-y-reactivan-la-distribucion-de-diesel\/"},"author":{"name":"telocuentavictorhugo.com","@id":"https:\/\/telocuentavictorhugo.com\/#\/schema\/person\/a8307d7271ba2849b49b562ad8602f06"},"headline":"YPFB RECIBE FONDOS Y REACTIVAN LA DISTRIBUCI\u00d3N DE DI\u00c9SEL","datePublished":"2025-09-04T23:25:10+00:00","dateModified":"2025-09-04T23:25:14+00:00","mainEntityOfPage":{"@id":"https:\/\/telocuentavictorhugo.com\/index.php\/2025\/09\/04\/ypfb-recibe-fondos-y-reactivan-la-distribucion-de-diesel\/"},"wordCount":95,"commentCount":0,"publisher":{"@id":"https:\/\/telocuentavictorhugo.com\/#organization"},"image":{"@id":"https:\/\/telocuentavictorhugo.com\/index.php\/2025\/09\/04\/ypfb-recibe-fondos-y-reactivan-la-distribucion-de-diesel\/#primaryimage"},"thumbnailUrl":"https:\/\/telocuentavictorhugo.com\/wp-content\/uploads\/2025\/09\/9.jpg","articleSection":["Econom\u00eda","Noticias"],"inLanguage":"es","potentialAction":[{"@type":"CommentAction","name":"Comment","target":["https:\/\/telocuentavictorhugo.com\/index.php\/2025\/09\/04\/ypfb-recibe-fondos-y-reactivan-la-distribucion-de-diesel\/#respond"]}]},{"@type":"WebPage","@id":"https:\/\/telocuentavictorhugo.com\/index.php\/2025\/09\/04\/ypfb-recibe-fondos-y-reactivan-la-distribucion-de-diesel\/","url":"https:\/\/telocuentavictorhugo.com\/index.php\/2025\/09\/04\/ypfb-recibe-fondos-y-reactivan-la-distribucion-de-diesel\/","name":"YPFB RECIBE FONDOS Y REACTIVAN LA DISTRIBUCI\u00d3N DE DI\u00c9SEL - Te lo Cuenta Victor","isPartOf":{"@id":"https:\/\/telocuentavictorhugo.com\/#website"},"primaryImageOfPage":{"@id":"https:\/\/telocuentavictorhugo.com\/index.php\/2025\/09\/04\/ypfb-recibe-fondos-y-reactivan-la-distribucion-de-diesel\/#primaryimage"},"image":{"@id":"https:\/\/telocuentavictorhugo.com\/index.php\/2025\/09\/04\/ypfb-recibe-fondos-y-reactivan-la-distribucion-de-diesel\/#primaryimage"},"thumbnailUrl":"https:\/\/telocuentavictorhugo.com\/wp-content\/uploads\/2025\/09\/9.jpg","datePublished":"2025-09-04T23:25:10+00:00","dateModified":"2025-09-04T23:25:14+00:00","breadcrumb":{"@id":"https:\/\/telocuentavictorhugo.com\/index.php\/2025\/09\/04\/ypfb-recibe-fondos-y-reactivan-la-distribucion-de-diesel\/#breadcrumb"},"inLanguage":"es","potentialAction":[{"@type":"ReadAction","target":["https:\/\/telocuentavictorhugo.com\/index.php\/2025\/09\/04\/ypfb-recibe-fondos-y-reactivan-la-distribucion-de-diesel\/"]}]},{"@type":"ImageObject","inLanguage":"es","@id":"https:\/\/telocuentavictorhugo.com\/index.php\/2025\/09\/04\/ypfb-recibe-fondos-y-reactivan-la-distribucion-de-diesel\/#primaryimage","url":"https:\/\/telocuentavictorhugo.com\/wp-content\/uploads\/2025\/09\/9.jpg","contentUrl":"https:\/\/telocuentavictorhugo.com\/wp-content\/uploads\/2025\/09\/9.jpg","width":1078,"height":478},{"@type":"BreadcrumbList","@id":"https:\/\/telocuentavictorhugo.com\/index.php\/2025\/09\/04\/ypfb-recibe-fondos-y-reactivan-la-distribucion-de-diesel\/#breadcrumb","itemListElement":[{"@type":"ListItem","position":1,"name":"Portada","item":"https:\/\/telocuentavictorhugo.com\/"},{"@type":"ListItem","position":2,"name":"YPFB RECIBE FONDOS Y REACTIVAN LA DISTRIBUCI\u00d3N DE DI\u00c9SEL"}]},{"@type":"WebSite","@id":"https:\/\/telocuentavictorhugo.com\/#website","url":"https:\/\/telocuentavictorhugo.com\/","name":"Te lo Cuenta Victor","description":"","publisher":{"@id":"https:\/\/telocuentavictorhugo.com\/#organization"},"potentialAction":[{"@type":"SearchAction","target":{"@type":"EntryPoint","urlTemplate":"https:\/\/telocuentavictorhugo.com\/?s={search_term_string}"},"query-input":{"@type":"PropertyValueSpecification","valueRequired":true,"valueName":"search_term_string"}}],"inLanguage":"es"},{"@type":"Organization","@id":"https:\/\/telocuentavictorhugo.com\/#organization","name":"Te lo Cuenta Victor","url":"https:\/\/telocuentavictorhugo.com\/","logo":{"@type":"ImageObject","inLanguage":"es","@id":"https:\/\/telocuentavictorhugo.com\/#\/schema\/logo\/image\/","url":"https:\/\/telocuentavictorhugo.com\/wp-content\/uploads\/2023\/12\/Logo.png","contentUrl":"https:\/\/telocuentavictorhugo.com\/wp-content\/uploads\/2023\/12\/Logo.png","width":1080,"height":176,"caption":"Te lo Cuenta Victor"},"image":{"@id":"https:\/\/telocuentavictorhugo.com\/#\/schema\/logo\/image\/"}},{"@type":"Person","@id":"https:\/\/telocuentavictorhugo.com\/#\/schema\/person\/a8307d7271ba2849b49b562ad8602f06","name":"telocuentavictorhugo.com","image":{"@type":"ImageObject","inLanguage":"es","@id":"https:\/\/secure.gravatar.com\/avatar\/da212e7b532df19fd2aea5daf46d8c176abfc85521e4b80ed435d7426ef63eb6?s=96&d=mm&r=g","url":"https:\/\/secure.gravatar.com\/avatar\/da212e7b532df19fd2aea5daf46d8c176abfc85521e4b80ed435d7426ef63eb6?s=96&d=mm&r=g","contentUrl":"https:\/\/secure.gravatar.com\/avatar\/da212e7b532df19fd2aea5daf46d8c176abfc85521e4b80ed435d7426ef63eb6?s=96&d=mm&r=g","caption":"telocuentavictorhugo.com"},"sameAs":["http:\/\/telocuentavictorhugo.com"],"url":"https:\/\/telocuentavictorhugo.com\/index.php\/author\/plustvpress-com\/"}]}},"_links":{"self":[{"href":"https:\/\/telocuentavictorhugo.com\/index.php\/wp-json\/wp\/v2\/posts\/9671","targetHints":{"allow":["GET"]}}],"collection":[{"href":"https:\/\/telocuentavictorhugo.com\/index.php\/wp-json\/wp\/v2\/posts"}],"about":[{"href":"https:\/\/telocuentavictorhugo.com\/index.php\/wp-json\/wp\/v2\/types\/post"}],"author":[{"embeddable":true,"href":"https:\/\/telocuentavictorhugo.com\/index.php\/wp-json\/wp\/v2\/users\/1"}],"replies":[{"embeddable":true,"href":"https:\/\/telocuentavictorhugo.com\/index.php\/wp-json\/wp\/v2\/comments?post=9671"}],"version-history":[{"count":1,"href":"https:\/\/telocuentavictorhugo.com\/index.php\/wp-json\/wp\/v2\/posts\/9671\/revisions"}],"predecessor-version":[{"id":9694,"href":"https:\/\/telocuentavictorhugo.com\/index.php\/wp-json\/wp\/v2\/posts\/9671\/revisions\/9694"}],"wp:featuredmedia":[{"embeddable":true,"href":"https:\/\/telocuentavictorhugo.com\/index.php\/wp-json\/wp\/v2\/media\/9683"}],"wp:attachment":[{"href":"https:\/\/telocuentavictorhugo.com\/index.php\/wp-json\/wp\/v2\/media?parent=9671"}],"wp:term":[{"taxonomy":"category","embeddable":true,"href":"https:\/\/telocuentavictorhugo.com\/index.php\/wp-json\/wp\/v2\/categories?post=9671"},{"taxonomy":"post_tag","embeddable":true,"href":"https:\/\/telocuentavictorhugo.com\/index.php\/wp-json\/wp\/v2\/tags?post=9671"}],"curies":[{"name":"wp","href":"https:\/\/api.w.org\/{rel}","templated":true}]}}