{"id":9594,"date":"2025-09-02T20:07:01","date_gmt":"2025-09-03T00:07:01","guid":{"rendered":"https:\/\/telocuentavictorhugo.com\/?p=9594"},"modified":"2025-09-02T20:07:02","modified_gmt":"2025-09-03T00:07:02","slug":"desde-ypfb-gasolina-normal-diesel-en-crisis-y-solucion-en-camino","status":"publish","type":"post","link":"https:\/\/telocuentavictorhugo.com\/index.php\/2025\/09\/02\/desde-ypfb-gasolina-normal-diesel-en-crisis-y-solucion-en-camino\/","title":{"rendered":"DESDE YPFB: GASOLINA NORMAL, DI\u00c9SEL EN CRISIS Y SOLUCI\u00d3N EN CAMINO"},"content":{"rendered":"\n<p>El pr\u00f3ximo domingo 7 de septiembre se espera la descarga de 45 millones de litros de di\u00e9sel en la terminal de Arica, en Chile, con el objetivo de aliviar la escasez que afecta principalmente a La Paz y El Alto. Mientras tanto, Yacimientos Petrol\u00edferos Fiscales Bolivianos (YPFB) asegura que la distribuci\u00f3n de gasolina contin\u00faa en niveles normales en todo el pa\u00eds, pese a las largas filas y las protestas del transporte pesado, que denuncia una sobredemanda y falta de divisas para importar los vol\u00famenes necesarios. La llegada de estos cargamentos en la frontera chilena representa una esperanza para reducir las restricciones, pero la incertidumbre sobre los recursos en divisas y la necesidad de autorizaciones legislativas mantienen en tensi\u00f3n el abastecimiento de uno de los insumos m\u00e1s vitales para la econom\u00eda boliviana.<\/p>\n\n\n\n<figure class=\"wp-block-embed is-type-video is-provider-youtube wp-block-embed-youtube wp-embed-aspect-16-9 wp-has-aspect-ratio\"><div class=\"wp-block-embed__wrapper\">\n<iframe title=\"DESDE YPFB: GASOLINA NORMAL, DI\u00c9SEL EN CRISIS Y SOLUCI\u00d3N EN CAMINO\" width=\"800\" height=\"450\" src=\"https:\/\/www.youtube.com\/embed\/7PYUFqbjp84?feature=oembed\" frameborder=\"0\" allow=\"accelerometer; autoplay; clipboard-write; encrypted-media; gyroscope; picture-in-picture; web-share\" referrerpolicy=\"strict-origin-when-cross-origin\" allowfullscreen><\/iframe>\n<\/div><\/figure>\n","protected":false},"excerpt":{"rendered":"<p>El pr\u00f3ximo domingo 7 de septiembre se espera la descarga de 45 millones de litros de di\u00e9sel en la terminal de Arica, en Chile, con el objetivo de aliviar la escasez que afecta principalmente a La Paz y El Alto. Mientras tanto, Yacimientos Petrol\u00edferos Fiscales Bolivianos (YPFB) asegura que la distribuci\u00f3n de gasolina contin\u00faa en [&hellip;]<\/p>\n","protected":false},"author":1,"featured_media":9601,"comment_status":"open","ping_status":"open","sticky":false,"template":"","format":"standard","meta":{"_eb_attr":"","footnotes":""},"categories":[43,1],"tags":[],"class_list":["post-9594","post","type-post","status-publish","format-standard","has-post-thumbnail","hentry","category-economia","category-noticias"],"yoast_head":"<!-- This site is optimized with the Yoast SEO plugin v27.4 - https:\/\/yoast.com\/product\/yoast-seo-wordpress\/ -->\n<title>DESDE YPFB: GASOLINA NORMAL, DI\u00c9SEL EN CRISIS Y SOLUCI\u00d3N EN CAMINO - Te lo Cuenta Victor<\/title>\n<meta name=\"robots\" content=\"index, follow, max-snippet:-1, max-image-preview:large, max-video-preview:-1\" \/>\n<link rel=\"canonical\" href=\"https:\/\/telocuentavictorhugo.com\/index.php\/2025\/09\/02\/desde-ypfb-gasolina-normal-diesel-en-crisis-y-solucion-en-camino\/\" \/>\n<meta property=\"og:locale\" content=\"es_ES\" \/>\n<meta property=\"og:type\" content=\"article\" \/>\n<meta property=\"og:title\" content=\"DESDE YPFB: GASOLINA NORMAL, DI\u00c9SEL EN CRISIS Y SOLUCI\u00d3N EN CAMINO - Te lo Cuenta Victor\" \/>\n<meta property=\"og:description\" content=\"El pr\u00f3ximo domingo 7 de septiembre se espera la descarga de 45 millones de litros de di\u00e9sel en la terminal de Arica, en Chile, con el objetivo de aliviar la escasez que afecta principalmente a La Paz y El Alto. Mientras tanto, Yacimientos Petrol\u00edferos Fiscales Bolivianos (YPFB) asegura que la distribuci\u00f3n de gasolina contin\u00faa en [&hellip;]\" \/>\n<meta property=\"og:url\" content=\"https:\/\/telocuentavictorhugo.com\/index.php\/2025\/09\/02\/desde-ypfb-gasolina-normal-diesel-en-crisis-y-solucion-en-camino\/\" \/>\n<meta property=\"og:site_name\" content=\"Te lo Cuenta Victor\" \/>\n<meta property=\"article:published_time\" content=\"2025-09-03T00:07:01+00:00\" \/>\n<meta property=\"article:modified_time\" content=\"2025-09-03T00:07:02+00:00\" \/>\n<meta property=\"og:image\" content=\"http:\/\/telocuentavictorhugo.com\/wp-content\/uploads\/2025\/09\/4.jpg\" \/>\n\t<meta property=\"og:image:width\" content=\"617\" \/>\n\t<meta property=\"og:image:height\" content=\"318\" \/>\n\t<meta property=\"og:image:type\" content=\"image\/jpeg\" \/>\n<meta name=\"author\" content=\"telocuentavictorhugo.com\" \/>\n<meta name=\"twitter:card\" content=\"summary_large_image\" \/>\n<meta name=\"twitter:label1\" content=\"Escrito por\" \/>\n\t<meta name=\"twitter:data1\" content=\"telocuentavictorhugo.com\" \/>\n\t<meta name=\"twitter:label2\" content=\"Tiempo de lectura\" \/>\n\t<meta name=\"twitter:data2\" content=\"1 minuto\" \/>\n<script type=\"application\/ld+json\" class=\"yoast-schema-graph\">{\"@context\":\"https:\\\/\\\/schema.org\",\"@graph\":[{\"@type\":\"Article\",\"@id\":\"https:\\\/\\\/telocuentavictorhugo.com\\\/index.php\\\/2025\\\/09\\\/02\\\/desde-ypfb-gasolina-normal-diesel-en-crisis-y-solucion-en-camino\\\/#article\",\"isPartOf\":{\"@id\":\"https:\\\/\\\/telocuentavictorhugo.com\\\/index.php\\\/2025\\\/09\\\/02\\\/desde-ypfb-gasolina-normal-diesel-en-crisis-y-solucion-en-camino\\\/\"},\"author\":{\"name\":\"telocuentavictorhugo.com\",\"@id\":\"https:\\\/\\\/telocuentavictorhugo.com\\\/#\\\/schema\\\/person\\\/a8307d7271ba2849b49b562ad8602f06\"},\"headline\":\"DESDE YPFB: GASOLINA NORMAL, DI\u00c9SEL EN CRISIS Y SOLUCI\u00d3N EN CAMINO\",\"datePublished\":\"2025-09-03T00:07:01+00:00\",\"dateModified\":\"2025-09-03T00:07:02+00:00\",\"mainEntityOfPage\":{\"@id\":\"https:\\\/\\\/telocuentavictorhugo.com\\\/index.php\\\/2025\\\/09\\\/02\\\/desde-ypfb-gasolina-normal-diesel-en-crisis-y-solucion-en-camino\\\/\"},\"wordCount\":156,\"commentCount\":0,\"publisher\":{\"@id\":\"https:\\\/\\\/telocuentavictorhugo.com\\\/#organization\"},\"image\":{\"@id\":\"https:\\\/\\\/telocuentavictorhugo.com\\\/index.php\\\/2025\\\/09\\\/02\\\/desde-ypfb-gasolina-normal-diesel-en-crisis-y-solucion-en-camino\\\/#primaryimage\"},\"thumbnailUrl\":\"https:\\\/\\\/telocuentavictorhugo.com\\\/wp-content\\\/uploads\\\/2025\\\/09\\\/4.jpg\",\"articleSection\":[\"Econom\u00eda\",\"Noticias\"],\"inLanguage\":\"es\",\"potentialAction\":[{\"@type\":\"CommentAction\",\"name\":\"Comment\",\"target\":[\"https:\\\/\\\/telocuentavictorhugo.com\\\/index.php\\\/2025\\\/09\\\/02\\\/desde-ypfb-gasolina-normal-diesel-en-crisis-y-solucion-en-camino\\\/#respond\"]}]},{\"@type\":\"WebPage\",\"@id\":\"https:\\\/\\\/telocuentavictorhugo.com\\\/index.php\\\/2025\\\/09\\\/02\\\/desde-ypfb-gasolina-normal-diesel-en-crisis-y-solucion-en-camino\\\/\",\"url\":\"https:\\\/\\\/telocuentavictorhugo.com\\\/index.php\\\/2025\\\/09\\\/02\\\/desde-ypfb-gasolina-normal-diesel-en-crisis-y-solucion-en-camino\\\/\",\"name\":\"DESDE YPFB: GASOLINA NORMAL, DI\u00c9SEL EN CRISIS Y SOLUCI\u00d3N EN CAMINO - Te lo Cuenta Victor\",\"isPartOf\":{\"@id\":\"https:\\\/\\\/telocuentavictorhugo.com\\\/#website\"},\"primaryImageOfPage\":{\"@id\":\"https:\\\/\\\/telocuentavictorhugo.com\\\/index.php\\\/2025\\\/09\\\/02\\\/desde-ypfb-gasolina-normal-diesel-en-crisis-y-solucion-en-camino\\\/#primaryimage\"},\"image\":{\"@id\":\"https:\\\/\\\/telocuentavictorhugo.com\\\/index.php\\\/2025\\\/09\\\/02\\\/desde-ypfb-gasolina-normal-diesel-en-crisis-y-solucion-en-camino\\\/#primaryimage\"},\"thumbnailUrl\":\"https:\\\/\\\/telocuentavictorhugo.com\\\/wp-content\\\/uploads\\\/2025\\\/09\\\/4.jpg\",\"datePublished\":\"2025-09-03T00:07:01+00:00\",\"dateModified\":\"2025-09-03T00:07:02+00:00\",\"breadcrumb\":{\"@id\":\"https:\\\/\\\/telocuentavictorhugo.com\\\/index.php\\\/2025\\\/09\\\/02\\\/desde-ypfb-gasolina-normal-diesel-en-crisis-y-solucion-en-camino\\\/#breadcrumb\"},\"inLanguage\":\"es\",\"potentialAction\":[{\"@type\":\"ReadAction\",\"target\":[\"https:\\\/\\\/telocuentavictorhugo.com\\\/index.php\\\/2025\\\/09\\\/02\\\/desde-ypfb-gasolina-normal-diesel-en-crisis-y-solucion-en-camino\\\/\"]}]},{\"@type\":\"ImageObject\",\"inLanguage\":\"es\",\"@id\":\"https:\\\/\\\/telocuentavictorhugo.com\\\/index.php\\\/2025\\\/09\\\/02\\\/desde-ypfb-gasolina-normal-diesel-en-crisis-y-solucion-en-camino\\\/#primaryimage\",\"url\":\"https:\\\/\\\/telocuentavictorhugo.com\\\/wp-content\\\/uploads\\\/2025\\\/09\\\/4.jpg\",\"contentUrl\":\"https:\\\/\\\/telocuentavictorhugo.com\\\/wp-content\\\/uploads\\\/2025\\\/09\\\/4.jpg\",\"width\":617,\"height\":318},{\"@type\":\"BreadcrumbList\",\"@id\":\"https:\\\/\\\/telocuentavictorhugo.com\\\/index.php\\\/2025\\\/09\\\/02\\\/desde-ypfb-gasolina-normal-diesel-en-crisis-y-solucion-en-camino\\\/#breadcrumb\",\"itemListElement\":[{\"@type\":\"ListItem\",\"position\":1,\"name\":\"Portada\",\"item\":\"https:\\\/\\\/telocuentavictorhugo.com\\\/\"},{\"@type\":\"ListItem\",\"position\":2,\"name\":\"DESDE YPFB: GASOLINA NORMAL, DI\u00c9SEL EN CRISIS Y SOLUCI\u00d3N EN CAMINO\"}]},{\"@type\":\"WebSite\",\"@id\":\"https:\\\/\\\/telocuentavictorhugo.com\\\/#website\",\"url\":\"https:\\\/\\\/telocuentavictorhugo.com\\\/\",\"name\":\"Te lo Cuenta Victor\",\"description\":\"\",\"publisher\":{\"@id\":\"https:\\\/\\\/telocuentavictorhugo.com\\\/#organization\"},\"potentialAction\":[{\"@type\":\"SearchAction\",\"target\":{\"@type\":\"EntryPoint\",\"urlTemplate\":\"https:\\\/\\\/telocuentavictorhugo.com\\\/?s={search_term_string}\"},\"query-input\":{\"@type\":\"PropertyValueSpecification\",\"valueRequired\":true,\"valueName\":\"search_term_string\"}}],\"inLanguage\":\"es\"},{\"@type\":\"Organization\",\"@id\":\"https:\\\/\\\/telocuentavictorhugo.com\\\/#organization\",\"name\":\"Te lo Cuenta Victor\",\"url\":\"https:\\\/\\\/telocuentavictorhugo.com\\\/\",\"logo\":{\"@type\":\"ImageObject\",\"inLanguage\":\"es\",\"@id\":\"https:\\\/\\\/telocuentavictorhugo.com\\\/#\\\/schema\\\/logo\\\/image\\\/\",\"url\":\"https:\\\/\\\/telocuentavictorhugo.com\\\/wp-content\\\/uploads\\\/2023\\\/12\\\/Logo.png\",\"contentUrl\":\"https:\\\/\\\/telocuentavictorhugo.com\\\/wp-content\\\/uploads\\\/2023\\\/12\\\/Logo.png\",\"width\":1080,\"height\":176,\"caption\":\"Te lo Cuenta Victor\"},\"image\":{\"@id\":\"https:\\\/\\\/telocuentavictorhugo.com\\\/#\\\/schema\\\/logo\\\/image\\\/\"}},{\"@type\":\"Person\",\"@id\":\"https:\\\/\\\/telocuentavictorhugo.com\\\/#\\\/schema\\\/person\\\/a8307d7271ba2849b49b562ad8602f06\",\"name\":\"telocuentavictorhugo.com\",\"image\":{\"@type\":\"ImageObject\",\"inLanguage\":\"es\",\"@id\":\"https:\\\/\\\/secure.gravatar.com\\\/avatar\\\/da212e7b532df19fd2aea5daf46d8c176abfc85521e4b80ed435d7426ef63eb6?s=96&d=mm&r=g\",\"url\":\"https:\\\/\\\/secure.gravatar.com\\\/avatar\\\/da212e7b532df19fd2aea5daf46d8c176abfc85521e4b80ed435d7426ef63eb6?s=96&d=mm&r=g\",\"contentUrl\":\"https:\\\/\\\/secure.gravatar.com\\\/avatar\\\/da212e7b532df19fd2aea5daf46d8c176abfc85521e4b80ed435d7426ef63eb6?s=96&d=mm&r=g\",\"caption\":\"telocuentavictorhugo.com\"},\"sameAs\":[\"http:\\\/\\\/telocuentavictorhugo.com\"],\"url\":\"https:\\\/\\\/telocuentavictorhugo.com\\\/index.php\\\/author\\\/plustvpress-com\\\/\"}]}<\/script>\n<!-- \/ Yoast SEO plugin. -->","yoast_head_json":{"title":"DESDE YPFB: GASOLINA NORMAL, DI\u00c9SEL EN CRISIS Y SOLUCI\u00d3N EN CAMINO - Te lo Cuenta Victor","robots":{"index":"index","follow":"follow","max-snippet":"max-snippet:-1","max-image-preview":"max-image-preview:large","max-video-preview":"max-video-preview:-1"},"canonical":"https:\/\/telocuentavictorhugo.com\/index.php\/2025\/09\/02\/desde-ypfb-gasolina-normal-diesel-en-crisis-y-solucion-en-camino\/","og_locale":"es_ES","og_type":"article","og_title":"DESDE YPFB: GASOLINA NORMAL, DI\u00c9SEL EN CRISIS Y SOLUCI\u00d3N EN CAMINO - Te lo Cuenta Victor","og_description":"El pr\u00f3ximo domingo 7 de septiembre se espera la descarga de 45 millones de litros de di\u00e9sel en la terminal de Arica, en Chile, con el objetivo de aliviar la escasez que afecta principalmente a La Paz y El Alto. Mientras tanto, Yacimientos Petrol\u00edferos Fiscales Bolivianos (YPFB) asegura que la distribuci\u00f3n de gasolina contin\u00faa en [&hellip;]","og_url":"https:\/\/telocuentavictorhugo.com\/index.php\/2025\/09\/02\/desde-ypfb-gasolina-normal-diesel-en-crisis-y-solucion-en-camino\/","og_site_name":"Te lo Cuenta Victor","article_published_time":"2025-09-03T00:07:01+00:00","article_modified_time":"2025-09-03T00:07:02+00:00","og_image":[{"width":617,"height":318,"url":"http:\/\/telocuentavictorhugo.com\/wp-content\/uploads\/2025\/09\/4.jpg","type":"image\/jpeg"}],"author":"telocuentavictorhugo.com","twitter_card":"summary_large_image","twitter_misc":{"Escrito por":"telocuentavictorhugo.com","Tiempo de lectura":"1 minuto"},"schema":{"@context":"https:\/\/schema.org","@graph":[{"@type":"Article","@id":"https:\/\/telocuentavictorhugo.com\/index.php\/2025\/09\/02\/desde-ypfb-gasolina-normal-diesel-en-crisis-y-solucion-en-camino\/#article","isPartOf":{"@id":"https:\/\/telocuentavictorhugo.com\/index.php\/2025\/09\/02\/desde-ypfb-gasolina-normal-diesel-en-crisis-y-solucion-en-camino\/"},"author":{"name":"telocuentavictorhugo.com","@id":"https:\/\/telocuentavictorhugo.com\/#\/schema\/person\/a8307d7271ba2849b49b562ad8602f06"},"headline":"DESDE YPFB: GASOLINA NORMAL, DI\u00c9SEL EN CRISIS Y SOLUCI\u00d3N EN CAMINO","datePublished":"2025-09-03T00:07:01+00:00","dateModified":"2025-09-03T00:07:02+00:00","mainEntityOfPage":{"@id":"https:\/\/telocuentavictorhugo.com\/index.php\/2025\/09\/02\/desde-ypfb-gasolina-normal-diesel-en-crisis-y-solucion-en-camino\/"},"wordCount":156,"commentCount":0,"publisher":{"@id":"https:\/\/telocuentavictorhugo.com\/#organization"},"image":{"@id":"https:\/\/telocuentavictorhugo.com\/index.php\/2025\/09\/02\/desde-ypfb-gasolina-normal-diesel-en-crisis-y-solucion-en-camino\/#primaryimage"},"thumbnailUrl":"https:\/\/telocuentavictorhugo.com\/wp-content\/uploads\/2025\/09\/4.jpg","articleSection":["Econom\u00eda","Noticias"],"inLanguage":"es","potentialAction":[{"@type":"CommentAction","name":"Comment","target":["https:\/\/telocuentavictorhugo.com\/index.php\/2025\/09\/02\/desde-ypfb-gasolina-normal-diesel-en-crisis-y-solucion-en-camino\/#respond"]}]},{"@type":"WebPage","@id":"https:\/\/telocuentavictorhugo.com\/index.php\/2025\/09\/02\/desde-ypfb-gasolina-normal-diesel-en-crisis-y-solucion-en-camino\/","url":"https:\/\/telocuentavictorhugo.com\/index.php\/2025\/09\/02\/desde-ypfb-gasolina-normal-diesel-en-crisis-y-solucion-en-camino\/","name":"DESDE YPFB: GASOLINA NORMAL, DI\u00c9SEL EN CRISIS Y SOLUCI\u00d3N EN CAMINO - Te lo Cuenta Victor","isPartOf":{"@id":"https:\/\/telocuentavictorhugo.com\/#website"},"primaryImageOfPage":{"@id":"https:\/\/telocuentavictorhugo.com\/index.php\/2025\/09\/02\/desde-ypfb-gasolina-normal-diesel-en-crisis-y-solucion-en-camino\/#primaryimage"},"image":{"@id":"https:\/\/telocuentavictorhugo.com\/index.php\/2025\/09\/02\/desde-ypfb-gasolina-normal-diesel-en-crisis-y-solucion-en-camino\/#primaryimage"},"thumbnailUrl":"https:\/\/telocuentavictorhugo.com\/wp-content\/uploads\/2025\/09\/4.jpg","datePublished":"2025-09-03T00:07:01+00:00","dateModified":"2025-09-03T00:07:02+00:00","breadcrumb":{"@id":"https:\/\/telocuentavictorhugo.com\/index.php\/2025\/09\/02\/desde-ypfb-gasolina-normal-diesel-en-crisis-y-solucion-en-camino\/#breadcrumb"},"inLanguage":"es","potentialAction":[{"@type":"ReadAction","target":["https:\/\/telocuentavictorhugo.com\/index.php\/2025\/09\/02\/desde-ypfb-gasolina-normal-diesel-en-crisis-y-solucion-en-camino\/"]}]},{"@type":"ImageObject","inLanguage":"es","@id":"https:\/\/telocuentavictorhugo.com\/index.php\/2025\/09\/02\/desde-ypfb-gasolina-normal-diesel-en-crisis-y-solucion-en-camino\/#primaryimage","url":"https:\/\/telocuentavictorhugo.com\/wp-content\/uploads\/2025\/09\/4.jpg","contentUrl":"https:\/\/telocuentavictorhugo.com\/wp-content\/uploads\/2025\/09\/4.jpg","width":617,"height":318},{"@type":"BreadcrumbList","@id":"https:\/\/telocuentavictorhugo.com\/index.php\/2025\/09\/02\/desde-ypfb-gasolina-normal-diesel-en-crisis-y-solucion-en-camino\/#breadcrumb","itemListElement":[{"@type":"ListItem","position":1,"name":"Portada","item":"https:\/\/telocuentavictorhugo.com\/"},{"@type":"ListItem","position":2,"name":"DESDE YPFB: GASOLINA NORMAL, DI\u00c9SEL EN CRISIS Y SOLUCI\u00d3N EN CAMINO"}]},{"@type":"WebSite","@id":"https:\/\/telocuentavictorhugo.com\/#website","url":"https:\/\/telocuentavictorhugo.com\/","name":"Te lo Cuenta Victor","description":"","publisher":{"@id":"https:\/\/telocuentavictorhugo.com\/#organization"},"potentialAction":[{"@type":"SearchAction","target":{"@type":"EntryPoint","urlTemplate":"https:\/\/telocuentavictorhugo.com\/?s={search_term_string}"},"query-input":{"@type":"PropertyValueSpecification","valueRequired":true,"valueName":"search_term_string"}}],"inLanguage":"es"},{"@type":"Organization","@id":"https:\/\/telocuentavictorhugo.com\/#organization","name":"Te lo Cuenta Victor","url":"https:\/\/telocuentavictorhugo.com\/","logo":{"@type":"ImageObject","inLanguage":"es","@id":"https:\/\/telocuentavictorhugo.com\/#\/schema\/logo\/image\/","url":"https:\/\/telocuentavictorhugo.com\/wp-content\/uploads\/2023\/12\/Logo.png","contentUrl":"https:\/\/telocuentavictorhugo.com\/wp-content\/uploads\/2023\/12\/Logo.png","width":1080,"height":176,"caption":"Te lo Cuenta Victor"},"image":{"@id":"https:\/\/telocuentavictorhugo.com\/#\/schema\/logo\/image\/"}},{"@type":"Person","@id":"https:\/\/telocuentavictorhugo.com\/#\/schema\/person\/a8307d7271ba2849b49b562ad8602f06","name":"telocuentavictorhugo.com","image":{"@type":"ImageObject","inLanguage":"es","@id":"https:\/\/secure.gravatar.com\/avatar\/da212e7b532df19fd2aea5daf46d8c176abfc85521e4b80ed435d7426ef63eb6?s=96&d=mm&r=g","url":"https:\/\/secure.gravatar.com\/avatar\/da212e7b532df19fd2aea5daf46d8c176abfc85521e4b80ed435d7426ef63eb6?s=96&d=mm&r=g","contentUrl":"https:\/\/secure.gravatar.com\/avatar\/da212e7b532df19fd2aea5daf46d8c176abfc85521e4b80ed435d7426ef63eb6?s=96&d=mm&r=g","caption":"telocuentavictorhugo.com"},"sameAs":["http:\/\/telocuentavictorhugo.com"],"url":"https:\/\/telocuentavictorhugo.com\/index.php\/author\/plustvpress-com\/"}]}},"_links":{"self":[{"href":"https:\/\/telocuentavictorhugo.com\/index.php\/wp-json\/wp\/v2\/posts\/9594","targetHints":{"allow":["GET"]}}],"collection":[{"href":"https:\/\/telocuentavictorhugo.com\/index.php\/wp-json\/wp\/v2\/posts"}],"about":[{"href":"https:\/\/telocuentavictorhugo.com\/index.php\/wp-json\/wp\/v2\/types\/post"}],"author":[{"embeddable":true,"href":"https:\/\/telocuentavictorhugo.com\/index.php\/wp-json\/wp\/v2\/users\/1"}],"replies":[{"embeddable":true,"href":"https:\/\/telocuentavictorhugo.com\/index.php\/wp-json\/wp\/v2\/comments?post=9594"}],"version-history":[{"count":1,"href":"https:\/\/telocuentavictorhugo.com\/index.php\/wp-json\/wp\/v2\/posts\/9594\/revisions"}],"predecessor-version":[{"id":9608,"href":"https:\/\/telocuentavictorhugo.com\/index.php\/wp-json\/wp\/v2\/posts\/9594\/revisions\/9608"}],"wp:featuredmedia":[{"embeddable":true,"href":"https:\/\/telocuentavictorhugo.com\/index.php\/wp-json\/wp\/v2\/media\/9601"}],"wp:attachment":[{"href":"https:\/\/telocuentavictorhugo.com\/index.php\/wp-json\/wp\/v2\/media?parent=9594"}],"wp:term":[{"taxonomy":"category","embeddable":true,"href":"https:\/\/telocuentavictorhugo.com\/index.php\/wp-json\/wp\/v2\/categories?post=9594"},{"taxonomy":"post_tag","embeddable":true,"href":"https:\/\/telocuentavictorhugo.com\/index.php\/wp-json\/wp\/v2\/tags?post=9594"}],"curies":[{"name":"wp","href":"https:\/\/api.w.org\/{rel}","templated":true}]}}