{"id":9560,"date":"2025-08-30T08:53:08","date_gmt":"2025-08-30T12:53:08","guid":{"rendered":"https:\/\/telocuentavictorhugo.com\/?p=9560"},"modified":"2025-08-30T08:53:09","modified_gmt":"2025-08-30T12:53:09","slug":"nuestro-capitan-habla-con-un-lenguaje-hermoso-vocero-de-edman-lara","status":"publish","type":"post","link":"https:\/\/telocuentavictorhugo.com\/index.php\/2025\/08\/30\/nuestro-capitan-habla-con-un-lenguaje-hermoso-vocero-de-edman-lara\/","title":{"rendered":"\u00abNUESTRO CAPIT\u00c1N HABLA CON UN LENGUAJE HERMOSO\u00bb &#8211; VOCERO DE EDMAN LARA"},"content":{"rendered":"\n<p>Hugo Guti\u00e9rrez reconoci\u00f3 que Edman Lara ha tenido algunos impases propios de ser un pol\u00edtico nuevo, pero sostuvo que su imagen se mantiene s\u00f3lida ante la gente. Sobre la propuesta de los 2 mil bolivianos vinculada a la Renta Dignidad, explic\u00f3 que no est\u00e1 en el plan de gobierno, aunque s\u00ed es un compromiso de Lara. Aclar\u00f3 que no ser\u00e1 para todos, sino como una medida de apoyo destinada a los adultos mayores que dependen de la renta como \u00fanico ingreso y que muchas veces est\u00e1n solos.<\/p>\n\n\n\n<figure class=\"wp-block-embed is-type-video is-provider-youtube wp-block-embed-youtube wp-embed-aspect-16-9 wp-has-aspect-ratio\"><div class=\"wp-block-embed__wrapper\">\n<iframe title=\"&quot;NUESTRO CAPIT\u00c1N HABLA CON UN LENGUAJE HERMOSO&quot; - VOCERO DE EDMAN LARA\" width=\"800\" height=\"450\" src=\"https:\/\/www.youtube.com\/embed\/9oNdCPz3QgA?feature=oembed\" frameborder=\"0\" allow=\"accelerometer; autoplay; clipboard-write; encrypted-media; gyroscope; picture-in-picture; web-share\" referrerpolicy=\"strict-origin-when-cross-origin\" allowfullscreen><\/iframe>\n<\/div><\/figure>\n","protected":false},"excerpt":{"rendered":"<p>Hugo Guti\u00e9rrez reconoci\u00f3 que Edman Lara ha tenido algunos impases propios de ser un pol\u00edtico nuevo, pero sostuvo que su imagen se mantiene s\u00f3lida ante la gente. Sobre la propuesta de los 2 mil bolivianos vinculada a la Renta Dignidad, explic\u00f3 que no est\u00e1 en el plan de gobierno, aunque s\u00ed es un compromiso de [&hellip;]<\/p>\n","protected":false},"author":1,"featured_media":9561,"comment_status":"open","ping_status":"open","sticky":false,"template":"","format":"standard","meta":{"_eb_attr":"","footnotes":""},"categories":[1],"tags":[],"class_list":["post-9560","post","type-post","status-publish","format-standard","has-post-thumbnail","hentry","category-noticias"],"yoast_head":"<!-- This site is optimized with the Yoast SEO plugin v27.4 - https:\/\/yoast.com\/product\/yoast-seo-wordpress\/ -->\n<title>&quot;NUESTRO CAPIT\u00c1N HABLA CON UN LENGUAJE HERMOSO&quot; - VOCERO DE EDMAN LARA - Te lo Cuenta Victor<\/title>\n<meta name=\"robots\" content=\"index, follow, max-snippet:-1, max-image-preview:large, max-video-preview:-1\" \/>\n<link rel=\"canonical\" href=\"https:\/\/telocuentavictorhugo.com\/index.php\/2025\/08\/30\/nuestro-capitan-habla-con-un-lenguaje-hermoso-vocero-de-edman-lara\/\" \/>\n<meta property=\"og:locale\" content=\"es_ES\" \/>\n<meta property=\"og:type\" content=\"article\" \/>\n<meta property=\"og:title\" content=\"&quot;NUESTRO CAPIT\u00c1N HABLA CON UN LENGUAJE HERMOSO&quot; - VOCERO DE EDMAN LARA - Te lo Cuenta Victor\" \/>\n<meta property=\"og:description\" content=\"Hugo Guti\u00e9rrez reconoci\u00f3 que Edman Lara ha tenido algunos impases propios de ser un pol\u00edtico nuevo, pero sostuvo que su imagen se mantiene s\u00f3lida ante la gente. Sobre la propuesta de los 2 mil bolivianos vinculada a la Renta Dignidad, explic\u00f3 que no est\u00e1 en el plan de gobierno, aunque s\u00ed es un compromiso de [&hellip;]\" \/>\n<meta property=\"og:url\" content=\"https:\/\/telocuentavictorhugo.com\/index.php\/2025\/08\/30\/nuestro-capitan-habla-con-un-lenguaje-hermoso-vocero-de-edman-lara\/\" \/>\n<meta property=\"og:site_name\" content=\"Te lo Cuenta Victor\" \/>\n<meta property=\"article:published_time\" content=\"2025-08-30T12:53:08+00:00\" \/>\n<meta property=\"article:modified_time\" content=\"2025-08-30T12:53:09+00:00\" \/>\n<meta property=\"og:image\" content=\"http:\/\/telocuentavictorhugo.com\/wp-content\/uploads\/2025\/08\/auto-de-buen-gobierno-94-668x1024.png\" \/>\n\t<meta property=\"og:image:width\" content=\"668\" \/>\n\t<meta property=\"og:image:height\" content=\"1024\" \/>\n\t<meta property=\"og:image:type\" content=\"image\/png\" \/>\n<meta name=\"author\" content=\"telocuentavictorhugo.com\" \/>\n<meta name=\"twitter:card\" content=\"summary_large_image\" \/>\n<meta name=\"twitter:label1\" content=\"Escrito por\" \/>\n\t<meta name=\"twitter:data1\" content=\"telocuentavictorhugo.com\" \/>\n\t<meta name=\"twitter:label2\" content=\"Tiempo de lectura\" \/>\n\t<meta name=\"twitter:data2\" content=\"1 minuto\" \/>\n<script type=\"application\/ld+json\" class=\"yoast-schema-graph\">{\"@context\":\"https:\\\/\\\/schema.org\",\"@graph\":[{\"@type\":\"Article\",\"@id\":\"https:\\\/\\\/telocuentavictorhugo.com\\\/index.php\\\/2025\\\/08\\\/30\\\/nuestro-capitan-habla-con-un-lenguaje-hermoso-vocero-de-edman-lara\\\/#article\",\"isPartOf\":{\"@id\":\"https:\\\/\\\/telocuentavictorhugo.com\\\/index.php\\\/2025\\\/08\\\/30\\\/nuestro-capitan-habla-con-un-lenguaje-hermoso-vocero-de-edman-lara\\\/\"},\"author\":{\"name\":\"telocuentavictorhugo.com\",\"@id\":\"https:\\\/\\\/telocuentavictorhugo.com\\\/#\\\/schema\\\/person\\\/a8307d7271ba2849b49b562ad8602f06\"},\"headline\":\"\u00abNUESTRO CAPIT\u00c1N HABLA CON UN LENGUAJE HERMOSO\u00bb &#8211; VOCERO DE EDMAN LARA\",\"datePublished\":\"2025-08-30T12:53:08+00:00\",\"dateModified\":\"2025-08-30T12:53:09+00:00\",\"mainEntityOfPage\":{\"@id\":\"https:\\\/\\\/telocuentavictorhugo.com\\\/index.php\\\/2025\\\/08\\\/30\\\/nuestro-capitan-habla-con-un-lenguaje-hermoso-vocero-de-edman-lara\\\/\"},\"wordCount\":108,\"commentCount\":0,\"publisher\":{\"@id\":\"https:\\\/\\\/telocuentavictorhugo.com\\\/#organization\"},\"image\":{\"@id\":\"https:\\\/\\\/telocuentavictorhugo.com\\\/index.php\\\/2025\\\/08\\\/30\\\/nuestro-capitan-habla-con-un-lenguaje-hermoso-vocero-de-edman-lara\\\/#primaryimage\"},\"thumbnailUrl\":\"https:\\\/\\\/telocuentavictorhugo.com\\\/wp-content\\\/uploads\\\/2025\\\/08\\\/auto-de-buen-gobierno-94.png\",\"articleSection\":[\"Noticias\"],\"inLanguage\":\"es\",\"potentialAction\":[{\"@type\":\"CommentAction\",\"name\":\"Comment\",\"target\":[\"https:\\\/\\\/telocuentavictorhugo.com\\\/index.php\\\/2025\\\/08\\\/30\\\/nuestro-capitan-habla-con-un-lenguaje-hermoso-vocero-de-edman-lara\\\/#respond\"]}]},{\"@type\":\"WebPage\",\"@id\":\"https:\\\/\\\/telocuentavictorhugo.com\\\/index.php\\\/2025\\\/08\\\/30\\\/nuestro-capitan-habla-con-un-lenguaje-hermoso-vocero-de-edman-lara\\\/\",\"url\":\"https:\\\/\\\/telocuentavictorhugo.com\\\/index.php\\\/2025\\\/08\\\/30\\\/nuestro-capitan-habla-con-un-lenguaje-hermoso-vocero-de-edman-lara\\\/\",\"name\":\"\\\"NUESTRO CAPIT\u00c1N HABLA CON UN LENGUAJE HERMOSO\\\" - VOCERO DE EDMAN LARA - Te lo Cuenta Victor\",\"isPartOf\":{\"@id\":\"https:\\\/\\\/telocuentavictorhugo.com\\\/#website\"},\"primaryImageOfPage\":{\"@id\":\"https:\\\/\\\/telocuentavictorhugo.com\\\/index.php\\\/2025\\\/08\\\/30\\\/nuestro-capitan-habla-con-un-lenguaje-hermoso-vocero-de-edman-lara\\\/#primaryimage\"},\"image\":{\"@id\":\"https:\\\/\\\/telocuentavictorhugo.com\\\/index.php\\\/2025\\\/08\\\/30\\\/nuestro-capitan-habla-con-un-lenguaje-hermoso-vocero-de-edman-lara\\\/#primaryimage\"},\"thumbnailUrl\":\"https:\\\/\\\/telocuentavictorhugo.com\\\/wp-content\\\/uploads\\\/2025\\\/08\\\/auto-de-buen-gobierno-94.png\",\"datePublished\":\"2025-08-30T12:53:08+00:00\",\"dateModified\":\"2025-08-30T12:53:09+00:00\",\"breadcrumb\":{\"@id\":\"https:\\\/\\\/telocuentavictorhugo.com\\\/index.php\\\/2025\\\/08\\\/30\\\/nuestro-capitan-habla-con-un-lenguaje-hermoso-vocero-de-edman-lara\\\/#breadcrumb\"},\"inLanguage\":\"es\",\"potentialAction\":[{\"@type\":\"ReadAction\",\"target\":[\"https:\\\/\\\/telocuentavictorhugo.com\\\/index.php\\\/2025\\\/08\\\/30\\\/nuestro-capitan-habla-con-un-lenguaje-hermoso-vocero-de-edman-lara\\\/\"]}]},{\"@type\":\"ImageObject\",\"inLanguage\":\"es\",\"@id\":\"https:\\\/\\\/telocuentavictorhugo.com\\\/index.php\\\/2025\\\/08\\\/30\\\/nuestro-capitan-habla-con-un-lenguaje-hermoso-vocero-de-edman-lara\\\/#primaryimage\",\"url\":\"https:\\\/\\\/telocuentavictorhugo.com\\\/wp-content\\\/uploads\\\/2025\\\/08\\\/auto-de-buen-gobierno-94.png\",\"contentUrl\":\"https:\\\/\\\/telocuentavictorhugo.com\\\/wp-content\\\/uploads\\\/2025\\\/08\\\/auto-de-buen-gobierno-94.png\",\"width\":1080,\"height\":1655},{\"@type\":\"BreadcrumbList\",\"@id\":\"https:\\\/\\\/telocuentavictorhugo.com\\\/index.php\\\/2025\\\/08\\\/30\\\/nuestro-capitan-habla-con-un-lenguaje-hermoso-vocero-de-edman-lara\\\/#breadcrumb\",\"itemListElement\":[{\"@type\":\"ListItem\",\"position\":1,\"name\":\"Portada\",\"item\":\"https:\\\/\\\/telocuentavictorhugo.com\\\/\"},{\"@type\":\"ListItem\",\"position\":2,\"name\":\"\u00abNUESTRO CAPIT\u00c1N HABLA CON UN LENGUAJE HERMOSO\u00bb &#8211; VOCERO DE EDMAN LARA\"}]},{\"@type\":\"WebSite\",\"@id\":\"https:\\\/\\\/telocuentavictorhugo.com\\\/#website\",\"url\":\"https:\\\/\\\/telocuentavictorhugo.com\\\/\",\"name\":\"Te lo Cuenta Victor\",\"description\":\"\",\"publisher\":{\"@id\":\"https:\\\/\\\/telocuentavictorhugo.com\\\/#organization\"},\"potentialAction\":[{\"@type\":\"SearchAction\",\"target\":{\"@type\":\"EntryPoint\",\"urlTemplate\":\"https:\\\/\\\/telocuentavictorhugo.com\\\/?s={search_term_string}\"},\"query-input\":{\"@type\":\"PropertyValueSpecification\",\"valueRequired\":true,\"valueName\":\"search_term_string\"}}],\"inLanguage\":\"es\"},{\"@type\":\"Organization\",\"@id\":\"https:\\\/\\\/telocuentavictorhugo.com\\\/#organization\",\"name\":\"Te lo Cuenta Victor\",\"url\":\"https:\\\/\\\/telocuentavictorhugo.com\\\/\",\"logo\":{\"@type\":\"ImageObject\",\"inLanguage\":\"es\",\"@id\":\"https:\\\/\\\/telocuentavictorhugo.com\\\/#\\\/schema\\\/logo\\\/image\\\/\",\"url\":\"https:\\\/\\\/telocuentavictorhugo.com\\\/wp-content\\\/uploads\\\/2023\\\/12\\\/Logo.png\",\"contentUrl\":\"https:\\\/\\\/telocuentavictorhugo.com\\\/wp-content\\\/uploads\\\/2023\\\/12\\\/Logo.png\",\"width\":1080,\"height\":176,\"caption\":\"Te lo Cuenta Victor\"},\"image\":{\"@id\":\"https:\\\/\\\/telocuentavictorhugo.com\\\/#\\\/schema\\\/logo\\\/image\\\/\"}},{\"@type\":\"Person\",\"@id\":\"https:\\\/\\\/telocuentavictorhugo.com\\\/#\\\/schema\\\/person\\\/a8307d7271ba2849b49b562ad8602f06\",\"name\":\"telocuentavictorhugo.com\",\"image\":{\"@type\":\"ImageObject\",\"inLanguage\":\"es\",\"@id\":\"https:\\\/\\\/secure.gravatar.com\\\/avatar\\\/da212e7b532df19fd2aea5daf46d8c176abfc85521e4b80ed435d7426ef63eb6?s=96&d=mm&r=g\",\"url\":\"https:\\\/\\\/secure.gravatar.com\\\/avatar\\\/da212e7b532df19fd2aea5daf46d8c176abfc85521e4b80ed435d7426ef63eb6?s=96&d=mm&r=g\",\"contentUrl\":\"https:\\\/\\\/secure.gravatar.com\\\/avatar\\\/da212e7b532df19fd2aea5daf46d8c176abfc85521e4b80ed435d7426ef63eb6?s=96&d=mm&r=g\",\"caption\":\"telocuentavictorhugo.com\"},\"sameAs\":[\"http:\\\/\\\/telocuentavictorhugo.com\"],\"url\":\"https:\\\/\\\/telocuentavictorhugo.com\\\/index.php\\\/author\\\/plustvpress-com\\\/\"}]}<\/script>\n<!-- \/ Yoast SEO plugin. -->","yoast_head_json":{"title":"\"NUESTRO CAPIT\u00c1N HABLA CON UN LENGUAJE HERMOSO\" - VOCERO DE EDMAN LARA - Te lo Cuenta Victor","robots":{"index":"index","follow":"follow","max-snippet":"max-snippet:-1","max-image-preview":"max-image-preview:large","max-video-preview":"max-video-preview:-1"},"canonical":"https:\/\/telocuentavictorhugo.com\/index.php\/2025\/08\/30\/nuestro-capitan-habla-con-un-lenguaje-hermoso-vocero-de-edman-lara\/","og_locale":"es_ES","og_type":"article","og_title":"\"NUESTRO CAPIT\u00c1N HABLA CON UN LENGUAJE HERMOSO\" - VOCERO DE EDMAN LARA - Te lo Cuenta Victor","og_description":"Hugo Guti\u00e9rrez reconoci\u00f3 que Edman Lara ha tenido algunos impases propios de ser un pol\u00edtico nuevo, pero sostuvo que su imagen se mantiene s\u00f3lida ante la gente. Sobre la propuesta de los 2 mil bolivianos vinculada a la Renta Dignidad, explic\u00f3 que no est\u00e1 en el plan de gobierno, aunque s\u00ed es un compromiso de [&hellip;]","og_url":"https:\/\/telocuentavictorhugo.com\/index.php\/2025\/08\/30\/nuestro-capitan-habla-con-un-lenguaje-hermoso-vocero-de-edman-lara\/","og_site_name":"Te lo Cuenta Victor","article_published_time":"2025-08-30T12:53:08+00:00","article_modified_time":"2025-08-30T12:53:09+00:00","og_image":[{"width":668,"height":1024,"url":"http:\/\/telocuentavictorhugo.com\/wp-content\/uploads\/2025\/08\/auto-de-buen-gobierno-94-668x1024.png","type":"image\/png"}],"author":"telocuentavictorhugo.com","twitter_card":"summary_large_image","twitter_misc":{"Escrito por":"telocuentavictorhugo.com","Tiempo de lectura":"1 minuto"},"schema":{"@context":"https:\/\/schema.org","@graph":[{"@type":"Article","@id":"https:\/\/telocuentavictorhugo.com\/index.php\/2025\/08\/30\/nuestro-capitan-habla-con-un-lenguaje-hermoso-vocero-de-edman-lara\/#article","isPartOf":{"@id":"https:\/\/telocuentavictorhugo.com\/index.php\/2025\/08\/30\/nuestro-capitan-habla-con-un-lenguaje-hermoso-vocero-de-edman-lara\/"},"author":{"name":"telocuentavictorhugo.com","@id":"https:\/\/telocuentavictorhugo.com\/#\/schema\/person\/a8307d7271ba2849b49b562ad8602f06"},"headline":"\u00abNUESTRO CAPIT\u00c1N HABLA CON UN LENGUAJE HERMOSO\u00bb &#8211; VOCERO DE EDMAN LARA","datePublished":"2025-08-30T12:53:08+00:00","dateModified":"2025-08-30T12:53:09+00:00","mainEntityOfPage":{"@id":"https:\/\/telocuentavictorhugo.com\/index.php\/2025\/08\/30\/nuestro-capitan-habla-con-un-lenguaje-hermoso-vocero-de-edman-lara\/"},"wordCount":108,"commentCount":0,"publisher":{"@id":"https:\/\/telocuentavictorhugo.com\/#organization"},"image":{"@id":"https:\/\/telocuentavictorhugo.com\/index.php\/2025\/08\/30\/nuestro-capitan-habla-con-un-lenguaje-hermoso-vocero-de-edman-lara\/#primaryimage"},"thumbnailUrl":"https:\/\/telocuentavictorhugo.com\/wp-content\/uploads\/2025\/08\/auto-de-buen-gobierno-94.png","articleSection":["Noticias"],"inLanguage":"es","potentialAction":[{"@type":"CommentAction","name":"Comment","target":["https:\/\/telocuentavictorhugo.com\/index.php\/2025\/08\/30\/nuestro-capitan-habla-con-un-lenguaje-hermoso-vocero-de-edman-lara\/#respond"]}]},{"@type":"WebPage","@id":"https:\/\/telocuentavictorhugo.com\/index.php\/2025\/08\/30\/nuestro-capitan-habla-con-un-lenguaje-hermoso-vocero-de-edman-lara\/","url":"https:\/\/telocuentavictorhugo.com\/index.php\/2025\/08\/30\/nuestro-capitan-habla-con-un-lenguaje-hermoso-vocero-de-edman-lara\/","name":"\"NUESTRO CAPIT\u00c1N HABLA CON UN LENGUAJE HERMOSO\" - VOCERO DE EDMAN LARA - Te lo Cuenta Victor","isPartOf":{"@id":"https:\/\/telocuentavictorhugo.com\/#website"},"primaryImageOfPage":{"@id":"https:\/\/telocuentavictorhugo.com\/index.php\/2025\/08\/30\/nuestro-capitan-habla-con-un-lenguaje-hermoso-vocero-de-edman-lara\/#primaryimage"},"image":{"@id":"https:\/\/telocuentavictorhugo.com\/index.php\/2025\/08\/30\/nuestro-capitan-habla-con-un-lenguaje-hermoso-vocero-de-edman-lara\/#primaryimage"},"thumbnailUrl":"https:\/\/telocuentavictorhugo.com\/wp-content\/uploads\/2025\/08\/auto-de-buen-gobierno-94.png","datePublished":"2025-08-30T12:53:08+00:00","dateModified":"2025-08-30T12:53:09+00:00","breadcrumb":{"@id":"https:\/\/telocuentavictorhugo.com\/index.php\/2025\/08\/30\/nuestro-capitan-habla-con-un-lenguaje-hermoso-vocero-de-edman-lara\/#breadcrumb"},"inLanguage":"es","potentialAction":[{"@type":"ReadAction","target":["https:\/\/telocuentavictorhugo.com\/index.php\/2025\/08\/30\/nuestro-capitan-habla-con-un-lenguaje-hermoso-vocero-de-edman-lara\/"]}]},{"@type":"ImageObject","inLanguage":"es","@id":"https:\/\/telocuentavictorhugo.com\/index.php\/2025\/08\/30\/nuestro-capitan-habla-con-un-lenguaje-hermoso-vocero-de-edman-lara\/#primaryimage","url":"https:\/\/telocuentavictorhugo.com\/wp-content\/uploads\/2025\/08\/auto-de-buen-gobierno-94.png","contentUrl":"https:\/\/telocuentavictorhugo.com\/wp-content\/uploads\/2025\/08\/auto-de-buen-gobierno-94.png","width":1080,"height":1655},{"@type":"BreadcrumbList","@id":"https:\/\/telocuentavictorhugo.com\/index.php\/2025\/08\/30\/nuestro-capitan-habla-con-un-lenguaje-hermoso-vocero-de-edman-lara\/#breadcrumb","itemListElement":[{"@type":"ListItem","position":1,"name":"Portada","item":"https:\/\/telocuentavictorhugo.com\/"},{"@type":"ListItem","position":2,"name":"\u00abNUESTRO CAPIT\u00c1N HABLA CON UN LENGUAJE HERMOSO\u00bb &#8211; VOCERO DE EDMAN LARA"}]},{"@type":"WebSite","@id":"https:\/\/telocuentavictorhugo.com\/#website","url":"https:\/\/telocuentavictorhugo.com\/","name":"Te lo Cuenta Victor","description":"","publisher":{"@id":"https:\/\/telocuentavictorhugo.com\/#organization"},"potentialAction":[{"@type":"SearchAction","target":{"@type":"EntryPoint","urlTemplate":"https:\/\/telocuentavictorhugo.com\/?s={search_term_string}"},"query-input":{"@type":"PropertyValueSpecification","valueRequired":true,"valueName":"search_term_string"}}],"inLanguage":"es"},{"@type":"Organization","@id":"https:\/\/telocuentavictorhugo.com\/#organization","name":"Te lo Cuenta Victor","url":"https:\/\/telocuentavictorhugo.com\/","logo":{"@type":"ImageObject","inLanguage":"es","@id":"https:\/\/telocuentavictorhugo.com\/#\/schema\/logo\/image\/","url":"https:\/\/telocuentavictorhugo.com\/wp-content\/uploads\/2023\/12\/Logo.png","contentUrl":"https:\/\/telocuentavictorhugo.com\/wp-content\/uploads\/2023\/12\/Logo.png","width":1080,"height":176,"caption":"Te lo Cuenta Victor"},"image":{"@id":"https:\/\/telocuentavictorhugo.com\/#\/schema\/logo\/image\/"}},{"@type":"Person","@id":"https:\/\/telocuentavictorhugo.com\/#\/schema\/person\/a8307d7271ba2849b49b562ad8602f06","name":"telocuentavictorhugo.com","image":{"@type":"ImageObject","inLanguage":"es","@id":"https:\/\/secure.gravatar.com\/avatar\/da212e7b532df19fd2aea5daf46d8c176abfc85521e4b80ed435d7426ef63eb6?s=96&d=mm&r=g","url":"https:\/\/secure.gravatar.com\/avatar\/da212e7b532df19fd2aea5daf46d8c176abfc85521e4b80ed435d7426ef63eb6?s=96&d=mm&r=g","contentUrl":"https:\/\/secure.gravatar.com\/avatar\/da212e7b532df19fd2aea5daf46d8c176abfc85521e4b80ed435d7426ef63eb6?s=96&d=mm&r=g","caption":"telocuentavictorhugo.com"},"sameAs":["http:\/\/telocuentavictorhugo.com"],"url":"https:\/\/telocuentavictorhugo.com\/index.php\/author\/plustvpress-com\/"}]}},"_links":{"self":[{"href":"https:\/\/telocuentavictorhugo.com\/index.php\/wp-json\/wp\/v2\/posts\/9560","targetHints":{"allow":["GET"]}}],"collection":[{"href":"https:\/\/telocuentavictorhugo.com\/index.php\/wp-json\/wp\/v2\/posts"}],"about":[{"href":"https:\/\/telocuentavictorhugo.com\/index.php\/wp-json\/wp\/v2\/types\/post"}],"author":[{"embeddable":true,"href":"https:\/\/telocuentavictorhugo.com\/index.php\/wp-json\/wp\/v2\/users\/1"}],"replies":[{"embeddable":true,"href":"https:\/\/telocuentavictorhugo.com\/index.php\/wp-json\/wp\/v2\/comments?post=9560"}],"version-history":[{"count":1,"href":"https:\/\/telocuentavictorhugo.com\/index.php\/wp-json\/wp\/v2\/posts\/9560\/revisions"}],"predecessor-version":[{"id":9562,"href":"https:\/\/telocuentavictorhugo.com\/index.php\/wp-json\/wp\/v2\/posts\/9560\/revisions\/9562"}],"wp:featuredmedia":[{"embeddable":true,"href":"https:\/\/telocuentavictorhugo.com\/index.php\/wp-json\/wp\/v2\/media\/9561"}],"wp:attachment":[{"href":"https:\/\/telocuentavictorhugo.com\/index.php\/wp-json\/wp\/v2\/media?parent=9560"}],"wp:term":[{"taxonomy":"category","embeddable":true,"href":"https:\/\/telocuentavictorhugo.com\/index.php\/wp-json\/wp\/v2\/categories?post=9560"},{"taxonomy":"post_tag","embeddable":true,"href":"https:\/\/telocuentavictorhugo.com\/index.php\/wp-json\/wp\/v2\/tags?post=9560"}],"curies":[{"name":"wp","href":"https:\/\/api.w.org\/{rel}","templated":true}]}}