{"id":9372,"date":"2025-08-28T20:18:26","date_gmt":"2025-08-29T00:18:26","guid":{"rendered":"https:\/\/telocuentavictorhugo.com\/?p=9372"},"modified":"2025-08-28T20:18:27","modified_gmt":"2025-08-29T00:18:27","slug":"paz-y-arce-acuerdan-una-transicion-pacifica-y-ordenada","status":"publish","type":"post","link":"https:\/\/telocuentavictorhugo.com\/index.php\/2025\/08\/28\/paz-y-arce-acuerdan-una-transicion-pacifica-y-ordenada\/","title":{"rendered":"PAZ Y ARCE ACUERDAN UNA TRANSICI\u00d3N PAC\u00cdFICA Y ORDENADA"},"content":{"rendered":"\n<p>El presidente Luis Arce y el candidato Rodrigo Paz sostuvieron este martes en la Casa Grande del Pueblo una reuni\u00f3n clave para delinear la transici\u00f3n tras las elecciones del 8 de noviembre. En un encuentro que busc\u00f3 compartir informaci\u00f3n y establecer un proceso ordenado, Paz expres\u00f3 su intenci\u00f3n de llevar adelante un proceso pac\u00edfico y responsable, siempre que la poblaci\u00f3n respalde su candidatura en el balotaje, y pidi\u00f3 mantener la calma ante las recientes cr\u00edticas de Tuto Quiroga. Aunque reconocieron diferencias en temas econ\u00f3micos, ambos dirigentes acordaron trabajar en puntos focales para facilitar una transici\u00f3n transparente, en medio de un clima pol\u00edtico marcado por el di\u00e1logo y el compromiso con la estabilidad del pa\u00eds.<\/p>\n\n\n\n<figure class=\"wp-block-embed is-type-video is-provider-youtube wp-block-embed-youtube wp-embed-aspect-16-9 wp-has-aspect-ratio\"><div class=\"wp-block-embed__wrapper\">\n<iframe title=\"PAZ Y ARCE ACUERDAN UNA TRANSICI\u00d3N PAC\u00cdFICA Y ORDENADA\" width=\"800\" height=\"450\" src=\"https:\/\/www.youtube.com\/embed\/_fxaWXca4z8?feature=oembed\" frameborder=\"0\" allow=\"accelerometer; autoplay; clipboard-write; encrypted-media; gyroscope; picture-in-picture; web-share\" referrerpolicy=\"strict-origin-when-cross-origin\" allowfullscreen><\/iframe>\n<\/div><\/figure>\n","protected":false},"excerpt":{"rendered":"<p>El presidente Luis Arce y el candidato Rodrigo Paz sostuvieron este martes en la Casa Grande del Pueblo una reuni\u00f3n clave para delinear la transici\u00f3n tras las elecciones del 8 de noviembre. En un encuentro que busc\u00f3 compartir informaci\u00f3n y establecer un proceso ordenado, Paz expres\u00f3 su intenci\u00f3n de llevar adelante un proceso pac\u00edfico y [&hellip;]<\/p>\n","protected":false},"author":1,"featured_media":9383,"comment_status":"open","ping_status":"open","sticky":false,"template":"","format":"standard","meta":{"_eb_attr":"","footnotes":""},"categories":[1,42],"tags":[],"class_list":["post-9372","post","type-post","status-publish","format-standard","has-post-thumbnail","hentry","category-noticias","category-politica"],"yoast_head":"<!-- This site is optimized with the Yoast SEO plugin v27.4 - https:\/\/yoast.com\/product\/yoast-seo-wordpress\/ -->\n<title>PAZ Y ARCE ACUERDAN UNA TRANSICI\u00d3N PAC\u00cdFICA Y ORDENADA - Te lo Cuenta Victor<\/title>\n<meta name=\"robots\" content=\"index, follow, max-snippet:-1, max-image-preview:large, max-video-preview:-1\" \/>\n<link rel=\"canonical\" href=\"https:\/\/telocuentavictorhugo.com\/index.php\/2025\/08\/28\/paz-y-arce-acuerdan-una-transicion-pacifica-y-ordenada\/\" \/>\n<meta property=\"og:locale\" content=\"es_ES\" \/>\n<meta property=\"og:type\" content=\"article\" \/>\n<meta property=\"og:title\" content=\"PAZ Y ARCE ACUERDAN UNA TRANSICI\u00d3N PAC\u00cdFICA Y ORDENADA - Te lo Cuenta Victor\" \/>\n<meta property=\"og:description\" content=\"El presidente Luis Arce y el candidato Rodrigo Paz sostuvieron este martes en la Casa Grande del Pueblo una reuni\u00f3n clave para delinear la transici\u00f3n tras las elecciones del 8 de noviembre. En un encuentro que busc\u00f3 compartir informaci\u00f3n y establecer un proceso ordenado, Paz expres\u00f3 su intenci\u00f3n de llevar adelante un proceso pac\u00edfico y [&hellip;]\" \/>\n<meta property=\"og:url\" content=\"https:\/\/telocuentavictorhugo.com\/index.php\/2025\/08\/28\/paz-y-arce-acuerdan-una-transicion-pacifica-y-ordenada\/\" \/>\n<meta property=\"og:site_name\" content=\"Te lo Cuenta Victor\" \/>\n<meta property=\"article:published_time\" content=\"2025-08-29T00:18:26+00:00\" \/>\n<meta property=\"article:modified_time\" content=\"2025-08-29T00:18:27+00:00\" \/>\n<meta property=\"og:image\" content=\"http:\/\/telocuentavictorhugo.com\/wp-content\/uploads\/2025\/08\/21-4.jpg\" \/>\n\t<meta property=\"og:image:width\" content=\"868\" \/>\n\t<meta property=\"og:image:height\" content=\"498\" \/>\n\t<meta property=\"og:image:type\" content=\"image\/jpeg\" \/>\n<meta name=\"author\" content=\"telocuentavictorhugo.com\" \/>\n<meta name=\"twitter:card\" content=\"summary_large_image\" \/>\n<meta name=\"twitter:label1\" content=\"Escrito por\" \/>\n\t<meta name=\"twitter:data1\" content=\"telocuentavictorhugo.com\" \/>\n\t<meta name=\"twitter:label2\" content=\"Tiempo de lectura\" \/>\n\t<meta name=\"twitter:data2\" content=\"1 minuto\" \/>\n<script type=\"application\/ld+json\" class=\"yoast-schema-graph\">{\"@context\":\"https:\\\/\\\/schema.org\",\"@graph\":[{\"@type\":\"Article\",\"@id\":\"https:\\\/\\\/telocuentavictorhugo.com\\\/index.php\\\/2025\\\/08\\\/28\\\/paz-y-arce-acuerdan-una-transicion-pacifica-y-ordenada\\\/#article\",\"isPartOf\":{\"@id\":\"https:\\\/\\\/telocuentavictorhugo.com\\\/index.php\\\/2025\\\/08\\\/28\\\/paz-y-arce-acuerdan-una-transicion-pacifica-y-ordenada\\\/\"},\"author\":{\"name\":\"telocuentavictorhugo.com\",\"@id\":\"https:\\\/\\\/telocuentavictorhugo.com\\\/#\\\/schema\\\/person\\\/a8307d7271ba2849b49b562ad8602f06\"},\"headline\":\"PAZ Y ARCE ACUERDAN UNA TRANSICI\u00d3N PAC\u00cdFICA Y ORDENADA\",\"datePublished\":\"2025-08-29T00:18:26+00:00\",\"dateModified\":\"2025-08-29T00:18:27+00:00\",\"mainEntityOfPage\":{\"@id\":\"https:\\\/\\\/telocuentavictorhugo.com\\\/index.php\\\/2025\\\/08\\\/28\\\/paz-y-arce-acuerdan-una-transicion-pacifica-y-ordenada\\\/\"},\"wordCount\":141,\"commentCount\":0,\"publisher\":{\"@id\":\"https:\\\/\\\/telocuentavictorhugo.com\\\/#organization\"},\"image\":{\"@id\":\"https:\\\/\\\/telocuentavictorhugo.com\\\/index.php\\\/2025\\\/08\\\/28\\\/paz-y-arce-acuerdan-una-transicion-pacifica-y-ordenada\\\/#primaryimage\"},\"thumbnailUrl\":\"https:\\\/\\\/telocuentavictorhugo.com\\\/wp-content\\\/uploads\\\/2025\\\/08\\\/21-4.jpg\",\"articleSection\":[\"Noticias\",\"Pol\u00edtica\"],\"inLanguage\":\"es\",\"potentialAction\":[{\"@type\":\"CommentAction\",\"name\":\"Comment\",\"target\":[\"https:\\\/\\\/telocuentavictorhugo.com\\\/index.php\\\/2025\\\/08\\\/28\\\/paz-y-arce-acuerdan-una-transicion-pacifica-y-ordenada\\\/#respond\"]}]},{\"@type\":\"WebPage\",\"@id\":\"https:\\\/\\\/telocuentavictorhugo.com\\\/index.php\\\/2025\\\/08\\\/28\\\/paz-y-arce-acuerdan-una-transicion-pacifica-y-ordenada\\\/\",\"url\":\"https:\\\/\\\/telocuentavictorhugo.com\\\/index.php\\\/2025\\\/08\\\/28\\\/paz-y-arce-acuerdan-una-transicion-pacifica-y-ordenada\\\/\",\"name\":\"PAZ Y ARCE ACUERDAN UNA TRANSICI\u00d3N PAC\u00cdFICA Y ORDENADA - Te lo Cuenta Victor\",\"isPartOf\":{\"@id\":\"https:\\\/\\\/telocuentavictorhugo.com\\\/#website\"},\"primaryImageOfPage\":{\"@id\":\"https:\\\/\\\/telocuentavictorhugo.com\\\/index.php\\\/2025\\\/08\\\/28\\\/paz-y-arce-acuerdan-una-transicion-pacifica-y-ordenada\\\/#primaryimage\"},\"image\":{\"@id\":\"https:\\\/\\\/telocuentavictorhugo.com\\\/index.php\\\/2025\\\/08\\\/28\\\/paz-y-arce-acuerdan-una-transicion-pacifica-y-ordenada\\\/#primaryimage\"},\"thumbnailUrl\":\"https:\\\/\\\/telocuentavictorhugo.com\\\/wp-content\\\/uploads\\\/2025\\\/08\\\/21-4.jpg\",\"datePublished\":\"2025-08-29T00:18:26+00:00\",\"dateModified\":\"2025-08-29T00:18:27+00:00\",\"breadcrumb\":{\"@id\":\"https:\\\/\\\/telocuentavictorhugo.com\\\/index.php\\\/2025\\\/08\\\/28\\\/paz-y-arce-acuerdan-una-transicion-pacifica-y-ordenada\\\/#breadcrumb\"},\"inLanguage\":\"es\",\"potentialAction\":[{\"@type\":\"ReadAction\",\"target\":[\"https:\\\/\\\/telocuentavictorhugo.com\\\/index.php\\\/2025\\\/08\\\/28\\\/paz-y-arce-acuerdan-una-transicion-pacifica-y-ordenada\\\/\"]}]},{\"@type\":\"ImageObject\",\"inLanguage\":\"es\",\"@id\":\"https:\\\/\\\/telocuentavictorhugo.com\\\/index.php\\\/2025\\\/08\\\/28\\\/paz-y-arce-acuerdan-una-transicion-pacifica-y-ordenada\\\/#primaryimage\",\"url\":\"https:\\\/\\\/telocuentavictorhugo.com\\\/wp-content\\\/uploads\\\/2025\\\/08\\\/21-4.jpg\",\"contentUrl\":\"https:\\\/\\\/telocuentavictorhugo.com\\\/wp-content\\\/uploads\\\/2025\\\/08\\\/21-4.jpg\",\"width\":868,\"height\":498},{\"@type\":\"BreadcrumbList\",\"@id\":\"https:\\\/\\\/telocuentavictorhugo.com\\\/index.php\\\/2025\\\/08\\\/28\\\/paz-y-arce-acuerdan-una-transicion-pacifica-y-ordenada\\\/#breadcrumb\",\"itemListElement\":[{\"@type\":\"ListItem\",\"position\":1,\"name\":\"Portada\",\"item\":\"https:\\\/\\\/telocuentavictorhugo.com\\\/\"},{\"@type\":\"ListItem\",\"position\":2,\"name\":\"PAZ Y ARCE ACUERDAN UNA TRANSICI\u00d3N PAC\u00cdFICA Y ORDENADA\"}]},{\"@type\":\"WebSite\",\"@id\":\"https:\\\/\\\/telocuentavictorhugo.com\\\/#website\",\"url\":\"https:\\\/\\\/telocuentavictorhugo.com\\\/\",\"name\":\"Te lo Cuenta Victor\",\"description\":\"\",\"publisher\":{\"@id\":\"https:\\\/\\\/telocuentavictorhugo.com\\\/#organization\"},\"potentialAction\":[{\"@type\":\"SearchAction\",\"target\":{\"@type\":\"EntryPoint\",\"urlTemplate\":\"https:\\\/\\\/telocuentavictorhugo.com\\\/?s={search_term_string}\"},\"query-input\":{\"@type\":\"PropertyValueSpecification\",\"valueRequired\":true,\"valueName\":\"search_term_string\"}}],\"inLanguage\":\"es\"},{\"@type\":\"Organization\",\"@id\":\"https:\\\/\\\/telocuentavictorhugo.com\\\/#organization\",\"name\":\"Te lo Cuenta Victor\",\"url\":\"https:\\\/\\\/telocuentavictorhugo.com\\\/\",\"logo\":{\"@type\":\"ImageObject\",\"inLanguage\":\"es\",\"@id\":\"https:\\\/\\\/telocuentavictorhugo.com\\\/#\\\/schema\\\/logo\\\/image\\\/\",\"url\":\"https:\\\/\\\/telocuentavictorhugo.com\\\/wp-content\\\/uploads\\\/2023\\\/12\\\/Logo.png\",\"contentUrl\":\"https:\\\/\\\/telocuentavictorhugo.com\\\/wp-content\\\/uploads\\\/2023\\\/12\\\/Logo.png\",\"width\":1080,\"height\":176,\"caption\":\"Te lo Cuenta Victor\"},\"image\":{\"@id\":\"https:\\\/\\\/telocuentavictorhugo.com\\\/#\\\/schema\\\/logo\\\/image\\\/\"}},{\"@type\":\"Person\",\"@id\":\"https:\\\/\\\/telocuentavictorhugo.com\\\/#\\\/schema\\\/person\\\/a8307d7271ba2849b49b562ad8602f06\",\"name\":\"telocuentavictorhugo.com\",\"image\":{\"@type\":\"ImageObject\",\"inLanguage\":\"es\",\"@id\":\"https:\\\/\\\/secure.gravatar.com\\\/avatar\\\/da212e7b532df19fd2aea5daf46d8c176abfc85521e4b80ed435d7426ef63eb6?s=96&d=mm&r=g\",\"url\":\"https:\\\/\\\/secure.gravatar.com\\\/avatar\\\/da212e7b532df19fd2aea5daf46d8c176abfc85521e4b80ed435d7426ef63eb6?s=96&d=mm&r=g\",\"contentUrl\":\"https:\\\/\\\/secure.gravatar.com\\\/avatar\\\/da212e7b532df19fd2aea5daf46d8c176abfc85521e4b80ed435d7426ef63eb6?s=96&d=mm&r=g\",\"caption\":\"telocuentavictorhugo.com\"},\"sameAs\":[\"http:\\\/\\\/telocuentavictorhugo.com\"],\"url\":\"https:\\\/\\\/telocuentavictorhugo.com\\\/index.php\\\/author\\\/plustvpress-com\\\/\"}]}<\/script>\n<!-- \/ Yoast SEO plugin. -->","yoast_head_json":{"title":"PAZ Y ARCE ACUERDAN UNA TRANSICI\u00d3N PAC\u00cdFICA Y ORDENADA - Te lo Cuenta Victor","robots":{"index":"index","follow":"follow","max-snippet":"max-snippet:-1","max-image-preview":"max-image-preview:large","max-video-preview":"max-video-preview:-1"},"canonical":"https:\/\/telocuentavictorhugo.com\/index.php\/2025\/08\/28\/paz-y-arce-acuerdan-una-transicion-pacifica-y-ordenada\/","og_locale":"es_ES","og_type":"article","og_title":"PAZ Y ARCE ACUERDAN UNA TRANSICI\u00d3N PAC\u00cdFICA Y ORDENADA - Te lo Cuenta Victor","og_description":"El presidente Luis Arce y el candidato Rodrigo Paz sostuvieron este martes en la Casa Grande del Pueblo una reuni\u00f3n clave para delinear la transici\u00f3n tras las elecciones del 8 de noviembre. En un encuentro que busc\u00f3 compartir informaci\u00f3n y establecer un proceso ordenado, Paz expres\u00f3 su intenci\u00f3n de llevar adelante un proceso pac\u00edfico y [&hellip;]","og_url":"https:\/\/telocuentavictorhugo.com\/index.php\/2025\/08\/28\/paz-y-arce-acuerdan-una-transicion-pacifica-y-ordenada\/","og_site_name":"Te lo Cuenta Victor","article_published_time":"2025-08-29T00:18:26+00:00","article_modified_time":"2025-08-29T00:18:27+00:00","og_image":[{"width":868,"height":498,"url":"http:\/\/telocuentavictorhugo.com\/wp-content\/uploads\/2025\/08\/21-4.jpg","type":"image\/jpeg"}],"author":"telocuentavictorhugo.com","twitter_card":"summary_large_image","twitter_misc":{"Escrito por":"telocuentavictorhugo.com","Tiempo de lectura":"1 minuto"},"schema":{"@context":"https:\/\/schema.org","@graph":[{"@type":"Article","@id":"https:\/\/telocuentavictorhugo.com\/index.php\/2025\/08\/28\/paz-y-arce-acuerdan-una-transicion-pacifica-y-ordenada\/#article","isPartOf":{"@id":"https:\/\/telocuentavictorhugo.com\/index.php\/2025\/08\/28\/paz-y-arce-acuerdan-una-transicion-pacifica-y-ordenada\/"},"author":{"name":"telocuentavictorhugo.com","@id":"https:\/\/telocuentavictorhugo.com\/#\/schema\/person\/a8307d7271ba2849b49b562ad8602f06"},"headline":"PAZ Y ARCE ACUERDAN UNA TRANSICI\u00d3N PAC\u00cdFICA Y ORDENADA","datePublished":"2025-08-29T00:18:26+00:00","dateModified":"2025-08-29T00:18:27+00:00","mainEntityOfPage":{"@id":"https:\/\/telocuentavictorhugo.com\/index.php\/2025\/08\/28\/paz-y-arce-acuerdan-una-transicion-pacifica-y-ordenada\/"},"wordCount":141,"commentCount":0,"publisher":{"@id":"https:\/\/telocuentavictorhugo.com\/#organization"},"image":{"@id":"https:\/\/telocuentavictorhugo.com\/index.php\/2025\/08\/28\/paz-y-arce-acuerdan-una-transicion-pacifica-y-ordenada\/#primaryimage"},"thumbnailUrl":"https:\/\/telocuentavictorhugo.com\/wp-content\/uploads\/2025\/08\/21-4.jpg","articleSection":["Noticias","Pol\u00edtica"],"inLanguage":"es","potentialAction":[{"@type":"CommentAction","name":"Comment","target":["https:\/\/telocuentavictorhugo.com\/index.php\/2025\/08\/28\/paz-y-arce-acuerdan-una-transicion-pacifica-y-ordenada\/#respond"]}]},{"@type":"WebPage","@id":"https:\/\/telocuentavictorhugo.com\/index.php\/2025\/08\/28\/paz-y-arce-acuerdan-una-transicion-pacifica-y-ordenada\/","url":"https:\/\/telocuentavictorhugo.com\/index.php\/2025\/08\/28\/paz-y-arce-acuerdan-una-transicion-pacifica-y-ordenada\/","name":"PAZ Y ARCE ACUERDAN UNA TRANSICI\u00d3N PAC\u00cdFICA Y ORDENADA - Te lo Cuenta Victor","isPartOf":{"@id":"https:\/\/telocuentavictorhugo.com\/#website"},"primaryImageOfPage":{"@id":"https:\/\/telocuentavictorhugo.com\/index.php\/2025\/08\/28\/paz-y-arce-acuerdan-una-transicion-pacifica-y-ordenada\/#primaryimage"},"image":{"@id":"https:\/\/telocuentavictorhugo.com\/index.php\/2025\/08\/28\/paz-y-arce-acuerdan-una-transicion-pacifica-y-ordenada\/#primaryimage"},"thumbnailUrl":"https:\/\/telocuentavictorhugo.com\/wp-content\/uploads\/2025\/08\/21-4.jpg","datePublished":"2025-08-29T00:18:26+00:00","dateModified":"2025-08-29T00:18:27+00:00","breadcrumb":{"@id":"https:\/\/telocuentavictorhugo.com\/index.php\/2025\/08\/28\/paz-y-arce-acuerdan-una-transicion-pacifica-y-ordenada\/#breadcrumb"},"inLanguage":"es","potentialAction":[{"@type":"ReadAction","target":["https:\/\/telocuentavictorhugo.com\/index.php\/2025\/08\/28\/paz-y-arce-acuerdan-una-transicion-pacifica-y-ordenada\/"]}]},{"@type":"ImageObject","inLanguage":"es","@id":"https:\/\/telocuentavictorhugo.com\/index.php\/2025\/08\/28\/paz-y-arce-acuerdan-una-transicion-pacifica-y-ordenada\/#primaryimage","url":"https:\/\/telocuentavictorhugo.com\/wp-content\/uploads\/2025\/08\/21-4.jpg","contentUrl":"https:\/\/telocuentavictorhugo.com\/wp-content\/uploads\/2025\/08\/21-4.jpg","width":868,"height":498},{"@type":"BreadcrumbList","@id":"https:\/\/telocuentavictorhugo.com\/index.php\/2025\/08\/28\/paz-y-arce-acuerdan-una-transicion-pacifica-y-ordenada\/#breadcrumb","itemListElement":[{"@type":"ListItem","position":1,"name":"Portada","item":"https:\/\/telocuentavictorhugo.com\/"},{"@type":"ListItem","position":2,"name":"PAZ Y ARCE ACUERDAN UNA TRANSICI\u00d3N PAC\u00cdFICA Y ORDENADA"}]},{"@type":"WebSite","@id":"https:\/\/telocuentavictorhugo.com\/#website","url":"https:\/\/telocuentavictorhugo.com\/","name":"Te lo Cuenta Victor","description":"","publisher":{"@id":"https:\/\/telocuentavictorhugo.com\/#organization"},"potentialAction":[{"@type":"SearchAction","target":{"@type":"EntryPoint","urlTemplate":"https:\/\/telocuentavictorhugo.com\/?s={search_term_string}"},"query-input":{"@type":"PropertyValueSpecification","valueRequired":true,"valueName":"search_term_string"}}],"inLanguage":"es"},{"@type":"Organization","@id":"https:\/\/telocuentavictorhugo.com\/#organization","name":"Te lo Cuenta Victor","url":"https:\/\/telocuentavictorhugo.com\/","logo":{"@type":"ImageObject","inLanguage":"es","@id":"https:\/\/telocuentavictorhugo.com\/#\/schema\/logo\/image\/","url":"https:\/\/telocuentavictorhugo.com\/wp-content\/uploads\/2023\/12\/Logo.png","contentUrl":"https:\/\/telocuentavictorhugo.com\/wp-content\/uploads\/2023\/12\/Logo.png","width":1080,"height":176,"caption":"Te lo Cuenta Victor"},"image":{"@id":"https:\/\/telocuentavictorhugo.com\/#\/schema\/logo\/image\/"}},{"@type":"Person","@id":"https:\/\/telocuentavictorhugo.com\/#\/schema\/person\/a8307d7271ba2849b49b562ad8602f06","name":"telocuentavictorhugo.com","image":{"@type":"ImageObject","inLanguage":"es","@id":"https:\/\/secure.gravatar.com\/avatar\/da212e7b532df19fd2aea5daf46d8c176abfc85521e4b80ed435d7426ef63eb6?s=96&d=mm&r=g","url":"https:\/\/secure.gravatar.com\/avatar\/da212e7b532df19fd2aea5daf46d8c176abfc85521e4b80ed435d7426ef63eb6?s=96&d=mm&r=g","contentUrl":"https:\/\/secure.gravatar.com\/avatar\/da212e7b532df19fd2aea5daf46d8c176abfc85521e4b80ed435d7426ef63eb6?s=96&d=mm&r=g","caption":"telocuentavictorhugo.com"},"sameAs":["http:\/\/telocuentavictorhugo.com"],"url":"https:\/\/telocuentavictorhugo.com\/index.php\/author\/plustvpress-com\/"}]}},"_links":{"self":[{"href":"https:\/\/telocuentavictorhugo.com\/index.php\/wp-json\/wp\/v2\/posts\/9372","targetHints":{"allow":["GET"]}}],"collection":[{"href":"https:\/\/telocuentavictorhugo.com\/index.php\/wp-json\/wp\/v2\/posts"}],"about":[{"href":"https:\/\/telocuentavictorhugo.com\/index.php\/wp-json\/wp\/v2\/types\/post"}],"author":[{"embeddable":true,"href":"https:\/\/telocuentavictorhugo.com\/index.php\/wp-json\/wp\/v2\/users\/1"}],"replies":[{"embeddable":true,"href":"https:\/\/telocuentavictorhugo.com\/index.php\/wp-json\/wp\/v2\/comments?post=9372"}],"version-history":[{"count":1,"href":"https:\/\/telocuentavictorhugo.com\/index.php\/wp-json\/wp\/v2\/posts\/9372\/revisions"}],"predecessor-version":[{"id":9393,"href":"https:\/\/telocuentavictorhugo.com\/index.php\/wp-json\/wp\/v2\/posts\/9372\/revisions\/9393"}],"wp:featuredmedia":[{"embeddable":true,"href":"https:\/\/telocuentavictorhugo.com\/index.php\/wp-json\/wp\/v2\/media\/9383"}],"wp:attachment":[{"href":"https:\/\/telocuentavictorhugo.com\/index.php\/wp-json\/wp\/v2\/media?parent=9372"}],"wp:term":[{"taxonomy":"category","embeddable":true,"href":"https:\/\/telocuentavictorhugo.com\/index.php\/wp-json\/wp\/v2\/categories?post=9372"},{"taxonomy":"post_tag","embeddable":true,"href":"https:\/\/telocuentavictorhugo.com\/index.php\/wp-json\/wp\/v2\/tags?post=9372"}],"curies":[{"name":"wp","href":"https:\/\/api.w.org\/{rel}","templated":true}]}}