{"id":9341,"date":"2025-08-26T17:37:03","date_gmt":"2025-08-26T21:37:03","guid":{"rendered":"https:\/\/telocuentavictorhugo.com\/?p=9341"},"modified":"2025-08-26T17:37:04","modified_gmt":"2025-08-26T21:37:04","slug":"tragedia-en-guayaramerin-mujer-as3s1nada-a-t1ros-en-su-auto","status":"publish","type":"post","link":"https:\/\/telocuentavictorhugo.com\/index.php\/2025\/08\/26\/tragedia-en-guayaramerin-mujer-as3s1nada-a-t1ros-en-su-auto\/","title":{"rendered":"TRAGEDIA EN GUAYARAMER\u00cdN: MUJER AS3S1NADA A T1ROS EN SU AUTO"},"content":{"rendered":"\n<p>Una mujer mu3r3 acribillada en Guayaramer\u00edn en medio de un ataque con m\u00faltiples disparos, en un nuevo cap\u00edtulo de violencia armada que azota diferentes regiones del pa\u00eds. Elizabeth Chambi N\u00fa\u00f1ez perdi\u00f3 la vida la noche del s\u00e1bado, cuando fue interceptada junto a un acompa\u00f1ante extranjero por tres sujetos en motocicleta. Mientras el hombre logr\u00f3 escapar, ella qued\u00f3 gravemente herida y, seg\u00fan fuentes locales, su veh\u00edculo recibi\u00f3 al menos 15 impactos de bala.<\/p>\n\n\n\n<figure class=\"wp-block-embed is-type-video is-provider-youtube wp-block-embed-youtube wp-embed-aspect-16-9 wp-has-aspect-ratio\"><div class=\"wp-block-embed__wrapper\">\n<iframe title=\"TRAGEDIA EN GUAYARAMER\u00cdN: MUJER AS3S1NADA A T1ROS EN SU AUTO\" width=\"800\" height=\"450\" src=\"https:\/\/www.youtube.com\/embed\/itKakEZMrqs?feature=oembed\" frameborder=\"0\" allow=\"accelerometer; autoplay; clipboard-write; encrypted-media; gyroscope; picture-in-picture; web-share\" referrerpolicy=\"strict-origin-when-cross-origin\" allowfullscreen><\/iframe>\n<\/div><\/figure>\n","protected":false},"excerpt":{"rendered":"<p>Una mujer mu3r3 acribillada en Guayaramer\u00edn en medio de un ataque con m\u00faltiples disparos, en un nuevo cap\u00edtulo de violencia armada que azota diferentes regiones del pa\u00eds. Elizabeth Chambi N\u00fa\u00f1ez perdi\u00f3 la vida la noche del s\u00e1bado, cuando fue interceptada junto a un acompa\u00f1ante extranjero por tres sujetos en motocicleta. Mientras el hombre logr\u00f3 escapar, [&hellip;]<\/p>\n","protected":false},"author":1,"featured_media":9353,"comment_status":"open","ping_status":"open","sticky":false,"template":"","format":"standard","meta":{"_eb_attr":"","footnotes":""},"categories":[1,44],"tags":[],"class_list":["post-9341","post","type-post","status-publish","format-standard","has-post-thumbnail","hentry","category-noticias","category-sociedad"],"yoast_head":"<!-- This site is optimized with the Yoast SEO plugin v27.4 - https:\/\/yoast.com\/product\/yoast-seo-wordpress\/ -->\n<title>TRAGEDIA EN GUAYARAMER\u00cdN: MUJER AS3S1NADA A T1ROS EN SU AUTO - Te lo Cuenta Victor<\/title>\n<meta name=\"robots\" content=\"index, follow, max-snippet:-1, max-image-preview:large, max-video-preview:-1\" \/>\n<link rel=\"canonical\" href=\"https:\/\/telocuentavictorhugo.com\/index.php\/2025\/08\/26\/tragedia-en-guayaramerin-mujer-as3s1nada-a-t1ros-en-su-auto\/\" \/>\n<meta property=\"og:locale\" content=\"es_ES\" \/>\n<meta property=\"og:type\" content=\"article\" \/>\n<meta property=\"og:title\" content=\"TRAGEDIA EN GUAYARAMER\u00cdN: MUJER AS3S1NADA A T1ROS EN SU AUTO - Te lo Cuenta Victor\" \/>\n<meta property=\"og:description\" content=\"Una mujer mu3r3 acribillada en Guayaramer\u00edn en medio de un ataque con m\u00faltiples disparos, en un nuevo cap\u00edtulo de violencia armada que azota diferentes regiones del pa\u00eds. Elizabeth Chambi N\u00fa\u00f1ez perdi\u00f3 la vida la noche del s\u00e1bado, cuando fue interceptada junto a un acompa\u00f1ante extranjero por tres sujetos en motocicleta. Mientras el hombre logr\u00f3 escapar, [&hellip;]\" \/>\n<meta property=\"og:url\" content=\"https:\/\/telocuentavictorhugo.com\/index.php\/2025\/08\/26\/tragedia-en-guayaramerin-mujer-as3s1nada-a-t1ros-en-su-auto\/\" \/>\n<meta property=\"og:site_name\" content=\"Te lo Cuenta Victor\" \/>\n<meta property=\"article:published_time\" content=\"2025-08-26T21:37:03+00:00\" \/>\n<meta property=\"article:modified_time\" content=\"2025-08-26T21:37:04+00:00\" \/>\n<meta property=\"og:image\" content=\"http:\/\/telocuentavictorhugo.com\/wp-content\/uploads\/2025\/08\/14-4.jpg\" \/>\n\t<meta property=\"og:image:width\" content=\"968\" \/>\n\t<meta property=\"og:image:height\" content=\"391\" \/>\n\t<meta property=\"og:image:type\" content=\"image\/jpeg\" \/>\n<meta name=\"author\" content=\"telocuentavictorhugo.com\" \/>\n<meta name=\"twitter:card\" content=\"summary_large_image\" \/>\n<meta name=\"twitter:label1\" content=\"Escrito por\" \/>\n\t<meta name=\"twitter:data1\" content=\"telocuentavictorhugo.com\" \/>\n\t<meta name=\"twitter:label2\" content=\"Tiempo de lectura\" \/>\n\t<meta name=\"twitter:data2\" content=\"1 minuto\" \/>\n<script type=\"application\/ld+json\" class=\"yoast-schema-graph\">{\"@context\":\"https:\\\/\\\/schema.org\",\"@graph\":[{\"@type\":\"Article\",\"@id\":\"https:\\\/\\\/telocuentavictorhugo.com\\\/index.php\\\/2025\\\/08\\\/26\\\/tragedia-en-guayaramerin-mujer-as3s1nada-a-t1ros-en-su-auto\\\/#article\",\"isPartOf\":{\"@id\":\"https:\\\/\\\/telocuentavictorhugo.com\\\/index.php\\\/2025\\\/08\\\/26\\\/tragedia-en-guayaramerin-mujer-as3s1nada-a-t1ros-en-su-auto\\\/\"},\"author\":{\"name\":\"telocuentavictorhugo.com\",\"@id\":\"https:\\\/\\\/telocuentavictorhugo.com\\\/#\\\/schema\\\/person\\\/a8307d7271ba2849b49b562ad8602f06\"},\"headline\":\"TRAGEDIA EN GUAYARAMER\u00cdN: MUJER AS3S1NADA A T1ROS EN SU AUTO\",\"datePublished\":\"2025-08-26T21:37:03+00:00\",\"dateModified\":\"2025-08-26T21:37:04+00:00\",\"mainEntityOfPage\":{\"@id\":\"https:\\\/\\\/telocuentavictorhugo.com\\\/index.php\\\/2025\\\/08\\\/26\\\/tragedia-en-guayaramerin-mujer-as3s1nada-a-t1ros-en-su-auto\\\/\"},\"wordCount\":99,\"commentCount\":0,\"publisher\":{\"@id\":\"https:\\\/\\\/telocuentavictorhugo.com\\\/#organization\"},\"image\":{\"@id\":\"https:\\\/\\\/telocuentavictorhugo.com\\\/index.php\\\/2025\\\/08\\\/26\\\/tragedia-en-guayaramerin-mujer-as3s1nada-a-t1ros-en-su-auto\\\/#primaryimage\"},\"thumbnailUrl\":\"https:\\\/\\\/telocuentavictorhugo.com\\\/wp-content\\\/uploads\\\/2025\\\/08\\\/14-4.jpg\",\"articleSection\":[\"Noticias\",\"Sociedad\"],\"inLanguage\":\"es\",\"potentialAction\":[{\"@type\":\"CommentAction\",\"name\":\"Comment\",\"target\":[\"https:\\\/\\\/telocuentavictorhugo.com\\\/index.php\\\/2025\\\/08\\\/26\\\/tragedia-en-guayaramerin-mujer-as3s1nada-a-t1ros-en-su-auto\\\/#respond\"]}]},{\"@type\":\"WebPage\",\"@id\":\"https:\\\/\\\/telocuentavictorhugo.com\\\/index.php\\\/2025\\\/08\\\/26\\\/tragedia-en-guayaramerin-mujer-as3s1nada-a-t1ros-en-su-auto\\\/\",\"url\":\"https:\\\/\\\/telocuentavictorhugo.com\\\/index.php\\\/2025\\\/08\\\/26\\\/tragedia-en-guayaramerin-mujer-as3s1nada-a-t1ros-en-su-auto\\\/\",\"name\":\"TRAGEDIA EN GUAYARAMER\u00cdN: MUJER AS3S1NADA A T1ROS EN SU AUTO - Te lo Cuenta Victor\",\"isPartOf\":{\"@id\":\"https:\\\/\\\/telocuentavictorhugo.com\\\/#website\"},\"primaryImageOfPage\":{\"@id\":\"https:\\\/\\\/telocuentavictorhugo.com\\\/index.php\\\/2025\\\/08\\\/26\\\/tragedia-en-guayaramerin-mujer-as3s1nada-a-t1ros-en-su-auto\\\/#primaryimage\"},\"image\":{\"@id\":\"https:\\\/\\\/telocuentavictorhugo.com\\\/index.php\\\/2025\\\/08\\\/26\\\/tragedia-en-guayaramerin-mujer-as3s1nada-a-t1ros-en-su-auto\\\/#primaryimage\"},\"thumbnailUrl\":\"https:\\\/\\\/telocuentavictorhugo.com\\\/wp-content\\\/uploads\\\/2025\\\/08\\\/14-4.jpg\",\"datePublished\":\"2025-08-26T21:37:03+00:00\",\"dateModified\":\"2025-08-26T21:37:04+00:00\",\"breadcrumb\":{\"@id\":\"https:\\\/\\\/telocuentavictorhugo.com\\\/index.php\\\/2025\\\/08\\\/26\\\/tragedia-en-guayaramerin-mujer-as3s1nada-a-t1ros-en-su-auto\\\/#breadcrumb\"},\"inLanguage\":\"es\",\"potentialAction\":[{\"@type\":\"ReadAction\",\"target\":[\"https:\\\/\\\/telocuentavictorhugo.com\\\/index.php\\\/2025\\\/08\\\/26\\\/tragedia-en-guayaramerin-mujer-as3s1nada-a-t1ros-en-su-auto\\\/\"]}]},{\"@type\":\"ImageObject\",\"inLanguage\":\"es\",\"@id\":\"https:\\\/\\\/telocuentavictorhugo.com\\\/index.php\\\/2025\\\/08\\\/26\\\/tragedia-en-guayaramerin-mujer-as3s1nada-a-t1ros-en-su-auto\\\/#primaryimage\",\"url\":\"https:\\\/\\\/telocuentavictorhugo.com\\\/wp-content\\\/uploads\\\/2025\\\/08\\\/14-4.jpg\",\"contentUrl\":\"https:\\\/\\\/telocuentavictorhugo.com\\\/wp-content\\\/uploads\\\/2025\\\/08\\\/14-4.jpg\",\"width\":968,\"height\":391},{\"@type\":\"BreadcrumbList\",\"@id\":\"https:\\\/\\\/telocuentavictorhugo.com\\\/index.php\\\/2025\\\/08\\\/26\\\/tragedia-en-guayaramerin-mujer-as3s1nada-a-t1ros-en-su-auto\\\/#breadcrumb\",\"itemListElement\":[{\"@type\":\"ListItem\",\"position\":1,\"name\":\"Portada\",\"item\":\"https:\\\/\\\/telocuentavictorhugo.com\\\/\"},{\"@type\":\"ListItem\",\"position\":2,\"name\":\"TRAGEDIA EN GUAYARAMER\u00cdN: MUJER AS3S1NADA A T1ROS EN SU AUTO\"}]},{\"@type\":\"WebSite\",\"@id\":\"https:\\\/\\\/telocuentavictorhugo.com\\\/#website\",\"url\":\"https:\\\/\\\/telocuentavictorhugo.com\\\/\",\"name\":\"Te lo Cuenta Victor\",\"description\":\"\",\"publisher\":{\"@id\":\"https:\\\/\\\/telocuentavictorhugo.com\\\/#organization\"},\"potentialAction\":[{\"@type\":\"SearchAction\",\"target\":{\"@type\":\"EntryPoint\",\"urlTemplate\":\"https:\\\/\\\/telocuentavictorhugo.com\\\/?s={search_term_string}\"},\"query-input\":{\"@type\":\"PropertyValueSpecification\",\"valueRequired\":true,\"valueName\":\"search_term_string\"}}],\"inLanguage\":\"es\"},{\"@type\":\"Organization\",\"@id\":\"https:\\\/\\\/telocuentavictorhugo.com\\\/#organization\",\"name\":\"Te lo Cuenta Victor\",\"url\":\"https:\\\/\\\/telocuentavictorhugo.com\\\/\",\"logo\":{\"@type\":\"ImageObject\",\"inLanguage\":\"es\",\"@id\":\"https:\\\/\\\/telocuentavictorhugo.com\\\/#\\\/schema\\\/logo\\\/image\\\/\",\"url\":\"https:\\\/\\\/telocuentavictorhugo.com\\\/wp-content\\\/uploads\\\/2023\\\/12\\\/Logo.png\",\"contentUrl\":\"https:\\\/\\\/telocuentavictorhugo.com\\\/wp-content\\\/uploads\\\/2023\\\/12\\\/Logo.png\",\"width\":1080,\"height\":176,\"caption\":\"Te lo Cuenta Victor\"},\"image\":{\"@id\":\"https:\\\/\\\/telocuentavictorhugo.com\\\/#\\\/schema\\\/logo\\\/image\\\/\"}},{\"@type\":\"Person\",\"@id\":\"https:\\\/\\\/telocuentavictorhugo.com\\\/#\\\/schema\\\/person\\\/a8307d7271ba2849b49b562ad8602f06\",\"name\":\"telocuentavictorhugo.com\",\"image\":{\"@type\":\"ImageObject\",\"inLanguage\":\"es\",\"@id\":\"https:\\\/\\\/secure.gravatar.com\\\/avatar\\\/da212e7b532df19fd2aea5daf46d8c176abfc85521e4b80ed435d7426ef63eb6?s=96&d=mm&r=g\",\"url\":\"https:\\\/\\\/secure.gravatar.com\\\/avatar\\\/da212e7b532df19fd2aea5daf46d8c176abfc85521e4b80ed435d7426ef63eb6?s=96&d=mm&r=g\",\"contentUrl\":\"https:\\\/\\\/secure.gravatar.com\\\/avatar\\\/da212e7b532df19fd2aea5daf46d8c176abfc85521e4b80ed435d7426ef63eb6?s=96&d=mm&r=g\",\"caption\":\"telocuentavictorhugo.com\"},\"sameAs\":[\"http:\\\/\\\/telocuentavictorhugo.com\"],\"url\":\"https:\\\/\\\/telocuentavictorhugo.com\\\/index.php\\\/author\\\/plustvpress-com\\\/\"}]}<\/script>\n<!-- \/ Yoast SEO plugin. -->","yoast_head_json":{"title":"TRAGEDIA EN GUAYARAMER\u00cdN: MUJER AS3S1NADA A T1ROS EN SU AUTO - Te lo Cuenta Victor","robots":{"index":"index","follow":"follow","max-snippet":"max-snippet:-1","max-image-preview":"max-image-preview:large","max-video-preview":"max-video-preview:-1"},"canonical":"https:\/\/telocuentavictorhugo.com\/index.php\/2025\/08\/26\/tragedia-en-guayaramerin-mujer-as3s1nada-a-t1ros-en-su-auto\/","og_locale":"es_ES","og_type":"article","og_title":"TRAGEDIA EN GUAYARAMER\u00cdN: MUJER AS3S1NADA A T1ROS EN SU AUTO - Te lo Cuenta Victor","og_description":"Una mujer mu3r3 acribillada en Guayaramer\u00edn en medio de un ataque con m\u00faltiples disparos, en un nuevo cap\u00edtulo de violencia armada que azota diferentes regiones del pa\u00eds. Elizabeth Chambi N\u00fa\u00f1ez perdi\u00f3 la vida la noche del s\u00e1bado, cuando fue interceptada junto a un acompa\u00f1ante extranjero por tres sujetos en motocicleta. Mientras el hombre logr\u00f3 escapar, [&hellip;]","og_url":"https:\/\/telocuentavictorhugo.com\/index.php\/2025\/08\/26\/tragedia-en-guayaramerin-mujer-as3s1nada-a-t1ros-en-su-auto\/","og_site_name":"Te lo Cuenta Victor","article_published_time":"2025-08-26T21:37:03+00:00","article_modified_time":"2025-08-26T21:37:04+00:00","og_image":[{"width":968,"height":391,"url":"http:\/\/telocuentavictorhugo.com\/wp-content\/uploads\/2025\/08\/14-4.jpg","type":"image\/jpeg"}],"author":"telocuentavictorhugo.com","twitter_card":"summary_large_image","twitter_misc":{"Escrito por":"telocuentavictorhugo.com","Tiempo de lectura":"1 minuto"},"schema":{"@context":"https:\/\/schema.org","@graph":[{"@type":"Article","@id":"https:\/\/telocuentavictorhugo.com\/index.php\/2025\/08\/26\/tragedia-en-guayaramerin-mujer-as3s1nada-a-t1ros-en-su-auto\/#article","isPartOf":{"@id":"https:\/\/telocuentavictorhugo.com\/index.php\/2025\/08\/26\/tragedia-en-guayaramerin-mujer-as3s1nada-a-t1ros-en-su-auto\/"},"author":{"name":"telocuentavictorhugo.com","@id":"https:\/\/telocuentavictorhugo.com\/#\/schema\/person\/a8307d7271ba2849b49b562ad8602f06"},"headline":"TRAGEDIA EN GUAYARAMER\u00cdN: MUJER AS3S1NADA A T1ROS EN SU AUTO","datePublished":"2025-08-26T21:37:03+00:00","dateModified":"2025-08-26T21:37:04+00:00","mainEntityOfPage":{"@id":"https:\/\/telocuentavictorhugo.com\/index.php\/2025\/08\/26\/tragedia-en-guayaramerin-mujer-as3s1nada-a-t1ros-en-su-auto\/"},"wordCount":99,"commentCount":0,"publisher":{"@id":"https:\/\/telocuentavictorhugo.com\/#organization"},"image":{"@id":"https:\/\/telocuentavictorhugo.com\/index.php\/2025\/08\/26\/tragedia-en-guayaramerin-mujer-as3s1nada-a-t1ros-en-su-auto\/#primaryimage"},"thumbnailUrl":"https:\/\/telocuentavictorhugo.com\/wp-content\/uploads\/2025\/08\/14-4.jpg","articleSection":["Noticias","Sociedad"],"inLanguage":"es","potentialAction":[{"@type":"CommentAction","name":"Comment","target":["https:\/\/telocuentavictorhugo.com\/index.php\/2025\/08\/26\/tragedia-en-guayaramerin-mujer-as3s1nada-a-t1ros-en-su-auto\/#respond"]}]},{"@type":"WebPage","@id":"https:\/\/telocuentavictorhugo.com\/index.php\/2025\/08\/26\/tragedia-en-guayaramerin-mujer-as3s1nada-a-t1ros-en-su-auto\/","url":"https:\/\/telocuentavictorhugo.com\/index.php\/2025\/08\/26\/tragedia-en-guayaramerin-mujer-as3s1nada-a-t1ros-en-su-auto\/","name":"TRAGEDIA EN GUAYARAMER\u00cdN: MUJER AS3S1NADA A T1ROS EN SU AUTO - Te lo Cuenta Victor","isPartOf":{"@id":"https:\/\/telocuentavictorhugo.com\/#website"},"primaryImageOfPage":{"@id":"https:\/\/telocuentavictorhugo.com\/index.php\/2025\/08\/26\/tragedia-en-guayaramerin-mujer-as3s1nada-a-t1ros-en-su-auto\/#primaryimage"},"image":{"@id":"https:\/\/telocuentavictorhugo.com\/index.php\/2025\/08\/26\/tragedia-en-guayaramerin-mujer-as3s1nada-a-t1ros-en-su-auto\/#primaryimage"},"thumbnailUrl":"https:\/\/telocuentavictorhugo.com\/wp-content\/uploads\/2025\/08\/14-4.jpg","datePublished":"2025-08-26T21:37:03+00:00","dateModified":"2025-08-26T21:37:04+00:00","breadcrumb":{"@id":"https:\/\/telocuentavictorhugo.com\/index.php\/2025\/08\/26\/tragedia-en-guayaramerin-mujer-as3s1nada-a-t1ros-en-su-auto\/#breadcrumb"},"inLanguage":"es","potentialAction":[{"@type":"ReadAction","target":["https:\/\/telocuentavictorhugo.com\/index.php\/2025\/08\/26\/tragedia-en-guayaramerin-mujer-as3s1nada-a-t1ros-en-su-auto\/"]}]},{"@type":"ImageObject","inLanguage":"es","@id":"https:\/\/telocuentavictorhugo.com\/index.php\/2025\/08\/26\/tragedia-en-guayaramerin-mujer-as3s1nada-a-t1ros-en-su-auto\/#primaryimage","url":"https:\/\/telocuentavictorhugo.com\/wp-content\/uploads\/2025\/08\/14-4.jpg","contentUrl":"https:\/\/telocuentavictorhugo.com\/wp-content\/uploads\/2025\/08\/14-4.jpg","width":968,"height":391},{"@type":"BreadcrumbList","@id":"https:\/\/telocuentavictorhugo.com\/index.php\/2025\/08\/26\/tragedia-en-guayaramerin-mujer-as3s1nada-a-t1ros-en-su-auto\/#breadcrumb","itemListElement":[{"@type":"ListItem","position":1,"name":"Portada","item":"https:\/\/telocuentavictorhugo.com\/"},{"@type":"ListItem","position":2,"name":"TRAGEDIA EN GUAYARAMER\u00cdN: MUJER AS3S1NADA A T1ROS EN SU AUTO"}]},{"@type":"WebSite","@id":"https:\/\/telocuentavictorhugo.com\/#website","url":"https:\/\/telocuentavictorhugo.com\/","name":"Te lo Cuenta Victor","description":"","publisher":{"@id":"https:\/\/telocuentavictorhugo.com\/#organization"},"potentialAction":[{"@type":"SearchAction","target":{"@type":"EntryPoint","urlTemplate":"https:\/\/telocuentavictorhugo.com\/?s={search_term_string}"},"query-input":{"@type":"PropertyValueSpecification","valueRequired":true,"valueName":"search_term_string"}}],"inLanguage":"es"},{"@type":"Organization","@id":"https:\/\/telocuentavictorhugo.com\/#organization","name":"Te lo Cuenta Victor","url":"https:\/\/telocuentavictorhugo.com\/","logo":{"@type":"ImageObject","inLanguage":"es","@id":"https:\/\/telocuentavictorhugo.com\/#\/schema\/logo\/image\/","url":"https:\/\/telocuentavictorhugo.com\/wp-content\/uploads\/2023\/12\/Logo.png","contentUrl":"https:\/\/telocuentavictorhugo.com\/wp-content\/uploads\/2023\/12\/Logo.png","width":1080,"height":176,"caption":"Te lo Cuenta Victor"},"image":{"@id":"https:\/\/telocuentavictorhugo.com\/#\/schema\/logo\/image\/"}},{"@type":"Person","@id":"https:\/\/telocuentavictorhugo.com\/#\/schema\/person\/a8307d7271ba2849b49b562ad8602f06","name":"telocuentavictorhugo.com","image":{"@type":"ImageObject","inLanguage":"es","@id":"https:\/\/secure.gravatar.com\/avatar\/da212e7b532df19fd2aea5daf46d8c176abfc85521e4b80ed435d7426ef63eb6?s=96&d=mm&r=g","url":"https:\/\/secure.gravatar.com\/avatar\/da212e7b532df19fd2aea5daf46d8c176abfc85521e4b80ed435d7426ef63eb6?s=96&d=mm&r=g","contentUrl":"https:\/\/secure.gravatar.com\/avatar\/da212e7b532df19fd2aea5daf46d8c176abfc85521e4b80ed435d7426ef63eb6?s=96&d=mm&r=g","caption":"telocuentavictorhugo.com"},"sameAs":["http:\/\/telocuentavictorhugo.com"],"url":"https:\/\/telocuentavictorhugo.com\/index.php\/author\/plustvpress-com\/"}]}},"_links":{"self":[{"href":"https:\/\/telocuentavictorhugo.com\/index.php\/wp-json\/wp\/v2\/posts\/9341","targetHints":{"allow":["GET"]}}],"collection":[{"href":"https:\/\/telocuentavictorhugo.com\/index.php\/wp-json\/wp\/v2\/posts"}],"about":[{"href":"https:\/\/telocuentavictorhugo.com\/index.php\/wp-json\/wp\/v2\/types\/post"}],"author":[{"embeddable":true,"href":"https:\/\/telocuentavictorhugo.com\/index.php\/wp-json\/wp\/v2\/users\/1"}],"replies":[{"embeddable":true,"href":"https:\/\/telocuentavictorhugo.com\/index.php\/wp-json\/wp\/v2\/comments?post=9341"}],"version-history":[{"count":1,"href":"https:\/\/telocuentavictorhugo.com\/index.php\/wp-json\/wp\/v2\/posts\/9341\/revisions"}],"predecessor-version":[{"id":9365,"href":"https:\/\/telocuentavictorhugo.com\/index.php\/wp-json\/wp\/v2\/posts\/9341\/revisions\/9365"}],"wp:featuredmedia":[{"embeddable":true,"href":"https:\/\/telocuentavictorhugo.com\/index.php\/wp-json\/wp\/v2\/media\/9353"}],"wp:attachment":[{"href":"https:\/\/telocuentavictorhugo.com\/index.php\/wp-json\/wp\/v2\/media?parent=9341"}],"wp:term":[{"taxonomy":"category","embeddable":true,"href":"https:\/\/telocuentavictorhugo.com\/index.php\/wp-json\/wp\/v2\/categories?post=9341"},{"taxonomy":"post_tag","embeddable":true,"href":"https:\/\/telocuentavictorhugo.com\/index.php\/wp-json\/wp\/v2\/tags?post=9341"}],"curies":[{"name":"wp","href":"https:\/\/api.w.org\/{rel}","templated":true}]}}