{"id":9335,"date":"2025-08-26T17:36:52","date_gmt":"2025-08-26T21:36:52","guid":{"rendered":"https:\/\/telocuentavictorhugo.com\/?p=9335"},"modified":"2025-08-26T17:36:53","modified_gmt":"2025-08-26T21:36:53","slug":"anez-camacho-y-pumari-sin-influencias-politicas-la-justicia-debe-restaurar-derechos","status":"publish","type":"post","link":"https:\/\/telocuentavictorhugo.com\/index.php\/2025\/08\/26\/anez-camacho-y-pumari-sin-influencias-politicas-la-justicia-debe-restaurar-derechos\/","title":{"rendered":"A\u00d1EZ, CAMACHO Y PUMARI : SIN INFLUENCIAS POL\u00cdTICAS, LA JUSTICIA DEBE RESTAURAR DERECHOS"},"content":{"rendered":"\n<p>La justicia boliviana ordena revisar en 24 horas los plazos procesales de A\u00f1ez, Camacho y Pumari, en un giro que la expresidenta califica como una reparaci\u00f3n tras a\u00f1os de persecuci\u00f3n. Desde su prisi\u00f3n preventiva por casos relacionados con el golpe de Estado, Jeanine A\u00f1ez afirma que, liberada de la injerencia del MAS y del Ejecutivo, la justicia debe devolver los derechos que le fueron conculcados, marcando un esperado cambio en la senda judicial del pa\u00eds.<\/p>\n\n\n\n<figure class=\"wp-block-embed is-type-video is-provider-youtube wp-block-embed-youtube wp-embed-aspect-16-9 wp-has-aspect-ratio\"><div class=\"wp-block-embed__wrapper\">\n<iframe title=\"A\u00d1EZ, CAMACHO Y PUMARI : SIN INFLUENCIAS POL\u00cdTICAS, LA JUSTICIA DEBE RESTAURAR DERECHOS\" width=\"800\" height=\"450\" src=\"https:\/\/www.youtube.com\/embed\/9OspOMrY3FA?feature=oembed\" frameborder=\"0\" allow=\"accelerometer; autoplay; clipboard-write; encrypted-media; gyroscope; picture-in-picture; web-share\" referrerpolicy=\"strict-origin-when-cross-origin\" allowfullscreen><\/iframe>\n<\/div><\/figure>\n","protected":false},"excerpt":{"rendered":"<p>La justicia boliviana ordena revisar en 24 horas los plazos procesales de A\u00f1ez, Camacho y Pumari, en un giro que la expresidenta califica como una reparaci\u00f3n tras a\u00f1os de persecuci\u00f3n. Desde su prisi\u00f3n preventiva por casos relacionados con el golpe de Estado, Jeanine A\u00f1ez afirma que, liberada de la injerencia del MAS y del Ejecutivo, [&hellip;]<\/p>\n","protected":false},"author":1,"featured_media":9347,"comment_status":"open","ping_status":"open","sticky":false,"template":"","format":"standard","meta":{"_eb_attr":"","footnotes":""},"categories":[1,42],"tags":[],"class_list":["post-9335","post","type-post","status-publish","format-standard","has-post-thumbnail","hentry","category-noticias","category-politica"],"yoast_head":"<!-- This site is optimized with the Yoast SEO plugin v27.4 - https:\/\/yoast.com\/product\/yoast-seo-wordpress\/ -->\n<title>A\u00d1EZ, CAMACHO Y PUMARI : SIN INFLUENCIAS POL\u00cdTICAS, LA JUSTICIA DEBE RESTAURAR DERECHOS - Te lo Cuenta Victor<\/title>\n<meta name=\"robots\" content=\"index, follow, max-snippet:-1, max-image-preview:large, max-video-preview:-1\" \/>\n<link rel=\"canonical\" href=\"https:\/\/telocuentavictorhugo.com\/index.php\/2025\/08\/26\/anez-camacho-y-pumari-sin-influencias-politicas-la-justicia-debe-restaurar-derechos\/\" \/>\n<meta property=\"og:locale\" content=\"es_ES\" \/>\n<meta property=\"og:type\" content=\"article\" \/>\n<meta property=\"og:title\" content=\"A\u00d1EZ, CAMACHO Y PUMARI : SIN INFLUENCIAS POL\u00cdTICAS, LA JUSTICIA DEBE RESTAURAR DERECHOS - Te lo Cuenta Victor\" \/>\n<meta property=\"og:description\" content=\"La justicia boliviana ordena revisar en 24 horas los plazos procesales de A\u00f1ez, Camacho y Pumari, en un giro que la expresidenta califica como una reparaci\u00f3n tras a\u00f1os de persecuci\u00f3n. Desde su prisi\u00f3n preventiva por casos relacionados con el golpe de Estado, Jeanine A\u00f1ez afirma que, liberada de la injerencia del MAS y del Ejecutivo, [&hellip;]\" \/>\n<meta property=\"og:url\" content=\"https:\/\/telocuentavictorhugo.com\/index.php\/2025\/08\/26\/anez-camacho-y-pumari-sin-influencias-politicas-la-justicia-debe-restaurar-derechos\/\" \/>\n<meta property=\"og:site_name\" content=\"Te lo Cuenta Victor\" \/>\n<meta property=\"article:published_time\" content=\"2025-08-26T21:36:52+00:00\" \/>\n<meta property=\"article:modified_time\" content=\"2025-08-26T21:36:53+00:00\" \/>\n<meta property=\"og:image\" content=\"http:\/\/telocuentavictorhugo.com\/wp-content\/uploads\/2025\/08\/8-5.jpg\" \/>\n\t<meta property=\"og:image:width\" content=\"854\" \/>\n\t<meta property=\"og:image:height\" content=\"393\" \/>\n\t<meta property=\"og:image:type\" content=\"image\/jpeg\" \/>\n<meta name=\"author\" content=\"telocuentavictorhugo.com\" \/>\n<meta name=\"twitter:card\" content=\"summary_large_image\" \/>\n<meta name=\"twitter:label1\" content=\"Escrito por\" \/>\n\t<meta name=\"twitter:data1\" content=\"telocuentavictorhugo.com\" \/>\n\t<meta name=\"twitter:label2\" content=\"Tiempo de lectura\" \/>\n\t<meta name=\"twitter:data2\" content=\"1 minuto\" \/>\n<script type=\"application\/ld+json\" class=\"yoast-schema-graph\">{\"@context\":\"https:\\\/\\\/schema.org\",\"@graph\":[{\"@type\":\"Article\",\"@id\":\"https:\\\/\\\/telocuentavictorhugo.com\\\/index.php\\\/2025\\\/08\\\/26\\\/anez-camacho-y-pumari-sin-influencias-politicas-la-justicia-debe-restaurar-derechos\\\/#article\",\"isPartOf\":{\"@id\":\"https:\\\/\\\/telocuentavictorhugo.com\\\/index.php\\\/2025\\\/08\\\/26\\\/anez-camacho-y-pumari-sin-influencias-politicas-la-justicia-debe-restaurar-derechos\\\/\"},\"author\":{\"name\":\"telocuentavictorhugo.com\",\"@id\":\"https:\\\/\\\/telocuentavictorhugo.com\\\/#\\\/schema\\\/person\\\/a8307d7271ba2849b49b562ad8602f06\"},\"headline\":\"A\u00d1EZ, CAMACHO Y PUMARI : SIN INFLUENCIAS POL\u00cdTICAS, LA JUSTICIA DEBE RESTAURAR DERECHOS\",\"datePublished\":\"2025-08-26T21:36:52+00:00\",\"dateModified\":\"2025-08-26T21:36:53+00:00\",\"mainEntityOfPage\":{\"@id\":\"https:\\\/\\\/telocuentavictorhugo.com\\\/index.php\\\/2025\\\/08\\\/26\\\/anez-camacho-y-pumari-sin-influencias-politicas-la-justicia-debe-restaurar-derechos\\\/\"},\"wordCount\":100,\"commentCount\":0,\"publisher\":{\"@id\":\"https:\\\/\\\/telocuentavictorhugo.com\\\/#organization\"},\"image\":{\"@id\":\"https:\\\/\\\/telocuentavictorhugo.com\\\/index.php\\\/2025\\\/08\\\/26\\\/anez-camacho-y-pumari-sin-influencias-politicas-la-justicia-debe-restaurar-derechos\\\/#primaryimage\"},\"thumbnailUrl\":\"https:\\\/\\\/telocuentavictorhugo.com\\\/wp-content\\\/uploads\\\/2025\\\/08\\\/8-5.jpg\",\"articleSection\":[\"Noticias\",\"Pol\u00edtica\"],\"inLanguage\":\"es\",\"potentialAction\":[{\"@type\":\"CommentAction\",\"name\":\"Comment\",\"target\":[\"https:\\\/\\\/telocuentavictorhugo.com\\\/index.php\\\/2025\\\/08\\\/26\\\/anez-camacho-y-pumari-sin-influencias-politicas-la-justicia-debe-restaurar-derechos\\\/#respond\"]}]},{\"@type\":\"WebPage\",\"@id\":\"https:\\\/\\\/telocuentavictorhugo.com\\\/index.php\\\/2025\\\/08\\\/26\\\/anez-camacho-y-pumari-sin-influencias-politicas-la-justicia-debe-restaurar-derechos\\\/\",\"url\":\"https:\\\/\\\/telocuentavictorhugo.com\\\/index.php\\\/2025\\\/08\\\/26\\\/anez-camacho-y-pumari-sin-influencias-politicas-la-justicia-debe-restaurar-derechos\\\/\",\"name\":\"A\u00d1EZ, CAMACHO Y PUMARI : SIN INFLUENCIAS POL\u00cdTICAS, LA JUSTICIA DEBE RESTAURAR DERECHOS - Te lo Cuenta Victor\",\"isPartOf\":{\"@id\":\"https:\\\/\\\/telocuentavictorhugo.com\\\/#website\"},\"primaryImageOfPage\":{\"@id\":\"https:\\\/\\\/telocuentavictorhugo.com\\\/index.php\\\/2025\\\/08\\\/26\\\/anez-camacho-y-pumari-sin-influencias-politicas-la-justicia-debe-restaurar-derechos\\\/#primaryimage\"},\"image\":{\"@id\":\"https:\\\/\\\/telocuentavictorhugo.com\\\/index.php\\\/2025\\\/08\\\/26\\\/anez-camacho-y-pumari-sin-influencias-politicas-la-justicia-debe-restaurar-derechos\\\/#primaryimage\"},\"thumbnailUrl\":\"https:\\\/\\\/telocuentavictorhugo.com\\\/wp-content\\\/uploads\\\/2025\\\/08\\\/8-5.jpg\",\"datePublished\":\"2025-08-26T21:36:52+00:00\",\"dateModified\":\"2025-08-26T21:36:53+00:00\",\"breadcrumb\":{\"@id\":\"https:\\\/\\\/telocuentavictorhugo.com\\\/index.php\\\/2025\\\/08\\\/26\\\/anez-camacho-y-pumari-sin-influencias-politicas-la-justicia-debe-restaurar-derechos\\\/#breadcrumb\"},\"inLanguage\":\"es\",\"potentialAction\":[{\"@type\":\"ReadAction\",\"target\":[\"https:\\\/\\\/telocuentavictorhugo.com\\\/index.php\\\/2025\\\/08\\\/26\\\/anez-camacho-y-pumari-sin-influencias-politicas-la-justicia-debe-restaurar-derechos\\\/\"]}]},{\"@type\":\"ImageObject\",\"inLanguage\":\"es\",\"@id\":\"https:\\\/\\\/telocuentavictorhugo.com\\\/index.php\\\/2025\\\/08\\\/26\\\/anez-camacho-y-pumari-sin-influencias-politicas-la-justicia-debe-restaurar-derechos\\\/#primaryimage\",\"url\":\"https:\\\/\\\/telocuentavictorhugo.com\\\/wp-content\\\/uploads\\\/2025\\\/08\\\/8-5.jpg\",\"contentUrl\":\"https:\\\/\\\/telocuentavictorhugo.com\\\/wp-content\\\/uploads\\\/2025\\\/08\\\/8-5.jpg\",\"width\":854,\"height\":393},{\"@type\":\"BreadcrumbList\",\"@id\":\"https:\\\/\\\/telocuentavictorhugo.com\\\/index.php\\\/2025\\\/08\\\/26\\\/anez-camacho-y-pumari-sin-influencias-politicas-la-justicia-debe-restaurar-derechos\\\/#breadcrumb\",\"itemListElement\":[{\"@type\":\"ListItem\",\"position\":1,\"name\":\"Portada\",\"item\":\"https:\\\/\\\/telocuentavictorhugo.com\\\/\"},{\"@type\":\"ListItem\",\"position\":2,\"name\":\"A\u00d1EZ, CAMACHO Y PUMARI : SIN INFLUENCIAS POL\u00cdTICAS, LA JUSTICIA DEBE RESTAURAR DERECHOS\"}]},{\"@type\":\"WebSite\",\"@id\":\"https:\\\/\\\/telocuentavictorhugo.com\\\/#website\",\"url\":\"https:\\\/\\\/telocuentavictorhugo.com\\\/\",\"name\":\"Te lo Cuenta Victor\",\"description\":\"\",\"publisher\":{\"@id\":\"https:\\\/\\\/telocuentavictorhugo.com\\\/#organization\"},\"potentialAction\":[{\"@type\":\"SearchAction\",\"target\":{\"@type\":\"EntryPoint\",\"urlTemplate\":\"https:\\\/\\\/telocuentavictorhugo.com\\\/?s={search_term_string}\"},\"query-input\":{\"@type\":\"PropertyValueSpecification\",\"valueRequired\":true,\"valueName\":\"search_term_string\"}}],\"inLanguage\":\"es\"},{\"@type\":\"Organization\",\"@id\":\"https:\\\/\\\/telocuentavictorhugo.com\\\/#organization\",\"name\":\"Te lo Cuenta Victor\",\"url\":\"https:\\\/\\\/telocuentavictorhugo.com\\\/\",\"logo\":{\"@type\":\"ImageObject\",\"inLanguage\":\"es\",\"@id\":\"https:\\\/\\\/telocuentavictorhugo.com\\\/#\\\/schema\\\/logo\\\/image\\\/\",\"url\":\"https:\\\/\\\/telocuentavictorhugo.com\\\/wp-content\\\/uploads\\\/2023\\\/12\\\/Logo.png\",\"contentUrl\":\"https:\\\/\\\/telocuentavictorhugo.com\\\/wp-content\\\/uploads\\\/2023\\\/12\\\/Logo.png\",\"width\":1080,\"height\":176,\"caption\":\"Te lo Cuenta Victor\"},\"image\":{\"@id\":\"https:\\\/\\\/telocuentavictorhugo.com\\\/#\\\/schema\\\/logo\\\/image\\\/\"}},{\"@type\":\"Person\",\"@id\":\"https:\\\/\\\/telocuentavictorhugo.com\\\/#\\\/schema\\\/person\\\/a8307d7271ba2849b49b562ad8602f06\",\"name\":\"telocuentavictorhugo.com\",\"image\":{\"@type\":\"ImageObject\",\"inLanguage\":\"es\",\"@id\":\"https:\\\/\\\/secure.gravatar.com\\\/avatar\\\/da212e7b532df19fd2aea5daf46d8c176abfc85521e4b80ed435d7426ef63eb6?s=96&d=mm&r=g\",\"url\":\"https:\\\/\\\/secure.gravatar.com\\\/avatar\\\/da212e7b532df19fd2aea5daf46d8c176abfc85521e4b80ed435d7426ef63eb6?s=96&d=mm&r=g\",\"contentUrl\":\"https:\\\/\\\/secure.gravatar.com\\\/avatar\\\/da212e7b532df19fd2aea5daf46d8c176abfc85521e4b80ed435d7426ef63eb6?s=96&d=mm&r=g\",\"caption\":\"telocuentavictorhugo.com\"},\"sameAs\":[\"http:\\\/\\\/telocuentavictorhugo.com\"],\"url\":\"https:\\\/\\\/telocuentavictorhugo.com\\\/index.php\\\/author\\\/plustvpress-com\\\/\"}]}<\/script>\n<!-- \/ Yoast SEO plugin. -->","yoast_head_json":{"title":"A\u00d1EZ, CAMACHO Y PUMARI : SIN INFLUENCIAS POL\u00cdTICAS, LA JUSTICIA DEBE RESTAURAR DERECHOS - Te lo Cuenta Victor","robots":{"index":"index","follow":"follow","max-snippet":"max-snippet:-1","max-image-preview":"max-image-preview:large","max-video-preview":"max-video-preview:-1"},"canonical":"https:\/\/telocuentavictorhugo.com\/index.php\/2025\/08\/26\/anez-camacho-y-pumari-sin-influencias-politicas-la-justicia-debe-restaurar-derechos\/","og_locale":"es_ES","og_type":"article","og_title":"A\u00d1EZ, CAMACHO Y PUMARI : SIN INFLUENCIAS POL\u00cdTICAS, LA JUSTICIA DEBE RESTAURAR DERECHOS - Te lo Cuenta Victor","og_description":"La justicia boliviana ordena revisar en 24 horas los plazos procesales de A\u00f1ez, Camacho y Pumari, en un giro que la expresidenta califica como una reparaci\u00f3n tras a\u00f1os de persecuci\u00f3n. Desde su prisi\u00f3n preventiva por casos relacionados con el golpe de Estado, Jeanine A\u00f1ez afirma que, liberada de la injerencia del MAS y del Ejecutivo, [&hellip;]","og_url":"https:\/\/telocuentavictorhugo.com\/index.php\/2025\/08\/26\/anez-camacho-y-pumari-sin-influencias-politicas-la-justicia-debe-restaurar-derechos\/","og_site_name":"Te lo Cuenta Victor","article_published_time":"2025-08-26T21:36:52+00:00","article_modified_time":"2025-08-26T21:36:53+00:00","og_image":[{"width":854,"height":393,"url":"http:\/\/telocuentavictorhugo.com\/wp-content\/uploads\/2025\/08\/8-5.jpg","type":"image\/jpeg"}],"author":"telocuentavictorhugo.com","twitter_card":"summary_large_image","twitter_misc":{"Escrito por":"telocuentavictorhugo.com","Tiempo de lectura":"1 minuto"},"schema":{"@context":"https:\/\/schema.org","@graph":[{"@type":"Article","@id":"https:\/\/telocuentavictorhugo.com\/index.php\/2025\/08\/26\/anez-camacho-y-pumari-sin-influencias-politicas-la-justicia-debe-restaurar-derechos\/#article","isPartOf":{"@id":"https:\/\/telocuentavictorhugo.com\/index.php\/2025\/08\/26\/anez-camacho-y-pumari-sin-influencias-politicas-la-justicia-debe-restaurar-derechos\/"},"author":{"name":"telocuentavictorhugo.com","@id":"https:\/\/telocuentavictorhugo.com\/#\/schema\/person\/a8307d7271ba2849b49b562ad8602f06"},"headline":"A\u00d1EZ, CAMACHO Y PUMARI : SIN INFLUENCIAS POL\u00cdTICAS, LA JUSTICIA DEBE RESTAURAR DERECHOS","datePublished":"2025-08-26T21:36:52+00:00","dateModified":"2025-08-26T21:36:53+00:00","mainEntityOfPage":{"@id":"https:\/\/telocuentavictorhugo.com\/index.php\/2025\/08\/26\/anez-camacho-y-pumari-sin-influencias-politicas-la-justicia-debe-restaurar-derechos\/"},"wordCount":100,"commentCount":0,"publisher":{"@id":"https:\/\/telocuentavictorhugo.com\/#organization"},"image":{"@id":"https:\/\/telocuentavictorhugo.com\/index.php\/2025\/08\/26\/anez-camacho-y-pumari-sin-influencias-politicas-la-justicia-debe-restaurar-derechos\/#primaryimage"},"thumbnailUrl":"https:\/\/telocuentavictorhugo.com\/wp-content\/uploads\/2025\/08\/8-5.jpg","articleSection":["Noticias","Pol\u00edtica"],"inLanguage":"es","potentialAction":[{"@type":"CommentAction","name":"Comment","target":["https:\/\/telocuentavictorhugo.com\/index.php\/2025\/08\/26\/anez-camacho-y-pumari-sin-influencias-politicas-la-justicia-debe-restaurar-derechos\/#respond"]}]},{"@type":"WebPage","@id":"https:\/\/telocuentavictorhugo.com\/index.php\/2025\/08\/26\/anez-camacho-y-pumari-sin-influencias-politicas-la-justicia-debe-restaurar-derechos\/","url":"https:\/\/telocuentavictorhugo.com\/index.php\/2025\/08\/26\/anez-camacho-y-pumari-sin-influencias-politicas-la-justicia-debe-restaurar-derechos\/","name":"A\u00d1EZ, CAMACHO Y PUMARI : SIN INFLUENCIAS POL\u00cdTICAS, LA JUSTICIA DEBE RESTAURAR DERECHOS - Te lo Cuenta Victor","isPartOf":{"@id":"https:\/\/telocuentavictorhugo.com\/#website"},"primaryImageOfPage":{"@id":"https:\/\/telocuentavictorhugo.com\/index.php\/2025\/08\/26\/anez-camacho-y-pumari-sin-influencias-politicas-la-justicia-debe-restaurar-derechos\/#primaryimage"},"image":{"@id":"https:\/\/telocuentavictorhugo.com\/index.php\/2025\/08\/26\/anez-camacho-y-pumari-sin-influencias-politicas-la-justicia-debe-restaurar-derechos\/#primaryimage"},"thumbnailUrl":"https:\/\/telocuentavictorhugo.com\/wp-content\/uploads\/2025\/08\/8-5.jpg","datePublished":"2025-08-26T21:36:52+00:00","dateModified":"2025-08-26T21:36:53+00:00","breadcrumb":{"@id":"https:\/\/telocuentavictorhugo.com\/index.php\/2025\/08\/26\/anez-camacho-y-pumari-sin-influencias-politicas-la-justicia-debe-restaurar-derechos\/#breadcrumb"},"inLanguage":"es","potentialAction":[{"@type":"ReadAction","target":["https:\/\/telocuentavictorhugo.com\/index.php\/2025\/08\/26\/anez-camacho-y-pumari-sin-influencias-politicas-la-justicia-debe-restaurar-derechos\/"]}]},{"@type":"ImageObject","inLanguage":"es","@id":"https:\/\/telocuentavictorhugo.com\/index.php\/2025\/08\/26\/anez-camacho-y-pumari-sin-influencias-politicas-la-justicia-debe-restaurar-derechos\/#primaryimage","url":"https:\/\/telocuentavictorhugo.com\/wp-content\/uploads\/2025\/08\/8-5.jpg","contentUrl":"https:\/\/telocuentavictorhugo.com\/wp-content\/uploads\/2025\/08\/8-5.jpg","width":854,"height":393},{"@type":"BreadcrumbList","@id":"https:\/\/telocuentavictorhugo.com\/index.php\/2025\/08\/26\/anez-camacho-y-pumari-sin-influencias-politicas-la-justicia-debe-restaurar-derechos\/#breadcrumb","itemListElement":[{"@type":"ListItem","position":1,"name":"Portada","item":"https:\/\/telocuentavictorhugo.com\/"},{"@type":"ListItem","position":2,"name":"A\u00d1EZ, CAMACHO Y PUMARI : SIN INFLUENCIAS POL\u00cdTICAS, LA JUSTICIA DEBE RESTAURAR DERECHOS"}]},{"@type":"WebSite","@id":"https:\/\/telocuentavictorhugo.com\/#website","url":"https:\/\/telocuentavictorhugo.com\/","name":"Te lo Cuenta Victor","description":"","publisher":{"@id":"https:\/\/telocuentavictorhugo.com\/#organization"},"potentialAction":[{"@type":"SearchAction","target":{"@type":"EntryPoint","urlTemplate":"https:\/\/telocuentavictorhugo.com\/?s={search_term_string}"},"query-input":{"@type":"PropertyValueSpecification","valueRequired":true,"valueName":"search_term_string"}}],"inLanguage":"es"},{"@type":"Organization","@id":"https:\/\/telocuentavictorhugo.com\/#organization","name":"Te lo Cuenta Victor","url":"https:\/\/telocuentavictorhugo.com\/","logo":{"@type":"ImageObject","inLanguage":"es","@id":"https:\/\/telocuentavictorhugo.com\/#\/schema\/logo\/image\/","url":"https:\/\/telocuentavictorhugo.com\/wp-content\/uploads\/2023\/12\/Logo.png","contentUrl":"https:\/\/telocuentavictorhugo.com\/wp-content\/uploads\/2023\/12\/Logo.png","width":1080,"height":176,"caption":"Te lo Cuenta Victor"},"image":{"@id":"https:\/\/telocuentavictorhugo.com\/#\/schema\/logo\/image\/"}},{"@type":"Person","@id":"https:\/\/telocuentavictorhugo.com\/#\/schema\/person\/a8307d7271ba2849b49b562ad8602f06","name":"telocuentavictorhugo.com","image":{"@type":"ImageObject","inLanguage":"es","@id":"https:\/\/secure.gravatar.com\/avatar\/da212e7b532df19fd2aea5daf46d8c176abfc85521e4b80ed435d7426ef63eb6?s=96&d=mm&r=g","url":"https:\/\/secure.gravatar.com\/avatar\/da212e7b532df19fd2aea5daf46d8c176abfc85521e4b80ed435d7426ef63eb6?s=96&d=mm&r=g","contentUrl":"https:\/\/secure.gravatar.com\/avatar\/da212e7b532df19fd2aea5daf46d8c176abfc85521e4b80ed435d7426ef63eb6?s=96&d=mm&r=g","caption":"telocuentavictorhugo.com"},"sameAs":["http:\/\/telocuentavictorhugo.com"],"url":"https:\/\/telocuentavictorhugo.com\/index.php\/author\/plustvpress-com\/"}]}},"_links":{"self":[{"href":"https:\/\/telocuentavictorhugo.com\/index.php\/wp-json\/wp\/v2\/posts\/9335","targetHints":{"allow":["GET"]}}],"collection":[{"href":"https:\/\/telocuentavictorhugo.com\/index.php\/wp-json\/wp\/v2\/posts"}],"about":[{"href":"https:\/\/telocuentavictorhugo.com\/index.php\/wp-json\/wp\/v2\/types\/post"}],"author":[{"embeddable":true,"href":"https:\/\/telocuentavictorhugo.com\/index.php\/wp-json\/wp\/v2\/users\/1"}],"replies":[{"embeddable":true,"href":"https:\/\/telocuentavictorhugo.com\/index.php\/wp-json\/wp\/v2\/comments?post=9335"}],"version-history":[{"count":1,"href":"https:\/\/telocuentavictorhugo.com\/index.php\/wp-json\/wp\/v2\/posts\/9335\/revisions"}],"predecessor-version":[{"id":9359,"href":"https:\/\/telocuentavictorhugo.com\/index.php\/wp-json\/wp\/v2\/posts\/9335\/revisions\/9359"}],"wp:featuredmedia":[{"embeddable":true,"href":"https:\/\/telocuentavictorhugo.com\/index.php\/wp-json\/wp\/v2\/media\/9347"}],"wp:attachment":[{"href":"https:\/\/telocuentavictorhugo.com\/index.php\/wp-json\/wp\/v2\/media?parent=9335"}],"wp:term":[{"taxonomy":"category","embeddable":true,"href":"https:\/\/telocuentavictorhugo.com\/index.php\/wp-json\/wp\/v2\/categories?post=9335"},{"taxonomy":"post_tag","embeddable":true,"href":"https:\/\/telocuentavictorhugo.com\/index.php\/wp-json\/wp\/v2\/tags?post=9335"}],"curies":[{"name":"wp","href":"https:\/\/api.w.org\/{rel}","templated":true}]}}