{"id":9273,"date":"2025-08-20T17:38:03","date_gmt":"2025-08-20T21:38:03","guid":{"rendered":"https:\/\/telocuentavictorhugo.com\/?p=9273"},"modified":"2025-08-20T17:38:04","modified_gmt":"2025-08-20T21:38:04","slug":"manfred-fernandez-y-copa-el-intento-que-no-despega-en-las-nacionales","status":"publish","type":"post","link":"https:\/\/telocuentavictorhugo.com\/index.php\/2025\/08\/20\/manfred-fernandez-y-copa-el-intento-que-no-despega-en-las-nacionales\/","title":{"rendered":"MANFRED, FERN\u00c1NDEZ Y COPA: EL INTENTO QUE NO DESPEGA EN LAS NACIONALES"},"content":{"rendered":"\n<p>En las elecciones nacionales, tres alcaldes quedaron fuera de la segunda vuelta: Manfred Reyes Villa (Cochabamba, S\u00famate), Jhonny Fern\u00e1ndez (Santa Cruz) y Eva Copa (El Alto, Morena). Con el 95% de actas escrutadas, Sirepre sit\u00faa a Reyes Villa en quinto lugar con 6,6% de votos, el mejor desempe\u00f1o entre ellos, pero sin lograr el pase; Fern\u00e1ndez promedia menos del 2% y podr\u00eda perder la sigla UCS si se ratifica en el conteo oficial. Copa y Morena se retiraron de la contienda tras evaluar los resultados; el TSE afirm\u00f3 que Morena no corre riesgo de perder su personer\u00eda, aunque reconoci\u00f3 un vac\u00edo legal en la Ley 026 que podr\u00eda requerir reformas para sancionar a partidos que se retiran.<\/p>\n\n\n\n<figure class=\"wp-block-embed is-type-video is-provider-youtube wp-block-embed-youtube wp-embed-aspect-16-9 wp-has-aspect-ratio\"><div class=\"wp-block-embed__wrapper\">\n<iframe title=\"|MANFRED, FERN\u00c1NDEZ Y COPA: EL INTENTO QUE NO DESPEGA EN LAS NACIONALES\" width=\"800\" height=\"450\" src=\"https:\/\/www.youtube.com\/embed\/YBOLH-rSE_c?feature=oembed\" frameborder=\"0\" allow=\"accelerometer; autoplay; clipboard-write; encrypted-media; gyroscope; picture-in-picture; web-share\" referrerpolicy=\"strict-origin-when-cross-origin\" allowfullscreen><\/iframe>\n<\/div><\/figure>\n","protected":false},"excerpt":{"rendered":"<p>En las elecciones nacionales, tres alcaldes quedaron fuera de la segunda vuelta: Manfred Reyes Villa (Cochabamba, S\u00famate), Jhonny Fern\u00e1ndez (Santa Cruz) y Eva Copa (El Alto, Morena). Con el 95% de actas escrutadas, Sirepre sit\u00faa a Reyes Villa en quinto lugar con 6,6% de votos, el mejor desempe\u00f1o entre ellos, pero sin lograr el pase; [&hellip;]<\/p>\n","protected":false},"author":1,"featured_media":9281,"comment_status":"open","ping_status":"open","sticky":false,"template":"","format":"standard","meta":{"_eb_attr":"","footnotes":""},"categories":[1,42],"tags":[],"class_list":["post-9273","post","type-post","status-publish","format-standard","has-post-thumbnail","hentry","category-noticias","category-politica"],"yoast_head":"<!-- This site is optimized with the Yoast SEO plugin v27.4 - https:\/\/yoast.com\/product\/yoast-seo-wordpress\/ -->\n<title>MANFRED, FERN\u00c1NDEZ Y COPA: EL INTENTO QUE NO DESPEGA EN LAS NACIONALES - Te lo Cuenta Victor<\/title>\n<meta name=\"robots\" content=\"index, follow, max-snippet:-1, max-image-preview:large, max-video-preview:-1\" \/>\n<link rel=\"canonical\" href=\"https:\/\/telocuentavictorhugo.com\/index.php\/2025\/08\/20\/manfred-fernandez-y-copa-el-intento-que-no-despega-en-las-nacionales\/\" \/>\n<meta property=\"og:locale\" content=\"es_ES\" \/>\n<meta property=\"og:type\" content=\"article\" \/>\n<meta property=\"og:title\" content=\"MANFRED, FERN\u00c1NDEZ Y COPA: EL INTENTO QUE NO DESPEGA EN LAS NACIONALES - Te lo Cuenta Victor\" \/>\n<meta property=\"og:description\" content=\"En las elecciones nacionales, tres alcaldes quedaron fuera de la segunda vuelta: Manfred Reyes Villa (Cochabamba, S\u00famate), Jhonny Fern\u00e1ndez (Santa Cruz) y Eva Copa (El Alto, Morena). Con el 95% de actas escrutadas, Sirepre sit\u00faa a Reyes Villa en quinto lugar con 6,6% de votos, el mejor desempe\u00f1o entre ellos, pero sin lograr el pase; [&hellip;]\" \/>\n<meta property=\"og:url\" content=\"https:\/\/telocuentavictorhugo.com\/index.php\/2025\/08\/20\/manfred-fernandez-y-copa-el-intento-que-no-despega-en-las-nacionales\/\" \/>\n<meta property=\"og:site_name\" content=\"Te lo Cuenta Victor\" \/>\n<meta property=\"article:published_time\" content=\"2025-08-20T21:38:03+00:00\" \/>\n<meta property=\"article:modified_time\" content=\"2025-08-20T21:38:04+00:00\" \/>\n<meta property=\"og:image\" content=\"http:\/\/telocuentavictorhugo.com\/wp-content\/uploads\/2025\/08\/12-3.jpg\" \/>\n\t<meta property=\"og:image:width\" content=\"1040\" \/>\n\t<meta property=\"og:image:height\" content=\"562\" \/>\n\t<meta property=\"og:image:type\" content=\"image\/jpeg\" \/>\n<meta name=\"author\" content=\"telocuentavictorhugo.com\" \/>\n<meta name=\"twitter:card\" content=\"summary_large_image\" \/>\n<meta name=\"twitter:label1\" content=\"Escrito por\" \/>\n\t<meta name=\"twitter:data1\" content=\"telocuentavictorhugo.com\" \/>\n\t<meta name=\"twitter:label2\" content=\"Tiempo de lectura\" \/>\n\t<meta name=\"twitter:data2\" content=\"1 minuto\" \/>\n<script type=\"application\/ld+json\" class=\"yoast-schema-graph\">{\"@context\":\"https:\\\/\\\/schema.org\",\"@graph\":[{\"@type\":\"Article\",\"@id\":\"https:\\\/\\\/telocuentavictorhugo.com\\\/index.php\\\/2025\\\/08\\\/20\\\/manfred-fernandez-y-copa-el-intento-que-no-despega-en-las-nacionales\\\/#article\",\"isPartOf\":{\"@id\":\"https:\\\/\\\/telocuentavictorhugo.com\\\/index.php\\\/2025\\\/08\\\/20\\\/manfred-fernandez-y-copa-el-intento-que-no-despega-en-las-nacionales\\\/\"},\"author\":{\"name\":\"telocuentavictorhugo.com\",\"@id\":\"https:\\\/\\\/telocuentavictorhugo.com\\\/#\\\/schema\\\/person\\\/a8307d7271ba2849b49b562ad8602f06\"},\"headline\":\"MANFRED, FERN\u00c1NDEZ Y COPA: EL INTENTO QUE NO DESPEGA EN LAS NACIONALES\",\"datePublished\":\"2025-08-20T21:38:03+00:00\",\"dateModified\":\"2025-08-20T21:38:04+00:00\",\"mainEntityOfPage\":{\"@id\":\"https:\\\/\\\/telocuentavictorhugo.com\\\/index.php\\\/2025\\\/08\\\/20\\\/manfred-fernandez-y-copa-el-intento-que-no-despega-en-las-nacionales\\\/\"},\"wordCount\":140,\"commentCount\":0,\"publisher\":{\"@id\":\"https:\\\/\\\/telocuentavictorhugo.com\\\/#organization\"},\"image\":{\"@id\":\"https:\\\/\\\/telocuentavictorhugo.com\\\/index.php\\\/2025\\\/08\\\/20\\\/manfred-fernandez-y-copa-el-intento-que-no-despega-en-las-nacionales\\\/#primaryimage\"},\"thumbnailUrl\":\"https:\\\/\\\/telocuentavictorhugo.com\\\/wp-content\\\/uploads\\\/2025\\\/08\\\/12-3.jpg\",\"articleSection\":[\"Noticias\",\"Pol\u00edtica\"],\"inLanguage\":\"es\",\"potentialAction\":[{\"@type\":\"CommentAction\",\"name\":\"Comment\",\"target\":[\"https:\\\/\\\/telocuentavictorhugo.com\\\/index.php\\\/2025\\\/08\\\/20\\\/manfred-fernandez-y-copa-el-intento-que-no-despega-en-las-nacionales\\\/#respond\"]}]},{\"@type\":\"WebPage\",\"@id\":\"https:\\\/\\\/telocuentavictorhugo.com\\\/index.php\\\/2025\\\/08\\\/20\\\/manfred-fernandez-y-copa-el-intento-que-no-despega-en-las-nacionales\\\/\",\"url\":\"https:\\\/\\\/telocuentavictorhugo.com\\\/index.php\\\/2025\\\/08\\\/20\\\/manfred-fernandez-y-copa-el-intento-que-no-despega-en-las-nacionales\\\/\",\"name\":\"MANFRED, FERN\u00c1NDEZ Y COPA: EL INTENTO QUE NO DESPEGA EN LAS NACIONALES - Te lo Cuenta Victor\",\"isPartOf\":{\"@id\":\"https:\\\/\\\/telocuentavictorhugo.com\\\/#website\"},\"primaryImageOfPage\":{\"@id\":\"https:\\\/\\\/telocuentavictorhugo.com\\\/index.php\\\/2025\\\/08\\\/20\\\/manfred-fernandez-y-copa-el-intento-que-no-despega-en-las-nacionales\\\/#primaryimage\"},\"image\":{\"@id\":\"https:\\\/\\\/telocuentavictorhugo.com\\\/index.php\\\/2025\\\/08\\\/20\\\/manfred-fernandez-y-copa-el-intento-que-no-despega-en-las-nacionales\\\/#primaryimage\"},\"thumbnailUrl\":\"https:\\\/\\\/telocuentavictorhugo.com\\\/wp-content\\\/uploads\\\/2025\\\/08\\\/12-3.jpg\",\"datePublished\":\"2025-08-20T21:38:03+00:00\",\"dateModified\":\"2025-08-20T21:38:04+00:00\",\"breadcrumb\":{\"@id\":\"https:\\\/\\\/telocuentavictorhugo.com\\\/index.php\\\/2025\\\/08\\\/20\\\/manfred-fernandez-y-copa-el-intento-que-no-despega-en-las-nacionales\\\/#breadcrumb\"},\"inLanguage\":\"es\",\"potentialAction\":[{\"@type\":\"ReadAction\",\"target\":[\"https:\\\/\\\/telocuentavictorhugo.com\\\/index.php\\\/2025\\\/08\\\/20\\\/manfred-fernandez-y-copa-el-intento-que-no-despega-en-las-nacionales\\\/\"]}]},{\"@type\":\"ImageObject\",\"inLanguage\":\"es\",\"@id\":\"https:\\\/\\\/telocuentavictorhugo.com\\\/index.php\\\/2025\\\/08\\\/20\\\/manfred-fernandez-y-copa-el-intento-que-no-despega-en-las-nacionales\\\/#primaryimage\",\"url\":\"https:\\\/\\\/telocuentavictorhugo.com\\\/wp-content\\\/uploads\\\/2025\\\/08\\\/12-3.jpg\",\"contentUrl\":\"https:\\\/\\\/telocuentavictorhugo.com\\\/wp-content\\\/uploads\\\/2025\\\/08\\\/12-3.jpg\",\"width\":1040,\"height\":562},{\"@type\":\"BreadcrumbList\",\"@id\":\"https:\\\/\\\/telocuentavictorhugo.com\\\/index.php\\\/2025\\\/08\\\/20\\\/manfred-fernandez-y-copa-el-intento-que-no-despega-en-las-nacionales\\\/#breadcrumb\",\"itemListElement\":[{\"@type\":\"ListItem\",\"position\":1,\"name\":\"Portada\",\"item\":\"https:\\\/\\\/telocuentavictorhugo.com\\\/\"},{\"@type\":\"ListItem\",\"position\":2,\"name\":\"MANFRED, FERN\u00c1NDEZ Y COPA: EL INTENTO QUE NO DESPEGA EN LAS NACIONALES\"}]},{\"@type\":\"WebSite\",\"@id\":\"https:\\\/\\\/telocuentavictorhugo.com\\\/#website\",\"url\":\"https:\\\/\\\/telocuentavictorhugo.com\\\/\",\"name\":\"Te lo Cuenta Victor\",\"description\":\"\",\"publisher\":{\"@id\":\"https:\\\/\\\/telocuentavictorhugo.com\\\/#organization\"},\"potentialAction\":[{\"@type\":\"SearchAction\",\"target\":{\"@type\":\"EntryPoint\",\"urlTemplate\":\"https:\\\/\\\/telocuentavictorhugo.com\\\/?s={search_term_string}\"},\"query-input\":{\"@type\":\"PropertyValueSpecification\",\"valueRequired\":true,\"valueName\":\"search_term_string\"}}],\"inLanguage\":\"es\"},{\"@type\":\"Organization\",\"@id\":\"https:\\\/\\\/telocuentavictorhugo.com\\\/#organization\",\"name\":\"Te lo Cuenta Victor\",\"url\":\"https:\\\/\\\/telocuentavictorhugo.com\\\/\",\"logo\":{\"@type\":\"ImageObject\",\"inLanguage\":\"es\",\"@id\":\"https:\\\/\\\/telocuentavictorhugo.com\\\/#\\\/schema\\\/logo\\\/image\\\/\",\"url\":\"https:\\\/\\\/telocuentavictorhugo.com\\\/wp-content\\\/uploads\\\/2023\\\/12\\\/Logo.png\",\"contentUrl\":\"https:\\\/\\\/telocuentavictorhugo.com\\\/wp-content\\\/uploads\\\/2023\\\/12\\\/Logo.png\",\"width\":1080,\"height\":176,\"caption\":\"Te lo Cuenta Victor\"},\"image\":{\"@id\":\"https:\\\/\\\/telocuentavictorhugo.com\\\/#\\\/schema\\\/logo\\\/image\\\/\"}},{\"@type\":\"Person\",\"@id\":\"https:\\\/\\\/telocuentavictorhugo.com\\\/#\\\/schema\\\/person\\\/a8307d7271ba2849b49b562ad8602f06\",\"name\":\"telocuentavictorhugo.com\",\"image\":{\"@type\":\"ImageObject\",\"inLanguage\":\"es\",\"@id\":\"https:\\\/\\\/secure.gravatar.com\\\/avatar\\\/da212e7b532df19fd2aea5daf46d8c176abfc85521e4b80ed435d7426ef63eb6?s=96&d=mm&r=g\",\"url\":\"https:\\\/\\\/secure.gravatar.com\\\/avatar\\\/da212e7b532df19fd2aea5daf46d8c176abfc85521e4b80ed435d7426ef63eb6?s=96&d=mm&r=g\",\"contentUrl\":\"https:\\\/\\\/secure.gravatar.com\\\/avatar\\\/da212e7b532df19fd2aea5daf46d8c176abfc85521e4b80ed435d7426ef63eb6?s=96&d=mm&r=g\",\"caption\":\"telocuentavictorhugo.com\"},\"sameAs\":[\"http:\\\/\\\/telocuentavictorhugo.com\"],\"url\":\"https:\\\/\\\/telocuentavictorhugo.com\\\/index.php\\\/author\\\/plustvpress-com\\\/\"}]}<\/script>\n<!-- \/ Yoast SEO plugin. -->","yoast_head_json":{"title":"MANFRED, FERN\u00c1NDEZ Y COPA: EL INTENTO QUE NO DESPEGA EN LAS NACIONALES - Te lo Cuenta Victor","robots":{"index":"index","follow":"follow","max-snippet":"max-snippet:-1","max-image-preview":"max-image-preview:large","max-video-preview":"max-video-preview:-1"},"canonical":"https:\/\/telocuentavictorhugo.com\/index.php\/2025\/08\/20\/manfred-fernandez-y-copa-el-intento-que-no-despega-en-las-nacionales\/","og_locale":"es_ES","og_type":"article","og_title":"MANFRED, FERN\u00c1NDEZ Y COPA: EL INTENTO QUE NO DESPEGA EN LAS NACIONALES - Te lo Cuenta Victor","og_description":"En las elecciones nacionales, tres alcaldes quedaron fuera de la segunda vuelta: Manfred Reyes Villa (Cochabamba, S\u00famate), Jhonny Fern\u00e1ndez (Santa Cruz) y Eva Copa (El Alto, Morena). Con el 95% de actas escrutadas, Sirepre sit\u00faa a Reyes Villa en quinto lugar con 6,6% de votos, el mejor desempe\u00f1o entre ellos, pero sin lograr el pase; [&hellip;]","og_url":"https:\/\/telocuentavictorhugo.com\/index.php\/2025\/08\/20\/manfred-fernandez-y-copa-el-intento-que-no-despega-en-las-nacionales\/","og_site_name":"Te lo Cuenta Victor","article_published_time":"2025-08-20T21:38:03+00:00","article_modified_time":"2025-08-20T21:38:04+00:00","og_image":[{"width":1040,"height":562,"url":"http:\/\/telocuentavictorhugo.com\/wp-content\/uploads\/2025\/08\/12-3.jpg","type":"image\/jpeg"}],"author":"telocuentavictorhugo.com","twitter_card":"summary_large_image","twitter_misc":{"Escrito por":"telocuentavictorhugo.com","Tiempo de lectura":"1 minuto"},"schema":{"@context":"https:\/\/schema.org","@graph":[{"@type":"Article","@id":"https:\/\/telocuentavictorhugo.com\/index.php\/2025\/08\/20\/manfred-fernandez-y-copa-el-intento-que-no-despega-en-las-nacionales\/#article","isPartOf":{"@id":"https:\/\/telocuentavictorhugo.com\/index.php\/2025\/08\/20\/manfred-fernandez-y-copa-el-intento-que-no-despega-en-las-nacionales\/"},"author":{"name":"telocuentavictorhugo.com","@id":"https:\/\/telocuentavictorhugo.com\/#\/schema\/person\/a8307d7271ba2849b49b562ad8602f06"},"headline":"MANFRED, FERN\u00c1NDEZ Y COPA: EL INTENTO QUE NO DESPEGA EN LAS NACIONALES","datePublished":"2025-08-20T21:38:03+00:00","dateModified":"2025-08-20T21:38:04+00:00","mainEntityOfPage":{"@id":"https:\/\/telocuentavictorhugo.com\/index.php\/2025\/08\/20\/manfred-fernandez-y-copa-el-intento-que-no-despega-en-las-nacionales\/"},"wordCount":140,"commentCount":0,"publisher":{"@id":"https:\/\/telocuentavictorhugo.com\/#organization"},"image":{"@id":"https:\/\/telocuentavictorhugo.com\/index.php\/2025\/08\/20\/manfred-fernandez-y-copa-el-intento-que-no-despega-en-las-nacionales\/#primaryimage"},"thumbnailUrl":"https:\/\/telocuentavictorhugo.com\/wp-content\/uploads\/2025\/08\/12-3.jpg","articleSection":["Noticias","Pol\u00edtica"],"inLanguage":"es","potentialAction":[{"@type":"CommentAction","name":"Comment","target":["https:\/\/telocuentavictorhugo.com\/index.php\/2025\/08\/20\/manfred-fernandez-y-copa-el-intento-que-no-despega-en-las-nacionales\/#respond"]}]},{"@type":"WebPage","@id":"https:\/\/telocuentavictorhugo.com\/index.php\/2025\/08\/20\/manfred-fernandez-y-copa-el-intento-que-no-despega-en-las-nacionales\/","url":"https:\/\/telocuentavictorhugo.com\/index.php\/2025\/08\/20\/manfred-fernandez-y-copa-el-intento-que-no-despega-en-las-nacionales\/","name":"MANFRED, FERN\u00c1NDEZ Y COPA: EL INTENTO QUE NO DESPEGA EN LAS NACIONALES - Te lo Cuenta Victor","isPartOf":{"@id":"https:\/\/telocuentavictorhugo.com\/#website"},"primaryImageOfPage":{"@id":"https:\/\/telocuentavictorhugo.com\/index.php\/2025\/08\/20\/manfred-fernandez-y-copa-el-intento-que-no-despega-en-las-nacionales\/#primaryimage"},"image":{"@id":"https:\/\/telocuentavictorhugo.com\/index.php\/2025\/08\/20\/manfred-fernandez-y-copa-el-intento-que-no-despega-en-las-nacionales\/#primaryimage"},"thumbnailUrl":"https:\/\/telocuentavictorhugo.com\/wp-content\/uploads\/2025\/08\/12-3.jpg","datePublished":"2025-08-20T21:38:03+00:00","dateModified":"2025-08-20T21:38:04+00:00","breadcrumb":{"@id":"https:\/\/telocuentavictorhugo.com\/index.php\/2025\/08\/20\/manfred-fernandez-y-copa-el-intento-que-no-despega-en-las-nacionales\/#breadcrumb"},"inLanguage":"es","potentialAction":[{"@type":"ReadAction","target":["https:\/\/telocuentavictorhugo.com\/index.php\/2025\/08\/20\/manfred-fernandez-y-copa-el-intento-que-no-despega-en-las-nacionales\/"]}]},{"@type":"ImageObject","inLanguage":"es","@id":"https:\/\/telocuentavictorhugo.com\/index.php\/2025\/08\/20\/manfred-fernandez-y-copa-el-intento-que-no-despega-en-las-nacionales\/#primaryimage","url":"https:\/\/telocuentavictorhugo.com\/wp-content\/uploads\/2025\/08\/12-3.jpg","contentUrl":"https:\/\/telocuentavictorhugo.com\/wp-content\/uploads\/2025\/08\/12-3.jpg","width":1040,"height":562},{"@type":"BreadcrumbList","@id":"https:\/\/telocuentavictorhugo.com\/index.php\/2025\/08\/20\/manfred-fernandez-y-copa-el-intento-que-no-despega-en-las-nacionales\/#breadcrumb","itemListElement":[{"@type":"ListItem","position":1,"name":"Portada","item":"https:\/\/telocuentavictorhugo.com\/"},{"@type":"ListItem","position":2,"name":"MANFRED, FERN\u00c1NDEZ Y COPA: EL INTENTO QUE NO DESPEGA EN LAS NACIONALES"}]},{"@type":"WebSite","@id":"https:\/\/telocuentavictorhugo.com\/#website","url":"https:\/\/telocuentavictorhugo.com\/","name":"Te lo Cuenta Victor","description":"","publisher":{"@id":"https:\/\/telocuentavictorhugo.com\/#organization"},"potentialAction":[{"@type":"SearchAction","target":{"@type":"EntryPoint","urlTemplate":"https:\/\/telocuentavictorhugo.com\/?s={search_term_string}"},"query-input":{"@type":"PropertyValueSpecification","valueRequired":true,"valueName":"search_term_string"}}],"inLanguage":"es"},{"@type":"Organization","@id":"https:\/\/telocuentavictorhugo.com\/#organization","name":"Te lo Cuenta Victor","url":"https:\/\/telocuentavictorhugo.com\/","logo":{"@type":"ImageObject","inLanguage":"es","@id":"https:\/\/telocuentavictorhugo.com\/#\/schema\/logo\/image\/","url":"https:\/\/telocuentavictorhugo.com\/wp-content\/uploads\/2023\/12\/Logo.png","contentUrl":"https:\/\/telocuentavictorhugo.com\/wp-content\/uploads\/2023\/12\/Logo.png","width":1080,"height":176,"caption":"Te lo Cuenta Victor"},"image":{"@id":"https:\/\/telocuentavictorhugo.com\/#\/schema\/logo\/image\/"}},{"@type":"Person","@id":"https:\/\/telocuentavictorhugo.com\/#\/schema\/person\/a8307d7271ba2849b49b562ad8602f06","name":"telocuentavictorhugo.com","image":{"@type":"ImageObject","inLanguage":"es","@id":"https:\/\/secure.gravatar.com\/avatar\/da212e7b532df19fd2aea5daf46d8c176abfc85521e4b80ed435d7426ef63eb6?s=96&d=mm&r=g","url":"https:\/\/secure.gravatar.com\/avatar\/da212e7b532df19fd2aea5daf46d8c176abfc85521e4b80ed435d7426ef63eb6?s=96&d=mm&r=g","contentUrl":"https:\/\/secure.gravatar.com\/avatar\/da212e7b532df19fd2aea5daf46d8c176abfc85521e4b80ed435d7426ef63eb6?s=96&d=mm&r=g","caption":"telocuentavictorhugo.com"},"sameAs":["http:\/\/telocuentavictorhugo.com"],"url":"https:\/\/telocuentavictorhugo.com\/index.php\/author\/plustvpress-com\/"}]}},"_links":{"self":[{"href":"https:\/\/telocuentavictorhugo.com\/index.php\/wp-json\/wp\/v2\/posts\/9273","targetHints":{"allow":["GET"]}}],"collection":[{"href":"https:\/\/telocuentavictorhugo.com\/index.php\/wp-json\/wp\/v2\/posts"}],"about":[{"href":"https:\/\/telocuentavictorhugo.com\/index.php\/wp-json\/wp\/v2\/types\/post"}],"author":[{"embeddable":true,"href":"https:\/\/telocuentavictorhugo.com\/index.php\/wp-json\/wp\/v2\/users\/1"}],"replies":[{"embeddable":true,"href":"https:\/\/telocuentavictorhugo.com\/index.php\/wp-json\/wp\/v2\/comments?post=9273"}],"version-history":[{"count":1,"href":"https:\/\/telocuentavictorhugo.com\/index.php\/wp-json\/wp\/v2\/posts\/9273\/revisions"}],"predecessor-version":[{"id":9289,"href":"https:\/\/telocuentavictorhugo.com\/index.php\/wp-json\/wp\/v2\/posts\/9273\/revisions\/9289"}],"wp:featuredmedia":[{"embeddable":true,"href":"https:\/\/telocuentavictorhugo.com\/index.php\/wp-json\/wp\/v2\/media\/9281"}],"wp:attachment":[{"href":"https:\/\/telocuentavictorhugo.com\/index.php\/wp-json\/wp\/v2\/media?parent=9273"}],"wp:term":[{"taxonomy":"category","embeddable":true,"href":"https:\/\/telocuentavictorhugo.com\/index.php\/wp-json\/wp\/v2\/categories?post=9273"},{"taxonomy":"post_tag","embeddable":true,"href":"https:\/\/telocuentavictorhugo.com\/index.php\/wp-json\/wp\/v2\/tags?post=9273"}],"curies":[{"name":"wp","href":"https:\/\/api.w.org\/{rel}","templated":true}]}}