{"id":9270,"date":"2025-08-20T17:37:56","date_gmt":"2025-08-20T21:37:56","guid":{"rendered":"https:\/\/telocuentavictorhugo.com\/?p=9270"},"modified":"2025-08-20T17:37:57","modified_gmt":"2025-08-20T21:37:57","slug":"choferes-piden-conservar-la-subvencion-de-combustibles","status":"publish","type":"post","link":"https:\/\/telocuentavictorhugo.com\/index.php\/2025\/08\/20\/choferes-piden-conservar-la-subvencion-de-combustibles\/","title":{"rendered":"CHOFERES PIDEN CONSERVAR LA SUBVENCI\u00d3N DE COMBUSTIBLES"},"content":{"rendered":"\n<p>Tras los sorpresivos resultados de las elecciones del domingo, que marcan el fin de un ciclo de pol\u00edticas econ\u00f3micas, la Confederaci\u00f3n de Choferes de Bolivia exige al nuevo gobierno mantener la subvenci\u00f3n a los combustibles y permitir una mayor importaci\u00f3n para favorecer la competencia, cuestionando el monopolio de YPFB. El dirigente V\u00edctor Tarqui sostuvo que solo cambios que beneficien al sector ser\u00e1n aceptados y pidi\u00f3 encuentros con PDC y Libre, sin respaldar a ning\u00fan candidato, aunque valor\u00f3 la propuesta anticorrupci\u00f3n de Edman Lara.<\/p>\n\n\n\n<figure class=\"wp-block-embed is-type-video is-provider-youtube wp-block-embed-youtube wp-embed-aspect-16-9 wp-has-aspect-ratio\"><div class=\"wp-block-embed__wrapper\">\n<iframe title=\"CHOFERES PIDEN CONSERVAR LA SUBVENCI\u00d3N DE COMBUSTIBLES\" width=\"800\" height=\"450\" src=\"https:\/\/www.youtube.com\/embed\/5ymES4z0hL8?feature=oembed\" frameborder=\"0\" allow=\"accelerometer; autoplay; clipboard-write; encrypted-media; gyroscope; picture-in-picture; web-share\" referrerpolicy=\"strict-origin-when-cross-origin\" allowfullscreen><\/iframe>\n<\/div><\/figure>\n","protected":false},"excerpt":{"rendered":"<p>Tras los sorpresivos resultados de las elecciones del domingo, que marcan el fin de un ciclo de pol\u00edticas econ\u00f3micas, la Confederaci\u00f3n de Choferes de Bolivia exige al nuevo gobierno mantener la subvenci\u00f3n a los combustibles y permitir una mayor importaci\u00f3n para favorecer la competencia, cuestionando el monopolio de YPFB. El dirigente V\u00edctor Tarqui sostuvo que [&hellip;]<\/p>\n","protected":false},"author":1,"featured_media":9278,"comment_status":"open","ping_status":"open","sticky":false,"template":"","format":"standard","meta":{"_eb_attr":"","footnotes":""},"categories":[43,1,42],"tags":[],"class_list":["post-9270","post","type-post","status-publish","format-standard","has-post-thumbnail","hentry","category-economia","category-noticias","category-politica"],"yoast_head":"<!-- This site is optimized with the Yoast SEO plugin v27.4 - https:\/\/yoast.com\/product\/yoast-seo-wordpress\/ -->\n<title>CHOFERES PIDEN CONSERVAR LA SUBVENCI\u00d3N DE COMBUSTIBLES - Te lo Cuenta Victor<\/title>\n<meta name=\"robots\" content=\"index, follow, max-snippet:-1, max-image-preview:large, max-video-preview:-1\" \/>\n<link rel=\"canonical\" href=\"https:\/\/telocuentavictorhugo.com\/index.php\/2025\/08\/20\/choferes-piden-conservar-la-subvencion-de-combustibles\/\" \/>\n<meta property=\"og:locale\" content=\"es_ES\" \/>\n<meta property=\"og:type\" content=\"article\" \/>\n<meta property=\"og:title\" content=\"CHOFERES PIDEN CONSERVAR LA SUBVENCI\u00d3N DE COMBUSTIBLES - Te lo Cuenta Victor\" \/>\n<meta property=\"og:description\" content=\"Tras los sorpresivos resultados de las elecciones del domingo, que marcan el fin de un ciclo de pol\u00edticas econ\u00f3micas, la Confederaci\u00f3n de Choferes de Bolivia exige al nuevo gobierno mantener la subvenci\u00f3n a los combustibles y permitir una mayor importaci\u00f3n para favorecer la competencia, cuestionando el monopolio de YPFB. El dirigente V\u00edctor Tarqui sostuvo que [&hellip;]\" \/>\n<meta property=\"og:url\" content=\"https:\/\/telocuentavictorhugo.com\/index.php\/2025\/08\/20\/choferes-piden-conservar-la-subvencion-de-combustibles\/\" \/>\n<meta property=\"og:site_name\" content=\"Te lo Cuenta Victor\" \/>\n<meta property=\"article:published_time\" content=\"2025-08-20T21:37:56+00:00\" \/>\n<meta property=\"article:modified_time\" content=\"2025-08-20T21:37:57+00:00\" \/>\n<meta property=\"og:image\" content=\"http:\/\/telocuentavictorhugo.com\/wp-content\/uploads\/2025\/08\/9-3.jpg\" \/>\n\t<meta property=\"og:image:width\" content=\"1270\" \/>\n\t<meta property=\"og:image:height\" content=\"671\" \/>\n\t<meta property=\"og:image:type\" content=\"image\/jpeg\" \/>\n<meta name=\"author\" content=\"telocuentavictorhugo.com\" \/>\n<meta name=\"twitter:card\" content=\"summary_large_image\" \/>\n<meta name=\"twitter:label1\" content=\"Escrito por\" \/>\n\t<meta name=\"twitter:data1\" content=\"telocuentavictorhugo.com\" \/>\n\t<meta name=\"twitter:label2\" content=\"Tiempo de lectura\" \/>\n\t<meta name=\"twitter:data2\" content=\"1 minuto\" \/>\n<script type=\"application\/ld+json\" class=\"yoast-schema-graph\">{\"@context\":\"https:\\\/\\\/schema.org\",\"@graph\":[{\"@type\":\"Article\",\"@id\":\"https:\\\/\\\/telocuentavictorhugo.com\\\/index.php\\\/2025\\\/08\\\/20\\\/choferes-piden-conservar-la-subvencion-de-combustibles\\\/#article\",\"isPartOf\":{\"@id\":\"https:\\\/\\\/telocuentavictorhugo.com\\\/index.php\\\/2025\\\/08\\\/20\\\/choferes-piden-conservar-la-subvencion-de-combustibles\\\/\"},\"author\":{\"name\":\"telocuentavictorhugo.com\",\"@id\":\"https:\\\/\\\/telocuentavictorhugo.com\\\/#\\\/schema\\\/person\\\/a8307d7271ba2849b49b562ad8602f06\"},\"headline\":\"CHOFERES PIDEN CONSERVAR LA SUBVENCI\u00d3N DE COMBUSTIBLES\",\"datePublished\":\"2025-08-20T21:37:56+00:00\",\"dateModified\":\"2025-08-20T21:37:57+00:00\",\"mainEntityOfPage\":{\"@id\":\"https:\\\/\\\/telocuentavictorhugo.com\\\/index.php\\\/2025\\\/08\\\/20\\\/choferes-piden-conservar-la-subvencion-de-combustibles\\\/\"},\"wordCount\":106,\"commentCount\":0,\"publisher\":{\"@id\":\"https:\\\/\\\/telocuentavictorhugo.com\\\/#organization\"},\"image\":{\"@id\":\"https:\\\/\\\/telocuentavictorhugo.com\\\/index.php\\\/2025\\\/08\\\/20\\\/choferes-piden-conservar-la-subvencion-de-combustibles\\\/#primaryimage\"},\"thumbnailUrl\":\"https:\\\/\\\/telocuentavictorhugo.com\\\/wp-content\\\/uploads\\\/2025\\\/08\\\/9-3.jpg\",\"articleSection\":[\"Econom\u00eda\",\"Noticias\",\"Pol\u00edtica\"],\"inLanguage\":\"es\",\"potentialAction\":[{\"@type\":\"CommentAction\",\"name\":\"Comment\",\"target\":[\"https:\\\/\\\/telocuentavictorhugo.com\\\/index.php\\\/2025\\\/08\\\/20\\\/choferes-piden-conservar-la-subvencion-de-combustibles\\\/#respond\"]}]},{\"@type\":\"WebPage\",\"@id\":\"https:\\\/\\\/telocuentavictorhugo.com\\\/index.php\\\/2025\\\/08\\\/20\\\/choferes-piden-conservar-la-subvencion-de-combustibles\\\/\",\"url\":\"https:\\\/\\\/telocuentavictorhugo.com\\\/index.php\\\/2025\\\/08\\\/20\\\/choferes-piden-conservar-la-subvencion-de-combustibles\\\/\",\"name\":\"CHOFERES PIDEN CONSERVAR LA SUBVENCI\u00d3N DE COMBUSTIBLES - Te lo Cuenta Victor\",\"isPartOf\":{\"@id\":\"https:\\\/\\\/telocuentavictorhugo.com\\\/#website\"},\"primaryImageOfPage\":{\"@id\":\"https:\\\/\\\/telocuentavictorhugo.com\\\/index.php\\\/2025\\\/08\\\/20\\\/choferes-piden-conservar-la-subvencion-de-combustibles\\\/#primaryimage\"},\"image\":{\"@id\":\"https:\\\/\\\/telocuentavictorhugo.com\\\/index.php\\\/2025\\\/08\\\/20\\\/choferes-piden-conservar-la-subvencion-de-combustibles\\\/#primaryimage\"},\"thumbnailUrl\":\"https:\\\/\\\/telocuentavictorhugo.com\\\/wp-content\\\/uploads\\\/2025\\\/08\\\/9-3.jpg\",\"datePublished\":\"2025-08-20T21:37:56+00:00\",\"dateModified\":\"2025-08-20T21:37:57+00:00\",\"breadcrumb\":{\"@id\":\"https:\\\/\\\/telocuentavictorhugo.com\\\/index.php\\\/2025\\\/08\\\/20\\\/choferes-piden-conservar-la-subvencion-de-combustibles\\\/#breadcrumb\"},\"inLanguage\":\"es\",\"potentialAction\":[{\"@type\":\"ReadAction\",\"target\":[\"https:\\\/\\\/telocuentavictorhugo.com\\\/index.php\\\/2025\\\/08\\\/20\\\/choferes-piden-conservar-la-subvencion-de-combustibles\\\/\"]}]},{\"@type\":\"ImageObject\",\"inLanguage\":\"es\",\"@id\":\"https:\\\/\\\/telocuentavictorhugo.com\\\/index.php\\\/2025\\\/08\\\/20\\\/choferes-piden-conservar-la-subvencion-de-combustibles\\\/#primaryimage\",\"url\":\"https:\\\/\\\/telocuentavictorhugo.com\\\/wp-content\\\/uploads\\\/2025\\\/08\\\/9-3.jpg\",\"contentUrl\":\"https:\\\/\\\/telocuentavictorhugo.com\\\/wp-content\\\/uploads\\\/2025\\\/08\\\/9-3.jpg\",\"width\":1270,\"height\":671},{\"@type\":\"BreadcrumbList\",\"@id\":\"https:\\\/\\\/telocuentavictorhugo.com\\\/index.php\\\/2025\\\/08\\\/20\\\/choferes-piden-conservar-la-subvencion-de-combustibles\\\/#breadcrumb\",\"itemListElement\":[{\"@type\":\"ListItem\",\"position\":1,\"name\":\"Portada\",\"item\":\"https:\\\/\\\/telocuentavictorhugo.com\\\/\"},{\"@type\":\"ListItem\",\"position\":2,\"name\":\"CHOFERES PIDEN CONSERVAR LA SUBVENCI\u00d3N DE COMBUSTIBLES\"}]},{\"@type\":\"WebSite\",\"@id\":\"https:\\\/\\\/telocuentavictorhugo.com\\\/#website\",\"url\":\"https:\\\/\\\/telocuentavictorhugo.com\\\/\",\"name\":\"Te lo Cuenta Victor\",\"description\":\"\",\"publisher\":{\"@id\":\"https:\\\/\\\/telocuentavictorhugo.com\\\/#organization\"},\"potentialAction\":[{\"@type\":\"SearchAction\",\"target\":{\"@type\":\"EntryPoint\",\"urlTemplate\":\"https:\\\/\\\/telocuentavictorhugo.com\\\/?s={search_term_string}\"},\"query-input\":{\"@type\":\"PropertyValueSpecification\",\"valueRequired\":true,\"valueName\":\"search_term_string\"}}],\"inLanguage\":\"es\"},{\"@type\":\"Organization\",\"@id\":\"https:\\\/\\\/telocuentavictorhugo.com\\\/#organization\",\"name\":\"Te lo Cuenta Victor\",\"url\":\"https:\\\/\\\/telocuentavictorhugo.com\\\/\",\"logo\":{\"@type\":\"ImageObject\",\"inLanguage\":\"es\",\"@id\":\"https:\\\/\\\/telocuentavictorhugo.com\\\/#\\\/schema\\\/logo\\\/image\\\/\",\"url\":\"https:\\\/\\\/telocuentavictorhugo.com\\\/wp-content\\\/uploads\\\/2023\\\/12\\\/Logo.png\",\"contentUrl\":\"https:\\\/\\\/telocuentavictorhugo.com\\\/wp-content\\\/uploads\\\/2023\\\/12\\\/Logo.png\",\"width\":1080,\"height\":176,\"caption\":\"Te lo Cuenta Victor\"},\"image\":{\"@id\":\"https:\\\/\\\/telocuentavictorhugo.com\\\/#\\\/schema\\\/logo\\\/image\\\/\"}},{\"@type\":\"Person\",\"@id\":\"https:\\\/\\\/telocuentavictorhugo.com\\\/#\\\/schema\\\/person\\\/a8307d7271ba2849b49b562ad8602f06\",\"name\":\"telocuentavictorhugo.com\",\"image\":{\"@type\":\"ImageObject\",\"inLanguage\":\"es\",\"@id\":\"https:\\\/\\\/secure.gravatar.com\\\/avatar\\\/da212e7b532df19fd2aea5daf46d8c176abfc85521e4b80ed435d7426ef63eb6?s=96&d=mm&r=g\",\"url\":\"https:\\\/\\\/secure.gravatar.com\\\/avatar\\\/da212e7b532df19fd2aea5daf46d8c176abfc85521e4b80ed435d7426ef63eb6?s=96&d=mm&r=g\",\"contentUrl\":\"https:\\\/\\\/secure.gravatar.com\\\/avatar\\\/da212e7b532df19fd2aea5daf46d8c176abfc85521e4b80ed435d7426ef63eb6?s=96&d=mm&r=g\",\"caption\":\"telocuentavictorhugo.com\"},\"sameAs\":[\"http:\\\/\\\/telocuentavictorhugo.com\"],\"url\":\"https:\\\/\\\/telocuentavictorhugo.com\\\/index.php\\\/author\\\/plustvpress-com\\\/\"}]}<\/script>\n<!-- \/ Yoast SEO plugin. -->","yoast_head_json":{"title":"CHOFERES PIDEN CONSERVAR LA SUBVENCI\u00d3N DE COMBUSTIBLES - Te lo Cuenta Victor","robots":{"index":"index","follow":"follow","max-snippet":"max-snippet:-1","max-image-preview":"max-image-preview:large","max-video-preview":"max-video-preview:-1"},"canonical":"https:\/\/telocuentavictorhugo.com\/index.php\/2025\/08\/20\/choferes-piden-conservar-la-subvencion-de-combustibles\/","og_locale":"es_ES","og_type":"article","og_title":"CHOFERES PIDEN CONSERVAR LA SUBVENCI\u00d3N DE COMBUSTIBLES - Te lo Cuenta Victor","og_description":"Tras los sorpresivos resultados de las elecciones del domingo, que marcan el fin de un ciclo de pol\u00edticas econ\u00f3micas, la Confederaci\u00f3n de Choferes de Bolivia exige al nuevo gobierno mantener la subvenci\u00f3n a los combustibles y permitir una mayor importaci\u00f3n para favorecer la competencia, cuestionando el monopolio de YPFB. El dirigente V\u00edctor Tarqui sostuvo que [&hellip;]","og_url":"https:\/\/telocuentavictorhugo.com\/index.php\/2025\/08\/20\/choferes-piden-conservar-la-subvencion-de-combustibles\/","og_site_name":"Te lo Cuenta Victor","article_published_time":"2025-08-20T21:37:56+00:00","article_modified_time":"2025-08-20T21:37:57+00:00","og_image":[{"width":1270,"height":671,"url":"http:\/\/telocuentavictorhugo.com\/wp-content\/uploads\/2025\/08\/9-3.jpg","type":"image\/jpeg"}],"author":"telocuentavictorhugo.com","twitter_card":"summary_large_image","twitter_misc":{"Escrito por":"telocuentavictorhugo.com","Tiempo de lectura":"1 minuto"},"schema":{"@context":"https:\/\/schema.org","@graph":[{"@type":"Article","@id":"https:\/\/telocuentavictorhugo.com\/index.php\/2025\/08\/20\/choferes-piden-conservar-la-subvencion-de-combustibles\/#article","isPartOf":{"@id":"https:\/\/telocuentavictorhugo.com\/index.php\/2025\/08\/20\/choferes-piden-conservar-la-subvencion-de-combustibles\/"},"author":{"name":"telocuentavictorhugo.com","@id":"https:\/\/telocuentavictorhugo.com\/#\/schema\/person\/a8307d7271ba2849b49b562ad8602f06"},"headline":"CHOFERES PIDEN CONSERVAR LA SUBVENCI\u00d3N DE COMBUSTIBLES","datePublished":"2025-08-20T21:37:56+00:00","dateModified":"2025-08-20T21:37:57+00:00","mainEntityOfPage":{"@id":"https:\/\/telocuentavictorhugo.com\/index.php\/2025\/08\/20\/choferes-piden-conservar-la-subvencion-de-combustibles\/"},"wordCount":106,"commentCount":0,"publisher":{"@id":"https:\/\/telocuentavictorhugo.com\/#organization"},"image":{"@id":"https:\/\/telocuentavictorhugo.com\/index.php\/2025\/08\/20\/choferes-piden-conservar-la-subvencion-de-combustibles\/#primaryimage"},"thumbnailUrl":"https:\/\/telocuentavictorhugo.com\/wp-content\/uploads\/2025\/08\/9-3.jpg","articleSection":["Econom\u00eda","Noticias","Pol\u00edtica"],"inLanguage":"es","potentialAction":[{"@type":"CommentAction","name":"Comment","target":["https:\/\/telocuentavictorhugo.com\/index.php\/2025\/08\/20\/choferes-piden-conservar-la-subvencion-de-combustibles\/#respond"]}]},{"@type":"WebPage","@id":"https:\/\/telocuentavictorhugo.com\/index.php\/2025\/08\/20\/choferes-piden-conservar-la-subvencion-de-combustibles\/","url":"https:\/\/telocuentavictorhugo.com\/index.php\/2025\/08\/20\/choferes-piden-conservar-la-subvencion-de-combustibles\/","name":"CHOFERES PIDEN CONSERVAR LA SUBVENCI\u00d3N DE COMBUSTIBLES - Te lo Cuenta Victor","isPartOf":{"@id":"https:\/\/telocuentavictorhugo.com\/#website"},"primaryImageOfPage":{"@id":"https:\/\/telocuentavictorhugo.com\/index.php\/2025\/08\/20\/choferes-piden-conservar-la-subvencion-de-combustibles\/#primaryimage"},"image":{"@id":"https:\/\/telocuentavictorhugo.com\/index.php\/2025\/08\/20\/choferes-piden-conservar-la-subvencion-de-combustibles\/#primaryimage"},"thumbnailUrl":"https:\/\/telocuentavictorhugo.com\/wp-content\/uploads\/2025\/08\/9-3.jpg","datePublished":"2025-08-20T21:37:56+00:00","dateModified":"2025-08-20T21:37:57+00:00","breadcrumb":{"@id":"https:\/\/telocuentavictorhugo.com\/index.php\/2025\/08\/20\/choferes-piden-conservar-la-subvencion-de-combustibles\/#breadcrumb"},"inLanguage":"es","potentialAction":[{"@type":"ReadAction","target":["https:\/\/telocuentavictorhugo.com\/index.php\/2025\/08\/20\/choferes-piden-conservar-la-subvencion-de-combustibles\/"]}]},{"@type":"ImageObject","inLanguage":"es","@id":"https:\/\/telocuentavictorhugo.com\/index.php\/2025\/08\/20\/choferes-piden-conservar-la-subvencion-de-combustibles\/#primaryimage","url":"https:\/\/telocuentavictorhugo.com\/wp-content\/uploads\/2025\/08\/9-3.jpg","contentUrl":"https:\/\/telocuentavictorhugo.com\/wp-content\/uploads\/2025\/08\/9-3.jpg","width":1270,"height":671},{"@type":"BreadcrumbList","@id":"https:\/\/telocuentavictorhugo.com\/index.php\/2025\/08\/20\/choferes-piden-conservar-la-subvencion-de-combustibles\/#breadcrumb","itemListElement":[{"@type":"ListItem","position":1,"name":"Portada","item":"https:\/\/telocuentavictorhugo.com\/"},{"@type":"ListItem","position":2,"name":"CHOFERES PIDEN CONSERVAR LA SUBVENCI\u00d3N DE COMBUSTIBLES"}]},{"@type":"WebSite","@id":"https:\/\/telocuentavictorhugo.com\/#website","url":"https:\/\/telocuentavictorhugo.com\/","name":"Te lo Cuenta Victor","description":"","publisher":{"@id":"https:\/\/telocuentavictorhugo.com\/#organization"},"potentialAction":[{"@type":"SearchAction","target":{"@type":"EntryPoint","urlTemplate":"https:\/\/telocuentavictorhugo.com\/?s={search_term_string}"},"query-input":{"@type":"PropertyValueSpecification","valueRequired":true,"valueName":"search_term_string"}}],"inLanguage":"es"},{"@type":"Organization","@id":"https:\/\/telocuentavictorhugo.com\/#organization","name":"Te lo Cuenta Victor","url":"https:\/\/telocuentavictorhugo.com\/","logo":{"@type":"ImageObject","inLanguage":"es","@id":"https:\/\/telocuentavictorhugo.com\/#\/schema\/logo\/image\/","url":"https:\/\/telocuentavictorhugo.com\/wp-content\/uploads\/2023\/12\/Logo.png","contentUrl":"https:\/\/telocuentavictorhugo.com\/wp-content\/uploads\/2023\/12\/Logo.png","width":1080,"height":176,"caption":"Te lo Cuenta Victor"},"image":{"@id":"https:\/\/telocuentavictorhugo.com\/#\/schema\/logo\/image\/"}},{"@type":"Person","@id":"https:\/\/telocuentavictorhugo.com\/#\/schema\/person\/a8307d7271ba2849b49b562ad8602f06","name":"telocuentavictorhugo.com","image":{"@type":"ImageObject","inLanguage":"es","@id":"https:\/\/secure.gravatar.com\/avatar\/da212e7b532df19fd2aea5daf46d8c176abfc85521e4b80ed435d7426ef63eb6?s=96&d=mm&r=g","url":"https:\/\/secure.gravatar.com\/avatar\/da212e7b532df19fd2aea5daf46d8c176abfc85521e4b80ed435d7426ef63eb6?s=96&d=mm&r=g","contentUrl":"https:\/\/secure.gravatar.com\/avatar\/da212e7b532df19fd2aea5daf46d8c176abfc85521e4b80ed435d7426ef63eb6?s=96&d=mm&r=g","caption":"telocuentavictorhugo.com"},"sameAs":["http:\/\/telocuentavictorhugo.com"],"url":"https:\/\/telocuentavictorhugo.com\/index.php\/author\/plustvpress-com\/"}]}},"_links":{"self":[{"href":"https:\/\/telocuentavictorhugo.com\/index.php\/wp-json\/wp\/v2\/posts\/9270","targetHints":{"allow":["GET"]}}],"collection":[{"href":"https:\/\/telocuentavictorhugo.com\/index.php\/wp-json\/wp\/v2\/posts"}],"about":[{"href":"https:\/\/telocuentavictorhugo.com\/index.php\/wp-json\/wp\/v2\/types\/post"}],"author":[{"embeddable":true,"href":"https:\/\/telocuentavictorhugo.com\/index.php\/wp-json\/wp\/v2\/users\/1"}],"replies":[{"embeddable":true,"href":"https:\/\/telocuentavictorhugo.com\/index.php\/wp-json\/wp\/v2\/comments?post=9270"}],"version-history":[{"count":1,"href":"https:\/\/telocuentavictorhugo.com\/index.php\/wp-json\/wp\/v2\/posts\/9270\/revisions"}],"predecessor-version":[{"id":9286,"href":"https:\/\/telocuentavictorhugo.com\/index.php\/wp-json\/wp\/v2\/posts\/9270\/revisions\/9286"}],"wp:featuredmedia":[{"embeddable":true,"href":"https:\/\/telocuentavictorhugo.com\/index.php\/wp-json\/wp\/v2\/media\/9278"}],"wp:attachment":[{"href":"https:\/\/telocuentavictorhugo.com\/index.php\/wp-json\/wp\/v2\/media?parent=9270"}],"wp:term":[{"taxonomy":"category","embeddable":true,"href":"https:\/\/telocuentavictorhugo.com\/index.php\/wp-json\/wp\/v2\/categories?post=9270"},{"taxonomy":"post_tag","embeddable":true,"href":"https:\/\/telocuentavictorhugo.com\/index.php\/wp-json\/wp\/v2\/tags?post=9270"}],"curies":[{"name":"wp","href":"https:\/\/api.w.org\/{rel}","templated":true}]}}