{"id":9168,"date":"2025-08-19T22:44:51","date_gmt":"2025-08-20T02:44:51","guid":{"rendered":"https:\/\/telocuentavictorhugo.com\/?p=9168"},"modified":"2025-08-19T22:44:52","modified_gmt":"2025-08-20T02:44:52","slug":"mas-de-430-arrestados-por-incumplir-el-auto-de-buen-gobierno","status":"publish","type":"post","link":"https:\/\/telocuentavictorhugo.com\/index.php\/2025\/08\/19\/mas-de-430-arrestados-por-incumplir-el-auto-de-buen-gobierno\/","title":{"rendered":"M\u00c1S DE 430 ARRESTADOS POR INCUMPLIR EL AUTO DE BUEN GOBIERNO"},"content":{"rendered":"\n<p>La Polic\u00eda Boliviana report\u00f3 que m\u00e1s de 430 personas fueron arrestadas en todo el pa\u00eds por vulnerar las restricciones del Auto de Buen Gobierno, vigente en el marco de las elecciones generales. Entre las infracciones m\u00e1s comunes se registraron el consumo de bebidas alcoh\u00f3licas y la realizaci\u00f3n de reuniones no autorizadas.<\/p>\n\n\n\n<figure class=\"wp-block-embed is-type-video is-provider-youtube wp-block-embed-youtube wp-embed-aspect-16-9 wp-has-aspect-ratio\"><div class=\"wp-block-embed__wrapper\">\n<iframe title=\"M\u00c1S DE 430 ARRESTADOS POR INCUMPLIR EL AUTO DE BUEN GOBIERNO EN BOLIVIA\" width=\"800\" height=\"450\" src=\"https:\/\/www.youtube.com\/embed\/UpDH2Ds65LY?feature=oembed\" frameborder=\"0\" allow=\"accelerometer; autoplay; clipboard-write; encrypted-media; gyroscope; picture-in-picture; web-share\" referrerpolicy=\"strict-origin-when-cross-origin\" allowfullscreen><\/iframe>\n<\/div><\/figure>\n","protected":false},"excerpt":{"rendered":"<p>La Polic\u00eda Boliviana report\u00f3 que m\u00e1s de 430 personas fueron arrestadas en todo el pa\u00eds por vulnerar las restricciones del Auto de Buen Gobierno, vigente en el marco de las elecciones generales. Entre las infracciones m\u00e1s comunes se registraron el consumo de bebidas alcoh\u00f3licas y la realizaci\u00f3n de reuniones no autorizadas.<\/p>\n","protected":false},"author":1,"featured_media":9172,"comment_status":"open","ping_status":"open","sticky":false,"template":"","format":"standard","meta":{"_eb_attr":"","footnotes":""},"categories":[1],"tags":[],"class_list":["post-9168","post","type-post","status-publish","format-standard","has-post-thumbnail","hentry","category-noticias"],"yoast_head":"<!-- This site is optimized with the Yoast SEO plugin v27.4 - https:\/\/yoast.com\/product\/yoast-seo-wordpress\/ -->\n<title>M\u00c1S DE 430 ARRESTADOS POR INCUMPLIR EL AUTO DE BUEN GOBIERNO - Te lo Cuenta Victor<\/title>\n<meta name=\"robots\" content=\"index, follow, max-snippet:-1, max-image-preview:large, max-video-preview:-1\" \/>\n<link rel=\"canonical\" href=\"https:\/\/telocuentavictorhugo.com\/index.php\/2025\/08\/19\/mas-de-430-arrestados-por-incumplir-el-auto-de-buen-gobierno\/\" \/>\n<meta property=\"og:locale\" content=\"es_ES\" \/>\n<meta property=\"og:type\" content=\"article\" \/>\n<meta property=\"og:title\" content=\"M\u00c1S DE 430 ARRESTADOS POR INCUMPLIR EL AUTO DE BUEN GOBIERNO - Te lo Cuenta Victor\" \/>\n<meta property=\"og:description\" content=\"La Polic\u00eda Boliviana report\u00f3 que m\u00e1s de 430 personas fueron arrestadas en todo el pa\u00eds por vulnerar las restricciones del Auto de Buen Gobierno, vigente en el marco de las elecciones generales. Entre las infracciones m\u00e1s comunes se registraron el consumo de bebidas alcoh\u00f3licas y la realizaci\u00f3n de reuniones no autorizadas.\" \/>\n<meta property=\"og:url\" content=\"https:\/\/telocuentavictorhugo.com\/index.php\/2025\/08\/19\/mas-de-430-arrestados-por-incumplir-el-auto-de-buen-gobierno\/\" \/>\n<meta property=\"og:site_name\" content=\"Te lo Cuenta Victor\" \/>\n<meta property=\"article:published_time\" content=\"2025-08-20T02:44:51+00:00\" \/>\n<meta property=\"article:modified_time\" content=\"2025-08-20T02:44:52+00:00\" \/>\n<meta property=\"og:image\" content=\"http:\/\/telocuentavictorhugo.com\/wp-content\/uploads\/2025\/08\/auto-de-buen-gobierno-9-668x1024.png\" \/>\n\t<meta property=\"og:image:width\" content=\"668\" \/>\n\t<meta property=\"og:image:height\" content=\"1024\" \/>\n\t<meta property=\"og:image:type\" content=\"image\/png\" \/>\n<meta name=\"author\" content=\"telocuentavictorhugo.com\" \/>\n<meta name=\"twitter:card\" content=\"summary_large_image\" \/>\n<meta name=\"twitter:label1\" content=\"Escrito por\" \/>\n\t<meta name=\"twitter:data1\" content=\"telocuentavictorhugo.com\" \/>\n\t<meta name=\"twitter:label2\" content=\"Tiempo de lectura\" \/>\n\t<meta name=\"twitter:data2\" content=\"1 minuto\" \/>\n<script type=\"application\/ld+json\" class=\"yoast-schema-graph\">{\"@context\":\"https:\\\/\\\/schema.org\",\"@graph\":[{\"@type\":\"Article\",\"@id\":\"https:\\\/\\\/telocuentavictorhugo.com\\\/index.php\\\/2025\\\/08\\\/19\\\/mas-de-430-arrestados-por-incumplir-el-auto-de-buen-gobierno\\\/#article\",\"isPartOf\":{\"@id\":\"https:\\\/\\\/telocuentavictorhugo.com\\\/index.php\\\/2025\\\/08\\\/19\\\/mas-de-430-arrestados-por-incumplir-el-auto-de-buen-gobierno\\\/\"},\"author\":{\"name\":\"telocuentavictorhugo.com\",\"@id\":\"https:\\\/\\\/telocuentavictorhugo.com\\\/#\\\/schema\\\/person\\\/a8307d7271ba2849b49b562ad8602f06\"},\"headline\":\"M\u00c1S DE 430 ARRESTADOS POR INCUMPLIR EL AUTO DE BUEN GOBIERNO\",\"datePublished\":\"2025-08-20T02:44:51+00:00\",\"dateModified\":\"2025-08-20T02:44:52+00:00\",\"mainEntityOfPage\":{\"@id\":\"https:\\\/\\\/telocuentavictorhugo.com\\\/index.php\\\/2025\\\/08\\\/19\\\/mas-de-430-arrestados-por-incumplir-el-auto-de-buen-gobierno\\\/\"},\"wordCount\":73,\"commentCount\":0,\"publisher\":{\"@id\":\"https:\\\/\\\/telocuentavictorhugo.com\\\/#organization\"},\"image\":{\"@id\":\"https:\\\/\\\/telocuentavictorhugo.com\\\/index.php\\\/2025\\\/08\\\/19\\\/mas-de-430-arrestados-por-incumplir-el-auto-de-buen-gobierno\\\/#primaryimage\"},\"thumbnailUrl\":\"https:\\\/\\\/telocuentavictorhugo.com\\\/wp-content\\\/uploads\\\/2025\\\/08\\\/auto-de-buen-gobierno-9.png\",\"articleSection\":[\"Noticias\"],\"inLanguage\":\"es\",\"potentialAction\":[{\"@type\":\"CommentAction\",\"name\":\"Comment\",\"target\":[\"https:\\\/\\\/telocuentavictorhugo.com\\\/index.php\\\/2025\\\/08\\\/19\\\/mas-de-430-arrestados-por-incumplir-el-auto-de-buen-gobierno\\\/#respond\"]}]},{\"@type\":\"WebPage\",\"@id\":\"https:\\\/\\\/telocuentavictorhugo.com\\\/index.php\\\/2025\\\/08\\\/19\\\/mas-de-430-arrestados-por-incumplir-el-auto-de-buen-gobierno\\\/\",\"url\":\"https:\\\/\\\/telocuentavictorhugo.com\\\/index.php\\\/2025\\\/08\\\/19\\\/mas-de-430-arrestados-por-incumplir-el-auto-de-buen-gobierno\\\/\",\"name\":\"M\u00c1S DE 430 ARRESTADOS POR INCUMPLIR EL AUTO DE BUEN GOBIERNO - Te lo Cuenta Victor\",\"isPartOf\":{\"@id\":\"https:\\\/\\\/telocuentavictorhugo.com\\\/#website\"},\"primaryImageOfPage\":{\"@id\":\"https:\\\/\\\/telocuentavictorhugo.com\\\/index.php\\\/2025\\\/08\\\/19\\\/mas-de-430-arrestados-por-incumplir-el-auto-de-buen-gobierno\\\/#primaryimage\"},\"image\":{\"@id\":\"https:\\\/\\\/telocuentavictorhugo.com\\\/index.php\\\/2025\\\/08\\\/19\\\/mas-de-430-arrestados-por-incumplir-el-auto-de-buen-gobierno\\\/#primaryimage\"},\"thumbnailUrl\":\"https:\\\/\\\/telocuentavictorhugo.com\\\/wp-content\\\/uploads\\\/2025\\\/08\\\/auto-de-buen-gobierno-9.png\",\"datePublished\":\"2025-08-20T02:44:51+00:00\",\"dateModified\":\"2025-08-20T02:44:52+00:00\",\"breadcrumb\":{\"@id\":\"https:\\\/\\\/telocuentavictorhugo.com\\\/index.php\\\/2025\\\/08\\\/19\\\/mas-de-430-arrestados-por-incumplir-el-auto-de-buen-gobierno\\\/#breadcrumb\"},\"inLanguage\":\"es\",\"potentialAction\":[{\"@type\":\"ReadAction\",\"target\":[\"https:\\\/\\\/telocuentavictorhugo.com\\\/index.php\\\/2025\\\/08\\\/19\\\/mas-de-430-arrestados-por-incumplir-el-auto-de-buen-gobierno\\\/\"]}]},{\"@type\":\"ImageObject\",\"inLanguage\":\"es\",\"@id\":\"https:\\\/\\\/telocuentavictorhugo.com\\\/index.php\\\/2025\\\/08\\\/19\\\/mas-de-430-arrestados-por-incumplir-el-auto-de-buen-gobierno\\\/#primaryimage\",\"url\":\"https:\\\/\\\/telocuentavictorhugo.com\\\/wp-content\\\/uploads\\\/2025\\\/08\\\/auto-de-buen-gobierno-9.png\",\"contentUrl\":\"https:\\\/\\\/telocuentavictorhugo.com\\\/wp-content\\\/uploads\\\/2025\\\/08\\\/auto-de-buen-gobierno-9.png\",\"width\":1080,\"height\":1655},{\"@type\":\"BreadcrumbList\",\"@id\":\"https:\\\/\\\/telocuentavictorhugo.com\\\/index.php\\\/2025\\\/08\\\/19\\\/mas-de-430-arrestados-por-incumplir-el-auto-de-buen-gobierno\\\/#breadcrumb\",\"itemListElement\":[{\"@type\":\"ListItem\",\"position\":1,\"name\":\"Portada\",\"item\":\"https:\\\/\\\/telocuentavictorhugo.com\\\/\"},{\"@type\":\"ListItem\",\"position\":2,\"name\":\"M\u00c1S DE 430 ARRESTADOS POR INCUMPLIR EL AUTO DE BUEN GOBIERNO\"}]},{\"@type\":\"WebSite\",\"@id\":\"https:\\\/\\\/telocuentavictorhugo.com\\\/#website\",\"url\":\"https:\\\/\\\/telocuentavictorhugo.com\\\/\",\"name\":\"Te lo Cuenta Victor\",\"description\":\"\",\"publisher\":{\"@id\":\"https:\\\/\\\/telocuentavictorhugo.com\\\/#organization\"},\"potentialAction\":[{\"@type\":\"SearchAction\",\"target\":{\"@type\":\"EntryPoint\",\"urlTemplate\":\"https:\\\/\\\/telocuentavictorhugo.com\\\/?s={search_term_string}\"},\"query-input\":{\"@type\":\"PropertyValueSpecification\",\"valueRequired\":true,\"valueName\":\"search_term_string\"}}],\"inLanguage\":\"es\"},{\"@type\":\"Organization\",\"@id\":\"https:\\\/\\\/telocuentavictorhugo.com\\\/#organization\",\"name\":\"Te lo Cuenta Victor\",\"url\":\"https:\\\/\\\/telocuentavictorhugo.com\\\/\",\"logo\":{\"@type\":\"ImageObject\",\"inLanguage\":\"es\",\"@id\":\"https:\\\/\\\/telocuentavictorhugo.com\\\/#\\\/schema\\\/logo\\\/image\\\/\",\"url\":\"https:\\\/\\\/telocuentavictorhugo.com\\\/wp-content\\\/uploads\\\/2023\\\/12\\\/Logo.png\",\"contentUrl\":\"https:\\\/\\\/telocuentavictorhugo.com\\\/wp-content\\\/uploads\\\/2023\\\/12\\\/Logo.png\",\"width\":1080,\"height\":176,\"caption\":\"Te lo Cuenta Victor\"},\"image\":{\"@id\":\"https:\\\/\\\/telocuentavictorhugo.com\\\/#\\\/schema\\\/logo\\\/image\\\/\"}},{\"@type\":\"Person\",\"@id\":\"https:\\\/\\\/telocuentavictorhugo.com\\\/#\\\/schema\\\/person\\\/a8307d7271ba2849b49b562ad8602f06\",\"name\":\"telocuentavictorhugo.com\",\"image\":{\"@type\":\"ImageObject\",\"inLanguage\":\"es\",\"@id\":\"https:\\\/\\\/secure.gravatar.com\\\/avatar\\\/da212e7b532df19fd2aea5daf46d8c176abfc85521e4b80ed435d7426ef63eb6?s=96&d=mm&r=g\",\"url\":\"https:\\\/\\\/secure.gravatar.com\\\/avatar\\\/da212e7b532df19fd2aea5daf46d8c176abfc85521e4b80ed435d7426ef63eb6?s=96&d=mm&r=g\",\"contentUrl\":\"https:\\\/\\\/secure.gravatar.com\\\/avatar\\\/da212e7b532df19fd2aea5daf46d8c176abfc85521e4b80ed435d7426ef63eb6?s=96&d=mm&r=g\",\"caption\":\"telocuentavictorhugo.com\"},\"sameAs\":[\"http:\\\/\\\/telocuentavictorhugo.com\"],\"url\":\"https:\\\/\\\/telocuentavictorhugo.com\\\/index.php\\\/author\\\/plustvpress-com\\\/\"}]}<\/script>\n<!-- \/ Yoast SEO plugin. -->","yoast_head_json":{"title":"M\u00c1S DE 430 ARRESTADOS POR INCUMPLIR EL AUTO DE BUEN GOBIERNO - Te lo Cuenta Victor","robots":{"index":"index","follow":"follow","max-snippet":"max-snippet:-1","max-image-preview":"max-image-preview:large","max-video-preview":"max-video-preview:-1"},"canonical":"https:\/\/telocuentavictorhugo.com\/index.php\/2025\/08\/19\/mas-de-430-arrestados-por-incumplir-el-auto-de-buen-gobierno\/","og_locale":"es_ES","og_type":"article","og_title":"M\u00c1S DE 430 ARRESTADOS POR INCUMPLIR EL AUTO DE BUEN GOBIERNO - Te lo Cuenta Victor","og_description":"La Polic\u00eda Boliviana report\u00f3 que m\u00e1s de 430 personas fueron arrestadas en todo el pa\u00eds por vulnerar las restricciones del Auto de Buen Gobierno, vigente en el marco de las elecciones generales. Entre las infracciones m\u00e1s comunes se registraron el consumo de bebidas alcoh\u00f3licas y la realizaci\u00f3n de reuniones no autorizadas.","og_url":"https:\/\/telocuentavictorhugo.com\/index.php\/2025\/08\/19\/mas-de-430-arrestados-por-incumplir-el-auto-de-buen-gobierno\/","og_site_name":"Te lo Cuenta Victor","article_published_time":"2025-08-20T02:44:51+00:00","article_modified_time":"2025-08-20T02:44:52+00:00","og_image":[{"width":668,"height":1024,"url":"http:\/\/telocuentavictorhugo.com\/wp-content\/uploads\/2025\/08\/auto-de-buen-gobierno-9-668x1024.png","type":"image\/png"}],"author":"telocuentavictorhugo.com","twitter_card":"summary_large_image","twitter_misc":{"Escrito por":"telocuentavictorhugo.com","Tiempo de lectura":"1 minuto"},"schema":{"@context":"https:\/\/schema.org","@graph":[{"@type":"Article","@id":"https:\/\/telocuentavictorhugo.com\/index.php\/2025\/08\/19\/mas-de-430-arrestados-por-incumplir-el-auto-de-buen-gobierno\/#article","isPartOf":{"@id":"https:\/\/telocuentavictorhugo.com\/index.php\/2025\/08\/19\/mas-de-430-arrestados-por-incumplir-el-auto-de-buen-gobierno\/"},"author":{"name":"telocuentavictorhugo.com","@id":"https:\/\/telocuentavictorhugo.com\/#\/schema\/person\/a8307d7271ba2849b49b562ad8602f06"},"headline":"M\u00c1S DE 430 ARRESTADOS POR INCUMPLIR EL AUTO DE BUEN GOBIERNO","datePublished":"2025-08-20T02:44:51+00:00","dateModified":"2025-08-20T02:44:52+00:00","mainEntityOfPage":{"@id":"https:\/\/telocuentavictorhugo.com\/index.php\/2025\/08\/19\/mas-de-430-arrestados-por-incumplir-el-auto-de-buen-gobierno\/"},"wordCount":73,"commentCount":0,"publisher":{"@id":"https:\/\/telocuentavictorhugo.com\/#organization"},"image":{"@id":"https:\/\/telocuentavictorhugo.com\/index.php\/2025\/08\/19\/mas-de-430-arrestados-por-incumplir-el-auto-de-buen-gobierno\/#primaryimage"},"thumbnailUrl":"https:\/\/telocuentavictorhugo.com\/wp-content\/uploads\/2025\/08\/auto-de-buen-gobierno-9.png","articleSection":["Noticias"],"inLanguage":"es","potentialAction":[{"@type":"CommentAction","name":"Comment","target":["https:\/\/telocuentavictorhugo.com\/index.php\/2025\/08\/19\/mas-de-430-arrestados-por-incumplir-el-auto-de-buen-gobierno\/#respond"]}]},{"@type":"WebPage","@id":"https:\/\/telocuentavictorhugo.com\/index.php\/2025\/08\/19\/mas-de-430-arrestados-por-incumplir-el-auto-de-buen-gobierno\/","url":"https:\/\/telocuentavictorhugo.com\/index.php\/2025\/08\/19\/mas-de-430-arrestados-por-incumplir-el-auto-de-buen-gobierno\/","name":"M\u00c1S DE 430 ARRESTADOS POR INCUMPLIR EL AUTO DE BUEN GOBIERNO - Te lo Cuenta Victor","isPartOf":{"@id":"https:\/\/telocuentavictorhugo.com\/#website"},"primaryImageOfPage":{"@id":"https:\/\/telocuentavictorhugo.com\/index.php\/2025\/08\/19\/mas-de-430-arrestados-por-incumplir-el-auto-de-buen-gobierno\/#primaryimage"},"image":{"@id":"https:\/\/telocuentavictorhugo.com\/index.php\/2025\/08\/19\/mas-de-430-arrestados-por-incumplir-el-auto-de-buen-gobierno\/#primaryimage"},"thumbnailUrl":"https:\/\/telocuentavictorhugo.com\/wp-content\/uploads\/2025\/08\/auto-de-buen-gobierno-9.png","datePublished":"2025-08-20T02:44:51+00:00","dateModified":"2025-08-20T02:44:52+00:00","breadcrumb":{"@id":"https:\/\/telocuentavictorhugo.com\/index.php\/2025\/08\/19\/mas-de-430-arrestados-por-incumplir-el-auto-de-buen-gobierno\/#breadcrumb"},"inLanguage":"es","potentialAction":[{"@type":"ReadAction","target":["https:\/\/telocuentavictorhugo.com\/index.php\/2025\/08\/19\/mas-de-430-arrestados-por-incumplir-el-auto-de-buen-gobierno\/"]}]},{"@type":"ImageObject","inLanguage":"es","@id":"https:\/\/telocuentavictorhugo.com\/index.php\/2025\/08\/19\/mas-de-430-arrestados-por-incumplir-el-auto-de-buen-gobierno\/#primaryimage","url":"https:\/\/telocuentavictorhugo.com\/wp-content\/uploads\/2025\/08\/auto-de-buen-gobierno-9.png","contentUrl":"https:\/\/telocuentavictorhugo.com\/wp-content\/uploads\/2025\/08\/auto-de-buen-gobierno-9.png","width":1080,"height":1655},{"@type":"BreadcrumbList","@id":"https:\/\/telocuentavictorhugo.com\/index.php\/2025\/08\/19\/mas-de-430-arrestados-por-incumplir-el-auto-de-buen-gobierno\/#breadcrumb","itemListElement":[{"@type":"ListItem","position":1,"name":"Portada","item":"https:\/\/telocuentavictorhugo.com\/"},{"@type":"ListItem","position":2,"name":"M\u00c1S DE 430 ARRESTADOS POR INCUMPLIR EL AUTO DE BUEN GOBIERNO"}]},{"@type":"WebSite","@id":"https:\/\/telocuentavictorhugo.com\/#website","url":"https:\/\/telocuentavictorhugo.com\/","name":"Te lo Cuenta Victor","description":"","publisher":{"@id":"https:\/\/telocuentavictorhugo.com\/#organization"},"potentialAction":[{"@type":"SearchAction","target":{"@type":"EntryPoint","urlTemplate":"https:\/\/telocuentavictorhugo.com\/?s={search_term_string}"},"query-input":{"@type":"PropertyValueSpecification","valueRequired":true,"valueName":"search_term_string"}}],"inLanguage":"es"},{"@type":"Organization","@id":"https:\/\/telocuentavictorhugo.com\/#organization","name":"Te lo Cuenta Victor","url":"https:\/\/telocuentavictorhugo.com\/","logo":{"@type":"ImageObject","inLanguage":"es","@id":"https:\/\/telocuentavictorhugo.com\/#\/schema\/logo\/image\/","url":"https:\/\/telocuentavictorhugo.com\/wp-content\/uploads\/2023\/12\/Logo.png","contentUrl":"https:\/\/telocuentavictorhugo.com\/wp-content\/uploads\/2023\/12\/Logo.png","width":1080,"height":176,"caption":"Te lo Cuenta Victor"},"image":{"@id":"https:\/\/telocuentavictorhugo.com\/#\/schema\/logo\/image\/"}},{"@type":"Person","@id":"https:\/\/telocuentavictorhugo.com\/#\/schema\/person\/a8307d7271ba2849b49b562ad8602f06","name":"telocuentavictorhugo.com","image":{"@type":"ImageObject","inLanguage":"es","@id":"https:\/\/secure.gravatar.com\/avatar\/da212e7b532df19fd2aea5daf46d8c176abfc85521e4b80ed435d7426ef63eb6?s=96&d=mm&r=g","url":"https:\/\/secure.gravatar.com\/avatar\/da212e7b532df19fd2aea5daf46d8c176abfc85521e4b80ed435d7426ef63eb6?s=96&d=mm&r=g","contentUrl":"https:\/\/secure.gravatar.com\/avatar\/da212e7b532df19fd2aea5daf46d8c176abfc85521e4b80ed435d7426ef63eb6?s=96&d=mm&r=g","caption":"telocuentavictorhugo.com"},"sameAs":["http:\/\/telocuentavictorhugo.com"],"url":"https:\/\/telocuentavictorhugo.com\/index.php\/author\/plustvpress-com\/"}]}},"_links":{"self":[{"href":"https:\/\/telocuentavictorhugo.com\/index.php\/wp-json\/wp\/v2\/posts\/9168","targetHints":{"allow":["GET"]}}],"collection":[{"href":"https:\/\/telocuentavictorhugo.com\/index.php\/wp-json\/wp\/v2\/posts"}],"about":[{"href":"https:\/\/telocuentavictorhugo.com\/index.php\/wp-json\/wp\/v2\/types\/post"}],"author":[{"embeddable":true,"href":"https:\/\/telocuentavictorhugo.com\/index.php\/wp-json\/wp\/v2\/users\/1"}],"replies":[{"embeddable":true,"href":"https:\/\/telocuentavictorhugo.com\/index.php\/wp-json\/wp\/v2\/comments?post=9168"}],"version-history":[{"count":1,"href":"https:\/\/telocuentavictorhugo.com\/index.php\/wp-json\/wp\/v2\/posts\/9168\/revisions"}],"predecessor-version":[{"id":9174,"href":"https:\/\/telocuentavictorhugo.com\/index.php\/wp-json\/wp\/v2\/posts\/9168\/revisions\/9174"}],"wp:featuredmedia":[{"embeddable":true,"href":"https:\/\/telocuentavictorhugo.com\/index.php\/wp-json\/wp\/v2\/media\/9172"}],"wp:attachment":[{"href":"https:\/\/telocuentavictorhugo.com\/index.php\/wp-json\/wp\/v2\/media?parent=9168"}],"wp:term":[{"taxonomy":"category","embeddable":true,"href":"https:\/\/telocuentavictorhugo.com\/index.php\/wp-json\/wp\/v2\/categories?post=9168"},{"taxonomy":"post_tag","embeddable":true,"href":"https:\/\/telocuentavictorhugo.com\/index.php\/wp-json\/wp\/v2\/tags?post=9168"}],"curies":[{"name":"wp","href":"https:\/\/api.w.org\/{rel}","templated":true}]}}