{"id":9141,"date":"2025-08-19T21:25:53","date_gmt":"2025-08-20T01:25:53","guid":{"rendered":"https:\/\/telocuentavictorhugo.com\/?p=9141"},"modified":"2025-08-19T21:26:05","modified_gmt":"2025-08-20T01:26:05","slug":"finaliza-el-plazo-evo-no-aparece-en-las-listas-y-300-postulantes-se-sustituyen","status":"publish","type":"post","link":"https:\/\/telocuentavictorhugo.com\/index.php\/2025\/08\/19\/finaliza-el-plazo-evo-no-aparece-en-las-listas-y-300-postulantes-se-sustituyen\/","title":{"rendered":"FINALIZA EL PLAZO: EVO NO APARECE EN LAS LISTAS Y 300 POSTULANTES SE SUSTITUYEN"},"content":{"rendered":"\n<p>El Tribunal Supremo Electoral confirma que Evo Morales no figura en ninguna de las listas de candidaturas de los ocho frentes que participar\u00e1n en las elecciones presidenciales del 17 de agosto, tras concluir el plazo para la sustituci\u00f3n de postulantes inhabilitados. El secretario de la instituci\u00f3n, Fernando Arteaga, asegur\u00f3 que el proceso de revisi\u00f3n de documentos finaliza este jueves, y la lista definitiva se publicar\u00e1 horas antes de la votaci\u00f3n. Mientras tanto, las alianzas a\u00fan presentan documentaci\u00f3n, y la especulaci\u00f3n sobre la posible inscripci\u00f3n del l\u00edder cocalero en la f\u00f3rmula de La Fuerza del Pueblo fue despejada con la oficializaci\u00f3n de Rosa Huanca como compa\u00f1era de f\u00f3rmula de Jhonny Fern\u00e1ndez.<\/p>\n\n\n\n<figure class=\"wp-block-embed is-type-video is-provider-youtube wp-block-embed-youtube wp-embed-aspect-16-9 wp-has-aspect-ratio\"><div class=\"wp-block-embed__wrapper\">\n<iframe title=\"FINALIZA EL PLAZO: EVO NO APARECE EN LAS LISTAS Y 300 POSTULANTES SE SUSTITUYEN\" width=\"800\" height=\"450\" src=\"https:\/\/www.youtube.com\/embed\/bMzsLDgg3-4?feature=oembed\" frameborder=\"0\" allow=\"accelerometer; autoplay; clipboard-write; encrypted-media; gyroscope; picture-in-picture; web-share\" referrerpolicy=\"strict-origin-when-cross-origin\" allowfullscreen><\/iframe>\n<\/div><\/figure>\n","protected":false},"excerpt":{"rendered":"<p>El Tribunal Supremo Electoral confirma que Evo Morales no figura en ninguna de las listas de candidaturas de los ocho frentes que participar\u00e1n en las elecciones presidenciales del 17 de agosto, tras concluir el plazo para la sustituci\u00f3n de postulantes inhabilitados. El secretario de la instituci\u00f3n, Fernando Arteaga, asegur\u00f3 que el proceso de revisi\u00f3n de [&hellip;]<\/p>\n","protected":false},"author":1,"featured_media":9142,"comment_status":"open","ping_status":"open","sticky":false,"template":"","format":"standard","meta":{"_eb_attr":"","footnotes":""},"categories":[1,42],"tags":[],"class_list":["post-9141","post","type-post","status-publish","format-standard","has-post-thumbnail","hentry","category-noticias","category-politica"],"yoast_head":"<!-- This site is optimized with the Yoast SEO plugin v27.4 - https:\/\/yoast.com\/product\/yoast-seo-wordpress\/ -->\n<title>FINALIZA EL PLAZO: EVO NO APARECE EN LAS LISTAS Y 300 POSTULANTES SE SUSTITUYEN - Te lo Cuenta Victor<\/title>\n<meta name=\"robots\" content=\"index, follow, max-snippet:-1, max-image-preview:large, max-video-preview:-1\" \/>\n<link rel=\"canonical\" href=\"https:\/\/telocuentavictorhugo.com\/index.php\/2025\/08\/19\/finaliza-el-plazo-evo-no-aparece-en-las-listas-y-300-postulantes-se-sustituyen\/\" \/>\n<meta property=\"og:locale\" content=\"es_ES\" \/>\n<meta property=\"og:type\" content=\"article\" \/>\n<meta property=\"og:title\" content=\"FINALIZA EL PLAZO: EVO NO APARECE EN LAS LISTAS Y 300 POSTULANTES SE SUSTITUYEN - Te lo Cuenta Victor\" \/>\n<meta property=\"og:description\" content=\"El Tribunal Supremo Electoral confirma que Evo Morales no figura en ninguna de las listas de candidaturas de los ocho frentes que participar\u00e1n en las elecciones presidenciales del 17 de agosto, tras concluir el plazo para la sustituci\u00f3n de postulantes inhabilitados. El secretario de la instituci\u00f3n, Fernando Arteaga, asegur\u00f3 que el proceso de revisi\u00f3n de [&hellip;]\" \/>\n<meta property=\"og:url\" content=\"https:\/\/telocuentavictorhugo.com\/index.php\/2025\/08\/19\/finaliza-el-plazo-evo-no-aparece-en-las-listas-y-300-postulantes-se-sustituyen\/\" \/>\n<meta property=\"og:site_name\" content=\"Te lo Cuenta Victor\" \/>\n<meta property=\"article:published_time\" content=\"2025-08-20T01:25:53+00:00\" \/>\n<meta property=\"article:modified_time\" content=\"2025-08-20T01:26:05+00:00\" \/>\n<meta property=\"og:image\" content=\"http:\/\/telocuentavictorhugo.com\/wp-content\/uploads\/2025\/08\/auto-de-buen-gobierno-1-668x1024.png\" \/>\n\t<meta property=\"og:image:width\" content=\"668\" \/>\n\t<meta property=\"og:image:height\" content=\"1024\" \/>\n\t<meta property=\"og:image:type\" content=\"image\/png\" \/>\n<meta name=\"author\" content=\"telocuentavictorhugo.com\" \/>\n<meta name=\"twitter:card\" content=\"summary_large_image\" \/>\n<meta name=\"twitter:label1\" content=\"Escrito por\" \/>\n\t<meta name=\"twitter:data1\" content=\"telocuentavictorhugo.com\" \/>\n\t<meta name=\"twitter:label2\" content=\"Tiempo de lectura\" \/>\n\t<meta name=\"twitter:data2\" content=\"1 minuto\" \/>\n<script type=\"application\/ld+json\" class=\"yoast-schema-graph\">{\"@context\":\"https:\\\/\\\/schema.org\",\"@graph\":[{\"@type\":\"Article\",\"@id\":\"https:\\\/\\\/telocuentavictorhugo.com\\\/index.php\\\/2025\\\/08\\\/19\\\/finaliza-el-plazo-evo-no-aparece-en-las-listas-y-300-postulantes-se-sustituyen\\\/#article\",\"isPartOf\":{\"@id\":\"https:\\\/\\\/telocuentavictorhugo.com\\\/index.php\\\/2025\\\/08\\\/19\\\/finaliza-el-plazo-evo-no-aparece-en-las-listas-y-300-postulantes-se-sustituyen\\\/\"},\"author\":{\"name\":\"telocuentavictorhugo.com\",\"@id\":\"https:\\\/\\\/telocuentavictorhugo.com\\\/#\\\/schema\\\/person\\\/a8307d7271ba2849b49b562ad8602f06\"},\"headline\":\"FINALIZA EL PLAZO: EVO NO APARECE EN LAS LISTAS Y 300 POSTULANTES SE SUSTITUYEN\",\"datePublished\":\"2025-08-20T01:25:53+00:00\",\"dateModified\":\"2025-08-20T01:26:05+00:00\",\"mainEntityOfPage\":{\"@id\":\"https:\\\/\\\/telocuentavictorhugo.com\\\/index.php\\\/2025\\\/08\\\/19\\\/finaliza-el-plazo-evo-no-aparece-en-las-listas-y-300-postulantes-se-sustituyen\\\/\"},\"wordCount\":142,\"commentCount\":0,\"publisher\":{\"@id\":\"https:\\\/\\\/telocuentavictorhugo.com\\\/#organization\"},\"image\":{\"@id\":\"https:\\\/\\\/telocuentavictorhugo.com\\\/index.php\\\/2025\\\/08\\\/19\\\/finaliza-el-plazo-evo-no-aparece-en-las-listas-y-300-postulantes-se-sustituyen\\\/#primaryimage\"},\"thumbnailUrl\":\"https:\\\/\\\/telocuentavictorhugo.com\\\/wp-content\\\/uploads\\\/2025\\\/08\\\/auto-de-buen-gobierno-1.png\",\"articleSection\":[\"Noticias\",\"Pol\u00edtica\"],\"inLanguage\":\"es\",\"potentialAction\":[{\"@type\":\"CommentAction\",\"name\":\"Comment\",\"target\":[\"https:\\\/\\\/telocuentavictorhugo.com\\\/index.php\\\/2025\\\/08\\\/19\\\/finaliza-el-plazo-evo-no-aparece-en-las-listas-y-300-postulantes-se-sustituyen\\\/#respond\"]}]},{\"@type\":\"WebPage\",\"@id\":\"https:\\\/\\\/telocuentavictorhugo.com\\\/index.php\\\/2025\\\/08\\\/19\\\/finaliza-el-plazo-evo-no-aparece-en-las-listas-y-300-postulantes-se-sustituyen\\\/\",\"url\":\"https:\\\/\\\/telocuentavictorhugo.com\\\/index.php\\\/2025\\\/08\\\/19\\\/finaliza-el-plazo-evo-no-aparece-en-las-listas-y-300-postulantes-se-sustituyen\\\/\",\"name\":\"FINALIZA EL PLAZO: EVO NO APARECE EN LAS LISTAS Y 300 POSTULANTES SE SUSTITUYEN - Te lo Cuenta Victor\",\"isPartOf\":{\"@id\":\"https:\\\/\\\/telocuentavictorhugo.com\\\/#website\"},\"primaryImageOfPage\":{\"@id\":\"https:\\\/\\\/telocuentavictorhugo.com\\\/index.php\\\/2025\\\/08\\\/19\\\/finaliza-el-plazo-evo-no-aparece-en-las-listas-y-300-postulantes-se-sustituyen\\\/#primaryimage\"},\"image\":{\"@id\":\"https:\\\/\\\/telocuentavictorhugo.com\\\/index.php\\\/2025\\\/08\\\/19\\\/finaliza-el-plazo-evo-no-aparece-en-las-listas-y-300-postulantes-se-sustituyen\\\/#primaryimage\"},\"thumbnailUrl\":\"https:\\\/\\\/telocuentavictorhugo.com\\\/wp-content\\\/uploads\\\/2025\\\/08\\\/auto-de-buen-gobierno-1.png\",\"datePublished\":\"2025-08-20T01:25:53+00:00\",\"dateModified\":\"2025-08-20T01:26:05+00:00\",\"breadcrumb\":{\"@id\":\"https:\\\/\\\/telocuentavictorhugo.com\\\/index.php\\\/2025\\\/08\\\/19\\\/finaliza-el-plazo-evo-no-aparece-en-las-listas-y-300-postulantes-se-sustituyen\\\/#breadcrumb\"},\"inLanguage\":\"es\",\"potentialAction\":[{\"@type\":\"ReadAction\",\"target\":[\"https:\\\/\\\/telocuentavictorhugo.com\\\/index.php\\\/2025\\\/08\\\/19\\\/finaliza-el-plazo-evo-no-aparece-en-las-listas-y-300-postulantes-se-sustituyen\\\/\"]}]},{\"@type\":\"ImageObject\",\"inLanguage\":\"es\",\"@id\":\"https:\\\/\\\/telocuentavictorhugo.com\\\/index.php\\\/2025\\\/08\\\/19\\\/finaliza-el-plazo-evo-no-aparece-en-las-listas-y-300-postulantes-se-sustituyen\\\/#primaryimage\",\"url\":\"https:\\\/\\\/telocuentavictorhugo.com\\\/wp-content\\\/uploads\\\/2025\\\/08\\\/auto-de-buen-gobierno-1.png\",\"contentUrl\":\"https:\\\/\\\/telocuentavictorhugo.com\\\/wp-content\\\/uploads\\\/2025\\\/08\\\/auto-de-buen-gobierno-1.png\",\"width\":1080,\"height\":1655},{\"@type\":\"BreadcrumbList\",\"@id\":\"https:\\\/\\\/telocuentavictorhugo.com\\\/index.php\\\/2025\\\/08\\\/19\\\/finaliza-el-plazo-evo-no-aparece-en-las-listas-y-300-postulantes-se-sustituyen\\\/#breadcrumb\",\"itemListElement\":[{\"@type\":\"ListItem\",\"position\":1,\"name\":\"Portada\",\"item\":\"https:\\\/\\\/telocuentavictorhugo.com\\\/\"},{\"@type\":\"ListItem\",\"position\":2,\"name\":\"FINALIZA EL PLAZO: EVO NO APARECE EN LAS LISTAS Y 300 POSTULANTES SE SUSTITUYEN\"}]},{\"@type\":\"WebSite\",\"@id\":\"https:\\\/\\\/telocuentavictorhugo.com\\\/#website\",\"url\":\"https:\\\/\\\/telocuentavictorhugo.com\\\/\",\"name\":\"Te lo Cuenta Victor\",\"description\":\"\",\"publisher\":{\"@id\":\"https:\\\/\\\/telocuentavictorhugo.com\\\/#organization\"},\"potentialAction\":[{\"@type\":\"SearchAction\",\"target\":{\"@type\":\"EntryPoint\",\"urlTemplate\":\"https:\\\/\\\/telocuentavictorhugo.com\\\/?s={search_term_string}\"},\"query-input\":{\"@type\":\"PropertyValueSpecification\",\"valueRequired\":true,\"valueName\":\"search_term_string\"}}],\"inLanguage\":\"es\"},{\"@type\":\"Organization\",\"@id\":\"https:\\\/\\\/telocuentavictorhugo.com\\\/#organization\",\"name\":\"Te lo Cuenta Victor\",\"url\":\"https:\\\/\\\/telocuentavictorhugo.com\\\/\",\"logo\":{\"@type\":\"ImageObject\",\"inLanguage\":\"es\",\"@id\":\"https:\\\/\\\/telocuentavictorhugo.com\\\/#\\\/schema\\\/logo\\\/image\\\/\",\"url\":\"https:\\\/\\\/telocuentavictorhugo.com\\\/wp-content\\\/uploads\\\/2023\\\/12\\\/Logo.png\",\"contentUrl\":\"https:\\\/\\\/telocuentavictorhugo.com\\\/wp-content\\\/uploads\\\/2023\\\/12\\\/Logo.png\",\"width\":1080,\"height\":176,\"caption\":\"Te lo Cuenta Victor\"},\"image\":{\"@id\":\"https:\\\/\\\/telocuentavictorhugo.com\\\/#\\\/schema\\\/logo\\\/image\\\/\"}},{\"@type\":\"Person\",\"@id\":\"https:\\\/\\\/telocuentavictorhugo.com\\\/#\\\/schema\\\/person\\\/a8307d7271ba2849b49b562ad8602f06\",\"name\":\"telocuentavictorhugo.com\",\"image\":{\"@type\":\"ImageObject\",\"inLanguage\":\"es\",\"@id\":\"https:\\\/\\\/secure.gravatar.com\\\/avatar\\\/da212e7b532df19fd2aea5daf46d8c176abfc85521e4b80ed435d7426ef63eb6?s=96&d=mm&r=g\",\"url\":\"https:\\\/\\\/secure.gravatar.com\\\/avatar\\\/da212e7b532df19fd2aea5daf46d8c176abfc85521e4b80ed435d7426ef63eb6?s=96&d=mm&r=g\",\"contentUrl\":\"https:\\\/\\\/secure.gravatar.com\\\/avatar\\\/da212e7b532df19fd2aea5daf46d8c176abfc85521e4b80ed435d7426ef63eb6?s=96&d=mm&r=g\",\"caption\":\"telocuentavictorhugo.com\"},\"sameAs\":[\"http:\\\/\\\/telocuentavictorhugo.com\"],\"url\":\"https:\\\/\\\/telocuentavictorhugo.com\\\/index.php\\\/author\\\/plustvpress-com\\\/\"}]}<\/script>\n<!-- \/ Yoast SEO plugin. -->","yoast_head_json":{"title":"FINALIZA EL PLAZO: EVO NO APARECE EN LAS LISTAS Y 300 POSTULANTES SE SUSTITUYEN - Te lo Cuenta Victor","robots":{"index":"index","follow":"follow","max-snippet":"max-snippet:-1","max-image-preview":"max-image-preview:large","max-video-preview":"max-video-preview:-1"},"canonical":"https:\/\/telocuentavictorhugo.com\/index.php\/2025\/08\/19\/finaliza-el-plazo-evo-no-aparece-en-las-listas-y-300-postulantes-se-sustituyen\/","og_locale":"es_ES","og_type":"article","og_title":"FINALIZA EL PLAZO: EVO NO APARECE EN LAS LISTAS Y 300 POSTULANTES SE SUSTITUYEN - Te lo Cuenta Victor","og_description":"El Tribunal Supremo Electoral confirma que Evo Morales no figura en ninguna de las listas de candidaturas de los ocho frentes que participar\u00e1n en las elecciones presidenciales del 17 de agosto, tras concluir el plazo para la sustituci\u00f3n de postulantes inhabilitados. El secretario de la instituci\u00f3n, Fernando Arteaga, asegur\u00f3 que el proceso de revisi\u00f3n de [&hellip;]","og_url":"https:\/\/telocuentavictorhugo.com\/index.php\/2025\/08\/19\/finaliza-el-plazo-evo-no-aparece-en-las-listas-y-300-postulantes-se-sustituyen\/","og_site_name":"Te lo Cuenta Victor","article_published_time":"2025-08-20T01:25:53+00:00","article_modified_time":"2025-08-20T01:26:05+00:00","og_image":[{"width":668,"height":1024,"url":"http:\/\/telocuentavictorhugo.com\/wp-content\/uploads\/2025\/08\/auto-de-buen-gobierno-1-668x1024.png","type":"image\/png"}],"author":"telocuentavictorhugo.com","twitter_card":"summary_large_image","twitter_misc":{"Escrito por":"telocuentavictorhugo.com","Tiempo de lectura":"1 minuto"},"schema":{"@context":"https:\/\/schema.org","@graph":[{"@type":"Article","@id":"https:\/\/telocuentavictorhugo.com\/index.php\/2025\/08\/19\/finaliza-el-plazo-evo-no-aparece-en-las-listas-y-300-postulantes-se-sustituyen\/#article","isPartOf":{"@id":"https:\/\/telocuentavictorhugo.com\/index.php\/2025\/08\/19\/finaliza-el-plazo-evo-no-aparece-en-las-listas-y-300-postulantes-se-sustituyen\/"},"author":{"name":"telocuentavictorhugo.com","@id":"https:\/\/telocuentavictorhugo.com\/#\/schema\/person\/a8307d7271ba2849b49b562ad8602f06"},"headline":"FINALIZA EL PLAZO: EVO NO APARECE EN LAS LISTAS Y 300 POSTULANTES SE SUSTITUYEN","datePublished":"2025-08-20T01:25:53+00:00","dateModified":"2025-08-20T01:26:05+00:00","mainEntityOfPage":{"@id":"https:\/\/telocuentavictorhugo.com\/index.php\/2025\/08\/19\/finaliza-el-plazo-evo-no-aparece-en-las-listas-y-300-postulantes-se-sustituyen\/"},"wordCount":142,"commentCount":0,"publisher":{"@id":"https:\/\/telocuentavictorhugo.com\/#organization"},"image":{"@id":"https:\/\/telocuentavictorhugo.com\/index.php\/2025\/08\/19\/finaliza-el-plazo-evo-no-aparece-en-las-listas-y-300-postulantes-se-sustituyen\/#primaryimage"},"thumbnailUrl":"https:\/\/telocuentavictorhugo.com\/wp-content\/uploads\/2025\/08\/auto-de-buen-gobierno-1.png","articleSection":["Noticias","Pol\u00edtica"],"inLanguage":"es","potentialAction":[{"@type":"CommentAction","name":"Comment","target":["https:\/\/telocuentavictorhugo.com\/index.php\/2025\/08\/19\/finaliza-el-plazo-evo-no-aparece-en-las-listas-y-300-postulantes-se-sustituyen\/#respond"]}]},{"@type":"WebPage","@id":"https:\/\/telocuentavictorhugo.com\/index.php\/2025\/08\/19\/finaliza-el-plazo-evo-no-aparece-en-las-listas-y-300-postulantes-se-sustituyen\/","url":"https:\/\/telocuentavictorhugo.com\/index.php\/2025\/08\/19\/finaliza-el-plazo-evo-no-aparece-en-las-listas-y-300-postulantes-se-sustituyen\/","name":"FINALIZA EL PLAZO: EVO NO APARECE EN LAS LISTAS Y 300 POSTULANTES SE SUSTITUYEN - Te lo Cuenta Victor","isPartOf":{"@id":"https:\/\/telocuentavictorhugo.com\/#website"},"primaryImageOfPage":{"@id":"https:\/\/telocuentavictorhugo.com\/index.php\/2025\/08\/19\/finaliza-el-plazo-evo-no-aparece-en-las-listas-y-300-postulantes-se-sustituyen\/#primaryimage"},"image":{"@id":"https:\/\/telocuentavictorhugo.com\/index.php\/2025\/08\/19\/finaliza-el-plazo-evo-no-aparece-en-las-listas-y-300-postulantes-se-sustituyen\/#primaryimage"},"thumbnailUrl":"https:\/\/telocuentavictorhugo.com\/wp-content\/uploads\/2025\/08\/auto-de-buen-gobierno-1.png","datePublished":"2025-08-20T01:25:53+00:00","dateModified":"2025-08-20T01:26:05+00:00","breadcrumb":{"@id":"https:\/\/telocuentavictorhugo.com\/index.php\/2025\/08\/19\/finaliza-el-plazo-evo-no-aparece-en-las-listas-y-300-postulantes-se-sustituyen\/#breadcrumb"},"inLanguage":"es","potentialAction":[{"@type":"ReadAction","target":["https:\/\/telocuentavictorhugo.com\/index.php\/2025\/08\/19\/finaliza-el-plazo-evo-no-aparece-en-las-listas-y-300-postulantes-se-sustituyen\/"]}]},{"@type":"ImageObject","inLanguage":"es","@id":"https:\/\/telocuentavictorhugo.com\/index.php\/2025\/08\/19\/finaliza-el-plazo-evo-no-aparece-en-las-listas-y-300-postulantes-se-sustituyen\/#primaryimage","url":"https:\/\/telocuentavictorhugo.com\/wp-content\/uploads\/2025\/08\/auto-de-buen-gobierno-1.png","contentUrl":"https:\/\/telocuentavictorhugo.com\/wp-content\/uploads\/2025\/08\/auto-de-buen-gobierno-1.png","width":1080,"height":1655},{"@type":"BreadcrumbList","@id":"https:\/\/telocuentavictorhugo.com\/index.php\/2025\/08\/19\/finaliza-el-plazo-evo-no-aparece-en-las-listas-y-300-postulantes-se-sustituyen\/#breadcrumb","itemListElement":[{"@type":"ListItem","position":1,"name":"Portada","item":"https:\/\/telocuentavictorhugo.com\/"},{"@type":"ListItem","position":2,"name":"FINALIZA EL PLAZO: EVO NO APARECE EN LAS LISTAS Y 300 POSTULANTES SE SUSTITUYEN"}]},{"@type":"WebSite","@id":"https:\/\/telocuentavictorhugo.com\/#website","url":"https:\/\/telocuentavictorhugo.com\/","name":"Te lo Cuenta Victor","description":"","publisher":{"@id":"https:\/\/telocuentavictorhugo.com\/#organization"},"potentialAction":[{"@type":"SearchAction","target":{"@type":"EntryPoint","urlTemplate":"https:\/\/telocuentavictorhugo.com\/?s={search_term_string}"},"query-input":{"@type":"PropertyValueSpecification","valueRequired":true,"valueName":"search_term_string"}}],"inLanguage":"es"},{"@type":"Organization","@id":"https:\/\/telocuentavictorhugo.com\/#organization","name":"Te lo Cuenta Victor","url":"https:\/\/telocuentavictorhugo.com\/","logo":{"@type":"ImageObject","inLanguage":"es","@id":"https:\/\/telocuentavictorhugo.com\/#\/schema\/logo\/image\/","url":"https:\/\/telocuentavictorhugo.com\/wp-content\/uploads\/2023\/12\/Logo.png","contentUrl":"https:\/\/telocuentavictorhugo.com\/wp-content\/uploads\/2023\/12\/Logo.png","width":1080,"height":176,"caption":"Te lo Cuenta Victor"},"image":{"@id":"https:\/\/telocuentavictorhugo.com\/#\/schema\/logo\/image\/"}},{"@type":"Person","@id":"https:\/\/telocuentavictorhugo.com\/#\/schema\/person\/a8307d7271ba2849b49b562ad8602f06","name":"telocuentavictorhugo.com","image":{"@type":"ImageObject","inLanguage":"es","@id":"https:\/\/secure.gravatar.com\/avatar\/da212e7b532df19fd2aea5daf46d8c176abfc85521e4b80ed435d7426ef63eb6?s=96&d=mm&r=g","url":"https:\/\/secure.gravatar.com\/avatar\/da212e7b532df19fd2aea5daf46d8c176abfc85521e4b80ed435d7426ef63eb6?s=96&d=mm&r=g","contentUrl":"https:\/\/secure.gravatar.com\/avatar\/da212e7b532df19fd2aea5daf46d8c176abfc85521e4b80ed435d7426ef63eb6?s=96&d=mm&r=g","caption":"telocuentavictorhugo.com"},"sameAs":["http:\/\/telocuentavictorhugo.com"],"url":"https:\/\/telocuentavictorhugo.com\/index.php\/author\/plustvpress-com\/"}]}},"_links":{"self":[{"href":"https:\/\/telocuentavictorhugo.com\/index.php\/wp-json\/wp\/v2\/posts\/9141","targetHints":{"allow":["GET"]}}],"collection":[{"href":"https:\/\/telocuentavictorhugo.com\/index.php\/wp-json\/wp\/v2\/posts"}],"about":[{"href":"https:\/\/telocuentavictorhugo.com\/index.php\/wp-json\/wp\/v2\/types\/post"}],"author":[{"embeddable":true,"href":"https:\/\/telocuentavictorhugo.com\/index.php\/wp-json\/wp\/v2\/users\/1"}],"replies":[{"embeddable":true,"href":"https:\/\/telocuentavictorhugo.com\/index.php\/wp-json\/wp\/v2\/comments?post=9141"}],"version-history":[{"count":1,"href":"https:\/\/telocuentavictorhugo.com\/index.php\/wp-json\/wp\/v2\/posts\/9141\/revisions"}],"predecessor-version":[{"id":9143,"href":"https:\/\/telocuentavictorhugo.com\/index.php\/wp-json\/wp\/v2\/posts\/9141\/revisions\/9143"}],"wp:featuredmedia":[{"embeddable":true,"href":"https:\/\/telocuentavictorhugo.com\/index.php\/wp-json\/wp\/v2\/media\/9142"}],"wp:attachment":[{"href":"https:\/\/telocuentavictorhugo.com\/index.php\/wp-json\/wp\/v2\/media?parent=9141"}],"wp:term":[{"taxonomy":"category","embeddable":true,"href":"https:\/\/telocuentavictorhugo.com\/index.php\/wp-json\/wp\/v2\/categories?post=9141"},{"taxonomy":"post_tag","embeddable":true,"href":"https:\/\/telocuentavictorhugo.com\/index.php\/wp-json\/wp\/v2\/tags?post=9141"}],"curies":[{"name":"wp","href":"https:\/\/api.w.org\/{rel}","templated":true}]}}