{"id":9024,"date":"2025-08-19T19:28:34","date_gmt":"2025-08-19T23:28:34","guid":{"rendered":"https:\/\/telocuentavictorhugo.com\/?p=9024"},"modified":"2025-08-19T19:28:35","modified_gmt":"2025-08-19T23:28:35","slug":"jhonny-fernandez-cierra-campana-en-santa-cruz-y-presentara-a-leopoldo-chui-como-su-binomio","status":"publish","type":"post","link":"https:\/\/telocuentavictorhugo.com\/index.php\/2025\/08\/19\/jhonny-fernandez-cierra-campana-en-santa-cruz-y-presentara-a-leopoldo-chui-como-su-binomio\/","title":{"rendered":"JHONNY FERN\u00c1NDEZ CIERRA CAMPA\u00d1A EN SANTA CRUZ Y PRESENTAR\u00c1 A LEOPOLDO CHUI COMO SU BINOMIO"},"content":{"rendered":"\n<p>Jhonny Fern\u00e1ndez, candidato a la presidencia por La Fuerza Del Pueblo, cerr\u00f3 campa\u00f1a en Santa Cruz. Fern\u00e1ndez confirm\u00f3 que la dupla que acompa\u00f1ar\u00e1 su candidatura estar\u00e1 integrada por el reconocido Leopoldo Chui como candidato a la vicepresidencia, una decisi\u00f3n que ha despertado debates y especulaciones sobre las posibles implicaciones electorales y las alianzas estrat\u00e9gicas en juego<\/p>\n\n\n\n<figure class=\"wp-block-embed is-type-video is-provider-youtube wp-block-embed-youtube wp-embed-aspect-16-9 wp-has-aspect-ratio\"><div class=\"wp-block-embed__wrapper\">\n<iframe title=\"JHONNY FERN\u00c1NDEZ CIERRA CAMPA\u00d1A EN SANTA CRUZ Y PRESENTAR\u00c1 A LEOPOLDO CHUI COMO SU BINOMIO\" width=\"800\" height=\"450\" src=\"https:\/\/www.youtube.com\/embed\/8z_KV4InJcs?feature=oembed\" frameborder=\"0\" allow=\"accelerometer; autoplay; clipboard-write; encrypted-media; gyroscope; picture-in-picture; web-share\" referrerpolicy=\"strict-origin-when-cross-origin\" allowfullscreen><\/iframe>\n<\/div><\/figure>\n","protected":false},"excerpt":{"rendered":"<p>Jhonny Fern\u00e1ndez, candidato a la presidencia por La Fuerza Del Pueblo, cerr\u00f3 campa\u00f1a en Santa Cruz. Fern\u00e1ndez confirm\u00f3 que la dupla que acompa\u00f1ar\u00e1 su candidatura estar\u00e1 integrada por el reconocido Leopoldo Chui como candidato a la vicepresidencia, una decisi\u00f3n que ha despertado debates y especulaciones sobre las posibles implicaciones electorales y las alianzas estrat\u00e9gicas en [&hellip;]<\/p>\n","protected":false},"author":1,"featured_media":9032,"comment_status":"open","ping_status":"open","sticky":false,"template":"","format":"standard","meta":{"_eb_attr":"","footnotes":""},"categories":[1,42],"tags":[],"class_list":["post-9024","post","type-post","status-publish","format-standard","has-post-thumbnail","hentry","category-noticias","category-politica"],"yoast_head":"<!-- This site is optimized with the Yoast SEO plugin v27.4 - https:\/\/yoast.com\/product\/yoast-seo-wordpress\/ -->\n<title>JHONNY FERN\u00c1NDEZ CIERRA CAMPA\u00d1A EN SANTA CRUZ Y PRESENTAR\u00c1 A LEOPOLDO CHUI COMO SU BINOMIO - Te lo Cuenta Victor<\/title>\n<meta name=\"robots\" content=\"index, follow, max-snippet:-1, max-image-preview:large, max-video-preview:-1\" \/>\n<link rel=\"canonical\" href=\"https:\/\/telocuentavictorhugo.com\/index.php\/2025\/08\/19\/jhonny-fernandez-cierra-campana-en-santa-cruz-y-presentara-a-leopoldo-chui-como-su-binomio\/\" \/>\n<meta property=\"og:locale\" content=\"es_ES\" \/>\n<meta property=\"og:type\" content=\"article\" \/>\n<meta property=\"og:title\" content=\"JHONNY FERN\u00c1NDEZ CIERRA CAMPA\u00d1A EN SANTA CRUZ Y PRESENTAR\u00c1 A LEOPOLDO CHUI COMO SU BINOMIO - Te lo Cuenta Victor\" \/>\n<meta property=\"og:description\" content=\"Jhonny Fern\u00e1ndez, candidato a la presidencia por La Fuerza Del Pueblo, cerr\u00f3 campa\u00f1a en Santa Cruz. Fern\u00e1ndez confirm\u00f3 que la dupla que acompa\u00f1ar\u00e1 su candidatura estar\u00e1 integrada por el reconocido Leopoldo Chui como candidato a la vicepresidencia, una decisi\u00f3n que ha despertado debates y especulaciones sobre las posibles implicaciones electorales y las alianzas estrat\u00e9gicas en [&hellip;]\" \/>\n<meta property=\"og:url\" content=\"https:\/\/telocuentavictorhugo.com\/index.php\/2025\/08\/19\/jhonny-fernandez-cierra-campana-en-santa-cruz-y-presentara-a-leopoldo-chui-como-su-binomio\/\" \/>\n<meta property=\"og:site_name\" content=\"Te lo Cuenta Victor\" \/>\n<meta property=\"article:published_time\" content=\"2025-08-19T23:28:34+00:00\" \/>\n<meta property=\"article:modified_time\" content=\"2025-08-19T23:28:35+00:00\" \/>\n<meta property=\"og:image\" content=\"http:\/\/telocuentavictorhugo.com\/wp-content\/uploads\/2025\/08\/16-2.jpg\" \/>\n\t<meta property=\"og:image:width\" content=\"1236\" \/>\n\t<meta property=\"og:image:height\" content=\"679\" \/>\n\t<meta property=\"og:image:type\" content=\"image\/jpeg\" \/>\n<meta name=\"author\" content=\"telocuentavictorhugo.com\" \/>\n<meta name=\"twitter:card\" content=\"summary_large_image\" \/>\n<meta name=\"twitter:label1\" content=\"Escrito por\" \/>\n\t<meta name=\"twitter:data1\" content=\"telocuentavictorhugo.com\" \/>\n\t<meta name=\"twitter:label2\" content=\"Tiempo de lectura\" \/>\n\t<meta name=\"twitter:data2\" content=\"1 minuto\" \/>\n<script type=\"application\/ld+json\" class=\"yoast-schema-graph\">{\"@context\":\"https:\\\/\\\/schema.org\",\"@graph\":[{\"@type\":\"Article\",\"@id\":\"https:\\\/\\\/telocuentavictorhugo.com\\\/index.php\\\/2025\\\/08\\\/19\\\/jhonny-fernandez-cierra-campana-en-santa-cruz-y-presentara-a-leopoldo-chui-como-su-binomio\\\/#article\",\"isPartOf\":{\"@id\":\"https:\\\/\\\/telocuentavictorhugo.com\\\/index.php\\\/2025\\\/08\\\/19\\\/jhonny-fernandez-cierra-campana-en-santa-cruz-y-presentara-a-leopoldo-chui-como-su-binomio\\\/\"},\"author\":{\"name\":\"telocuentavictorhugo.com\",\"@id\":\"https:\\\/\\\/telocuentavictorhugo.com\\\/#\\\/schema\\\/person\\\/a8307d7271ba2849b49b562ad8602f06\"},\"headline\":\"JHONNY FERN\u00c1NDEZ CIERRA CAMPA\u00d1A EN SANTA CRUZ Y PRESENTAR\u00c1 A LEOPOLDO CHUI COMO SU BINOMIO\",\"datePublished\":\"2025-08-19T23:28:34+00:00\",\"dateModified\":\"2025-08-19T23:28:35+00:00\",\"mainEntityOfPage\":{\"@id\":\"https:\\\/\\\/telocuentavictorhugo.com\\\/index.php\\\/2025\\\/08\\\/19\\\/jhonny-fernandez-cierra-campana-en-santa-cruz-y-presentara-a-leopoldo-chui-como-su-binomio\\\/\"},\"wordCount\":85,\"commentCount\":0,\"publisher\":{\"@id\":\"https:\\\/\\\/telocuentavictorhugo.com\\\/#organization\"},\"image\":{\"@id\":\"https:\\\/\\\/telocuentavictorhugo.com\\\/index.php\\\/2025\\\/08\\\/19\\\/jhonny-fernandez-cierra-campana-en-santa-cruz-y-presentara-a-leopoldo-chui-como-su-binomio\\\/#primaryimage\"},\"thumbnailUrl\":\"https:\\\/\\\/telocuentavictorhugo.com\\\/wp-content\\\/uploads\\\/2025\\\/08\\\/16-2.jpg\",\"articleSection\":[\"Noticias\",\"Pol\u00edtica\"],\"inLanguage\":\"es\",\"potentialAction\":[{\"@type\":\"CommentAction\",\"name\":\"Comment\",\"target\":[\"https:\\\/\\\/telocuentavictorhugo.com\\\/index.php\\\/2025\\\/08\\\/19\\\/jhonny-fernandez-cierra-campana-en-santa-cruz-y-presentara-a-leopoldo-chui-como-su-binomio\\\/#respond\"]}]},{\"@type\":\"WebPage\",\"@id\":\"https:\\\/\\\/telocuentavictorhugo.com\\\/index.php\\\/2025\\\/08\\\/19\\\/jhonny-fernandez-cierra-campana-en-santa-cruz-y-presentara-a-leopoldo-chui-como-su-binomio\\\/\",\"url\":\"https:\\\/\\\/telocuentavictorhugo.com\\\/index.php\\\/2025\\\/08\\\/19\\\/jhonny-fernandez-cierra-campana-en-santa-cruz-y-presentara-a-leopoldo-chui-como-su-binomio\\\/\",\"name\":\"JHONNY FERN\u00c1NDEZ CIERRA CAMPA\u00d1A EN SANTA CRUZ Y PRESENTAR\u00c1 A LEOPOLDO CHUI COMO SU BINOMIO - Te lo Cuenta Victor\",\"isPartOf\":{\"@id\":\"https:\\\/\\\/telocuentavictorhugo.com\\\/#website\"},\"primaryImageOfPage\":{\"@id\":\"https:\\\/\\\/telocuentavictorhugo.com\\\/index.php\\\/2025\\\/08\\\/19\\\/jhonny-fernandez-cierra-campana-en-santa-cruz-y-presentara-a-leopoldo-chui-como-su-binomio\\\/#primaryimage\"},\"image\":{\"@id\":\"https:\\\/\\\/telocuentavictorhugo.com\\\/index.php\\\/2025\\\/08\\\/19\\\/jhonny-fernandez-cierra-campana-en-santa-cruz-y-presentara-a-leopoldo-chui-como-su-binomio\\\/#primaryimage\"},\"thumbnailUrl\":\"https:\\\/\\\/telocuentavictorhugo.com\\\/wp-content\\\/uploads\\\/2025\\\/08\\\/16-2.jpg\",\"datePublished\":\"2025-08-19T23:28:34+00:00\",\"dateModified\":\"2025-08-19T23:28:35+00:00\",\"breadcrumb\":{\"@id\":\"https:\\\/\\\/telocuentavictorhugo.com\\\/index.php\\\/2025\\\/08\\\/19\\\/jhonny-fernandez-cierra-campana-en-santa-cruz-y-presentara-a-leopoldo-chui-como-su-binomio\\\/#breadcrumb\"},\"inLanguage\":\"es\",\"potentialAction\":[{\"@type\":\"ReadAction\",\"target\":[\"https:\\\/\\\/telocuentavictorhugo.com\\\/index.php\\\/2025\\\/08\\\/19\\\/jhonny-fernandez-cierra-campana-en-santa-cruz-y-presentara-a-leopoldo-chui-como-su-binomio\\\/\"]}]},{\"@type\":\"ImageObject\",\"inLanguage\":\"es\",\"@id\":\"https:\\\/\\\/telocuentavictorhugo.com\\\/index.php\\\/2025\\\/08\\\/19\\\/jhonny-fernandez-cierra-campana-en-santa-cruz-y-presentara-a-leopoldo-chui-como-su-binomio\\\/#primaryimage\",\"url\":\"https:\\\/\\\/telocuentavictorhugo.com\\\/wp-content\\\/uploads\\\/2025\\\/08\\\/16-2.jpg\",\"contentUrl\":\"https:\\\/\\\/telocuentavictorhugo.com\\\/wp-content\\\/uploads\\\/2025\\\/08\\\/16-2.jpg\",\"width\":1236,\"height\":679},{\"@type\":\"BreadcrumbList\",\"@id\":\"https:\\\/\\\/telocuentavictorhugo.com\\\/index.php\\\/2025\\\/08\\\/19\\\/jhonny-fernandez-cierra-campana-en-santa-cruz-y-presentara-a-leopoldo-chui-como-su-binomio\\\/#breadcrumb\",\"itemListElement\":[{\"@type\":\"ListItem\",\"position\":1,\"name\":\"Portada\",\"item\":\"https:\\\/\\\/telocuentavictorhugo.com\\\/\"},{\"@type\":\"ListItem\",\"position\":2,\"name\":\"JHONNY FERN\u00c1NDEZ CIERRA CAMPA\u00d1A EN SANTA CRUZ Y PRESENTAR\u00c1 A LEOPOLDO CHUI COMO SU BINOMIO\"}]},{\"@type\":\"WebSite\",\"@id\":\"https:\\\/\\\/telocuentavictorhugo.com\\\/#website\",\"url\":\"https:\\\/\\\/telocuentavictorhugo.com\\\/\",\"name\":\"Te lo Cuenta Victor\",\"description\":\"\",\"publisher\":{\"@id\":\"https:\\\/\\\/telocuentavictorhugo.com\\\/#organization\"},\"potentialAction\":[{\"@type\":\"SearchAction\",\"target\":{\"@type\":\"EntryPoint\",\"urlTemplate\":\"https:\\\/\\\/telocuentavictorhugo.com\\\/?s={search_term_string}\"},\"query-input\":{\"@type\":\"PropertyValueSpecification\",\"valueRequired\":true,\"valueName\":\"search_term_string\"}}],\"inLanguage\":\"es\"},{\"@type\":\"Organization\",\"@id\":\"https:\\\/\\\/telocuentavictorhugo.com\\\/#organization\",\"name\":\"Te lo Cuenta Victor\",\"url\":\"https:\\\/\\\/telocuentavictorhugo.com\\\/\",\"logo\":{\"@type\":\"ImageObject\",\"inLanguage\":\"es\",\"@id\":\"https:\\\/\\\/telocuentavictorhugo.com\\\/#\\\/schema\\\/logo\\\/image\\\/\",\"url\":\"https:\\\/\\\/telocuentavictorhugo.com\\\/wp-content\\\/uploads\\\/2023\\\/12\\\/Logo.png\",\"contentUrl\":\"https:\\\/\\\/telocuentavictorhugo.com\\\/wp-content\\\/uploads\\\/2023\\\/12\\\/Logo.png\",\"width\":1080,\"height\":176,\"caption\":\"Te lo Cuenta Victor\"},\"image\":{\"@id\":\"https:\\\/\\\/telocuentavictorhugo.com\\\/#\\\/schema\\\/logo\\\/image\\\/\"}},{\"@type\":\"Person\",\"@id\":\"https:\\\/\\\/telocuentavictorhugo.com\\\/#\\\/schema\\\/person\\\/a8307d7271ba2849b49b562ad8602f06\",\"name\":\"telocuentavictorhugo.com\",\"image\":{\"@type\":\"ImageObject\",\"inLanguage\":\"es\",\"@id\":\"https:\\\/\\\/secure.gravatar.com\\\/avatar\\\/da212e7b532df19fd2aea5daf46d8c176abfc85521e4b80ed435d7426ef63eb6?s=96&d=mm&r=g\",\"url\":\"https:\\\/\\\/secure.gravatar.com\\\/avatar\\\/da212e7b532df19fd2aea5daf46d8c176abfc85521e4b80ed435d7426ef63eb6?s=96&d=mm&r=g\",\"contentUrl\":\"https:\\\/\\\/secure.gravatar.com\\\/avatar\\\/da212e7b532df19fd2aea5daf46d8c176abfc85521e4b80ed435d7426ef63eb6?s=96&d=mm&r=g\",\"caption\":\"telocuentavictorhugo.com\"},\"sameAs\":[\"http:\\\/\\\/telocuentavictorhugo.com\"],\"url\":\"https:\\\/\\\/telocuentavictorhugo.com\\\/index.php\\\/author\\\/plustvpress-com\\\/\"}]}<\/script>\n<!-- \/ Yoast SEO plugin. -->","yoast_head_json":{"title":"JHONNY FERN\u00c1NDEZ CIERRA CAMPA\u00d1A EN SANTA CRUZ Y PRESENTAR\u00c1 A LEOPOLDO CHUI COMO SU BINOMIO - Te lo Cuenta Victor","robots":{"index":"index","follow":"follow","max-snippet":"max-snippet:-1","max-image-preview":"max-image-preview:large","max-video-preview":"max-video-preview:-1"},"canonical":"https:\/\/telocuentavictorhugo.com\/index.php\/2025\/08\/19\/jhonny-fernandez-cierra-campana-en-santa-cruz-y-presentara-a-leopoldo-chui-como-su-binomio\/","og_locale":"es_ES","og_type":"article","og_title":"JHONNY FERN\u00c1NDEZ CIERRA CAMPA\u00d1A EN SANTA CRUZ Y PRESENTAR\u00c1 A LEOPOLDO CHUI COMO SU BINOMIO - Te lo Cuenta Victor","og_description":"Jhonny Fern\u00e1ndez, candidato a la presidencia por La Fuerza Del Pueblo, cerr\u00f3 campa\u00f1a en Santa Cruz. Fern\u00e1ndez confirm\u00f3 que la dupla que acompa\u00f1ar\u00e1 su candidatura estar\u00e1 integrada por el reconocido Leopoldo Chui como candidato a la vicepresidencia, una decisi\u00f3n que ha despertado debates y especulaciones sobre las posibles implicaciones electorales y las alianzas estrat\u00e9gicas en [&hellip;]","og_url":"https:\/\/telocuentavictorhugo.com\/index.php\/2025\/08\/19\/jhonny-fernandez-cierra-campana-en-santa-cruz-y-presentara-a-leopoldo-chui-como-su-binomio\/","og_site_name":"Te lo Cuenta Victor","article_published_time":"2025-08-19T23:28:34+00:00","article_modified_time":"2025-08-19T23:28:35+00:00","og_image":[{"width":1236,"height":679,"url":"http:\/\/telocuentavictorhugo.com\/wp-content\/uploads\/2025\/08\/16-2.jpg","type":"image\/jpeg"}],"author":"telocuentavictorhugo.com","twitter_card":"summary_large_image","twitter_misc":{"Escrito por":"telocuentavictorhugo.com","Tiempo de lectura":"1 minuto"},"schema":{"@context":"https:\/\/schema.org","@graph":[{"@type":"Article","@id":"https:\/\/telocuentavictorhugo.com\/index.php\/2025\/08\/19\/jhonny-fernandez-cierra-campana-en-santa-cruz-y-presentara-a-leopoldo-chui-como-su-binomio\/#article","isPartOf":{"@id":"https:\/\/telocuentavictorhugo.com\/index.php\/2025\/08\/19\/jhonny-fernandez-cierra-campana-en-santa-cruz-y-presentara-a-leopoldo-chui-como-su-binomio\/"},"author":{"name":"telocuentavictorhugo.com","@id":"https:\/\/telocuentavictorhugo.com\/#\/schema\/person\/a8307d7271ba2849b49b562ad8602f06"},"headline":"JHONNY FERN\u00c1NDEZ CIERRA CAMPA\u00d1A EN SANTA CRUZ Y PRESENTAR\u00c1 A LEOPOLDO CHUI COMO SU BINOMIO","datePublished":"2025-08-19T23:28:34+00:00","dateModified":"2025-08-19T23:28:35+00:00","mainEntityOfPage":{"@id":"https:\/\/telocuentavictorhugo.com\/index.php\/2025\/08\/19\/jhonny-fernandez-cierra-campana-en-santa-cruz-y-presentara-a-leopoldo-chui-como-su-binomio\/"},"wordCount":85,"commentCount":0,"publisher":{"@id":"https:\/\/telocuentavictorhugo.com\/#organization"},"image":{"@id":"https:\/\/telocuentavictorhugo.com\/index.php\/2025\/08\/19\/jhonny-fernandez-cierra-campana-en-santa-cruz-y-presentara-a-leopoldo-chui-como-su-binomio\/#primaryimage"},"thumbnailUrl":"https:\/\/telocuentavictorhugo.com\/wp-content\/uploads\/2025\/08\/16-2.jpg","articleSection":["Noticias","Pol\u00edtica"],"inLanguage":"es","potentialAction":[{"@type":"CommentAction","name":"Comment","target":["https:\/\/telocuentavictorhugo.com\/index.php\/2025\/08\/19\/jhonny-fernandez-cierra-campana-en-santa-cruz-y-presentara-a-leopoldo-chui-como-su-binomio\/#respond"]}]},{"@type":"WebPage","@id":"https:\/\/telocuentavictorhugo.com\/index.php\/2025\/08\/19\/jhonny-fernandez-cierra-campana-en-santa-cruz-y-presentara-a-leopoldo-chui-como-su-binomio\/","url":"https:\/\/telocuentavictorhugo.com\/index.php\/2025\/08\/19\/jhonny-fernandez-cierra-campana-en-santa-cruz-y-presentara-a-leopoldo-chui-como-su-binomio\/","name":"JHONNY FERN\u00c1NDEZ CIERRA CAMPA\u00d1A EN SANTA CRUZ Y PRESENTAR\u00c1 A LEOPOLDO CHUI COMO SU BINOMIO - Te lo Cuenta Victor","isPartOf":{"@id":"https:\/\/telocuentavictorhugo.com\/#website"},"primaryImageOfPage":{"@id":"https:\/\/telocuentavictorhugo.com\/index.php\/2025\/08\/19\/jhonny-fernandez-cierra-campana-en-santa-cruz-y-presentara-a-leopoldo-chui-como-su-binomio\/#primaryimage"},"image":{"@id":"https:\/\/telocuentavictorhugo.com\/index.php\/2025\/08\/19\/jhonny-fernandez-cierra-campana-en-santa-cruz-y-presentara-a-leopoldo-chui-como-su-binomio\/#primaryimage"},"thumbnailUrl":"https:\/\/telocuentavictorhugo.com\/wp-content\/uploads\/2025\/08\/16-2.jpg","datePublished":"2025-08-19T23:28:34+00:00","dateModified":"2025-08-19T23:28:35+00:00","breadcrumb":{"@id":"https:\/\/telocuentavictorhugo.com\/index.php\/2025\/08\/19\/jhonny-fernandez-cierra-campana-en-santa-cruz-y-presentara-a-leopoldo-chui-como-su-binomio\/#breadcrumb"},"inLanguage":"es","potentialAction":[{"@type":"ReadAction","target":["https:\/\/telocuentavictorhugo.com\/index.php\/2025\/08\/19\/jhonny-fernandez-cierra-campana-en-santa-cruz-y-presentara-a-leopoldo-chui-como-su-binomio\/"]}]},{"@type":"ImageObject","inLanguage":"es","@id":"https:\/\/telocuentavictorhugo.com\/index.php\/2025\/08\/19\/jhonny-fernandez-cierra-campana-en-santa-cruz-y-presentara-a-leopoldo-chui-como-su-binomio\/#primaryimage","url":"https:\/\/telocuentavictorhugo.com\/wp-content\/uploads\/2025\/08\/16-2.jpg","contentUrl":"https:\/\/telocuentavictorhugo.com\/wp-content\/uploads\/2025\/08\/16-2.jpg","width":1236,"height":679},{"@type":"BreadcrumbList","@id":"https:\/\/telocuentavictorhugo.com\/index.php\/2025\/08\/19\/jhonny-fernandez-cierra-campana-en-santa-cruz-y-presentara-a-leopoldo-chui-como-su-binomio\/#breadcrumb","itemListElement":[{"@type":"ListItem","position":1,"name":"Portada","item":"https:\/\/telocuentavictorhugo.com\/"},{"@type":"ListItem","position":2,"name":"JHONNY FERN\u00c1NDEZ CIERRA CAMPA\u00d1A EN SANTA CRUZ Y PRESENTAR\u00c1 A LEOPOLDO CHUI COMO SU BINOMIO"}]},{"@type":"WebSite","@id":"https:\/\/telocuentavictorhugo.com\/#website","url":"https:\/\/telocuentavictorhugo.com\/","name":"Te lo Cuenta Victor","description":"","publisher":{"@id":"https:\/\/telocuentavictorhugo.com\/#organization"},"potentialAction":[{"@type":"SearchAction","target":{"@type":"EntryPoint","urlTemplate":"https:\/\/telocuentavictorhugo.com\/?s={search_term_string}"},"query-input":{"@type":"PropertyValueSpecification","valueRequired":true,"valueName":"search_term_string"}}],"inLanguage":"es"},{"@type":"Organization","@id":"https:\/\/telocuentavictorhugo.com\/#organization","name":"Te lo Cuenta Victor","url":"https:\/\/telocuentavictorhugo.com\/","logo":{"@type":"ImageObject","inLanguage":"es","@id":"https:\/\/telocuentavictorhugo.com\/#\/schema\/logo\/image\/","url":"https:\/\/telocuentavictorhugo.com\/wp-content\/uploads\/2023\/12\/Logo.png","contentUrl":"https:\/\/telocuentavictorhugo.com\/wp-content\/uploads\/2023\/12\/Logo.png","width":1080,"height":176,"caption":"Te lo Cuenta Victor"},"image":{"@id":"https:\/\/telocuentavictorhugo.com\/#\/schema\/logo\/image\/"}},{"@type":"Person","@id":"https:\/\/telocuentavictorhugo.com\/#\/schema\/person\/a8307d7271ba2849b49b562ad8602f06","name":"telocuentavictorhugo.com","image":{"@type":"ImageObject","inLanguage":"es","@id":"https:\/\/secure.gravatar.com\/avatar\/da212e7b532df19fd2aea5daf46d8c176abfc85521e4b80ed435d7426ef63eb6?s=96&d=mm&r=g","url":"https:\/\/secure.gravatar.com\/avatar\/da212e7b532df19fd2aea5daf46d8c176abfc85521e4b80ed435d7426ef63eb6?s=96&d=mm&r=g","contentUrl":"https:\/\/secure.gravatar.com\/avatar\/da212e7b532df19fd2aea5daf46d8c176abfc85521e4b80ed435d7426ef63eb6?s=96&d=mm&r=g","caption":"telocuentavictorhugo.com"},"sameAs":["http:\/\/telocuentavictorhugo.com"],"url":"https:\/\/telocuentavictorhugo.com\/index.php\/author\/plustvpress-com\/"}]}},"_links":{"self":[{"href":"https:\/\/telocuentavictorhugo.com\/index.php\/wp-json\/wp\/v2\/posts\/9024","targetHints":{"allow":["GET"]}}],"collection":[{"href":"https:\/\/telocuentavictorhugo.com\/index.php\/wp-json\/wp\/v2\/posts"}],"about":[{"href":"https:\/\/telocuentavictorhugo.com\/index.php\/wp-json\/wp\/v2\/types\/post"}],"author":[{"embeddable":true,"href":"https:\/\/telocuentavictorhugo.com\/index.php\/wp-json\/wp\/v2\/users\/1"}],"replies":[{"embeddable":true,"href":"https:\/\/telocuentavictorhugo.com\/index.php\/wp-json\/wp\/v2\/comments?post=9024"}],"version-history":[{"count":1,"href":"https:\/\/telocuentavictorhugo.com\/index.php\/wp-json\/wp\/v2\/posts\/9024\/revisions"}],"predecessor-version":[{"id":9040,"href":"https:\/\/telocuentavictorhugo.com\/index.php\/wp-json\/wp\/v2\/posts\/9024\/revisions\/9040"}],"wp:featuredmedia":[{"embeddable":true,"href":"https:\/\/telocuentavictorhugo.com\/index.php\/wp-json\/wp\/v2\/media\/9032"}],"wp:attachment":[{"href":"https:\/\/telocuentavictorhugo.com\/index.php\/wp-json\/wp\/v2\/media?parent=9024"}],"wp:term":[{"taxonomy":"category","embeddable":true,"href":"https:\/\/telocuentavictorhugo.com\/index.php\/wp-json\/wp\/v2\/categories?post=9024"},{"taxonomy":"post_tag","embeddable":true,"href":"https:\/\/telocuentavictorhugo.com\/index.php\/wp-json\/wp\/v2\/tags?post=9024"}],"curies":[{"name":"wp","href":"https:\/\/api.w.org\/{rel}","templated":true}]}}