{"id":8874,"date":"2025-08-19T17:48:39","date_gmt":"2025-08-19T21:48:39","guid":{"rendered":"https:\/\/telocuentavictorhugo.com\/?p=8874"},"modified":"2025-08-19T17:48:40","modified_gmt":"2025-08-19T21:48:40","slug":"papa-leon-xiv-felicita-a-bolivia-por-su-bicentenario-y-arce-agradece-su-saludo","status":"publish","type":"post","link":"https:\/\/telocuentavictorhugo.com\/index.php\/2025\/08\/19\/papa-leon-xiv-felicita-a-bolivia-por-su-bicentenario-y-arce-agradece-su-saludo\/","title":{"rendered":"PAPA LE\u00d3N XIV FELICITA A BOLIVIA POR SU BICENTENARIO Y ARCE AGRADECE SU SALUDO"},"content":{"rendered":"\n<p>El Papa Le\u00f3n XIV env\u00eda una emotiva felicitaci\u00f3n a Bolivia con motivo de su Bicentenario. En su mensaje, el pont\u00edfice expresa su alegr\u00eda por los 200 a\u00f1os de independencia y pide la bendici\u00f3n divina para el pueblo boliviano, en medio de las celebraciones que culminar\u00e1n ma\u00f1ana en Sucre con una agenda especial. La respuesta del mandatario fue de profundo agradecimiento, destacando que las palabras del Papa representan un mensaje de esperanza y unidad en este hito hist\u00f3rico para Bolivia<\/p>\n\n\n\n<figure class=\"wp-block-embed is-type-video is-provider-youtube wp-block-embed-youtube wp-embed-aspect-16-9 wp-has-aspect-ratio\"><div class=\"wp-block-embed__wrapper\">\n<iframe title=\"PAPA LE\u00d3N XIV FELICITA A BOLIVIA POR SU BICENTENARIO Y ARCE AGRADECE SU SALUDO\" width=\"800\" height=\"450\" src=\"https:\/\/www.youtube.com\/embed\/jQeWj4l_Sb0?feature=oembed\" frameborder=\"0\" allow=\"accelerometer; autoplay; clipboard-write; encrypted-media; gyroscope; picture-in-picture; web-share\" referrerpolicy=\"strict-origin-when-cross-origin\" allowfullscreen><\/iframe>\n<\/div><\/figure>\n","protected":false},"excerpt":{"rendered":"<p>El Papa Le\u00f3n XIV env\u00eda una emotiva felicitaci\u00f3n a Bolivia con motivo de su Bicentenario. En su mensaje, el pont\u00edfice expresa su alegr\u00eda por los 200 a\u00f1os de independencia y pide la bendici\u00f3n divina para el pueblo boliviano, en medio de las celebraciones que culminar\u00e1n ma\u00f1ana en Sucre con una agenda especial. La respuesta del [&hellip;]<\/p>\n","protected":false},"author":1,"featured_media":8883,"comment_status":"open","ping_status":"open","sticky":false,"template":"","format":"standard","meta":{"_eb_attr":"","footnotes":""},"categories":[1,42],"tags":[],"class_list":["post-8874","post","type-post","status-publish","format-standard","has-post-thumbnail","hentry","category-noticias","category-politica"],"yoast_head":"<!-- This site is optimized with the Yoast SEO plugin v27.4 - https:\/\/yoast.com\/product\/yoast-seo-wordpress\/ -->\n<title>PAPA LE\u00d3N XIV FELICITA A BOLIVIA POR SU BICENTENARIO Y ARCE AGRADECE SU SALUDO - Te lo Cuenta Victor<\/title>\n<meta name=\"robots\" content=\"index, follow, max-snippet:-1, max-image-preview:large, max-video-preview:-1\" \/>\n<link rel=\"canonical\" href=\"https:\/\/telocuentavictorhugo.com\/index.php\/2025\/08\/19\/papa-leon-xiv-felicita-a-bolivia-por-su-bicentenario-y-arce-agradece-su-saludo\/\" \/>\n<meta property=\"og:locale\" content=\"es_ES\" \/>\n<meta property=\"og:type\" content=\"article\" \/>\n<meta property=\"og:title\" content=\"PAPA LE\u00d3N XIV FELICITA A BOLIVIA POR SU BICENTENARIO Y ARCE AGRADECE SU SALUDO - Te lo Cuenta Victor\" \/>\n<meta property=\"og:description\" content=\"El Papa Le\u00f3n XIV env\u00eda una emotiva felicitaci\u00f3n a Bolivia con motivo de su Bicentenario. En su mensaje, el pont\u00edfice expresa su alegr\u00eda por los 200 a\u00f1os de independencia y pide la bendici\u00f3n divina para el pueblo boliviano, en medio de las celebraciones que culminar\u00e1n ma\u00f1ana en Sucre con una agenda especial. La respuesta del [&hellip;]\" \/>\n<meta property=\"og:url\" content=\"https:\/\/telocuentavictorhugo.com\/index.php\/2025\/08\/19\/papa-leon-xiv-felicita-a-bolivia-por-su-bicentenario-y-arce-agradece-su-saludo\/\" \/>\n<meta property=\"og:site_name\" content=\"Te lo Cuenta Victor\" \/>\n<meta property=\"article:published_time\" content=\"2025-08-19T21:48:39+00:00\" \/>\n<meta property=\"article:modified_time\" content=\"2025-08-19T21:48:40+00:00\" \/>\n<meta property=\"og:image\" content=\"http:\/\/telocuentavictorhugo.com\/wp-content\/uploads\/2025\/08\/5-1.jpg\" \/>\n\t<meta property=\"og:image:width\" content=\"1263\" \/>\n\t<meta property=\"og:image:height\" content=\"653\" \/>\n\t<meta property=\"og:image:type\" content=\"image\/jpeg\" \/>\n<meta name=\"author\" content=\"telocuentavictorhugo.com\" \/>\n<meta name=\"twitter:card\" content=\"summary_large_image\" \/>\n<meta name=\"twitter:label1\" content=\"Escrito por\" \/>\n\t<meta name=\"twitter:data1\" content=\"telocuentavictorhugo.com\" \/>\n\t<meta name=\"twitter:label2\" content=\"Tiempo de lectura\" \/>\n\t<meta name=\"twitter:data2\" content=\"1 minuto\" \/>\n<script type=\"application\/ld+json\" class=\"yoast-schema-graph\">{\"@context\":\"https:\\\/\\\/schema.org\",\"@graph\":[{\"@type\":\"Article\",\"@id\":\"https:\\\/\\\/telocuentavictorhugo.com\\\/index.php\\\/2025\\\/08\\\/19\\\/papa-leon-xiv-felicita-a-bolivia-por-su-bicentenario-y-arce-agradece-su-saludo\\\/#article\",\"isPartOf\":{\"@id\":\"https:\\\/\\\/telocuentavictorhugo.com\\\/index.php\\\/2025\\\/08\\\/19\\\/papa-leon-xiv-felicita-a-bolivia-por-su-bicentenario-y-arce-agradece-su-saludo\\\/\"},\"author\":{\"name\":\"telocuentavictorhugo.com\",\"@id\":\"https:\\\/\\\/telocuentavictorhugo.com\\\/#\\\/schema\\\/person\\\/a8307d7271ba2849b49b562ad8602f06\"},\"headline\":\"PAPA LE\u00d3N XIV FELICITA A BOLIVIA POR SU BICENTENARIO Y ARCE AGRADECE SU SALUDO\",\"datePublished\":\"2025-08-19T21:48:39+00:00\",\"dateModified\":\"2025-08-19T21:48:40+00:00\",\"mainEntityOfPage\":{\"@id\":\"https:\\\/\\\/telocuentavictorhugo.com\\\/index.php\\\/2025\\\/08\\\/19\\\/papa-leon-xiv-felicita-a-bolivia-por-su-bicentenario-y-arce-agradece-su-saludo\\\/\"},\"wordCount\":109,\"commentCount\":0,\"publisher\":{\"@id\":\"https:\\\/\\\/telocuentavictorhugo.com\\\/#organization\"},\"image\":{\"@id\":\"https:\\\/\\\/telocuentavictorhugo.com\\\/index.php\\\/2025\\\/08\\\/19\\\/papa-leon-xiv-felicita-a-bolivia-por-su-bicentenario-y-arce-agradece-su-saludo\\\/#primaryimage\"},\"thumbnailUrl\":\"https:\\\/\\\/telocuentavictorhugo.com\\\/wp-content\\\/uploads\\\/2025\\\/08\\\/5-1.jpg\",\"articleSection\":[\"Noticias\",\"Pol\u00edtica\"],\"inLanguage\":\"es\",\"potentialAction\":[{\"@type\":\"CommentAction\",\"name\":\"Comment\",\"target\":[\"https:\\\/\\\/telocuentavictorhugo.com\\\/index.php\\\/2025\\\/08\\\/19\\\/papa-leon-xiv-felicita-a-bolivia-por-su-bicentenario-y-arce-agradece-su-saludo\\\/#respond\"]}]},{\"@type\":\"WebPage\",\"@id\":\"https:\\\/\\\/telocuentavictorhugo.com\\\/index.php\\\/2025\\\/08\\\/19\\\/papa-leon-xiv-felicita-a-bolivia-por-su-bicentenario-y-arce-agradece-su-saludo\\\/\",\"url\":\"https:\\\/\\\/telocuentavictorhugo.com\\\/index.php\\\/2025\\\/08\\\/19\\\/papa-leon-xiv-felicita-a-bolivia-por-su-bicentenario-y-arce-agradece-su-saludo\\\/\",\"name\":\"PAPA LE\u00d3N XIV FELICITA A BOLIVIA POR SU BICENTENARIO Y ARCE AGRADECE SU SALUDO - Te lo Cuenta Victor\",\"isPartOf\":{\"@id\":\"https:\\\/\\\/telocuentavictorhugo.com\\\/#website\"},\"primaryImageOfPage\":{\"@id\":\"https:\\\/\\\/telocuentavictorhugo.com\\\/index.php\\\/2025\\\/08\\\/19\\\/papa-leon-xiv-felicita-a-bolivia-por-su-bicentenario-y-arce-agradece-su-saludo\\\/#primaryimage\"},\"image\":{\"@id\":\"https:\\\/\\\/telocuentavictorhugo.com\\\/index.php\\\/2025\\\/08\\\/19\\\/papa-leon-xiv-felicita-a-bolivia-por-su-bicentenario-y-arce-agradece-su-saludo\\\/#primaryimage\"},\"thumbnailUrl\":\"https:\\\/\\\/telocuentavictorhugo.com\\\/wp-content\\\/uploads\\\/2025\\\/08\\\/5-1.jpg\",\"datePublished\":\"2025-08-19T21:48:39+00:00\",\"dateModified\":\"2025-08-19T21:48:40+00:00\",\"breadcrumb\":{\"@id\":\"https:\\\/\\\/telocuentavictorhugo.com\\\/index.php\\\/2025\\\/08\\\/19\\\/papa-leon-xiv-felicita-a-bolivia-por-su-bicentenario-y-arce-agradece-su-saludo\\\/#breadcrumb\"},\"inLanguage\":\"es\",\"potentialAction\":[{\"@type\":\"ReadAction\",\"target\":[\"https:\\\/\\\/telocuentavictorhugo.com\\\/index.php\\\/2025\\\/08\\\/19\\\/papa-leon-xiv-felicita-a-bolivia-por-su-bicentenario-y-arce-agradece-su-saludo\\\/\"]}]},{\"@type\":\"ImageObject\",\"inLanguage\":\"es\",\"@id\":\"https:\\\/\\\/telocuentavictorhugo.com\\\/index.php\\\/2025\\\/08\\\/19\\\/papa-leon-xiv-felicita-a-bolivia-por-su-bicentenario-y-arce-agradece-su-saludo\\\/#primaryimage\",\"url\":\"https:\\\/\\\/telocuentavictorhugo.com\\\/wp-content\\\/uploads\\\/2025\\\/08\\\/5-1.jpg\",\"contentUrl\":\"https:\\\/\\\/telocuentavictorhugo.com\\\/wp-content\\\/uploads\\\/2025\\\/08\\\/5-1.jpg\",\"width\":1263,\"height\":653},{\"@type\":\"BreadcrumbList\",\"@id\":\"https:\\\/\\\/telocuentavictorhugo.com\\\/index.php\\\/2025\\\/08\\\/19\\\/papa-leon-xiv-felicita-a-bolivia-por-su-bicentenario-y-arce-agradece-su-saludo\\\/#breadcrumb\",\"itemListElement\":[{\"@type\":\"ListItem\",\"position\":1,\"name\":\"Portada\",\"item\":\"https:\\\/\\\/telocuentavictorhugo.com\\\/\"},{\"@type\":\"ListItem\",\"position\":2,\"name\":\"PAPA LE\u00d3N XIV FELICITA A BOLIVIA POR SU BICENTENARIO Y ARCE AGRADECE SU SALUDO\"}]},{\"@type\":\"WebSite\",\"@id\":\"https:\\\/\\\/telocuentavictorhugo.com\\\/#website\",\"url\":\"https:\\\/\\\/telocuentavictorhugo.com\\\/\",\"name\":\"Te lo Cuenta Victor\",\"description\":\"\",\"publisher\":{\"@id\":\"https:\\\/\\\/telocuentavictorhugo.com\\\/#organization\"},\"potentialAction\":[{\"@type\":\"SearchAction\",\"target\":{\"@type\":\"EntryPoint\",\"urlTemplate\":\"https:\\\/\\\/telocuentavictorhugo.com\\\/?s={search_term_string}\"},\"query-input\":{\"@type\":\"PropertyValueSpecification\",\"valueRequired\":true,\"valueName\":\"search_term_string\"}}],\"inLanguage\":\"es\"},{\"@type\":\"Organization\",\"@id\":\"https:\\\/\\\/telocuentavictorhugo.com\\\/#organization\",\"name\":\"Te lo Cuenta Victor\",\"url\":\"https:\\\/\\\/telocuentavictorhugo.com\\\/\",\"logo\":{\"@type\":\"ImageObject\",\"inLanguage\":\"es\",\"@id\":\"https:\\\/\\\/telocuentavictorhugo.com\\\/#\\\/schema\\\/logo\\\/image\\\/\",\"url\":\"https:\\\/\\\/telocuentavictorhugo.com\\\/wp-content\\\/uploads\\\/2023\\\/12\\\/Logo.png\",\"contentUrl\":\"https:\\\/\\\/telocuentavictorhugo.com\\\/wp-content\\\/uploads\\\/2023\\\/12\\\/Logo.png\",\"width\":1080,\"height\":176,\"caption\":\"Te lo Cuenta Victor\"},\"image\":{\"@id\":\"https:\\\/\\\/telocuentavictorhugo.com\\\/#\\\/schema\\\/logo\\\/image\\\/\"}},{\"@type\":\"Person\",\"@id\":\"https:\\\/\\\/telocuentavictorhugo.com\\\/#\\\/schema\\\/person\\\/a8307d7271ba2849b49b562ad8602f06\",\"name\":\"telocuentavictorhugo.com\",\"image\":{\"@type\":\"ImageObject\",\"inLanguage\":\"es\",\"@id\":\"https:\\\/\\\/secure.gravatar.com\\\/avatar\\\/da212e7b532df19fd2aea5daf46d8c176abfc85521e4b80ed435d7426ef63eb6?s=96&d=mm&r=g\",\"url\":\"https:\\\/\\\/secure.gravatar.com\\\/avatar\\\/da212e7b532df19fd2aea5daf46d8c176abfc85521e4b80ed435d7426ef63eb6?s=96&d=mm&r=g\",\"contentUrl\":\"https:\\\/\\\/secure.gravatar.com\\\/avatar\\\/da212e7b532df19fd2aea5daf46d8c176abfc85521e4b80ed435d7426ef63eb6?s=96&d=mm&r=g\",\"caption\":\"telocuentavictorhugo.com\"},\"sameAs\":[\"http:\\\/\\\/telocuentavictorhugo.com\"],\"url\":\"https:\\\/\\\/telocuentavictorhugo.com\\\/index.php\\\/author\\\/plustvpress-com\\\/\"}]}<\/script>\n<!-- \/ Yoast SEO plugin. -->","yoast_head_json":{"title":"PAPA LE\u00d3N XIV FELICITA A BOLIVIA POR SU BICENTENARIO Y ARCE AGRADECE SU SALUDO - Te lo Cuenta Victor","robots":{"index":"index","follow":"follow","max-snippet":"max-snippet:-1","max-image-preview":"max-image-preview:large","max-video-preview":"max-video-preview:-1"},"canonical":"https:\/\/telocuentavictorhugo.com\/index.php\/2025\/08\/19\/papa-leon-xiv-felicita-a-bolivia-por-su-bicentenario-y-arce-agradece-su-saludo\/","og_locale":"es_ES","og_type":"article","og_title":"PAPA LE\u00d3N XIV FELICITA A BOLIVIA POR SU BICENTENARIO Y ARCE AGRADECE SU SALUDO - Te lo Cuenta Victor","og_description":"El Papa Le\u00f3n XIV env\u00eda una emotiva felicitaci\u00f3n a Bolivia con motivo de su Bicentenario. En su mensaje, el pont\u00edfice expresa su alegr\u00eda por los 200 a\u00f1os de independencia y pide la bendici\u00f3n divina para el pueblo boliviano, en medio de las celebraciones que culminar\u00e1n ma\u00f1ana en Sucre con una agenda especial. La respuesta del [&hellip;]","og_url":"https:\/\/telocuentavictorhugo.com\/index.php\/2025\/08\/19\/papa-leon-xiv-felicita-a-bolivia-por-su-bicentenario-y-arce-agradece-su-saludo\/","og_site_name":"Te lo Cuenta Victor","article_published_time":"2025-08-19T21:48:39+00:00","article_modified_time":"2025-08-19T21:48:40+00:00","og_image":[{"width":1263,"height":653,"url":"http:\/\/telocuentavictorhugo.com\/wp-content\/uploads\/2025\/08\/5-1.jpg","type":"image\/jpeg"}],"author":"telocuentavictorhugo.com","twitter_card":"summary_large_image","twitter_misc":{"Escrito por":"telocuentavictorhugo.com","Tiempo de lectura":"1 minuto"},"schema":{"@context":"https:\/\/schema.org","@graph":[{"@type":"Article","@id":"https:\/\/telocuentavictorhugo.com\/index.php\/2025\/08\/19\/papa-leon-xiv-felicita-a-bolivia-por-su-bicentenario-y-arce-agradece-su-saludo\/#article","isPartOf":{"@id":"https:\/\/telocuentavictorhugo.com\/index.php\/2025\/08\/19\/papa-leon-xiv-felicita-a-bolivia-por-su-bicentenario-y-arce-agradece-su-saludo\/"},"author":{"name":"telocuentavictorhugo.com","@id":"https:\/\/telocuentavictorhugo.com\/#\/schema\/person\/a8307d7271ba2849b49b562ad8602f06"},"headline":"PAPA LE\u00d3N XIV FELICITA A BOLIVIA POR SU BICENTENARIO Y ARCE AGRADECE SU SALUDO","datePublished":"2025-08-19T21:48:39+00:00","dateModified":"2025-08-19T21:48:40+00:00","mainEntityOfPage":{"@id":"https:\/\/telocuentavictorhugo.com\/index.php\/2025\/08\/19\/papa-leon-xiv-felicita-a-bolivia-por-su-bicentenario-y-arce-agradece-su-saludo\/"},"wordCount":109,"commentCount":0,"publisher":{"@id":"https:\/\/telocuentavictorhugo.com\/#organization"},"image":{"@id":"https:\/\/telocuentavictorhugo.com\/index.php\/2025\/08\/19\/papa-leon-xiv-felicita-a-bolivia-por-su-bicentenario-y-arce-agradece-su-saludo\/#primaryimage"},"thumbnailUrl":"https:\/\/telocuentavictorhugo.com\/wp-content\/uploads\/2025\/08\/5-1.jpg","articleSection":["Noticias","Pol\u00edtica"],"inLanguage":"es","potentialAction":[{"@type":"CommentAction","name":"Comment","target":["https:\/\/telocuentavictorhugo.com\/index.php\/2025\/08\/19\/papa-leon-xiv-felicita-a-bolivia-por-su-bicentenario-y-arce-agradece-su-saludo\/#respond"]}]},{"@type":"WebPage","@id":"https:\/\/telocuentavictorhugo.com\/index.php\/2025\/08\/19\/papa-leon-xiv-felicita-a-bolivia-por-su-bicentenario-y-arce-agradece-su-saludo\/","url":"https:\/\/telocuentavictorhugo.com\/index.php\/2025\/08\/19\/papa-leon-xiv-felicita-a-bolivia-por-su-bicentenario-y-arce-agradece-su-saludo\/","name":"PAPA LE\u00d3N XIV FELICITA A BOLIVIA POR SU BICENTENARIO Y ARCE AGRADECE SU SALUDO - Te lo Cuenta Victor","isPartOf":{"@id":"https:\/\/telocuentavictorhugo.com\/#website"},"primaryImageOfPage":{"@id":"https:\/\/telocuentavictorhugo.com\/index.php\/2025\/08\/19\/papa-leon-xiv-felicita-a-bolivia-por-su-bicentenario-y-arce-agradece-su-saludo\/#primaryimage"},"image":{"@id":"https:\/\/telocuentavictorhugo.com\/index.php\/2025\/08\/19\/papa-leon-xiv-felicita-a-bolivia-por-su-bicentenario-y-arce-agradece-su-saludo\/#primaryimage"},"thumbnailUrl":"https:\/\/telocuentavictorhugo.com\/wp-content\/uploads\/2025\/08\/5-1.jpg","datePublished":"2025-08-19T21:48:39+00:00","dateModified":"2025-08-19T21:48:40+00:00","breadcrumb":{"@id":"https:\/\/telocuentavictorhugo.com\/index.php\/2025\/08\/19\/papa-leon-xiv-felicita-a-bolivia-por-su-bicentenario-y-arce-agradece-su-saludo\/#breadcrumb"},"inLanguage":"es","potentialAction":[{"@type":"ReadAction","target":["https:\/\/telocuentavictorhugo.com\/index.php\/2025\/08\/19\/papa-leon-xiv-felicita-a-bolivia-por-su-bicentenario-y-arce-agradece-su-saludo\/"]}]},{"@type":"ImageObject","inLanguage":"es","@id":"https:\/\/telocuentavictorhugo.com\/index.php\/2025\/08\/19\/papa-leon-xiv-felicita-a-bolivia-por-su-bicentenario-y-arce-agradece-su-saludo\/#primaryimage","url":"https:\/\/telocuentavictorhugo.com\/wp-content\/uploads\/2025\/08\/5-1.jpg","contentUrl":"https:\/\/telocuentavictorhugo.com\/wp-content\/uploads\/2025\/08\/5-1.jpg","width":1263,"height":653},{"@type":"BreadcrumbList","@id":"https:\/\/telocuentavictorhugo.com\/index.php\/2025\/08\/19\/papa-leon-xiv-felicita-a-bolivia-por-su-bicentenario-y-arce-agradece-su-saludo\/#breadcrumb","itemListElement":[{"@type":"ListItem","position":1,"name":"Portada","item":"https:\/\/telocuentavictorhugo.com\/"},{"@type":"ListItem","position":2,"name":"PAPA LE\u00d3N XIV FELICITA A BOLIVIA POR SU BICENTENARIO Y ARCE AGRADECE SU SALUDO"}]},{"@type":"WebSite","@id":"https:\/\/telocuentavictorhugo.com\/#website","url":"https:\/\/telocuentavictorhugo.com\/","name":"Te lo Cuenta Victor","description":"","publisher":{"@id":"https:\/\/telocuentavictorhugo.com\/#organization"},"potentialAction":[{"@type":"SearchAction","target":{"@type":"EntryPoint","urlTemplate":"https:\/\/telocuentavictorhugo.com\/?s={search_term_string}"},"query-input":{"@type":"PropertyValueSpecification","valueRequired":true,"valueName":"search_term_string"}}],"inLanguage":"es"},{"@type":"Organization","@id":"https:\/\/telocuentavictorhugo.com\/#organization","name":"Te lo Cuenta Victor","url":"https:\/\/telocuentavictorhugo.com\/","logo":{"@type":"ImageObject","inLanguage":"es","@id":"https:\/\/telocuentavictorhugo.com\/#\/schema\/logo\/image\/","url":"https:\/\/telocuentavictorhugo.com\/wp-content\/uploads\/2023\/12\/Logo.png","contentUrl":"https:\/\/telocuentavictorhugo.com\/wp-content\/uploads\/2023\/12\/Logo.png","width":1080,"height":176,"caption":"Te lo Cuenta Victor"},"image":{"@id":"https:\/\/telocuentavictorhugo.com\/#\/schema\/logo\/image\/"}},{"@type":"Person","@id":"https:\/\/telocuentavictorhugo.com\/#\/schema\/person\/a8307d7271ba2849b49b562ad8602f06","name":"telocuentavictorhugo.com","image":{"@type":"ImageObject","inLanguage":"es","@id":"https:\/\/secure.gravatar.com\/avatar\/da212e7b532df19fd2aea5daf46d8c176abfc85521e4b80ed435d7426ef63eb6?s=96&d=mm&r=g","url":"https:\/\/secure.gravatar.com\/avatar\/da212e7b532df19fd2aea5daf46d8c176abfc85521e4b80ed435d7426ef63eb6?s=96&d=mm&r=g","contentUrl":"https:\/\/secure.gravatar.com\/avatar\/da212e7b532df19fd2aea5daf46d8c176abfc85521e4b80ed435d7426ef63eb6?s=96&d=mm&r=g","caption":"telocuentavictorhugo.com"},"sameAs":["http:\/\/telocuentavictorhugo.com"],"url":"https:\/\/telocuentavictorhugo.com\/index.php\/author\/plustvpress-com\/"}]}},"_links":{"self":[{"href":"https:\/\/telocuentavictorhugo.com\/index.php\/wp-json\/wp\/v2\/posts\/8874","targetHints":{"allow":["GET"]}}],"collection":[{"href":"https:\/\/telocuentavictorhugo.com\/index.php\/wp-json\/wp\/v2\/posts"}],"about":[{"href":"https:\/\/telocuentavictorhugo.com\/index.php\/wp-json\/wp\/v2\/types\/post"}],"author":[{"embeddable":true,"href":"https:\/\/telocuentavictorhugo.com\/index.php\/wp-json\/wp\/v2\/users\/1"}],"replies":[{"embeddable":true,"href":"https:\/\/telocuentavictorhugo.com\/index.php\/wp-json\/wp\/v2\/comments?post=8874"}],"version-history":[{"count":1,"href":"https:\/\/telocuentavictorhugo.com\/index.php\/wp-json\/wp\/v2\/posts\/8874\/revisions"}],"predecessor-version":[{"id":8891,"href":"https:\/\/telocuentavictorhugo.com\/index.php\/wp-json\/wp\/v2\/posts\/8874\/revisions\/8891"}],"wp:featuredmedia":[{"embeddable":true,"href":"https:\/\/telocuentavictorhugo.com\/index.php\/wp-json\/wp\/v2\/media\/8883"}],"wp:attachment":[{"href":"https:\/\/telocuentavictorhugo.com\/index.php\/wp-json\/wp\/v2\/media?parent=8874"}],"wp:term":[{"taxonomy":"category","embeddable":true,"href":"https:\/\/telocuentavictorhugo.com\/index.php\/wp-json\/wp\/v2\/categories?post=8874"},{"taxonomy":"post_tag","embeddable":true,"href":"https:\/\/telocuentavictorhugo.com\/index.php\/wp-json\/wp\/v2\/tags?post=8874"}],"curies":[{"name":"wp","href":"https:\/\/api.w.org\/{rel}","templated":true}]}}