{"id":8670,"date":"2025-07-31T01:34:59","date_gmt":"2025-07-31T05:34:59","guid":{"rendered":"https:\/\/telocuentavictorhugo.com\/?p=8670"},"modified":"2025-07-31T01:35:00","modified_gmt":"2025-07-31T05:35:00","slug":"bolivia-responde-a-boluarte-y-cita-a-su-encargado-de-negocios","status":"publish","type":"post","link":"https:\/\/telocuentavictorhugo.com\/index.php\/2025\/07\/31\/bolivia-responde-a-boluarte-y-cita-a-su-encargado-de-negocios\/","title":{"rendered":"BOLIVIA RESPONDE A BOLUARTE Y CITA A SU ENCARGADO DE NEGOCIOS"},"content":{"rendered":"\n<p>Bolivia rechaza las declaraciones de la presidenta de Per\u00fa, Dina Boluarte, quien durante su discurso por el D\u00eda de la Independencia afirm\u00f3 que su pa\u00eds evit\u00f3 convertirse en un \u201cEstado fallido\u201d como Bolivia, Cuba y Venezuela. La Canciller\u00eda boliviana convoc\u00f3 al encargado de negocios peruano en La Paz para expresar su malestar y calificar las palabras de Boluarte como \u201cinadmisibles\u201d, en medio de una relaci\u00f3n diplom\u00e1tica marcada por la cooperaci\u00f3n y el di\u00e1logo t\u00e9cnico.<\/p>\n\n\n\n<figure class=\"wp-block-embed is-type-video is-provider-youtube wp-block-embed-youtube wp-embed-aspect-16-9 wp-has-aspect-ratio\"><div class=\"wp-block-embed__wrapper\">\n<iframe title=\"BOLIVIA RESPONDE A BOLUARTE Y CITA A SU ENCARGADO DE NEGOCIOS\" width=\"800\" height=\"450\" src=\"https:\/\/www.youtube.com\/embed\/5YBYgf-TeKo?feature=oembed\" frameborder=\"0\" allow=\"accelerometer; autoplay; clipboard-write; encrypted-media; gyroscope; picture-in-picture; web-share\" referrerpolicy=\"strict-origin-when-cross-origin\" allowfullscreen><\/iframe>\n<\/div><\/figure>\n","protected":false},"excerpt":{"rendered":"<p>Bolivia rechaza las declaraciones de la presidenta de Per\u00fa, Dina Boluarte, quien durante su discurso por el D\u00eda de la Independencia afirm\u00f3 que su pa\u00eds evit\u00f3 convertirse en un \u201cEstado fallido\u201d como Bolivia, Cuba y Venezuela. La Canciller\u00eda boliviana convoc\u00f3 al encargado de negocios peruano en La Paz para expresar su malestar y calificar las [&hellip;]<\/p>\n","protected":false},"author":1,"featured_media":8681,"comment_status":"open","ping_status":"open","sticky":false,"template":"","format":"standard","meta":{"_eb_attr":"","footnotes":""},"categories":[46,1,42],"tags":[],"class_list":["post-8670","post","type-post","status-publish","format-standard","has-post-thumbnail","hentry","category-internacional","category-noticias","category-politica"],"yoast_head":"<!-- This site is optimized with the Yoast SEO plugin v27.4 - https:\/\/yoast.com\/product\/yoast-seo-wordpress\/ -->\n<title>BOLIVIA RESPONDE A BOLUARTE Y CITA A SU ENCARGADO DE NEGOCIOS - Te lo Cuenta Victor<\/title>\n<meta name=\"robots\" content=\"index, follow, max-snippet:-1, max-image-preview:large, max-video-preview:-1\" \/>\n<link rel=\"canonical\" href=\"https:\/\/telocuentavictorhugo.com\/index.php\/2025\/07\/31\/bolivia-responde-a-boluarte-y-cita-a-su-encargado-de-negocios\/\" \/>\n<meta property=\"og:locale\" content=\"es_ES\" \/>\n<meta property=\"og:type\" content=\"article\" \/>\n<meta property=\"og:title\" content=\"BOLIVIA RESPONDE A BOLUARTE Y CITA A SU ENCARGADO DE NEGOCIOS - Te lo Cuenta Victor\" \/>\n<meta property=\"og:description\" content=\"Bolivia rechaza las declaraciones de la presidenta de Per\u00fa, Dina Boluarte, quien durante su discurso por el D\u00eda de la Independencia afirm\u00f3 que su pa\u00eds evit\u00f3 convertirse en un \u201cEstado fallido\u201d como Bolivia, Cuba y Venezuela. La Canciller\u00eda boliviana convoc\u00f3 al encargado de negocios peruano en La Paz para expresar su malestar y calificar las [&hellip;]\" \/>\n<meta property=\"og:url\" content=\"https:\/\/telocuentavictorhugo.com\/index.php\/2025\/07\/31\/bolivia-responde-a-boluarte-y-cita-a-su-encargado-de-negocios\/\" \/>\n<meta property=\"og:site_name\" content=\"Te lo Cuenta Victor\" \/>\n<meta property=\"article:published_time\" content=\"2025-07-31T05:34:59+00:00\" \/>\n<meta property=\"article:modified_time\" content=\"2025-07-31T05:35:00+00:00\" \/>\n<meta property=\"og:image\" content=\"http:\/\/telocuentavictorhugo.com\/wp-content\/uploads\/2025\/07\/5.1.-BOLUARTE-BOLIVIA-TK-1.png\" \/>\n\t<meta property=\"og:image:width\" content=\"1000\" \/>\n\t<meta property=\"og:image:height\" content=\"1333\" \/>\n\t<meta property=\"og:image:type\" content=\"image\/png\" \/>\n<meta name=\"author\" content=\"telocuentavictorhugo.com\" \/>\n<meta name=\"twitter:card\" content=\"summary_large_image\" \/>\n<meta name=\"twitter:label1\" content=\"Escrito por\" \/>\n\t<meta name=\"twitter:data1\" content=\"telocuentavictorhugo.com\" \/>\n\t<meta name=\"twitter:label2\" content=\"Tiempo de lectura\" \/>\n\t<meta name=\"twitter:data2\" content=\"1 minuto\" \/>\n<script type=\"application\/ld+json\" class=\"yoast-schema-graph\">{\"@context\":\"https:\\\/\\\/schema.org\",\"@graph\":[{\"@type\":\"Article\",\"@id\":\"https:\\\/\\\/telocuentavictorhugo.com\\\/index.php\\\/2025\\\/07\\\/31\\\/bolivia-responde-a-boluarte-y-cita-a-su-encargado-de-negocios\\\/#article\",\"isPartOf\":{\"@id\":\"https:\\\/\\\/telocuentavictorhugo.com\\\/index.php\\\/2025\\\/07\\\/31\\\/bolivia-responde-a-boluarte-y-cita-a-su-encargado-de-negocios\\\/\"},\"author\":{\"name\":\"telocuentavictorhugo.com\",\"@id\":\"https:\\\/\\\/telocuentavictorhugo.com\\\/#\\\/schema\\\/person\\\/a8307d7271ba2849b49b562ad8602f06\"},\"headline\":\"BOLIVIA RESPONDE A BOLUARTE Y CITA A SU ENCARGADO DE NEGOCIOS\",\"datePublished\":\"2025-07-31T05:34:59+00:00\",\"dateModified\":\"2025-07-31T05:35:00+00:00\",\"mainEntityOfPage\":{\"@id\":\"https:\\\/\\\/telocuentavictorhugo.com\\\/index.php\\\/2025\\\/07\\\/31\\\/bolivia-responde-a-boluarte-y-cita-a-su-encargado-de-negocios\\\/\"},\"wordCount\":97,\"commentCount\":0,\"publisher\":{\"@id\":\"https:\\\/\\\/telocuentavictorhugo.com\\\/#organization\"},\"image\":{\"@id\":\"https:\\\/\\\/telocuentavictorhugo.com\\\/index.php\\\/2025\\\/07\\\/31\\\/bolivia-responde-a-boluarte-y-cita-a-su-encargado-de-negocios\\\/#primaryimage\"},\"thumbnailUrl\":\"https:\\\/\\\/telocuentavictorhugo.com\\\/wp-content\\\/uploads\\\/2025\\\/07\\\/5.1.-BOLUARTE-BOLIVIA-TK-1.png\",\"articleSection\":[\"Internacional\",\"Noticias\",\"Pol\u00edtica\"],\"inLanguage\":\"es\",\"potentialAction\":[{\"@type\":\"CommentAction\",\"name\":\"Comment\",\"target\":[\"https:\\\/\\\/telocuentavictorhugo.com\\\/index.php\\\/2025\\\/07\\\/31\\\/bolivia-responde-a-boluarte-y-cita-a-su-encargado-de-negocios\\\/#respond\"]}]},{\"@type\":\"WebPage\",\"@id\":\"https:\\\/\\\/telocuentavictorhugo.com\\\/index.php\\\/2025\\\/07\\\/31\\\/bolivia-responde-a-boluarte-y-cita-a-su-encargado-de-negocios\\\/\",\"url\":\"https:\\\/\\\/telocuentavictorhugo.com\\\/index.php\\\/2025\\\/07\\\/31\\\/bolivia-responde-a-boluarte-y-cita-a-su-encargado-de-negocios\\\/\",\"name\":\"BOLIVIA RESPONDE A BOLUARTE Y CITA A SU ENCARGADO DE NEGOCIOS - Te lo Cuenta Victor\",\"isPartOf\":{\"@id\":\"https:\\\/\\\/telocuentavictorhugo.com\\\/#website\"},\"primaryImageOfPage\":{\"@id\":\"https:\\\/\\\/telocuentavictorhugo.com\\\/index.php\\\/2025\\\/07\\\/31\\\/bolivia-responde-a-boluarte-y-cita-a-su-encargado-de-negocios\\\/#primaryimage\"},\"image\":{\"@id\":\"https:\\\/\\\/telocuentavictorhugo.com\\\/index.php\\\/2025\\\/07\\\/31\\\/bolivia-responde-a-boluarte-y-cita-a-su-encargado-de-negocios\\\/#primaryimage\"},\"thumbnailUrl\":\"https:\\\/\\\/telocuentavictorhugo.com\\\/wp-content\\\/uploads\\\/2025\\\/07\\\/5.1.-BOLUARTE-BOLIVIA-TK-1.png\",\"datePublished\":\"2025-07-31T05:34:59+00:00\",\"dateModified\":\"2025-07-31T05:35:00+00:00\",\"breadcrumb\":{\"@id\":\"https:\\\/\\\/telocuentavictorhugo.com\\\/index.php\\\/2025\\\/07\\\/31\\\/bolivia-responde-a-boluarte-y-cita-a-su-encargado-de-negocios\\\/#breadcrumb\"},\"inLanguage\":\"es\",\"potentialAction\":[{\"@type\":\"ReadAction\",\"target\":[\"https:\\\/\\\/telocuentavictorhugo.com\\\/index.php\\\/2025\\\/07\\\/31\\\/bolivia-responde-a-boluarte-y-cita-a-su-encargado-de-negocios\\\/\"]}]},{\"@type\":\"ImageObject\",\"inLanguage\":\"es\",\"@id\":\"https:\\\/\\\/telocuentavictorhugo.com\\\/index.php\\\/2025\\\/07\\\/31\\\/bolivia-responde-a-boluarte-y-cita-a-su-encargado-de-negocios\\\/#primaryimage\",\"url\":\"https:\\\/\\\/telocuentavictorhugo.com\\\/wp-content\\\/uploads\\\/2025\\\/07\\\/5.1.-BOLUARTE-BOLIVIA-TK-1.png\",\"contentUrl\":\"https:\\\/\\\/telocuentavictorhugo.com\\\/wp-content\\\/uploads\\\/2025\\\/07\\\/5.1.-BOLUARTE-BOLIVIA-TK-1.png\",\"width\":1000,\"height\":1333},{\"@type\":\"BreadcrumbList\",\"@id\":\"https:\\\/\\\/telocuentavictorhugo.com\\\/index.php\\\/2025\\\/07\\\/31\\\/bolivia-responde-a-boluarte-y-cita-a-su-encargado-de-negocios\\\/#breadcrumb\",\"itemListElement\":[{\"@type\":\"ListItem\",\"position\":1,\"name\":\"Portada\",\"item\":\"https:\\\/\\\/telocuentavictorhugo.com\\\/\"},{\"@type\":\"ListItem\",\"position\":2,\"name\":\"BOLIVIA RESPONDE A BOLUARTE Y CITA A SU ENCARGADO DE NEGOCIOS\"}]},{\"@type\":\"WebSite\",\"@id\":\"https:\\\/\\\/telocuentavictorhugo.com\\\/#website\",\"url\":\"https:\\\/\\\/telocuentavictorhugo.com\\\/\",\"name\":\"Te lo Cuenta Victor\",\"description\":\"\",\"publisher\":{\"@id\":\"https:\\\/\\\/telocuentavictorhugo.com\\\/#organization\"},\"potentialAction\":[{\"@type\":\"SearchAction\",\"target\":{\"@type\":\"EntryPoint\",\"urlTemplate\":\"https:\\\/\\\/telocuentavictorhugo.com\\\/?s={search_term_string}\"},\"query-input\":{\"@type\":\"PropertyValueSpecification\",\"valueRequired\":true,\"valueName\":\"search_term_string\"}}],\"inLanguage\":\"es\"},{\"@type\":\"Organization\",\"@id\":\"https:\\\/\\\/telocuentavictorhugo.com\\\/#organization\",\"name\":\"Te lo Cuenta Victor\",\"url\":\"https:\\\/\\\/telocuentavictorhugo.com\\\/\",\"logo\":{\"@type\":\"ImageObject\",\"inLanguage\":\"es\",\"@id\":\"https:\\\/\\\/telocuentavictorhugo.com\\\/#\\\/schema\\\/logo\\\/image\\\/\",\"url\":\"https:\\\/\\\/telocuentavictorhugo.com\\\/wp-content\\\/uploads\\\/2023\\\/12\\\/Logo.png\",\"contentUrl\":\"https:\\\/\\\/telocuentavictorhugo.com\\\/wp-content\\\/uploads\\\/2023\\\/12\\\/Logo.png\",\"width\":1080,\"height\":176,\"caption\":\"Te lo Cuenta Victor\"},\"image\":{\"@id\":\"https:\\\/\\\/telocuentavictorhugo.com\\\/#\\\/schema\\\/logo\\\/image\\\/\"}},{\"@type\":\"Person\",\"@id\":\"https:\\\/\\\/telocuentavictorhugo.com\\\/#\\\/schema\\\/person\\\/a8307d7271ba2849b49b562ad8602f06\",\"name\":\"telocuentavictorhugo.com\",\"image\":{\"@type\":\"ImageObject\",\"inLanguage\":\"es\",\"@id\":\"https:\\\/\\\/secure.gravatar.com\\\/avatar\\\/da212e7b532df19fd2aea5daf46d8c176abfc85521e4b80ed435d7426ef63eb6?s=96&d=mm&r=g\",\"url\":\"https:\\\/\\\/secure.gravatar.com\\\/avatar\\\/da212e7b532df19fd2aea5daf46d8c176abfc85521e4b80ed435d7426ef63eb6?s=96&d=mm&r=g\",\"contentUrl\":\"https:\\\/\\\/secure.gravatar.com\\\/avatar\\\/da212e7b532df19fd2aea5daf46d8c176abfc85521e4b80ed435d7426ef63eb6?s=96&d=mm&r=g\",\"caption\":\"telocuentavictorhugo.com\"},\"sameAs\":[\"http:\\\/\\\/telocuentavictorhugo.com\"],\"url\":\"https:\\\/\\\/telocuentavictorhugo.com\\\/index.php\\\/author\\\/plustvpress-com\\\/\"}]}<\/script>\n<!-- \/ Yoast SEO plugin. -->","yoast_head_json":{"title":"BOLIVIA RESPONDE A BOLUARTE Y CITA A SU ENCARGADO DE NEGOCIOS - Te lo Cuenta Victor","robots":{"index":"index","follow":"follow","max-snippet":"max-snippet:-1","max-image-preview":"max-image-preview:large","max-video-preview":"max-video-preview:-1"},"canonical":"https:\/\/telocuentavictorhugo.com\/index.php\/2025\/07\/31\/bolivia-responde-a-boluarte-y-cita-a-su-encargado-de-negocios\/","og_locale":"es_ES","og_type":"article","og_title":"BOLIVIA RESPONDE A BOLUARTE Y CITA A SU ENCARGADO DE NEGOCIOS - Te lo Cuenta Victor","og_description":"Bolivia rechaza las declaraciones de la presidenta de Per\u00fa, Dina Boluarte, quien durante su discurso por el D\u00eda de la Independencia afirm\u00f3 que su pa\u00eds evit\u00f3 convertirse en un \u201cEstado fallido\u201d como Bolivia, Cuba y Venezuela. La Canciller\u00eda boliviana convoc\u00f3 al encargado de negocios peruano en La Paz para expresar su malestar y calificar las [&hellip;]","og_url":"https:\/\/telocuentavictorhugo.com\/index.php\/2025\/07\/31\/bolivia-responde-a-boluarte-y-cita-a-su-encargado-de-negocios\/","og_site_name":"Te lo Cuenta Victor","article_published_time":"2025-07-31T05:34:59+00:00","article_modified_time":"2025-07-31T05:35:00+00:00","og_image":[{"width":1000,"height":1333,"url":"http:\/\/telocuentavictorhugo.com\/wp-content\/uploads\/2025\/07\/5.1.-BOLUARTE-BOLIVIA-TK-1.png","type":"image\/png"}],"author":"telocuentavictorhugo.com","twitter_card":"summary_large_image","twitter_misc":{"Escrito por":"telocuentavictorhugo.com","Tiempo de lectura":"1 minuto"},"schema":{"@context":"https:\/\/schema.org","@graph":[{"@type":"Article","@id":"https:\/\/telocuentavictorhugo.com\/index.php\/2025\/07\/31\/bolivia-responde-a-boluarte-y-cita-a-su-encargado-de-negocios\/#article","isPartOf":{"@id":"https:\/\/telocuentavictorhugo.com\/index.php\/2025\/07\/31\/bolivia-responde-a-boluarte-y-cita-a-su-encargado-de-negocios\/"},"author":{"name":"telocuentavictorhugo.com","@id":"https:\/\/telocuentavictorhugo.com\/#\/schema\/person\/a8307d7271ba2849b49b562ad8602f06"},"headline":"BOLIVIA RESPONDE A BOLUARTE Y CITA A SU ENCARGADO DE NEGOCIOS","datePublished":"2025-07-31T05:34:59+00:00","dateModified":"2025-07-31T05:35:00+00:00","mainEntityOfPage":{"@id":"https:\/\/telocuentavictorhugo.com\/index.php\/2025\/07\/31\/bolivia-responde-a-boluarte-y-cita-a-su-encargado-de-negocios\/"},"wordCount":97,"commentCount":0,"publisher":{"@id":"https:\/\/telocuentavictorhugo.com\/#organization"},"image":{"@id":"https:\/\/telocuentavictorhugo.com\/index.php\/2025\/07\/31\/bolivia-responde-a-boluarte-y-cita-a-su-encargado-de-negocios\/#primaryimage"},"thumbnailUrl":"https:\/\/telocuentavictorhugo.com\/wp-content\/uploads\/2025\/07\/5.1.-BOLUARTE-BOLIVIA-TK-1.png","articleSection":["Internacional","Noticias","Pol\u00edtica"],"inLanguage":"es","potentialAction":[{"@type":"CommentAction","name":"Comment","target":["https:\/\/telocuentavictorhugo.com\/index.php\/2025\/07\/31\/bolivia-responde-a-boluarte-y-cita-a-su-encargado-de-negocios\/#respond"]}]},{"@type":"WebPage","@id":"https:\/\/telocuentavictorhugo.com\/index.php\/2025\/07\/31\/bolivia-responde-a-boluarte-y-cita-a-su-encargado-de-negocios\/","url":"https:\/\/telocuentavictorhugo.com\/index.php\/2025\/07\/31\/bolivia-responde-a-boluarte-y-cita-a-su-encargado-de-negocios\/","name":"BOLIVIA RESPONDE A BOLUARTE Y CITA A SU ENCARGADO DE NEGOCIOS - Te lo Cuenta Victor","isPartOf":{"@id":"https:\/\/telocuentavictorhugo.com\/#website"},"primaryImageOfPage":{"@id":"https:\/\/telocuentavictorhugo.com\/index.php\/2025\/07\/31\/bolivia-responde-a-boluarte-y-cita-a-su-encargado-de-negocios\/#primaryimage"},"image":{"@id":"https:\/\/telocuentavictorhugo.com\/index.php\/2025\/07\/31\/bolivia-responde-a-boluarte-y-cita-a-su-encargado-de-negocios\/#primaryimage"},"thumbnailUrl":"https:\/\/telocuentavictorhugo.com\/wp-content\/uploads\/2025\/07\/5.1.-BOLUARTE-BOLIVIA-TK-1.png","datePublished":"2025-07-31T05:34:59+00:00","dateModified":"2025-07-31T05:35:00+00:00","breadcrumb":{"@id":"https:\/\/telocuentavictorhugo.com\/index.php\/2025\/07\/31\/bolivia-responde-a-boluarte-y-cita-a-su-encargado-de-negocios\/#breadcrumb"},"inLanguage":"es","potentialAction":[{"@type":"ReadAction","target":["https:\/\/telocuentavictorhugo.com\/index.php\/2025\/07\/31\/bolivia-responde-a-boluarte-y-cita-a-su-encargado-de-negocios\/"]}]},{"@type":"ImageObject","inLanguage":"es","@id":"https:\/\/telocuentavictorhugo.com\/index.php\/2025\/07\/31\/bolivia-responde-a-boluarte-y-cita-a-su-encargado-de-negocios\/#primaryimage","url":"https:\/\/telocuentavictorhugo.com\/wp-content\/uploads\/2025\/07\/5.1.-BOLUARTE-BOLIVIA-TK-1.png","contentUrl":"https:\/\/telocuentavictorhugo.com\/wp-content\/uploads\/2025\/07\/5.1.-BOLUARTE-BOLIVIA-TK-1.png","width":1000,"height":1333},{"@type":"BreadcrumbList","@id":"https:\/\/telocuentavictorhugo.com\/index.php\/2025\/07\/31\/bolivia-responde-a-boluarte-y-cita-a-su-encargado-de-negocios\/#breadcrumb","itemListElement":[{"@type":"ListItem","position":1,"name":"Portada","item":"https:\/\/telocuentavictorhugo.com\/"},{"@type":"ListItem","position":2,"name":"BOLIVIA RESPONDE A BOLUARTE Y CITA A SU ENCARGADO DE NEGOCIOS"}]},{"@type":"WebSite","@id":"https:\/\/telocuentavictorhugo.com\/#website","url":"https:\/\/telocuentavictorhugo.com\/","name":"Te lo Cuenta Victor","description":"","publisher":{"@id":"https:\/\/telocuentavictorhugo.com\/#organization"},"potentialAction":[{"@type":"SearchAction","target":{"@type":"EntryPoint","urlTemplate":"https:\/\/telocuentavictorhugo.com\/?s={search_term_string}"},"query-input":{"@type":"PropertyValueSpecification","valueRequired":true,"valueName":"search_term_string"}}],"inLanguage":"es"},{"@type":"Organization","@id":"https:\/\/telocuentavictorhugo.com\/#organization","name":"Te lo Cuenta Victor","url":"https:\/\/telocuentavictorhugo.com\/","logo":{"@type":"ImageObject","inLanguage":"es","@id":"https:\/\/telocuentavictorhugo.com\/#\/schema\/logo\/image\/","url":"https:\/\/telocuentavictorhugo.com\/wp-content\/uploads\/2023\/12\/Logo.png","contentUrl":"https:\/\/telocuentavictorhugo.com\/wp-content\/uploads\/2023\/12\/Logo.png","width":1080,"height":176,"caption":"Te lo Cuenta Victor"},"image":{"@id":"https:\/\/telocuentavictorhugo.com\/#\/schema\/logo\/image\/"}},{"@type":"Person","@id":"https:\/\/telocuentavictorhugo.com\/#\/schema\/person\/a8307d7271ba2849b49b562ad8602f06","name":"telocuentavictorhugo.com","image":{"@type":"ImageObject","inLanguage":"es","@id":"https:\/\/secure.gravatar.com\/avatar\/da212e7b532df19fd2aea5daf46d8c176abfc85521e4b80ed435d7426ef63eb6?s=96&d=mm&r=g","url":"https:\/\/secure.gravatar.com\/avatar\/da212e7b532df19fd2aea5daf46d8c176abfc85521e4b80ed435d7426ef63eb6?s=96&d=mm&r=g","contentUrl":"https:\/\/secure.gravatar.com\/avatar\/da212e7b532df19fd2aea5daf46d8c176abfc85521e4b80ed435d7426ef63eb6?s=96&d=mm&r=g","caption":"telocuentavictorhugo.com"},"sameAs":["http:\/\/telocuentavictorhugo.com"],"url":"https:\/\/telocuentavictorhugo.com\/index.php\/author\/plustvpress-com\/"}]}},"_links":{"self":[{"href":"https:\/\/telocuentavictorhugo.com\/index.php\/wp-json\/wp\/v2\/posts\/8670","targetHints":{"allow":["GET"]}}],"collection":[{"href":"https:\/\/telocuentavictorhugo.com\/index.php\/wp-json\/wp\/v2\/posts"}],"about":[{"href":"https:\/\/telocuentavictorhugo.com\/index.php\/wp-json\/wp\/v2\/types\/post"}],"author":[{"embeddable":true,"href":"https:\/\/telocuentavictorhugo.com\/index.php\/wp-json\/wp\/v2\/users\/1"}],"replies":[{"embeddable":true,"href":"https:\/\/telocuentavictorhugo.com\/index.php\/wp-json\/wp\/v2\/comments?post=8670"}],"version-history":[{"count":1,"href":"https:\/\/telocuentavictorhugo.com\/index.php\/wp-json\/wp\/v2\/posts\/8670\/revisions"}],"predecessor-version":[{"id":8682,"href":"https:\/\/telocuentavictorhugo.com\/index.php\/wp-json\/wp\/v2\/posts\/8670\/revisions\/8682"}],"wp:featuredmedia":[{"embeddable":true,"href":"https:\/\/telocuentavictorhugo.com\/index.php\/wp-json\/wp\/v2\/media\/8681"}],"wp:attachment":[{"href":"https:\/\/telocuentavictorhugo.com\/index.php\/wp-json\/wp\/v2\/media?parent=8670"}],"wp:term":[{"taxonomy":"category","embeddable":true,"href":"https:\/\/telocuentavictorhugo.com\/index.php\/wp-json\/wp\/v2\/categories?post=8670"},{"taxonomy":"post_tag","embeddable":true,"href":"https:\/\/telocuentavictorhugo.com\/index.php\/wp-json\/wp\/v2\/tags?post=8670"}],"curies":[{"name":"wp","href":"https:\/\/api.w.org\/{rel}","templated":true}]}}