{"id":8599,"date":"2025-07-16T22:07:02","date_gmt":"2025-07-17T02:07:02","guid":{"rendered":"https:\/\/telocuentavictorhugo.com\/?p=8599"},"modified":"2025-07-16T22:07:03","modified_gmt":"2025-07-17T02:07:03","slug":"arce-afirma-su-legado-es-la-marcha-al-norte-en-la-lucha-por-la-paz","status":"publish","type":"post","link":"https:\/\/telocuentavictorhugo.com\/index.php\/2025\/07\/16\/arce-afirma-su-legado-es-la-marcha-al-norte-en-la-lucha-por-la-paz\/","title":{"rendered":"ARCE AFIRMA: SU LEGADO ES LA MARCHA AL NORTE EN LA LUCHA POR LA PAZ"},"content":{"rendered":"\n<p>Durante la celebraci\u00f3n del 216 aniversario del grito libertario en La Paz, el presidente Luis Arce resalt\u00f3 los avances de su gesti\u00f3n, destacando la consolidaci\u00f3n de la marcha al norte, la llegada de regal\u00edas por hidrocarburos en La Paz por primera vez, y la inversi\u00f3n en infraestructura, salud y producci\u00f3n, que buscan fortalecer el desarrollo del departamento.<\/p>\n\n\n\n<figure class=\"wp-block-embed is-type-video is-provider-youtube wp-block-embed-youtube wp-embed-aspect-16-9 wp-has-aspect-ratio\"><div class=\"wp-block-embed__wrapper\">\n<iframe title=\"ARCE AFIRMA: SU LEGADO ES LA MARCHA AL NORTE EN LA LUCHA POR LA PAZ\" width=\"800\" height=\"450\" src=\"https:\/\/www.youtube.com\/embed\/Msxe0Zb_1As?feature=oembed\" frameborder=\"0\" allow=\"accelerometer; autoplay; clipboard-write; encrypted-media; gyroscope; picture-in-picture; web-share\" referrerpolicy=\"strict-origin-when-cross-origin\" allowfullscreen><\/iframe>\n<\/div><\/figure>\n","protected":false},"excerpt":{"rendered":"<p>Durante la celebraci\u00f3n del 216 aniversario del grito libertario en La Paz, el presidente Luis Arce resalt\u00f3 los avances de su gesti\u00f3n, destacando la consolidaci\u00f3n de la marcha al norte, la llegada de regal\u00edas por hidrocarburos en La Paz por primera vez, y la inversi\u00f3n en infraestructura, salud y producci\u00f3n, que buscan fortalecer el desarrollo [&hellip;]<\/p>\n","protected":false},"author":1,"featured_media":8600,"comment_status":"open","ping_status":"open","sticky":false,"template":"","format":"standard","meta":{"_eb_attr":"","footnotes":""},"categories":[1,42],"tags":[],"class_list":["post-8599","post","type-post","status-publish","format-standard","has-post-thumbnail","hentry","category-noticias","category-politica"],"yoast_head":"<!-- This site is optimized with the Yoast SEO plugin v27.4 - https:\/\/yoast.com\/product\/yoast-seo-wordpress\/ -->\n<title>ARCE AFIRMA: SU LEGADO ES LA MARCHA AL NORTE EN LA LUCHA POR LA PAZ - Te lo Cuenta Victor<\/title>\n<meta name=\"robots\" content=\"index, follow, max-snippet:-1, max-image-preview:large, max-video-preview:-1\" \/>\n<link rel=\"canonical\" href=\"https:\/\/telocuentavictorhugo.com\/index.php\/2025\/07\/16\/arce-afirma-su-legado-es-la-marcha-al-norte-en-la-lucha-por-la-paz\/\" \/>\n<meta property=\"og:locale\" content=\"es_ES\" \/>\n<meta property=\"og:type\" content=\"article\" \/>\n<meta property=\"og:title\" content=\"ARCE AFIRMA: SU LEGADO ES LA MARCHA AL NORTE EN LA LUCHA POR LA PAZ - Te lo Cuenta Victor\" \/>\n<meta property=\"og:description\" content=\"Durante la celebraci\u00f3n del 216 aniversario del grito libertario en La Paz, el presidente Luis Arce resalt\u00f3 los avances de su gesti\u00f3n, destacando la consolidaci\u00f3n de la marcha al norte, la llegada de regal\u00edas por hidrocarburos en La Paz por primera vez, y la inversi\u00f3n en infraestructura, salud y producci\u00f3n, que buscan fortalecer el desarrollo [&hellip;]\" \/>\n<meta property=\"og:url\" content=\"https:\/\/telocuentavictorhugo.com\/index.php\/2025\/07\/16\/arce-afirma-su-legado-es-la-marcha-al-norte-en-la-lucha-por-la-paz\/\" \/>\n<meta property=\"og:site_name\" content=\"Te lo Cuenta Victor\" \/>\n<meta property=\"article:published_time\" content=\"2025-07-17T02:07:02+00:00\" \/>\n<meta property=\"article:modified_time\" content=\"2025-07-17T02:07:03+00:00\" \/>\n<meta property=\"og:image\" content=\"http:\/\/telocuentavictorhugo.com\/wp-content\/uploads\/2025\/07\/VDVDVD-1.jpg\" \/>\n\t<meta property=\"og:image:width\" content=\"1278\" \/>\n\t<meta property=\"og:image:height\" content=\"667\" \/>\n\t<meta property=\"og:image:type\" content=\"image\/jpeg\" \/>\n<meta name=\"author\" content=\"telocuentavictorhugo.com\" \/>\n<meta name=\"twitter:card\" content=\"summary_large_image\" \/>\n<meta name=\"twitter:label1\" content=\"Escrito por\" \/>\n\t<meta name=\"twitter:data1\" content=\"telocuentavictorhugo.com\" \/>\n\t<meta name=\"twitter:label2\" content=\"Tiempo de lectura\" \/>\n\t<meta name=\"twitter:data2\" content=\"1 minuto\" \/>\n<script type=\"application\/ld+json\" class=\"yoast-schema-graph\">{\"@context\":\"https:\\\/\\\/schema.org\",\"@graph\":[{\"@type\":\"Article\",\"@id\":\"https:\\\/\\\/telocuentavictorhugo.com\\\/index.php\\\/2025\\\/07\\\/16\\\/arce-afirma-su-legado-es-la-marcha-al-norte-en-la-lucha-por-la-paz\\\/#article\",\"isPartOf\":{\"@id\":\"https:\\\/\\\/telocuentavictorhugo.com\\\/index.php\\\/2025\\\/07\\\/16\\\/arce-afirma-su-legado-es-la-marcha-al-norte-en-la-lucha-por-la-paz\\\/\"},\"author\":{\"name\":\"telocuentavictorhugo.com\",\"@id\":\"https:\\\/\\\/telocuentavictorhugo.com\\\/#\\\/schema\\\/person\\\/a8307d7271ba2849b49b562ad8602f06\"},\"headline\":\"ARCE AFIRMA: SU LEGADO ES LA MARCHA AL NORTE EN LA LUCHA POR LA PAZ\",\"datePublished\":\"2025-07-17T02:07:02+00:00\",\"dateModified\":\"2025-07-17T02:07:03+00:00\",\"mainEntityOfPage\":{\"@id\":\"https:\\\/\\\/telocuentavictorhugo.com\\\/index.php\\\/2025\\\/07\\\/16\\\/arce-afirma-su-legado-es-la-marcha-al-norte-en-la-lucha-por-la-paz\\\/\"},\"wordCount\":83,\"commentCount\":0,\"publisher\":{\"@id\":\"https:\\\/\\\/telocuentavictorhugo.com\\\/#organization\"},\"image\":{\"@id\":\"https:\\\/\\\/telocuentavictorhugo.com\\\/index.php\\\/2025\\\/07\\\/16\\\/arce-afirma-su-legado-es-la-marcha-al-norte-en-la-lucha-por-la-paz\\\/#primaryimage\"},\"thumbnailUrl\":\"https:\\\/\\\/telocuentavictorhugo.com\\\/wp-content\\\/uploads\\\/2025\\\/07\\\/VDVDVD-1.jpg\",\"articleSection\":[\"Noticias\",\"Pol\u00edtica\"],\"inLanguage\":\"es\",\"potentialAction\":[{\"@type\":\"CommentAction\",\"name\":\"Comment\",\"target\":[\"https:\\\/\\\/telocuentavictorhugo.com\\\/index.php\\\/2025\\\/07\\\/16\\\/arce-afirma-su-legado-es-la-marcha-al-norte-en-la-lucha-por-la-paz\\\/#respond\"]}]},{\"@type\":\"WebPage\",\"@id\":\"https:\\\/\\\/telocuentavictorhugo.com\\\/index.php\\\/2025\\\/07\\\/16\\\/arce-afirma-su-legado-es-la-marcha-al-norte-en-la-lucha-por-la-paz\\\/\",\"url\":\"https:\\\/\\\/telocuentavictorhugo.com\\\/index.php\\\/2025\\\/07\\\/16\\\/arce-afirma-su-legado-es-la-marcha-al-norte-en-la-lucha-por-la-paz\\\/\",\"name\":\"ARCE AFIRMA: SU LEGADO ES LA MARCHA AL NORTE EN LA LUCHA POR LA PAZ - Te lo Cuenta Victor\",\"isPartOf\":{\"@id\":\"https:\\\/\\\/telocuentavictorhugo.com\\\/#website\"},\"primaryImageOfPage\":{\"@id\":\"https:\\\/\\\/telocuentavictorhugo.com\\\/index.php\\\/2025\\\/07\\\/16\\\/arce-afirma-su-legado-es-la-marcha-al-norte-en-la-lucha-por-la-paz\\\/#primaryimage\"},\"image\":{\"@id\":\"https:\\\/\\\/telocuentavictorhugo.com\\\/index.php\\\/2025\\\/07\\\/16\\\/arce-afirma-su-legado-es-la-marcha-al-norte-en-la-lucha-por-la-paz\\\/#primaryimage\"},\"thumbnailUrl\":\"https:\\\/\\\/telocuentavictorhugo.com\\\/wp-content\\\/uploads\\\/2025\\\/07\\\/VDVDVD-1.jpg\",\"datePublished\":\"2025-07-17T02:07:02+00:00\",\"dateModified\":\"2025-07-17T02:07:03+00:00\",\"breadcrumb\":{\"@id\":\"https:\\\/\\\/telocuentavictorhugo.com\\\/index.php\\\/2025\\\/07\\\/16\\\/arce-afirma-su-legado-es-la-marcha-al-norte-en-la-lucha-por-la-paz\\\/#breadcrumb\"},\"inLanguage\":\"es\",\"potentialAction\":[{\"@type\":\"ReadAction\",\"target\":[\"https:\\\/\\\/telocuentavictorhugo.com\\\/index.php\\\/2025\\\/07\\\/16\\\/arce-afirma-su-legado-es-la-marcha-al-norte-en-la-lucha-por-la-paz\\\/\"]}]},{\"@type\":\"ImageObject\",\"inLanguage\":\"es\",\"@id\":\"https:\\\/\\\/telocuentavictorhugo.com\\\/index.php\\\/2025\\\/07\\\/16\\\/arce-afirma-su-legado-es-la-marcha-al-norte-en-la-lucha-por-la-paz\\\/#primaryimage\",\"url\":\"https:\\\/\\\/telocuentavictorhugo.com\\\/wp-content\\\/uploads\\\/2025\\\/07\\\/VDVDVD-1.jpg\",\"contentUrl\":\"https:\\\/\\\/telocuentavictorhugo.com\\\/wp-content\\\/uploads\\\/2025\\\/07\\\/VDVDVD-1.jpg\",\"width\":1278,\"height\":667},{\"@type\":\"BreadcrumbList\",\"@id\":\"https:\\\/\\\/telocuentavictorhugo.com\\\/index.php\\\/2025\\\/07\\\/16\\\/arce-afirma-su-legado-es-la-marcha-al-norte-en-la-lucha-por-la-paz\\\/#breadcrumb\",\"itemListElement\":[{\"@type\":\"ListItem\",\"position\":1,\"name\":\"Portada\",\"item\":\"https:\\\/\\\/telocuentavictorhugo.com\\\/\"},{\"@type\":\"ListItem\",\"position\":2,\"name\":\"ARCE AFIRMA: SU LEGADO ES LA MARCHA AL NORTE EN LA LUCHA POR LA PAZ\"}]},{\"@type\":\"WebSite\",\"@id\":\"https:\\\/\\\/telocuentavictorhugo.com\\\/#website\",\"url\":\"https:\\\/\\\/telocuentavictorhugo.com\\\/\",\"name\":\"Te lo Cuenta Victor\",\"description\":\"\",\"publisher\":{\"@id\":\"https:\\\/\\\/telocuentavictorhugo.com\\\/#organization\"},\"potentialAction\":[{\"@type\":\"SearchAction\",\"target\":{\"@type\":\"EntryPoint\",\"urlTemplate\":\"https:\\\/\\\/telocuentavictorhugo.com\\\/?s={search_term_string}\"},\"query-input\":{\"@type\":\"PropertyValueSpecification\",\"valueRequired\":true,\"valueName\":\"search_term_string\"}}],\"inLanguage\":\"es\"},{\"@type\":\"Organization\",\"@id\":\"https:\\\/\\\/telocuentavictorhugo.com\\\/#organization\",\"name\":\"Te lo Cuenta Victor\",\"url\":\"https:\\\/\\\/telocuentavictorhugo.com\\\/\",\"logo\":{\"@type\":\"ImageObject\",\"inLanguage\":\"es\",\"@id\":\"https:\\\/\\\/telocuentavictorhugo.com\\\/#\\\/schema\\\/logo\\\/image\\\/\",\"url\":\"https:\\\/\\\/telocuentavictorhugo.com\\\/wp-content\\\/uploads\\\/2023\\\/12\\\/Logo.png\",\"contentUrl\":\"https:\\\/\\\/telocuentavictorhugo.com\\\/wp-content\\\/uploads\\\/2023\\\/12\\\/Logo.png\",\"width\":1080,\"height\":176,\"caption\":\"Te lo Cuenta Victor\"},\"image\":{\"@id\":\"https:\\\/\\\/telocuentavictorhugo.com\\\/#\\\/schema\\\/logo\\\/image\\\/\"}},{\"@type\":\"Person\",\"@id\":\"https:\\\/\\\/telocuentavictorhugo.com\\\/#\\\/schema\\\/person\\\/a8307d7271ba2849b49b562ad8602f06\",\"name\":\"telocuentavictorhugo.com\",\"image\":{\"@type\":\"ImageObject\",\"inLanguage\":\"es\",\"@id\":\"https:\\\/\\\/secure.gravatar.com\\\/avatar\\\/da212e7b532df19fd2aea5daf46d8c176abfc85521e4b80ed435d7426ef63eb6?s=96&d=mm&r=g\",\"url\":\"https:\\\/\\\/secure.gravatar.com\\\/avatar\\\/da212e7b532df19fd2aea5daf46d8c176abfc85521e4b80ed435d7426ef63eb6?s=96&d=mm&r=g\",\"contentUrl\":\"https:\\\/\\\/secure.gravatar.com\\\/avatar\\\/da212e7b532df19fd2aea5daf46d8c176abfc85521e4b80ed435d7426ef63eb6?s=96&d=mm&r=g\",\"caption\":\"telocuentavictorhugo.com\"},\"sameAs\":[\"http:\\\/\\\/telocuentavictorhugo.com\"],\"url\":\"https:\\\/\\\/telocuentavictorhugo.com\\\/index.php\\\/author\\\/plustvpress-com\\\/\"}]}<\/script>\n<!-- \/ Yoast SEO plugin. -->","yoast_head_json":{"title":"ARCE AFIRMA: SU LEGADO ES LA MARCHA AL NORTE EN LA LUCHA POR LA PAZ - Te lo Cuenta Victor","robots":{"index":"index","follow":"follow","max-snippet":"max-snippet:-1","max-image-preview":"max-image-preview:large","max-video-preview":"max-video-preview:-1"},"canonical":"https:\/\/telocuentavictorhugo.com\/index.php\/2025\/07\/16\/arce-afirma-su-legado-es-la-marcha-al-norte-en-la-lucha-por-la-paz\/","og_locale":"es_ES","og_type":"article","og_title":"ARCE AFIRMA: SU LEGADO ES LA MARCHA AL NORTE EN LA LUCHA POR LA PAZ - Te lo Cuenta Victor","og_description":"Durante la celebraci\u00f3n del 216 aniversario del grito libertario en La Paz, el presidente Luis Arce resalt\u00f3 los avances de su gesti\u00f3n, destacando la consolidaci\u00f3n de la marcha al norte, la llegada de regal\u00edas por hidrocarburos en La Paz por primera vez, y la inversi\u00f3n en infraestructura, salud y producci\u00f3n, que buscan fortalecer el desarrollo [&hellip;]","og_url":"https:\/\/telocuentavictorhugo.com\/index.php\/2025\/07\/16\/arce-afirma-su-legado-es-la-marcha-al-norte-en-la-lucha-por-la-paz\/","og_site_name":"Te lo Cuenta Victor","article_published_time":"2025-07-17T02:07:02+00:00","article_modified_time":"2025-07-17T02:07:03+00:00","og_image":[{"width":1278,"height":667,"url":"http:\/\/telocuentavictorhugo.com\/wp-content\/uploads\/2025\/07\/VDVDVD-1.jpg","type":"image\/jpeg"}],"author":"telocuentavictorhugo.com","twitter_card":"summary_large_image","twitter_misc":{"Escrito por":"telocuentavictorhugo.com","Tiempo de lectura":"1 minuto"},"schema":{"@context":"https:\/\/schema.org","@graph":[{"@type":"Article","@id":"https:\/\/telocuentavictorhugo.com\/index.php\/2025\/07\/16\/arce-afirma-su-legado-es-la-marcha-al-norte-en-la-lucha-por-la-paz\/#article","isPartOf":{"@id":"https:\/\/telocuentavictorhugo.com\/index.php\/2025\/07\/16\/arce-afirma-su-legado-es-la-marcha-al-norte-en-la-lucha-por-la-paz\/"},"author":{"name":"telocuentavictorhugo.com","@id":"https:\/\/telocuentavictorhugo.com\/#\/schema\/person\/a8307d7271ba2849b49b562ad8602f06"},"headline":"ARCE AFIRMA: SU LEGADO ES LA MARCHA AL NORTE EN LA LUCHA POR LA PAZ","datePublished":"2025-07-17T02:07:02+00:00","dateModified":"2025-07-17T02:07:03+00:00","mainEntityOfPage":{"@id":"https:\/\/telocuentavictorhugo.com\/index.php\/2025\/07\/16\/arce-afirma-su-legado-es-la-marcha-al-norte-en-la-lucha-por-la-paz\/"},"wordCount":83,"commentCount":0,"publisher":{"@id":"https:\/\/telocuentavictorhugo.com\/#organization"},"image":{"@id":"https:\/\/telocuentavictorhugo.com\/index.php\/2025\/07\/16\/arce-afirma-su-legado-es-la-marcha-al-norte-en-la-lucha-por-la-paz\/#primaryimage"},"thumbnailUrl":"https:\/\/telocuentavictorhugo.com\/wp-content\/uploads\/2025\/07\/VDVDVD-1.jpg","articleSection":["Noticias","Pol\u00edtica"],"inLanguage":"es","potentialAction":[{"@type":"CommentAction","name":"Comment","target":["https:\/\/telocuentavictorhugo.com\/index.php\/2025\/07\/16\/arce-afirma-su-legado-es-la-marcha-al-norte-en-la-lucha-por-la-paz\/#respond"]}]},{"@type":"WebPage","@id":"https:\/\/telocuentavictorhugo.com\/index.php\/2025\/07\/16\/arce-afirma-su-legado-es-la-marcha-al-norte-en-la-lucha-por-la-paz\/","url":"https:\/\/telocuentavictorhugo.com\/index.php\/2025\/07\/16\/arce-afirma-su-legado-es-la-marcha-al-norte-en-la-lucha-por-la-paz\/","name":"ARCE AFIRMA: SU LEGADO ES LA MARCHA AL NORTE EN LA LUCHA POR LA PAZ - Te lo Cuenta Victor","isPartOf":{"@id":"https:\/\/telocuentavictorhugo.com\/#website"},"primaryImageOfPage":{"@id":"https:\/\/telocuentavictorhugo.com\/index.php\/2025\/07\/16\/arce-afirma-su-legado-es-la-marcha-al-norte-en-la-lucha-por-la-paz\/#primaryimage"},"image":{"@id":"https:\/\/telocuentavictorhugo.com\/index.php\/2025\/07\/16\/arce-afirma-su-legado-es-la-marcha-al-norte-en-la-lucha-por-la-paz\/#primaryimage"},"thumbnailUrl":"https:\/\/telocuentavictorhugo.com\/wp-content\/uploads\/2025\/07\/VDVDVD-1.jpg","datePublished":"2025-07-17T02:07:02+00:00","dateModified":"2025-07-17T02:07:03+00:00","breadcrumb":{"@id":"https:\/\/telocuentavictorhugo.com\/index.php\/2025\/07\/16\/arce-afirma-su-legado-es-la-marcha-al-norte-en-la-lucha-por-la-paz\/#breadcrumb"},"inLanguage":"es","potentialAction":[{"@type":"ReadAction","target":["https:\/\/telocuentavictorhugo.com\/index.php\/2025\/07\/16\/arce-afirma-su-legado-es-la-marcha-al-norte-en-la-lucha-por-la-paz\/"]}]},{"@type":"ImageObject","inLanguage":"es","@id":"https:\/\/telocuentavictorhugo.com\/index.php\/2025\/07\/16\/arce-afirma-su-legado-es-la-marcha-al-norte-en-la-lucha-por-la-paz\/#primaryimage","url":"https:\/\/telocuentavictorhugo.com\/wp-content\/uploads\/2025\/07\/VDVDVD-1.jpg","contentUrl":"https:\/\/telocuentavictorhugo.com\/wp-content\/uploads\/2025\/07\/VDVDVD-1.jpg","width":1278,"height":667},{"@type":"BreadcrumbList","@id":"https:\/\/telocuentavictorhugo.com\/index.php\/2025\/07\/16\/arce-afirma-su-legado-es-la-marcha-al-norte-en-la-lucha-por-la-paz\/#breadcrumb","itemListElement":[{"@type":"ListItem","position":1,"name":"Portada","item":"https:\/\/telocuentavictorhugo.com\/"},{"@type":"ListItem","position":2,"name":"ARCE AFIRMA: SU LEGADO ES LA MARCHA AL NORTE EN LA LUCHA POR LA PAZ"}]},{"@type":"WebSite","@id":"https:\/\/telocuentavictorhugo.com\/#website","url":"https:\/\/telocuentavictorhugo.com\/","name":"Te lo Cuenta Victor","description":"","publisher":{"@id":"https:\/\/telocuentavictorhugo.com\/#organization"},"potentialAction":[{"@type":"SearchAction","target":{"@type":"EntryPoint","urlTemplate":"https:\/\/telocuentavictorhugo.com\/?s={search_term_string}"},"query-input":{"@type":"PropertyValueSpecification","valueRequired":true,"valueName":"search_term_string"}}],"inLanguage":"es"},{"@type":"Organization","@id":"https:\/\/telocuentavictorhugo.com\/#organization","name":"Te lo Cuenta Victor","url":"https:\/\/telocuentavictorhugo.com\/","logo":{"@type":"ImageObject","inLanguage":"es","@id":"https:\/\/telocuentavictorhugo.com\/#\/schema\/logo\/image\/","url":"https:\/\/telocuentavictorhugo.com\/wp-content\/uploads\/2023\/12\/Logo.png","contentUrl":"https:\/\/telocuentavictorhugo.com\/wp-content\/uploads\/2023\/12\/Logo.png","width":1080,"height":176,"caption":"Te lo Cuenta Victor"},"image":{"@id":"https:\/\/telocuentavictorhugo.com\/#\/schema\/logo\/image\/"}},{"@type":"Person","@id":"https:\/\/telocuentavictorhugo.com\/#\/schema\/person\/a8307d7271ba2849b49b562ad8602f06","name":"telocuentavictorhugo.com","image":{"@type":"ImageObject","inLanguage":"es","@id":"https:\/\/secure.gravatar.com\/avatar\/da212e7b532df19fd2aea5daf46d8c176abfc85521e4b80ed435d7426ef63eb6?s=96&d=mm&r=g","url":"https:\/\/secure.gravatar.com\/avatar\/da212e7b532df19fd2aea5daf46d8c176abfc85521e4b80ed435d7426ef63eb6?s=96&d=mm&r=g","contentUrl":"https:\/\/secure.gravatar.com\/avatar\/da212e7b532df19fd2aea5daf46d8c176abfc85521e4b80ed435d7426ef63eb6?s=96&d=mm&r=g","caption":"telocuentavictorhugo.com"},"sameAs":["http:\/\/telocuentavictorhugo.com"],"url":"https:\/\/telocuentavictorhugo.com\/index.php\/author\/plustvpress-com\/"}]}},"_links":{"self":[{"href":"https:\/\/telocuentavictorhugo.com\/index.php\/wp-json\/wp\/v2\/posts\/8599","targetHints":{"allow":["GET"]}}],"collection":[{"href":"https:\/\/telocuentavictorhugo.com\/index.php\/wp-json\/wp\/v2\/posts"}],"about":[{"href":"https:\/\/telocuentavictorhugo.com\/index.php\/wp-json\/wp\/v2\/types\/post"}],"author":[{"embeddable":true,"href":"https:\/\/telocuentavictorhugo.com\/index.php\/wp-json\/wp\/v2\/users\/1"}],"replies":[{"embeddable":true,"href":"https:\/\/telocuentavictorhugo.com\/index.php\/wp-json\/wp\/v2\/comments?post=8599"}],"version-history":[{"count":1,"href":"https:\/\/telocuentavictorhugo.com\/index.php\/wp-json\/wp\/v2\/posts\/8599\/revisions"}],"predecessor-version":[{"id":8601,"href":"https:\/\/telocuentavictorhugo.com\/index.php\/wp-json\/wp\/v2\/posts\/8599\/revisions\/8601"}],"wp:featuredmedia":[{"embeddable":true,"href":"https:\/\/telocuentavictorhugo.com\/index.php\/wp-json\/wp\/v2\/media\/8600"}],"wp:attachment":[{"href":"https:\/\/telocuentavictorhugo.com\/index.php\/wp-json\/wp\/v2\/media?parent=8599"}],"wp:term":[{"taxonomy":"category","embeddable":true,"href":"https:\/\/telocuentavictorhugo.com\/index.php\/wp-json\/wp\/v2\/categories?post=8599"},{"taxonomy":"post_tag","embeddable":true,"href":"https:\/\/telocuentavictorhugo.com\/index.php\/wp-json\/wp\/v2\/tags?post=8599"}],"curies":[{"name":"wp","href":"https:\/\/api.w.org\/{rel}","templated":true}]}}