{"id":8567,"date":"2025-07-10T20:11:39","date_gmt":"2025-07-11T00:11:39","guid":{"rendered":"https:\/\/telocuentavictorhugo.com\/?p=8567"},"modified":"2025-07-10T20:11:40","modified_gmt":"2025-07-11T00:11:40","slug":"acabara-con-la-ley-que-alimenta-incendios-en-bolivia","status":"publish","type":"post","link":"https:\/\/telocuentavictorhugo.com\/index.php\/2025\/07\/10\/acabara-con-la-ley-que-alimenta-incendios-en-bolivia\/","title":{"rendered":"\u00a1ACABAR\u00c1 CON LA LEY QUE ALIMENTA INCENDIOS EN BOLIVIA!"},"content":{"rendered":"\n<p>El capit\u00e1n contra incendios Jorge Vargas, reconocido por su destacada trayectoria en la lucha contra los incendios forestales en Bolivia, fue nombrado por el candidato presidencial Samuel Doria Medina como l\u00edder de la Alianza La Unidad. Vargas, quien ha sido reconocido por su contribuci\u00f3n en la protecci\u00f3n del territorio nacional frente a devastadores incendios, anunci\u00f3 que, de ser electo diputado uninominal, solicitar\u00e1 la derogaci\u00f3n de la controvertida ley incendiaria en Bolivia, con el objetivo de fortalecer las acciones para prevenir y combatir las tragedias ecol\u00f3gicas que afectan al pa\u00eds.<\/p>\n\n\n\n<figure class=\"wp-block-embed is-type-video is-provider-youtube wp-block-embed-youtube wp-embed-aspect-16-9 wp-has-aspect-ratio\"><div class=\"wp-block-embed__wrapper\">\n<iframe title=\"\u00a1ACABAR\u00c1 CON LA LEY QUE ALIMENTA INCENDIOS EN BOLIVIA!\" width=\"800\" height=\"450\" src=\"https:\/\/www.youtube.com\/embed\/SyJ6P0HOyYA?feature=oembed\" frameborder=\"0\" allow=\"accelerometer; autoplay; clipboard-write; encrypted-media; gyroscope; picture-in-picture; web-share\" referrerpolicy=\"strict-origin-when-cross-origin\" allowfullscreen><\/iframe>\n<\/div><\/figure>\n","protected":false},"excerpt":{"rendered":"<p>El capit\u00e1n contra incendios Jorge Vargas, reconocido por su destacada trayectoria en la lucha contra los incendios forestales en Bolivia, fue nombrado por el candidato presidencial Samuel Doria Medina como l\u00edder de la Alianza La Unidad. Vargas, quien ha sido reconocido por su contribuci\u00f3n en la protecci\u00f3n del territorio nacional frente a devastadores incendios, anunci\u00f3 [&hellip;]<\/p>\n","protected":false},"author":1,"featured_media":8568,"comment_status":"open","ping_status":"open","sticky":false,"template":"","format":"standard","meta":{"_eb_attr":"","footnotes":""},"categories":[1,42],"tags":[],"class_list":["post-8567","post","type-post","status-publish","format-standard","has-post-thumbnail","hentry","category-noticias","category-politica"],"yoast_head":"<!-- This site is optimized with the Yoast SEO plugin v27.4 - https:\/\/yoast.com\/product\/yoast-seo-wordpress\/ -->\n<title>\u00a1ACABAR\u00c1 CON LA LEY QUE ALIMENTA INCENDIOS EN BOLIVIA! - Te lo Cuenta Victor<\/title>\n<meta name=\"robots\" content=\"index, follow, max-snippet:-1, max-image-preview:large, max-video-preview:-1\" \/>\n<link rel=\"canonical\" href=\"https:\/\/telocuentavictorhugo.com\/index.php\/2025\/07\/10\/acabara-con-la-ley-que-alimenta-incendios-en-bolivia\/\" \/>\n<meta property=\"og:locale\" content=\"es_ES\" \/>\n<meta property=\"og:type\" content=\"article\" \/>\n<meta property=\"og:title\" content=\"\u00a1ACABAR\u00c1 CON LA LEY QUE ALIMENTA INCENDIOS EN BOLIVIA! - Te lo Cuenta Victor\" \/>\n<meta property=\"og:description\" content=\"El capit\u00e1n contra incendios Jorge Vargas, reconocido por su destacada trayectoria en la lucha contra los incendios forestales en Bolivia, fue nombrado por el candidato presidencial Samuel Doria Medina como l\u00edder de la Alianza La Unidad. Vargas, quien ha sido reconocido por su contribuci\u00f3n en la protecci\u00f3n del territorio nacional frente a devastadores incendios, anunci\u00f3 [&hellip;]\" \/>\n<meta property=\"og:url\" content=\"https:\/\/telocuentavictorhugo.com\/index.php\/2025\/07\/10\/acabara-con-la-ley-que-alimenta-incendios-en-bolivia\/\" \/>\n<meta property=\"og:site_name\" content=\"Te lo Cuenta Victor\" \/>\n<meta property=\"article:published_time\" content=\"2025-07-11T00:11:39+00:00\" \/>\n<meta property=\"article:modified_time\" content=\"2025-07-11T00:11:40+00:00\" \/>\n<meta property=\"og:image\" content=\"http:\/\/telocuentavictorhugo.com\/wp-content\/uploads\/2025\/07\/CSACACAC.jpg\" \/>\n\t<meta property=\"og:image:width\" content=\"1289\" \/>\n\t<meta property=\"og:image:height\" content=\"666\" \/>\n\t<meta property=\"og:image:type\" content=\"image\/jpeg\" \/>\n<meta name=\"author\" content=\"telocuentavictorhugo.com\" \/>\n<meta name=\"twitter:card\" content=\"summary_large_image\" \/>\n<meta name=\"twitter:label1\" content=\"Escrito por\" \/>\n\t<meta name=\"twitter:data1\" content=\"telocuentavictorhugo.com\" \/>\n\t<meta name=\"twitter:label2\" content=\"Tiempo de lectura\" \/>\n\t<meta name=\"twitter:data2\" content=\"1 minuto\" \/>\n<script type=\"application\/ld+json\" class=\"yoast-schema-graph\">{\"@context\":\"https:\\\/\\\/schema.org\",\"@graph\":[{\"@type\":\"Article\",\"@id\":\"https:\\\/\\\/telocuentavictorhugo.com\\\/index.php\\\/2025\\\/07\\\/10\\\/acabara-con-la-ley-que-alimenta-incendios-en-bolivia\\\/#article\",\"isPartOf\":{\"@id\":\"https:\\\/\\\/telocuentavictorhugo.com\\\/index.php\\\/2025\\\/07\\\/10\\\/acabara-con-la-ley-que-alimenta-incendios-en-bolivia\\\/\"},\"author\":{\"name\":\"telocuentavictorhugo.com\",\"@id\":\"https:\\\/\\\/telocuentavictorhugo.com\\\/#\\\/schema\\\/person\\\/a8307d7271ba2849b49b562ad8602f06\"},\"headline\":\"\u00a1ACABAR\u00c1 CON LA LEY QUE ALIMENTA INCENDIOS EN BOLIVIA!\",\"datePublished\":\"2025-07-11T00:11:39+00:00\",\"dateModified\":\"2025-07-11T00:11:40+00:00\",\"mainEntityOfPage\":{\"@id\":\"https:\\\/\\\/telocuentavictorhugo.com\\\/index.php\\\/2025\\\/07\\\/10\\\/acabara-con-la-ley-que-alimenta-incendios-en-bolivia\\\/\"},\"wordCount\":111,\"commentCount\":0,\"publisher\":{\"@id\":\"https:\\\/\\\/telocuentavictorhugo.com\\\/#organization\"},\"image\":{\"@id\":\"https:\\\/\\\/telocuentavictorhugo.com\\\/index.php\\\/2025\\\/07\\\/10\\\/acabara-con-la-ley-que-alimenta-incendios-en-bolivia\\\/#primaryimage\"},\"thumbnailUrl\":\"https:\\\/\\\/telocuentavictorhugo.com\\\/wp-content\\\/uploads\\\/2025\\\/07\\\/CSACACAC.jpg\",\"articleSection\":[\"Noticias\",\"Pol\u00edtica\"],\"inLanguage\":\"es\",\"potentialAction\":[{\"@type\":\"CommentAction\",\"name\":\"Comment\",\"target\":[\"https:\\\/\\\/telocuentavictorhugo.com\\\/index.php\\\/2025\\\/07\\\/10\\\/acabara-con-la-ley-que-alimenta-incendios-en-bolivia\\\/#respond\"]}]},{\"@type\":\"WebPage\",\"@id\":\"https:\\\/\\\/telocuentavictorhugo.com\\\/index.php\\\/2025\\\/07\\\/10\\\/acabara-con-la-ley-que-alimenta-incendios-en-bolivia\\\/\",\"url\":\"https:\\\/\\\/telocuentavictorhugo.com\\\/index.php\\\/2025\\\/07\\\/10\\\/acabara-con-la-ley-que-alimenta-incendios-en-bolivia\\\/\",\"name\":\"\u00a1ACABAR\u00c1 CON LA LEY QUE ALIMENTA INCENDIOS EN BOLIVIA! - Te lo Cuenta Victor\",\"isPartOf\":{\"@id\":\"https:\\\/\\\/telocuentavictorhugo.com\\\/#website\"},\"primaryImageOfPage\":{\"@id\":\"https:\\\/\\\/telocuentavictorhugo.com\\\/index.php\\\/2025\\\/07\\\/10\\\/acabara-con-la-ley-que-alimenta-incendios-en-bolivia\\\/#primaryimage\"},\"image\":{\"@id\":\"https:\\\/\\\/telocuentavictorhugo.com\\\/index.php\\\/2025\\\/07\\\/10\\\/acabara-con-la-ley-que-alimenta-incendios-en-bolivia\\\/#primaryimage\"},\"thumbnailUrl\":\"https:\\\/\\\/telocuentavictorhugo.com\\\/wp-content\\\/uploads\\\/2025\\\/07\\\/CSACACAC.jpg\",\"datePublished\":\"2025-07-11T00:11:39+00:00\",\"dateModified\":\"2025-07-11T00:11:40+00:00\",\"breadcrumb\":{\"@id\":\"https:\\\/\\\/telocuentavictorhugo.com\\\/index.php\\\/2025\\\/07\\\/10\\\/acabara-con-la-ley-que-alimenta-incendios-en-bolivia\\\/#breadcrumb\"},\"inLanguage\":\"es\",\"potentialAction\":[{\"@type\":\"ReadAction\",\"target\":[\"https:\\\/\\\/telocuentavictorhugo.com\\\/index.php\\\/2025\\\/07\\\/10\\\/acabara-con-la-ley-que-alimenta-incendios-en-bolivia\\\/\"]}]},{\"@type\":\"ImageObject\",\"inLanguage\":\"es\",\"@id\":\"https:\\\/\\\/telocuentavictorhugo.com\\\/index.php\\\/2025\\\/07\\\/10\\\/acabara-con-la-ley-que-alimenta-incendios-en-bolivia\\\/#primaryimage\",\"url\":\"https:\\\/\\\/telocuentavictorhugo.com\\\/wp-content\\\/uploads\\\/2025\\\/07\\\/CSACACAC.jpg\",\"contentUrl\":\"https:\\\/\\\/telocuentavictorhugo.com\\\/wp-content\\\/uploads\\\/2025\\\/07\\\/CSACACAC.jpg\",\"width\":1289,\"height\":666},{\"@type\":\"BreadcrumbList\",\"@id\":\"https:\\\/\\\/telocuentavictorhugo.com\\\/index.php\\\/2025\\\/07\\\/10\\\/acabara-con-la-ley-que-alimenta-incendios-en-bolivia\\\/#breadcrumb\",\"itemListElement\":[{\"@type\":\"ListItem\",\"position\":1,\"name\":\"Portada\",\"item\":\"https:\\\/\\\/telocuentavictorhugo.com\\\/\"},{\"@type\":\"ListItem\",\"position\":2,\"name\":\"\u00a1ACABAR\u00c1 CON LA LEY QUE ALIMENTA INCENDIOS EN BOLIVIA!\"}]},{\"@type\":\"WebSite\",\"@id\":\"https:\\\/\\\/telocuentavictorhugo.com\\\/#website\",\"url\":\"https:\\\/\\\/telocuentavictorhugo.com\\\/\",\"name\":\"Te lo Cuenta Victor\",\"description\":\"\",\"publisher\":{\"@id\":\"https:\\\/\\\/telocuentavictorhugo.com\\\/#organization\"},\"potentialAction\":[{\"@type\":\"SearchAction\",\"target\":{\"@type\":\"EntryPoint\",\"urlTemplate\":\"https:\\\/\\\/telocuentavictorhugo.com\\\/?s={search_term_string}\"},\"query-input\":{\"@type\":\"PropertyValueSpecification\",\"valueRequired\":true,\"valueName\":\"search_term_string\"}}],\"inLanguage\":\"es\"},{\"@type\":\"Organization\",\"@id\":\"https:\\\/\\\/telocuentavictorhugo.com\\\/#organization\",\"name\":\"Te lo Cuenta Victor\",\"url\":\"https:\\\/\\\/telocuentavictorhugo.com\\\/\",\"logo\":{\"@type\":\"ImageObject\",\"inLanguage\":\"es\",\"@id\":\"https:\\\/\\\/telocuentavictorhugo.com\\\/#\\\/schema\\\/logo\\\/image\\\/\",\"url\":\"https:\\\/\\\/telocuentavictorhugo.com\\\/wp-content\\\/uploads\\\/2023\\\/12\\\/Logo.png\",\"contentUrl\":\"https:\\\/\\\/telocuentavictorhugo.com\\\/wp-content\\\/uploads\\\/2023\\\/12\\\/Logo.png\",\"width\":1080,\"height\":176,\"caption\":\"Te lo Cuenta Victor\"},\"image\":{\"@id\":\"https:\\\/\\\/telocuentavictorhugo.com\\\/#\\\/schema\\\/logo\\\/image\\\/\"}},{\"@type\":\"Person\",\"@id\":\"https:\\\/\\\/telocuentavictorhugo.com\\\/#\\\/schema\\\/person\\\/a8307d7271ba2849b49b562ad8602f06\",\"name\":\"telocuentavictorhugo.com\",\"image\":{\"@type\":\"ImageObject\",\"inLanguage\":\"es\",\"@id\":\"https:\\\/\\\/secure.gravatar.com\\\/avatar\\\/da212e7b532df19fd2aea5daf46d8c176abfc85521e4b80ed435d7426ef63eb6?s=96&d=mm&r=g\",\"url\":\"https:\\\/\\\/secure.gravatar.com\\\/avatar\\\/da212e7b532df19fd2aea5daf46d8c176abfc85521e4b80ed435d7426ef63eb6?s=96&d=mm&r=g\",\"contentUrl\":\"https:\\\/\\\/secure.gravatar.com\\\/avatar\\\/da212e7b532df19fd2aea5daf46d8c176abfc85521e4b80ed435d7426ef63eb6?s=96&d=mm&r=g\",\"caption\":\"telocuentavictorhugo.com\"},\"sameAs\":[\"http:\\\/\\\/telocuentavictorhugo.com\"],\"url\":\"https:\\\/\\\/telocuentavictorhugo.com\\\/index.php\\\/author\\\/plustvpress-com\\\/\"}]}<\/script>\n<!-- \/ Yoast SEO plugin. -->","yoast_head_json":{"title":"\u00a1ACABAR\u00c1 CON LA LEY QUE ALIMENTA INCENDIOS EN BOLIVIA! - Te lo Cuenta Victor","robots":{"index":"index","follow":"follow","max-snippet":"max-snippet:-1","max-image-preview":"max-image-preview:large","max-video-preview":"max-video-preview:-1"},"canonical":"https:\/\/telocuentavictorhugo.com\/index.php\/2025\/07\/10\/acabara-con-la-ley-que-alimenta-incendios-en-bolivia\/","og_locale":"es_ES","og_type":"article","og_title":"\u00a1ACABAR\u00c1 CON LA LEY QUE ALIMENTA INCENDIOS EN BOLIVIA! - Te lo Cuenta Victor","og_description":"El capit\u00e1n contra incendios Jorge Vargas, reconocido por su destacada trayectoria en la lucha contra los incendios forestales en Bolivia, fue nombrado por el candidato presidencial Samuel Doria Medina como l\u00edder de la Alianza La Unidad. Vargas, quien ha sido reconocido por su contribuci\u00f3n en la protecci\u00f3n del territorio nacional frente a devastadores incendios, anunci\u00f3 [&hellip;]","og_url":"https:\/\/telocuentavictorhugo.com\/index.php\/2025\/07\/10\/acabara-con-la-ley-que-alimenta-incendios-en-bolivia\/","og_site_name":"Te lo Cuenta Victor","article_published_time":"2025-07-11T00:11:39+00:00","article_modified_time":"2025-07-11T00:11:40+00:00","og_image":[{"width":1289,"height":666,"url":"http:\/\/telocuentavictorhugo.com\/wp-content\/uploads\/2025\/07\/CSACACAC.jpg","type":"image\/jpeg"}],"author":"telocuentavictorhugo.com","twitter_card":"summary_large_image","twitter_misc":{"Escrito por":"telocuentavictorhugo.com","Tiempo de lectura":"1 minuto"},"schema":{"@context":"https:\/\/schema.org","@graph":[{"@type":"Article","@id":"https:\/\/telocuentavictorhugo.com\/index.php\/2025\/07\/10\/acabara-con-la-ley-que-alimenta-incendios-en-bolivia\/#article","isPartOf":{"@id":"https:\/\/telocuentavictorhugo.com\/index.php\/2025\/07\/10\/acabara-con-la-ley-que-alimenta-incendios-en-bolivia\/"},"author":{"name":"telocuentavictorhugo.com","@id":"https:\/\/telocuentavictorhugo.com\/#\/schema\/person\/a8307d7271ba2849b49b562ad8602f06"},"headline":"\u00a1ACABAR\u00c1 CON LA LEY QUE ALIMENTA INCENDIOS EN BOLIVIA!","datePublished":"2025-07-11T00:11:39+00:00","dateModified":"2025-07-11T00:11:40+00:00","mainEntityOfPage":{"@id":"https:\/\/telocuentavictorhugo.com\/index.php\/2025\/07\/10\/acabara-con-la-ley-que-alimenta-incendios-en-bolivia\/"},"wordCount":111,"commentCount":0,"publisher":{"@id":"https:\/\/telocuentavictorhugo.com\/#organization"},"image":{"@id":"https:\/\/telocuentavictorhugo.com\/index.php\/2025\/07\/10\/acabara-con-la-ley-que-alimenta-incendios-en-bolivia\/#primaryimage"},"thumbnailUrl":"https:\/\/telocuentavictorhugo.com\/wp-content\/uploads\/2025\/07\/CSACACAC.jpg","articleSection":["Noticias","Pol\u00edtica"],"inLanguage":"es","potentialAction":[{"@type":"CommentAction","name":"Comment","target":["https:\/\/telocuentavictorhugo.com\/index.php\/2025\/07\/10\/acabara-con-la-ley-que-alimenta-incendios-en-bolivia\/#respond"]}]},{"@type":"WebPage","@id":"https:\/\/telocuentavictorhugo.com\/index.php\/2025\/07\/10\/acabara-con-la-ley-que-alimenta-incendios-en-bolivia\/","url":"https:\/\/telocuentavictorhugo.com\/index.php\/2025\/07\/10\/acabara-con-la-ley-que-alimenta-incendios-en-bolivia\/","name":"\u00a1ACABAR\u00c1 CON LA LEY QUE ALIMENTA INCENDIOS EN BOLIVIA! - Te lo Cuenta Victor","isPartOf":{"@id":"https:\/\/telocuentavictorhugo.com\/#website"},"primaryImageOfPage":{"@id":"https:\/\/telocuentavictorhugo.com\/index.php\/2025\/07\/10\/acabara-con-la-ley-que-alimenta-incendios-en-bolivia\/#primaryimage"},"image":{"@id":"https:\/\/telocuentavictorhugo.com\/index.php\/2025\/07\/10\/acabara-con-la-ley-que-alimenta-incendios-en-bolivia\/#primaryimage"},"thumbnailUrl":"https:\/\/telocuentavictorhugo.com\/wp-content\/uploads\/2025\/07\/CSACACAC.jpg","datePublished":"2025-07-11T00:11:39+00:00","dateModified":"2025-07-11T00:11:40+00:00","breadcrumb":{"@id":"https:\/\/telocuentavictorhugo.com\/index.php\/2025\/07\/10\/acabara-con-la-ley-que-alimenta-incendios-en-bolivia\/#breadcrumb"},"inLanguage":"es","potentialAction":[{"@type":"ReadAction","target":["https:\/\/telocuentavictorhugo.com\/index.php\/2025\/07\/10\/acabara-con-la-ley-que-alimenta-incendios-en-bolivia\/"]}]},{"@type":"ImageObject","inLanguage":"es","@id":"https:\/\/telocuentavictorhugo.com\/index.php\/2025\/07\/10\/acabara-con-la-ley-que-alimenta-incendios-en-bolivia\/#primaryimage","url":"https:\/\/telocuentavictorhugo.com\/wp-content\/uploads\/2025\/07\/CSACACAC.jpg","contentUrl":"https:\/\/telocuentavictorhugo.com\/wp-content\/uploads\/2025\/07\/CSACACAC.jpg","width":1289,"height":666},{"@type":"BreadcrumbList","@id":"https:\/\/telocuentavictorhugo.com\/index.php\/2025\/07\/10\/acabara-con-la-ley-que-alimenta-incendios-en-bolivia\/#breadcrumb","itemListElement":[{"@type":"ListItem","position":1,"name":"Portada","item":"https:\/\/telocuentavictorhugo.com\/"},{"@type":"ListItem","position":2,"name":"\u00a1ACABAR\u00c1 CON LA LEY QUE ALIMENTA INCENDIOS EN BOLIVIA!"}]},{"@type":"WebSite","@id":"https:\/\/telocuentavictorhugo.com\/#website","url":"https:\/\/telocuentavictorhugo.com\/","name":"Te lo Cuenta Victor","description":"","publisher":{"@id":"https:\/\/telocuentavictorhugo.com\/#organization"},"potentialAction":[{"@type":"SearchAction","target":{"@type":"EntryPoint","urlTemplate":"https:\/\/telocuentavictorhugo.com\/?s={search_term_string}"},"query-input":{"@type":"PropertyValueSpecification","valueRequired":true,"valueName":"search_term_string"}}],"inLanguage":"es"},{"@type":"Organization","@id":"https:\/\/telocuentavictorhugo.com\/#organization","name":"Te lo Cuenta Victor","url":"https:\/\/telocuentavictorhugo.com\/","logo":{"@type":"ImageObject","inLanguage":"es","@id":"https:\/\/telocuentavictorhugo.com\/#\/schema\/logo\/image\/","url":"https:\/\/telocuentavictorhugo.com\/wp-content\/uploads\/2023\/12\/Logo.png","contentUrl":"https:\/\/telocuentavictorhugo.com\/wp-content\/uploads\/2023\/12\/Logo.png","width":1080,"height":176,"caption":"Te lo Cuenta Victor"},"image":{"@id":"https:\/\/telocuentavictorhugo.com\/#\/schema\/logo\/image\/"}},{"@type":"Person","@id":"https:\/\/telocuentavictorhugo.com\/#\/schema\/person\/a8307d7271ba2849b49b562ad8602f06","name":"telocuentavictorhugo.com","image":{"@type":"ImageObject","inLanguage":"es","@id":"https:\/\/secure.gravatar.com\/avatar\/da212e7b532df19fd2aea5daf46d8c176abfc85521e4b80ed435d7426ef63eb6?s=96&d=mm&r=g","url":"https:\/\/secure.gravatar.com\/avatar\/da212e7b532df19fd2aea5daf46d8c176abfc85521e4b80ed435d7426ef63eb6?s=96&d=mm&r=g","contentUrl":"https:\/\/secure.gravatar.com\/avatar\/da212e7b532df19fd2aea5daf46d8c176abfc85521e4b80ed435d7426ef63eb6?s=96&d=mm&r=g","caption":"telocuentavictorhugo.com"},"sameAs":["http:\/\/telocuentavictorhugo.com"],"url":"https:\/\/telocuentavictorhugo.com\/index.php\/author\/plustvpress-com\/"}]}},"_links":{"self":[{"href":"https:\/\/telocuentavictorhugo.com\/index.php\/wp-json\/wp\/v2\/posts\/8567","targetHints":{"allow":["GET"]}}],"collection":[{"href":"https:\/\/telocuentavictorhugo.com\/index.php\/wp-json\/wp\/v2\/posts"}],"about":[{"href":"https:\/\/telocuentavictorhugo.com\/index.php\/wp-json\/wp\/v2\/types\/post"}],"author":[{"embeddable":true,"href":"https:\/\/telocuentavictorhugo.com\/index.php\/wp-json\/wp\/v2\/users\/1"}],"replies":[{"embeddable":true,"href":"https:\/\/telocuentavictorhugo.com\/index.php\/wp-json\/wp\/v2\/comments?post=8567"}],"version-history":[{"count":1,"href":"https:\/\/telocuentavictorhugo.com\/index.php\/wp-json\/wp\/v2\/posts\/8567\/revisions"}],"predecessor-version":[{"id":8569,"href":"https:\/\/telocuentavictorhugo.com\/index.php\/wp-json\/wp\/v2\/posts\/8567\/revisions\/8569"}],"wp:featuredmedia":[{"embeddable":true,"href":"https:\/\/telocuentavictorhugo.com\/index.php\/wp-json\/wp\/v2\/media\/8568"}],"wp:attachment":[{"href":"https:\/\/telocuentavictorhugo.com\/index.php\/wp-json\/wp\/v2\/media?parent=8567"}],"wp:term":[{"taxonomy":"category","embeddable":true,"href":"https:\/\/telocuentavictorhugo.com\/index.php\/wp-json\/wp\/v2\/categories?post=8567"},{"taxonomy":"post_tag","embeddable":true,"href":"https:\/\/telocuentavictorhugo.com\/index.php\/wp-json\/wp\/v2\/tags?post=8567"}],"curies":[{"name":"wp","href":"https:\/\/api.w.org\/{rel}","templated":true}]}}