{"id":8540,"date":"2025-07-04T01:37:44","date_gmt":"2025-07-04T05:37:44","guid":{"rendered":"https:\/\/telocuentavictorhugo.com\/?p=8540"},"modified":"2025-07-04T01:37:45","modified_gmt":"2025-07-04T05:37:45","slug":"alerta-en-rio-grande-la-mortalidad-masiva-de-peces-por-temperaturas-extremas-sorprende","status":"publish","type":"post","link":"https:\/\/telocuentavictorhugo.com\/index.php\/2025\/07\/04\/alerta-en-rio-grande-la-mortalidad-masiva-de-peces-por-temperaturas-extremas-sorprende\/","title":{"rendered":"\u00a1Alerta en R\u00edo Grande! La mortalidad masiva de peces por temperaturas extremas sorprende"},"content":{"rendered":"\n<p>Una mortandad masiva de peces surub\u00ed en el R\u00edo Grande de Santa Cruz se atribuye a las bajas temperaturas que afectan la regi\u00f3n, seg\u00fan explic\u00f3 el experto Luis Torrez, quien advierte que temperaturas por debajo de 18 grados causan estr\u00e9s en los peces tropicales y, si bajan a menos de 12 grados, provocan su muerte.<\/p>\n\n\n\n<figure class=\"wp-block-embed is-type-video is-provider-youtube wp-block-embed-youtube wp-embed-aspect-16-9 wp-has-aspect-ratio\"><div class=\"wp-block-embed__wrapper\">\n<iframe title=\"\u00a1Alerta en R\u00edo Grande! La mortalidad masiva de peces por temperaturas extremas sorprende\" width=\"800\" height=\"450\" src=\"https:\/\/www.youtube.com\/embed\/0TeCqa4hPKU?start=11&#038;feature=oembed\" frameborder=\"0\" allow=\"accelerometer; autoplay; clipboard-write; encrypted-media; gyroscope; picture-in-picture; web-share\" referrerpolicy=\"strict-origin-when-cross-origin\" allowfullscreen><\/iframe>\n<\/div><\/figure>\n","protected":false},"excerpt":{"rendered":"<p>Una mortandad masiva de peces surub\u00ed en el R\u00edo Grande de Santa Cruz se atribuye a las bajas temperaturas que afectan la regi\u00f3n, seg\u00fan explic\u00f3 el experto Luis Torrez, quien advierte que temperaturas por debajo de 18 grados causan estr\u00e9s en los peces tropicales y, si bajan a menos de 12 grados, provocan su muerte.<\/p>\n","protected":false},"author":1,"featured_media":8541,"comment_status":"open","ping_status":"open","sticky":false,"template":"","format":"standard","meta":{"_eb_attr":"","footnotes":""},"categories":[53,1],"tags":[],"class_list":["post-8540","post","type-post","status-publish","format-standard","has-post-thumbnail","hentry","category-medio-ambiente","category-noticias"],"yoast_head":"<!-- This site is optimized with the Yoast SEO plugin v27.4 - https:\/\/yoast.com\/product\/yoast-seo-wordpress\/ -->\n<title>\u00a1Alerta en R\u00edo Grande! La mortalidad masiva de peces por temperaturas extremas sorprende - Te lo Cuenta Victor<\/title>\n<meta name=\"robots\" content=\"index, follow, max-snippet:-1, max-image-preview:large, max-video-preview:-1\" \/>\n<link rel=\"canonical\" href=\"https:\/\/telocuentavictorhugo.com\/index.php\/2025\/07\/04\/alerta-en-rio-grande-la-mortalidad-masiva-de-peces-por-temperaturas-extremas-sorprende\/\" \/>\n<meta property=\"og:locale\" content=\"es_ES\" \/>\n<meta property=\"og:type\" content=\"article\" \/>\n<meta property=\"og:title\" content=\"\u00a1Alerta en R\u00edo Grande! La mortalidad masiva de peces por temperaturas extremas sorprende - Te lo Cuenta Victor\" \/>\n<meta property=\"og:description\" content=\"Una mortandad masiva de peces surub\u00ed en el R\u00edo Grande de Santa Cruz se atribuye a las bajas temperaturas que afectan la regi\u00f3n, seg\u00fan explic\u00f3 el experto Luis Torrez, quien advierte que temperaturas por debajo de 18 grados causan estr\u00e9s en los peces tropicales y, si bajan a menos de 12 grados, provocan su muerte.\" \/>\n<meta property=\"og:url\" content=\"https:\/\/telocuentavictorhugo.com\/index.php\/2025\/07\/04\/alerta-en-rio-grande-la-mortalidad-masiva-de-peces-por-temperaturas-extremas-sorprende\/\" \/>\n<meta property=\"og:site_name\" content=\"Te lo Cuenta Victor\" \/>\n<meta property=\"article:published_time\" content=\"2025-07-04T05:37:44+00:00\" \/>\n<meta property=\"article:modified_time\" content=\"2025-07-04T05:37:45+00:00\" \/>\n<meta property=\"og:image\" content=\"http:\/\/telocuentavictorhugo.com\/wp-content\/uploads\/2025\/07\/VDSVDSDVSDVSDVDS.jpg\" \/>\n\t<meta property=\"og:image:width\" content=\"1215\" \/>\n\t<meta property=\"og:image:height\" content=\"617\" \/>\n\t<meta property=\"og:image:type\" content=\"image\/jpeg\" \/>\n<meta name=\"author\" content=\"telocuentavictorhugo.com\" \/>\n<meta name=\"twitter:card\" content=\"summary_large_image\" \/>\n<meta name=\"twitter:label1\" content=\"Escrito por\" \/>\n\t<meta name=\"twitter:data1\" content=\"telocuentavictorhugo.com\" \/>\n\t<meta name=\"twitter:label2\" content=\"Tiempo de lectura\" \/>\n\t<meta name=\"twitter:data2\" content=\"1 minuto\" \/>\n<script type=\"application\/ld+json\" class=\"yoast-schema-graph\">{\"@context\":\"https:\\\/\\\/schema.org\",\"@graph\":[{\"@type\":\"Article\",\"@id\":\"https:\\\/\\\/telocuentavictorhugo.com\\\/index.php\\\/2025\\\/07\\\/04\\\/alerta-en-rio-grande-la-mortalidad-masiva-de-peces-por-temperaturas-extremas-sorprende\\\/#article\",\"isPartOf\":{\"@id\":\"https:\\\/\\\/telocuentavictorhugo.com\\\/index.php\\\/2025\\\/07\\\/04\\\/alerta-en-rio-grande-la-mortalidad-masiva-de-peces-por-temperaturas-extremas-sorprende\\\/\"},\"author\":{\"name\":\"telocuentavictorhugo.com\",\"@id\":\"https:\\\/\\\/telocuentavictorhugo.com\\\/#\\\/schema\\\/person\\\/a8307d7271ba2849b49b562ad8602f06\"},\"headline\":\"\u00a1Alerta en R\u00edo Grande! La mortalidad masiva de peces por temperaturas extremas sorprende\",\"datePublished\":\"2025-07-04T05:37:44+00:00\",\"dateModified\":\"2025-07-04T05:37:45+00:00\",\"mainEntityOfPage\":{\"@id\":\"https:\\\/\\\/telocuentavictorhugo.com\\\/index.php\\\/2025\\\/07\\\/04\\\/alerta-en-rio-grande-la-mortalidad-masiva-de-peces-por-temperaturas-extremas-sorprende\\\/\"},\"wordCount\":77,\"commentCount\":0,\"publisher\":{\"@id\":\"https:\\\/\\\/telocuentavictorhugo.com\\\/#organization\"},\"image\":{\"@id\":\"https:\\\/\\\/telocuentavictorhugo.com\\\/index.php\\\/2025\\\/07\\\/04\\\/alerta-en-rio-grande-la-mortalidad-masiva-de-peces-por-temperaturas-extremas-sorprende\\\/#primaryimage\"},\"thumbnailUrl\":\"https:\\\/\\\/telocuentavictorhugo.com\\\/wp-content\\\/uploads\\\/2025\\\/07\\\/VDSVDSDVSDVSDVDS.jpg\",\"articleSection\":[\"Medio Ambiente\",\"Noticias\"],\"inLanguage\":\"es\",\"potentialAction\":[{\"@type\":\"CommentAction\",\"name\":\"Comment\",\"target\":[\"https:\\\/\\\/telocuentavictorhugo.com\\\/index.php\\\/2025\\\/07\\\/04\\\/alerta-en-rio-grande-la-mortalidad-masiva-de-peces-por-temperaturas-extremas-sorprende\\\/#respond\"]}]},{\"@type\":\"WebPage\",\"@id\":\"https:\\\/\\\/telocuentavictorhugo.com\\\/index.php\\\/2025\\\/07\\\/04\\\/alerta-en-rio-grande-la-mortalidad-masiva-de-peces-por-temperaturas-extremas-sorprende\\\/\",\"url\":\"https:\\\/\\\/telocuentavictorhugo.com\\\/index.php\\\/2025\\\/07\\\/04\\\/alerta-en-rio-grande-la-mortalidad-masiva-de-peces-por-temperaturas-extremas-sorprende\\\/\",\"name\":\"\u00a1Alerta en R\u00edo Grande! La mortalidad masiva de peces por temperaturas extremas sorprende - Te lo Cuenta Victor\",\"isPartOf\":{\"@id\":\"https:\\\/\\\/telocuentavictorhugo.com\\\/#website\"},\"primaryImageOfPage\":{\"@id\":\"https:\\\/\\\/telocuentavictorhugo.com\\\/index.php\\\/2025\\\/07\\\/04\\\/alerta-en-rio-grande-la-mortalidad-masiva-de-peces-por-temperaturas-extremas-sorprende\\\/#primaryimage\"},\"image\":{\"@id\":\"https:\\\/\\\/telocuentavictorhugo.com\\\/index.php\\\/2025\\\/07\\\/04\\\/alerta-en-rio-grande-la-mortalidad-masiva-de-peces-por-temperaturas-extremas-sorprende\\\/#primaryimage\"},\"thumbnailUrl\":\"https:\\\/\\\/telocuentavictorhugo.com\\\/wp-content\\\/uploads\\\/2025\\\/07\\\/VDSVDSDVSDVSDVDS.jpg\",\"datePublished\":\"2025-07-04T05:37:44+00:00\",\"dateModified\":\"2025-07-04T05:37:45+00:00\",\"breadcrumb\":{\"@id\":\"https:\\\/\\\/telocuentavictorhugo.com\\\/index.php\\\/2025\\\/07\\\/04\\\/alerta-en-rio-grande-la-mortalidad-masiva-de-peces-por-temperaturas-extremas-sorprende\\\/#breadcrumb\"},\"inLanguage\":\"es\",\"potentialAction\":[{\"@type\":\"ReadAction\",\"target\":[\"https:\\\/\\\/telocuentavictorhugo.com\\\/index.php\\\/2025\\\/07\\\/04\\\/alerta-en-rio-grande-la-mortalidad-masiva-de-peces-por-temperaturas-extremas-sorprende\\\/\"]}]},{\"@type\":\"ImageObject\",\"inLanguage\":\"es\",\"@id\":\"https:\\\/\\\/telocuentavictorhugo.com\\\/index.php\\\/2025\\\/07\\\/04\\\/alerta-en-rio-grande-la-mortalidad-masiva-de-peces-por-temperaturas-extremas-sorprende\\\/#primaryimage\",\"url\":\"https:\\\/\\\/telocuentavictorhugo.com\\\/wp-content\\\/uploads\\\/2025\\\/07\\\/VDSVDSDVSDVSDVDS.jpg\",\"contentUrl\":\"https:\\\/\\\/telocuentavictorhugo.com\\\/wp-content\\\/uploads\\\/2025\\\/07\\\/VDSVDSDVSDVSDVDS.jpg\",\"width\":1215,\"height\":617},{\"@type\":\"BreadcrumbList\",\"@id\":\"https:\\\/\\\/telocuentavictorhugo.com\\\/index.php\\\/2025\\\/07\\\/04\\\/alerta-en-rio-grande-la-mortalidad-masiva-de-peces-por-temperaturas-extremas-sorprende\\\/#breadcrumb\",\"itemListElement\":[{\"@type\":\"ListItem\",\"position\":1,\"name\":\"Portada\",\"item\":\"https:\\\/\\\/telocuentavictorhugo.com\\\/\"},{\"@type\":\"ListItem\",\"position\":2,\"name\":\"\u00a1Alerta en R\u00edo Grande! La mortalidad masiva de peces por temperaturas extremas sorprende\"}]},{\"@type\":\"WebSite\",\"@id\":\"https:\\\/\\\/telocuentavictorhugo.com\\\/#website\",\"url\":\"https:\\\/\\\/telocuentavictorhugo.com\\\/\",\"name\":\"Te lo Cuenta Victor\",\"description\":\"\",\"publisher\":{\"@id\":\"https:\\\/\\\/telocuentavictorhugo.com\\\/#organization\"},\"potentialAction\":[{\"@type\":\"SearchAction\",\"target\":{\"@type\":\"EntryPoint\",\"urlTemplate\":\"https:\\\/\\\/telocuentavictorhugo.com\\\/?s={search_term_string}\"},\"query-input\":{\"@type\":\"PropertyValueSpecification\",\"valueRequired\":true,\"valueName\":\"search_term_string\"}}],\"inLanguage\":\"es\"},{\"@type\":\"Organization\",\"@id\":\"https:\\\/\\\/telocuentavictorhugo.com\\\/#organization\",\"name\":\"Te lo Cuenta Victor\",\"url\":\"https:\\\/\\\/telocuentavictorhugo.com\\\/\",\"logo\":{\"@type\":\"ImageObject\",\"inLanguage\":\"es\",\"@id\":\"https:\\\/\\\/telocuentavictorhugo.com\\\/#\\\/schema\\\/logo\\\/image\\\/\",\"url\":\"https:\\\/\\\/telocuentavictorhugo.com\\\/wp-content\\\/uploads\\\/2023\\\/12\\\/Logo.png\",\"contentUrl\":\"https:\\\/\\\/telocuentavictorhugo.com\\\/wp-content\\\/uploads\\\/2023\\\/12\\\/Logo.png\",\"width\":1080,\"height\":176,\"caption\":\"Te lo Cuenta Victor\"},\"image\":{\"@id\":\"https:\\\/\\\/telocuentavictorhugo.com\\\/#\\\/schema\\\/logo\\\/image\\\/\"}},{\"@type\":\"Person\",\"@id\":\"https:\\\/\\\/telocuentavictorhugo.com\\\/#\\\/schema\\\/person\\\/a8307d7271ba2849b49b562ad8602f06\",\"name\":\"telocuentavictorhugo.com\",\"image\":{\"@type\":\"ImageObject\",\"inLanguage\":\"es\",\"@id\":\"https:\\\/\\\/secure.gravatar.com\\\/avatar\\\/da212e7b532df19fd2aea5daf46d8c176abfc85521e4b80ed435d7426ef63eb6?s=96&d=mm&r=g\",\"url\":\"https:\\\/\\\/secure.gravatar.com\\\/avatar\\\/da212e7b532df19fd2aea5daf46d8c176abfc85521e4b80ed435d7426ef63eb6?s=96&d=mm&r=g\",\"contentUrl\":\"https:\\\/\\\/secure.gravatar.com\\\/avatar\\\/da212e7b532df19fd2aea5daf46d8c176abfc85521e4b80ed435d7426ef63eb6?s=96&d=mm&r=g\",\"caption\":\"telocuentavictorhugo.com\"},\"sameAs\":[\"http:\\\/\\\/telocuentavictorhugo.com\"],\"url\":\"https:\\\/\\\/telocuentavictorhugo.com\\\/index.php\\\/author\\\/plustvpress-com\\\/\"}]}<\/script>\n<!-- \/ Yoast SEO plugin. -->","yoast_head_json":{"title":"\u00a1Alerta en R\u00edo Grande! La mortalidad masiva de peces por temperaturas extremas sorprende - Te lo Cuenta Victor","robots":{"index":"index","follow":"follow","max-snippet":"max-snippet:-1","max-image-preview":"max-image-preview:large","max-video-preview":"max-video-preview:-1"},"canonical":"https:\/\/telocuentavictorhugo.com\/index.php\/2025\/07\/04\/alerta-en-rio-grande-la-mortalidad-masiva-de-peces-por-temperaturas-extremas-sorprende\/","og_locale":"es_ES","og_type":"article","og_title":"\u00a1Alerta en R\u00edo Grande! La mortalidad masiva de peces por temperaturas extremas sorprende - Te lo Cuenta Victor","og_description":"Una mortandad masiva de peces surub\u00ed en el R\u00edo Grande de Santa Cruz se atribuye a las bajas temperaturas que afectan la regi\u00f3n, seg\u00fan explic\u00f3 el experto Luis Torrez, quien advierte que temperaturas por debajo de 18 grados causan estr\u00e9s en los peces tropicales y, si bajan a menos de 12 grados, provocan su muerte.","og_url":"https:\/\/telocuentavictorhugo.com\/index.php\/2025\/07\/04\/alerta-en-rio-grande-la-mortalidad-masiva-de-peces-por-temperaturas-extremas-sorprende\/","og_site_name":"Te lo Cuenta Victor","article_published_time":"2025-07-04T05:37:44+00:00","article_modified_time":"2025-07-04T05:37:45+00:00","og_image":[{"width":1215,"height":617,"url":"http:\/\/telocuentavictorhugo.com\/wp-content\/uploads\/2025\/07\/VDSVDSDVSDVSDVDS.jpg","type":"image\/jpeg"}],"author":"telocuentavictorhugo.com","twitter_card":"summary_large_image","twitter_misc":{"Escrito por":"telocuentavictorhugo.com","Tiempo de lectura":"1 minuto"},"schema":{"@context":"https:\/\/schema.org","@graph":[{"@type":"Article","@id":"https:\/\/telocuentavictorhugo.com\/index.php\/2025\/07\/04\/alerta-en-rio-grande-la-mortalidad-masiva-de-peces-por-temperaturas-extremas-sorprende\/#article","isPartOf":{"@id":"https:\/\/telocuentavictorhugo.com\/index.php\/2025\/07\/04\/alerta-en-rio-grande-la-mortalidad-masiva-de-peces-por-temperaturas-extremas-sorprende\/"},"author":{"name":"telocuentavictorhugo.com","@id":"https:\/\/telocuentavictorhugo.com\/#\/schema\/person\/a8307d7271ba2849b49b562ad8602f06"},"headline":"\u00a1Alerta en R\u00edo Grande! La mortalidad masiva de peces por temperaturas extremas sorprende","datePublished":"2025-07-04T05:37:44+00:00","dateModified":"2025-07-04T05:37:45+00:00","mainEntityOfPage":{"@id":"https:\/\/telocuentavictorhugo.com\/index.php\/2025\/07\/04\/alerta-en-rio-grande-la-mortalidad-masiva-de-peces-por-temperaturas-extremas-sorprende\/"},"wordCount":77,"commentCount":0,"publisher":{"@id":"https:\/\/telocuentavictorhugo.com\/#organization"},"image":{"@id":"https:\/\/telocuentavictorhugo.com\/index.php\/2025\/07\/04\/alerta-en-rio-grande-la-mortalidad-masiva-de-peces-por-temperaturas-extremas-sorprende\/#primaryimage"},"thumbnailUrl":"https:\/\/telocuentavictorhugo.com\/wp-content\/uploads\/2025\/07\/VDSVDSDVSDVSDVDS.jpg","articleSection":["Medio Ambiente","Noticias"],"inLanguage":"es","potentialAction":[{"@type":"CommentAction","name":"Comment","target":["https:\/\/telocuentavictorhugo.com\/index.php\/2025\/07\/04\/alerta-en-rio-grande-la-mortalidad-masiva-de-peces-por-temperaturas-extremas-sorprende\/#respond"]}]},{"@type":"WebPage","@id":"https:\/\/telocuentavictorhugo.com\/index.php\/2025\/07\/04\/alerta-en-rio-grande-la-mortalidad-masiva-de-peces-por-temperaturas-extremas-sorprende\/","url":"https:\/\/telocuentavictorhugo.com\/index.php\/2025\/07\/04\/alerta-en-rio-grande-la-mortalidad-masiva-de-peces-por-temperaturas-extremas-sorprende\/","name":"\u00a1Alerta en R\u00edo Grande! La mortalidad masiva de peces por temperaturas extremas sorprende - Te lo Cuenta Victor","isPartOf":{"@id":"https:\/\/telocuentavictorhugo.com\/#website"},"primaryImageOfPage":{"@id":"https:\/\/telocuentavictorhugo.com\/index.php\/2025\/07\/04\/alerta-en-rio-grande-la-mortalidad-masiva-de-peces-por-temperaturas-extremas-sorprende\/#primaryimage"},"image":{"@id":"https:\/\/telocuentavictorhugo.com\/index.php\/2025\/07\/04\/alerta-en-rio-grande-la-mortalidad-masiva-de-peces-por-temperaturas-extremas-sorprende\/#primaryimage"},"thumbnailUrl":"https:\/\/telocuentavictorhugo.com\/wp-content\/uploads\/2025\/07\/VDSVDSDVSDVSDVDS.jpg","datePublished":"2025-07-04T05:37:44+00:00","dateModified":"2025-07-04T05:37:45+00:00","breadcrumb":{"@id":"https:\/\/telocuentavictorhugo.com\/index.php\/2025\/07\/04\/alerta-en-rio-grande-la-mortalidad-masiva-de-peces-por-temperaturas-extremas-sorprende\/#breadcrumb"},"inLanguage":"es","potentialAction":[{"@type":"ReadAction","target":["https:\/\/telocuentavictorhugo.com\/index.php\/2025\/07\/04\/alerta-en-rio-grande-la-mortalidad-masiva-de-peces-por-temperaturas-extremas-sorprende\/"]}]},{"@type":"ImageObject","inLanguage":"es","@id":"https:\/\/telocuentavictorhugo.com\/index.php\/2025\/07\/04\/alerta-en-rio-grande-la-mortalidad-masiva-de-peces-por-temperaturas-extremas-sorprende\/#primaryimage","url":"https:\/\/telocuentavictorhugo.com\/wp-content\/uploads\/2025\/07\/VDSVDSDVSDVSDVDS.jpg","contentUrl":"https:\/\/telocuentavictorhugo.com\/wp-content\/uploads\/2025\/07\/VDSVDSDVSDVSDVDS.jpg","width":1215,"height":617},{"@type":"BreadcrumbList","@id":"https:\/\/telocuentavictorhugo.com\/index.php\/2025\/07\/04\/alerta-en-rio-grande-la-mortalidad-masiva-de-peces-por-temperaturas-extremas-sorprende\/#breadcrumb","itemListElement":[{"@type":"ListItem","position":1,"name":"Portada","item":"https:\/\/telocuentavictorhugo.com\/"},{"@type":"ListItem","position":2,"name":"\u00a1Alerta en R\u00edo Grande! La mortalidad masiva de peces por temperaturas extremas sorprende"}]},{"@type":"WebSite","@id":"https:\/\/telocuentavictorhugo.com\/#website","url":"https:\/\/telocuentavictorhugo.com\/","name":"Te lo Cuenta Victor","description":"","publisher":{"@id":"https:\/\/telocuentavictorhugo.com\/#organization"},"potentialAction":[{"@type":"SearchAction","target":{"@type":"EntryPoint","urlTemplate":"https:\/\/telocuentavictorhugo.com\/?s={search_term_string}"},"query-input":{"@type":"PropertyValueSpecification","valueRequired":true,"valueName":"search_term_string"}}],"inLanguage":"es"},{"@type":"Organization","@id":"https:\/\/telocuentavictorhugo.com\/#organization","name":"Te lo Cuenta Victor","url":"https:\/\/telocuentavictorhugo.com\/","logo":{"@type":"ImageObject","inLanguage":"es","@id":"https:\/\/telocuentavictorhugo.com\/#\/schema\/logo\/image\/","url":"https:\/\/telocuentavictorhugo.com\/wp-content\/uploads\/2023\/12\/Logo.png","contentUrl":"https:\/\/telocuentavictorhugo.com\/wp-content\/uploads\/2023\/12\/Logo.png","width":1080,"height":176,"caption":"Te lo Cuenta Victor"},"image":{"@id":"https:\/\/telocuentavictorhugo.com\/#\/schema\/logo\/image\/"}},{"@type":"Person","@id":"https:\/\/telocuentavictorhugo.com\/#\/schema\/person\/a8307d7271ba2849b49b562ad8602f06","name":"telocuentavictorhugo.com","image":{"@type":"ImageObject","inLanguage":"es","@id":"https:\/\/secure.gravatar.com\/avatar\/da212e7b532df19fd2aea5daf46d8c176abfc85521e4b80ed435d7426ef63eb6?s=96&d=mm&r=g","url":"https:\/\/secure.gravatar.com\/avatar\/da212e7b532df19fd2aea5daf46d8c176abfc85521e4b80ed435d7426ef63eb6?s=96&d=mm&r=g","contentUrl":"https:\/\/secure.gravatar.com\/avatar\/da212e7b532df19fd2aea5daf46d8c176abfc85521e4b80ed435d7426ef63eb6?s=96&d=mm&r=g","caption":"telocuentavictorhugo.com"},"sameAs":["http:\/\/telocuentavictorhugo.com"],"url":"https:\/\/telocuentavictorhugo.com\/index.php\/author\/plustvpress-com\/"}]}},"_links":{"self":[{"href":"https:\/\/telocuentavictorhugo.com\/index.php\/wp-json\/wp\/v2\/posts\/8540","targetHints":{"allow":["GET"]}}],"collection":[{"href":"https:\/\/telocuentavictorhugo.com\/index.php\/wp-json\/wp\/v2\/posts"}],"about":[{"href":"https:\/\/telocuentavictorhugo.com\/index.php\/wp-json\/wp\/v2\/types\/post"}],"author":[{"embeddable":true,"href":"https:\/\/telocuentavictorhugo.com\/index.php\/wp-json\/wp\/v2\/users\/1"}],"replies":[{"embeddable":true,"href":"https:\/\/telocuentavictorhugo.com\/index.php\/wp-json\/wp\/v2\/comments?post=8540"}],"version-history":[{"count":1,"href":"https:\/\/telocuentavictorhugo.com\/index.php\/wp-json\/wp\/v2\/posts\/8540\/revisions"}],"predecessor-version":[{"id":8542,"href":"https:\/\/telocuentavictorhugo.com\/index.php\/wp-json\/wp\/v2\/posts\/8540\/revisions\/8542"}],"wp:featuredmedia":[{"embeddable":true,"href":"https:\/\/telocuentavictorhugo.com\/index.php\/wp-json\/wp\/v2\/media\/8541"}],"wp:attachment":[{"href":"https:\/\/telocuentavictorhugo.com\/index.php\/wp-json\/wp\/v2\/media?parent=8540"}],"wp:term":[{"taxonomy":"category","embeddable":true,"href":"https:\/\/telocuentavictorhugo.com\/index.php\/wp-json\/wp\/v2\/categories?post=8540"},{"taxonomy":"post_tag","embeddable":true,"href":"https:\/\/telocuentavictorhugo.com\/index.php\/wp-json\/wp\/v2\/tags?post=8540"}],"curies":[{"name":"wp","href":"https:\/\/api.w.org\/{rel}","templated":true}]}}