{"id":8503,"date":"2025-07-02T13:32:55","date_gmt":"2025-07-02T17:32:55","guid":{"rendered":"https:\/\/telocuentavictorhugo.com\/?p=8503"},"modified":"2025-07-02T13:32:56","modified_gmt":"2025-07-02T17:32:56","slug":"prioridad-en-alimentos-hace-que-usdt-caiga-bajo-bs-15-que-pasa-con-la-economia-boliviana","status":"publish","type":"post","link":"https:\/\/telocuentavictorhugo.com\/index.php\/2025\/07\/02\/prioridad-en-alimentos-hace-que-usdt-caiga-bajo-bs-15-que-pasa-con-la-economia-boliviana\/","title":{"rendered":"Prioridad en alimentos hace que USDT caiga bajo Bs 15: \u00bfQu\u00e9 pasa con la econom\u00eda boliviana?"},"content":{"rendered":"\n<p>El precio del d\u00f3lar digital (USDT) en Bolivia ha ca\u00eddo por debajo de los 15 bolivianos, una cifra no vista en meses. Seg\u00fan expertos, esta baja se debe a una combinaci\u00f3n de factores econ\u00f3micos y pol\u00edticos. El presidente del Colegio de Economistas de Tarija, Fernando Romero, explica que la menor demanda es el principal motivo de esta ca\u00edda, ya que la gente est\u00e1 priorizando sus ingresos en alimentos, educaci\u00f3n, salud y servicios b\u00e1sicos en lugar de comprar d\u00f3lares.<\/p>\n\n\n\n<p>Ver video aqui\u0301:\u00a0\ud83d\udc49\ud83c\udffb\ud83d\udcf9\u23ef<a href=\"https:\/\/www.youtube.com\/watch?v=OAc8dLVKg6E\">https:\/\/www.youtube.com\/watch?v=OAc8dLVKg6E<\/a><\/p>\n\n\n\n<figure class=\"wp-block-image size-full\"><img fetchpriority=\"high\" decoding=\"async\" width=\"811\" height=\"433\" src=\"https:\/\/telocuentavictorhugo.com\/wp-content\/uploads\/2025\/07\/dadaddadaaad.jpg\" alt=\"\" class=\"wp-image-8504\" srcset=\"https:\/\/telocuentavictorhugo.com\/wp-content\/uploads\/2025\/07\/dadaddadaaad.jpg 811w, https:\/\/telocuentavictorhugo.com\/wp-content\/uploads\/2025\/07\/dadaddadaaad-300x160.jpg 300w, https:\/\/telocuentavictorhugo.com\/wp-content\/uploads\/2025\/07\/dadaddadaaad-768x410.jpg 768w, https:\/\/telocuentavictorhugo.com\/wp-content\/uploads\/2025\/07\/dadaddadaaad-570x304.jpg 570w, https:\/\/telocuentavictorhugo.com\/wp-content\/uploads\/2025\/07\/dadaddadaaad-270x144.jpg 270w, https:\/\/telocuentavictorhugo.com\/wp-content\/uploads\/2025\/07\/dadaddadaaad-600x320.jpg 600w\" sizes=\"(max-width: 811px) 100vw, 811px\" \/><\/figure>\n\n\n\n<p>Ver video aqui\u0301:\u00a0\ud83d\udc49\ud83c\udffb\ud83d\udcf9\u23ef<a href=\"https:\/\/www.youtube.com\/watch?v=OAc8dLVKg6E\">https:\/\/www.youtube.com\/watch?v=OAc8dLVKg6E<\/a><\/p>\n","protected":false},"excerpt":{"rendered":"<p>El precio del d\u00f3lar digital (USDT) en Bolivia ha ca\u00eddo por debajo de los 15 bolivianos, una cifra no vista en meses. Seg\u00fan expertos, esta baja se debe a una combinaci\u00f3n de factores econ\u00f3micos y pol\u00edticos. El presidente del Colegio de Economistas de Tarija, Fernando Romero, explica que la menor demanda es el principal motivo [&hellip;]<\/p>\n","protected":false},"author":1,"featured_media":8504,"comment_status":"open","ping_status":"open","sticky":false,"template":"","format":"standard","meta":{"_eb_attr":"","footnotes":""},"categories":[43,1],"tags":[],"class_list":["post-8503","post","type-post","status-publish","format-standard","has-post-thumbnail","hentry","category-economia","category-noticias"],"yoast_head":"<!-- This site is optimized with the Yoast SEO plugin v27.4 - https:\/\/yoast.com\/product\/yoast-seo-wordpress\/ -->\n<title>Prioridad en alimentos hace que USDT caiga bajo Bs 15: \u00bfQu\u00e9 pasa con la econom\u00eda boliviana? - Te lo Cuenta Victor<\/title>\n<meta name=\"robots\" content=\"index, follow, max-snippet:-1, max-image-preview:large, max-video-preview:-1\" \/>\n<link rel=\"canonical\" href=\"https:\/\/telocuentavictorhugo.com\/index.php\/2025\/07\/02\/prioridad-en-alimentos-hace-que-usdt-caiga-bajo-bs-15-que-pasa-con-la-economia-boliviana\/\" \/>\n<meta property=\"og:locale\" content=\"es_ES\" \/>\n<meta property=\"og:type\" content=\"article\" \/>\n<meta property=\"og:title\" content=\"Prioridad en alimentos hace que USDT caiga bajo Bs 15: \u00bfQu\u00e9 pasa con la econom\u00eda boliviana? - Te lo Cuenta Victor\" \/>\n<meta property=\"og:description\" content=\"El precio del d\u00f3lar digital (USDT) en Bolivia ha ca\u00eddo por debajo de los 15 bolivianos, una cifra no vista en meses. Seg\u00fan expertos, esta baja se debe a una combinaci\u00f3n de factores econ\u00f3micos y pol\u00edticos. El presidente del Colegio de Economistas de Tarija, Fernando Romero, explica que la menor demanda es el principal motivo [&hellip;]\" \/>\n<meta property=\"og:url\" content=\"https:\/\/telocuentavictorhugo.com\/index.php\/2025\/07\/02\/prioridad-en-alimentos-hace-que-usdt-caiga-bajo-bs-15-que-pasa-con-la-economia-boliviana\/\" \/>\n<meta property=\"og:site_name\" content=\"Te lo Cuenta Victor\" \/>\n<meta property=\"article:published_time\" content=\"2025-07-02T17:32:55+00:00\" \/>\n<meta property=\"article:modified_time\" content=\"2025-07-02T17:32:56+00:00\" \/>\n<meta property=\"og:image\" content=\"http:\/\/telocuentavictorhugo.com\/wp-content\/uploads\/2025\/07\/dadaddadaaad.jpg\" \/>\n\t<meta property=\"og:image:width\" content=\"811\" \/>\n\t<meta property=\"og:image:height\" content=\"433\" \/>\n\t<meta property=\"og:image:type\" content=\"image\/jpeg\" \/>\n<meta name=\"author\" content=\"telocuentavictorhugo.com\" \/>\n<meta name=\"twitter:card\" content=\"summary_large_image\" \/>\n<meta name=\"twitter:label1\" content=\"Escrito por\" \/>\n\t<meta name=\"twitter:data1\" content=\"telocuentavictorhugo.com\" \/>\n\t<meta name=\"twitter:label2\" content=\"Tiempo de lectura\" \/>\n\t<meta name=\"twitter:data2\" content=\"1 minuto\" \/>\n<script type=\"application\/ld+json\" class=\"yoast-schema-graph\">{\"@context\":\"https:\\\/\\\/schema.org\",\"@graph\":[{\"@type\":\"Article\",\"@id\":\"https:\\\/\\\/telocuentavictorhugo.com\\\/index.php\\\/2025\\\/07\\\/02\\\/prioridad-en-alimentos-hace-que-usdt-caiga-bajo-bs-15-que-pasa-con-la-economia-boliviana\\\/#article\",\"isPartOf\":{\"@id\":\"https:\\\/\\\/telocuentavictorhugo.com\\\/index.php\\\/2025\\\/07\\\/02\\\/prioridad-en-alimentos-hace-que-usdt-caiga-bajo-bs-15-que-pasa-con-la-economia-boliviana\\\/\"},\"author\":{\"name\":\"telocuentavictorhugo.com\",\"@id\":\"https:\\\/\\\/telocuentavictorhugo.com\\\/#\\\/schema\\\/person\\\/a8307d7271ba2849b49b562ad8602f06\"},\"headline\":\"Prioridad en alimentos hace que USDT caiga bajo Bs 15: \u00bfQu\u00e9 pasa con la econom\u00eda boliviana?\",\"datePublished\":\"2025-07-02T17:32:55+00:00\",\"dateModified\":\"2025-07-02T17:32:56+00:00\",\"mainEntityOfPage\":{\"@id\":\"https:\\\/\\\/telocuentavictorhugo.com\\\/index.php\\\/2025\\\/07\\\/02\\\/prioridad-en-alimentos-hace-que-usdt-caiga-bajo-bs-15-que-pasa-con-la-economia-boliviana\\\/\"},\"wordCount\":127,\"commentCount\":0,\"publisher\":{\"@id\":\"https:\\\/\\\/telocuentavictorhugo.com\\\/#organization\"},\"image\":{\"@id\":\"https:\\\/\\\/telocuentavictorhugo.com\\\/index.php\\\/2025\\\/07\\\/02\\\/prioridad-en-alimentos-hace-que-usdt-caiga-bajo-bs-15-que-pasa-con-la-economia-boliviana\\\/#primaryimage\"},\"thumbnailUrl\":\"https:\\\/\\\/telocuentavictorhugo.com\\\/wp-content\\\/uploads\\\/2025\\\/07\\\/dadaddadaaad.jpg\",\"articleSection\":[\"Econom\u00eda\",\"Noticias\"],\"inLanguage\":\"es\",\"potentialAction\":[{\"@type\":\"CommentAction\",\"name\":\"Comment\",\"target\":[\"https:\\\/\\\/telocuentavictorhugo.com\\\/index.php\\\/2025\\\/07\\\/02\\\/prioridad-en-alimentos-hace-que-usdt-caiga-bajo-bs-15-que-pasa-con-la-economia-boliviana\\\/#respond\"]}]},{\"@type\":\"WebPage\",\"@id\":\"https:\\\/\\\/telocuentavictorhugo.com\\\/index.php\\\/2025\\\/07\\\/02\\\/prioridad-en-alimentos-hace-que-usdt-caiga-bajo-bs-15-que-pasa-con-la-economia-boliviana\\\/\",\"url\":\"https:\\\/\\\/telocuentavictorhugo.com\\\/index.php\\\/2025\\\/07\\\/02\\\/prioridad-en-alimentos-hace-que-usdt-caiga-bajo-bs-15-que-pasa-con-la-economia-boliviana\\\/\",\"name\":\"Prioridad en alimentos hace que USDT caiga bajo Bs 15: \u00bfQu\u00e9 pasa con la econom\u00eda boliviana? - Te lo Cuenta Victor\",\"isPartOf\":{\"@id\":\"https:\\\/\\\/telocuentavictorhugo.com\\\/#website\"},\"primaryImageOfPage\":{\"@id\":\"https:\\\/\\\/telocuentavictorhugo.com\\\/index.php\\\/2025\\\/07\\\/02\\\/prioridad-en-alimentos-hace-que-usdt-caiga-bajo-bs-15-que-pasa-con-la-economia-boliviana\\\/#primaryimage\"},\"image\":{\"@id\":\"https:\\\/\\\/telocuentavictorhugo.com\\\/index.php\\\/2025\\\/07\\\/02\\\/prioridad-en-alimentos-hace-que-usdt-caiga-bajo-bs-15-que-pasa-con-la-economia-boliviana\\\/#primaryimage\"},\"thumbnailUrl\":\"https:\\\/\\\/telocuentavictorhugo.com\\\/wp-content\\\/uploads\\\/2025\\\/07\\\/dadaddadaaad.jpg\",\"datePublished\":\"2025-07-02T17:32:55+00:00\",\"dateModified\":\"2025-07-02T17:32:56+00:00\",\"breadcrumb\":{\"@id\":\"https:\\\/\\\/telocuentavictorhugo.com\\\/index.php\\\/2025\\\/07\\\/02\\\/prioridad-en-alimentos-hace-que-usdt-caiga-bajo-bs-15-que-pasa-con-la-economia-boliviana\\\/#breadcrumb\"},\"inLanguage\":\"es\",\"potentialAction\":[{\"@type\":\"ReadAction\",\"target\":[\"https:\\\/\\\/telocuentavictorhugo.com\\\/index.php\\\/2025\\\/07\\\/02\\\/prioridad-en-alimentos-hace-que-usdt-caiga-bajo-bs-15-que-pasa-con-la-economia-boliviana\\\/\"]}]},{\"@type\":\"ImageObject\",\"inLanguage\":\"es\",\"@id\":\"https:\\\/\\\/telocuentavictorhugo.com\\\/index.php\\\/2025\\\/07\\\/02\\\/prioridad-en-alimentos-hace-que-usdt-caiga-bajo-bs-15-que-pasa-con-la-economia-boliviana\\\/#primaryimage\",\"url\":\"https:\\\/\\\/telocuentavictorhugo.com\\\/wp-content\\\/uploads\\\/2025\\\/07\\\/dadaddadaaad.jpg\",\"contentUrl\":\"https:\\\/\\\/telocuentavictorhugo.com\\\/wp-content\\\/uploads\\\/2025\\\/07\\\/dadaddadaaad.jpg\",\"width\":811,\"height\":433},{\"@type\":\"BreadcrumbList\",\"@id\":\"https:\\\/\\\/telocuentavictorhugo.com\\\/index.php\\\/2025\\\/07\\\/02\\\/prioridad-en-alimentos-hace-que-usdt-caiga-bajo-bs-15-que-pasa-con-la-economia-boliviana\\\/#breadcrumb\",\"itemListElement\":[{\"@type\":\"ListItem\",\"position\":1,\"name\":\"Portada\",\"item\":\"https:\\\/\\\/telocuentavictorhugo.com\\\/\"},{\"@type\":\"ListItem\",\"position\":2,\"name\":\"Prioridad en alimentos hace que USDT caiga bajo Bs 15: \u00bfQu\u00e9 pasa con la econom\u00eda boliviana?\"}]},{\"@type\":\"WebSite\",\"@id\":\"https:\\\/\\\/telocuentavictorhugo.com\\\/#website\",\"url\":\"https:\\\/\\\/telocuentavictorhugo.com\\\/\",\"name\":\"Te lo Cuenta Victor\",\"description\":\"\",\"publisher\":{\"@id\":\"https:\\\/\\\/telocuentavictorhugo.com\\\/#organization\"},\"potentialAction\":[{\"@type\":\"SearchAction\",\"target\":{\"@type\":\"EntryPoint\",\"urlTemplate\":\"https:\\\/\\\/telocuentavictorhugo.com\\\/?s={search_term_string}\"},\"query-input\":{\"@type\":\"PropertyValueSpecification\",\"valueRequired\":true,\"valueName\":\"search_term_string\"}}],\"inLanguage\":\"es\"},{\"@type\":\"Organization\",\"@id\":\"https:\\\/\\\/telocuentavictorhugo.com\\\/#organization\",\"name\":\"Te lo Cuenta Victor\",\"url\":\"https:\\\/\\\/telocuentavictorhugo.com\\\/\",\"logo\":{\"@type\":\"ImageObject\",\"inLanguage\":\"es\",\"@id\":\"https:\\\/\\\/telocuentavictorhugo.com\\\/#\\\/schema\\\/logo\\\/image\\\/\",\"url\":\"https:\\\/\\\/telocuentavictorhugo.com\\\/wp-content\\\/uploads\\\/2023\\\/12\\\/Logo.png\",\"contentUrl\":\"https:\\\/\\\/telocuentavictorhugo.com\\\/wp-content\\\/uploads\\\/2023\\\/12\\\/Logo.png\",\"width\":1080,\"height\":176,\"caption\":\"Te lo Cuenta Victor\"},\"image\":{\"@id\":\"https:\\\/\\\/telocuentavictorhugo.com\\\/#\\\/schema\\\/logo\\\/image\\\/\"}},{\"@type\":\"Person\",\"@id\":\"https:\\\/\\\/telocuentavictorhugo.com\\\/#\\\/schema\\\/person\\\/a8307d7271ba2849b49b562ad8602f06\",\"name\":\"telocuentavictorhugo.com\",\"image\":{\"@type\":\"ImageObject\",\"inLanguage\":\"es\",\"@id\":\"https:\\\/\\\/secure.gravatar.com\\\/avatar\\\/da212e7b532df19fd2aea5daf46d8c176abfc85521e4b80ed435d7426ef63eb6?s=96&d=mm&r=g\",\"url\":\"https:\\\/\\\/secure.gravatar.com\\\/avatar\\\/da212e7b532df19fd2aea5daf46d8c176abfc85521e4b80ed435d7426ef63eb6?s=96&d=mm&r=g\",\"contentUrl\":\"https:\\\/\\\/secure.gravatar.com\\\/avatar\\\/da212e7b532df19fd2aea5daf46d8c176abfc85521e4b80ed435d7426ef63eb6?s=96&d=mm&r=g\",\"caption\":\"telocuentavictorhugo.com\"},\"sameAs\":[\"http:\\\/\\\/telocuentavictorhugo.com\"],\"url\":\"https:\\\/\\\/telocuentavictorhugo.com\\\/index.php\\\/author\\\/plustvpress-com\\\/\"}]}<\/script>\n<!-- \/ Yoast SEO plugin. -->","yoast_head_json":{"title":"Prioridad en alimentos hace que USDT caiga bajo Bs 15: \u00bfQu\u00e9 pasa con la econom\u00eda boliviana? - Te lo Cuenta Victor","robots":{"index":"index","follow":"follow","max-snippet":"max-snippet:-1","max-image-preview":"max-image-preview:large","max-video-preview":"max-video-preview:-1"},"canonical":"https:\/\/telocuentavictorhugo.com\/index.php\/2025\/07\/02\/prioridad-en-alimentos-hace-que-usdt-caiga-bajo-bs-15-que-pasa-con-la-economia-boliviana\/","og_locale":"es_ES","og_type":"article","og_title":"Prioridad en alimentos hace que USDT caiga bajo Bs 15: \u00bfQu\u00e9 pasa con la econom\u00eda boliviana? - Te lo Cuenta Victor","og_description":"El precio del d\u00f3lar digital (USDT) en Bolivia ha ca\u00eddo por debajo de los 15 bolivianos, una cifra no vista en meses. Seg\u00fan expertos, esta baja se debe a una combinaci\u00f3n de factores econ\u00f3micos y pol\u00edticos. El presidente del Colegio de Economistas de Tarija, Fernando Romero, explica que la menor demanda es el principal motivo [&hellip;]","og_url":"https:\/\/telocuentavictorhugo.com\/index.php\/2025\/07\/02\/prioridad-en-alimentos-hace-que-usdt-caiga-bajo-bs-15-que-pasa-con-la-economia-boliviana\/","og_site_name":"Te lo Cuenta Victor","article_published_time":"2025-07-02T17:32:55+00:00","article_modified_time":"2025-07-02T17:32:56+00:00","og_image":[{"width":811,"height":433,"url":"http:\/\/telocuentavictorhugo.com\/wp-content\/uploads\/2025\/07\/dadaddadaaad.jpg","type":"image\/jpeg"}],"author":"telocuentavictorhugo.com","twitter_card":"summary_large_image","twitter_misc":{"Escrito por":"telocuentavictorhugo.com","Tiempo de lectura":"1 minuto"},"schema":{"@context":"https:\/\/schema.org","@graph":[{"@type":"Article","@id":"https:\/\/telocuentavictorhugo.com\/index.php\/2025\/07\/02\/prioridad-en-alimentos-hace-que-usdt-caiga-bajo-bs-15-que-pasa-con-la-economia-boliviana\/#article","isPartOf":{"@id":"https:\/\/telocuentavictorhugo.com\/index.php\/2025\/07\/02\/prioridad-en-alimentos-hace-que-usdt-caiga-bajo-bs-15-que-pasa-con-la-economia-boliviana\/"},"author":{"name":"telocuentavictorhugo.com","@id":"https:\/\/telocuentavictorhugo.com\/#\/schema\/person\/a8307d7271ba2849b49b562ad8602f06"},"headline":"Prioridad en alimentos hace que USDT caiga bajo Bs 15: \u00bfQu\u00e9 pasa con la econom\u00eda boliviana?","datePublished":"2025-07-02T17:32:55+00:00","dateModified":"2025-07-02T17:32:56+00:00","mainEntityOfPage":{"@id":"https:\/\/telocuentavictorhugo.com\/index.php\/2025\/07\/02\/prioridad-en-alimentos-hace-que-usdt-caiga-bajo-bs-15-que-pasa-con-la-economia-boliviana\/"},"wordCount":127,"commentCount":0,"publisher":{"@id":"https:\/\/telocuentavictorhugo.com\/#organization"},"image":{"@id":"https:\/\/telocuentavictorhugo.com\/index.php\/2025\/07\/02\/prioridad-en-alimentos-hace-que-usdt-caiga-bajo-bs-15-que-pasa-con-la-economia-boliviana\/#primaryimage"},"thumbnailUrl":"https:\/\/telocuentavictorhugo.com\/wp-content\/uploads\/2025\/07\/dadaddadaaad.jpg","articleSection":["Econom\u00eda","Noticias"],"inLanguage":"es","potentialAction":[{"@type":"CommentAction","name":"Comment","target":["https:\/\/telocuentavictorhugo.com\/index.php\/2025\/07\/02\/prioridad-en-alimentos-hace-que-usdt-caiga-bajo-bs-15-que-pasa-con-la-economia-boliviana\/#respond"]}]},{"@type":"WebPage","@id":"https:\/\/telocuentavictorhugo.com\/index.php\/2025\/07\/02\/prioridad-en-alimentos-hace-que-usdt-caiga-bajo-bs-15-que-pasa-con-la-economia-boliviana\/","url":"https:\/\/telocuentavictorhugo.com\/index.php\/2025\/07\/02\/prioridad-en-alimentos-hace-que-usdt-caiga-bajo-bs-15-que-pasa-con-la-economia-boliviana\/","name":"Prioridad en alimentos hace que USDT caiga bajo Bs 15: \u00bfQu\u00e9 pasa con la econom\u00eda boliviana? - Te lo Cuenta Victor","isPartOf":{"@id":"https:\/\/telocuentavictorhugo.com\/#website"},"primaryImageOfPage":{"@id":"https:\/\/telocuentavictorhugo.com\/index.php\/2025\/07\/02\/prioridad-en-alimentos-hace-que-usdt-caiga-bajo-bs-15-que-pasa-con-la-economia-boliviana\/#primaryimage"},"image":{"@id":"https:\/\/telocuentavictorhugo.com\/index.php\/2025\/07\/02\/prioridad-en-alimentos-hace-que-usdt-caiga-bajo-bs-15-que-pasa-con-la-economia-boliviana\/#primaryimage"},"thumbnailUrl":"https:\/\/telocuentavictorhugo.com\/wp-content\/uploads\/2025\/07\/dadaddadaaad.jpg","datePublished":"2025-07-02T17:32:55+00:00","dateModified":"2025-07-02T17:32:56+00:00","breadcrumb":{"@id":"https:\/\/telocuentavictorhugo.com\/index.php\/2025\/07\/02\/prioridad-en-alimentos-hace-que-usdt-caiga-bajo-bs-15-que-pasa-con-la-economia-boliviana\/#breadcrumb"},"inLanguage":"es","potentialAction":[{"@type":"ReadAction","target":["https:\/\/telocuentavictorhugo.com\/index.php\/2025\/07\/02\/prioridad-en-alimentos-hace-que-usdt-caiga-bajo-bs-15-que-pasa-con-la-economia-boliviana\/"]}]},{"@type":"ImageObject","inLanguage":"es","@id":"https:\/\/telocuentavictorhugo.com\/index.php\/2025\/07\/02\/prioridad-en-alimentos-hace-que-usdt-caiga-bajo-bs-15-que-pasa-con-la-economia-boliviana\/#primaryimage","url":"https:\/\/telocuentavictorhugo.com\/wp-content\/uploads\/2025\/07\/dadaddadaaad.jpg","contentUrl":"https:\/\/telocuentavictorhugo.com\/wp-content\/uploads\/2025\/07\/dadaddadaaad.jpg","width":811,"height":433},{"@type":"BreadcrumbList","@id":"https:\/\/telocuentavictorhugo.com\/index.php\/2025\/07\/02\/prioridad-en-alimentos-hace-que-usdt-caiga-bajo-bs-15-que-pasa-con-la-economia-boliviana\/#breadcrumb","itemListElement":[{"@type":"ListItem","position":1,"name":"Portada","item":"https:\/\/telocuentavictorhugo.com\/"},{"@type":"ListItem","position":2,"name":"Prioridad en alimentos hace que USDT caiga bajo Bs 15: \u00bfQu\u00e9 pasa con la econom\u00eda boliviana?"}]},{"@type":"WebSite","@id":"https:\/\/telocuentavictorhugo.com\/#website","url":"https:\/\/telocuentavictorhugo.com\/","name":"Te lo Cuenta Victor","description":"","publisher":{"@id":"https:\/\/telocuentavictorhugo.com\/#organization"},"potentialAction":[{"@type":"SearchAction","target":{"@type":"EntryPoint","urlTemplate":"https:\/\/telocuentavictorhugo.com\/?s={search_term_string}"},"query-input":{"@type":"PropertyValueSpecification","valueRequired":true,"valueName":"search_term_string"}}],"inLanguage":"es"},{"@type":"Organization","@id":"https:\/\/telocuentavictorhugo.com\/#organization","name":"Te lo Cuenta Victor","url":"https:\/\/telocuentavictorhugo.com\/","logo":{"@type":"ImageObject","inLanguage":"es","@id":"https:\/\/telocuentavictorhugo.com\/#\/schema\/logo\/image\/","url":"https:\/\/telocuentavictorhugo.com\/wp-content\/uploads\/2023\/12\/Logo.png","contentUrl":"https:\/\/telocuentavictorhugo.com\/wp-content\/uploads\/2023\/12\/Logo.png","width":1080,"height":176,"caption":"Te lo Cuenta Victor"},"image":{"@id":"https:\/\/telocuentavictorhugo.com\/#\/schema\/logo\/image\/"}},{"@type":"Person","@id":"https:\/\/telocuentavictorhugo.com\/#\/schema\/person\/a8307d7271ba2849b49b562ad8602f06","name":"telocuentavictorhugo.com","image":{"@type":"ImageObject","inLanguage":"es","@id":"https:\/\/secure.gravatar.com\/avatar\/da212e7b532df19fd2aea5daf46d8c176abfc85521e4b80ed435d7426ef63eb6?s=96&d=mm&r=g","url":"https:\/\/secure.gravatar.com\/avatar\/da212e7b532df19fd2aea5daf46d8c176abfc85521e4b80ed435d7426ef63eb6?s=96&d=mm&r=g","contentUrl":"https:\/\/secure.gravatar.com\/avatar\/da212e7b532df19fd2aea5daf46d8c176abfc85521e4b80ed435d7426ef63eb6?s=96&d=mm&r=g","caption":"telocuentavictorhugo.com"},"sameAs":["http:\/\/telocuentavictorhugo.com"],"url":"https:\/\/telocuentavictorhugo.com\/index.php\/author\/plustvpress-com\/"}]}},"_links":{"self":[{"href":"https:\/\/telocuentavictorhugo.com\/index.php\/wp-json\/wp\/v2\/posts\/8503","targetHints":{"allow":["GET"]}}],"collection":[{"href":"https:\/\/telocuentavictorhugo.com\/index.php\/wp-json\/wp\/v2\/posts"}],"about":[{"href":"https:\/\/telocuentavictorhugo.com\/index.php\/wp-json\/wp\/v2\/types\/post"}],"author":[{"embeddable":true,"href":"https:\/\/telocuentavictorhugo.com\/index.php\/wp-json\/wp\/v2\/users\/1"}],"replies":[{"embeddable":true,"href":"https:\/\/telocuentavictorhugo.com\/index.php\/wp-json\/wp\/v2\/comments?post=8503"}],"version-history":[{"count":1,"href":"https:\/\/telocuentavictorhugo.com\/index.php\/wp-json\/wp\/v2\/posts\/8503\/revisions"}],"predecessor-version":[{"id":8505,"href":"https:\/\/telocuentavictorhugo.com\/index.php\/wp-json\/wp\/v2\/posts\/8503\/revisions\/8505"}],"wp:featuredmedia":[{"embeddable":true,"href":"https:\/\/telocuentavictorhugo.com\/index.php\/wp-json\/wp\/v2\/media\/8504"}],"wp:attachment":[{"href":"https:\/\/telocuentavictorhugo.com\/index.php\/wp-json\/wp\/v2\/media?parent=8503"}],"wp:term":[{"taxonomy":"category","embeddable":true,"href":"https:\/\/telocuentavictorhugo.com\/index.php\/wp-json\/wp\/v2\/categories?post=8503"},{"taxonomy":"post_tag","embeddable":true,"href":"https:\/\/telocuentavictorhugo.com\/index.php\/wp-json\/wp\/v2\/tags?post=8503"}],"curies":[{"name":"wp","href":"https:\/\/api.w.org\/{rel}","templated":true}]}}