{"id":8491,"date":"2025-07-01T16:31:10","date_gmt":"2025-07-01T20:31:10","guid":{"rendered":"https:\/\/telocuentavictorhugo.com\/?p=8491"},"modified":"2025-07-01T16:31:11","modified_gmt":"2025-07-01T20:31:11","slug":"escandalo-en-oruro-empresa-minera-acusada-de-explotacion-laboral-y-retencion-ilegal","status":"publish","type":"post","link":"https:\/\/telocuentavictorhugo.com\/index.php\/2025\/07\/01\/escandalo-en-oruro-empresa-minera-acusada-de-explotacion-laboral-y-retencion-ilegal\/","title":{"rendered":"Esc\u00e1ndalo en Oruro: Empresa Minera Acusada de Explotaci\u00f3n Laboral y Retenci\u00f3n Ilegal"},"content":{"rendered":"\n<p>Una empresa minera en Oruro ha sido denunciada por trata de personas y retenci\u00f3n ilegal de un joven trabajador. Seg\u00fan la denuncia, los ingenieros de la empresa acusaron al joven de robo de una m\u00e1quina y, bajo coacci\u00f3n, lo obligaron a trabajar para pagar la deuda.<\/p>\n\n\n\n<p>Ver video aqui\u0301:\u00a0\ud83d\udc49\ud83c\udffb\ud83d\udcf9\u23ef<a href=\"https:\/\/www.youtube.com\/watch?v=OMcT5Ep9nCc\">https:\/\/www.youtube.com\/watch?v=OMcT5Ep9nCc<\/a><\/p>\n\n\n\n<figure class=\"wp-block-image size-full\"><img fetchpriority=\"high\" decoding=\"async\" width=\"611\" height=\"373\" src=\"https:\/\/telocuentavictorhugo.com\/wp-content\/uploads\/2025\/07\/dsdsds.jpg\" alt=\"\" class=\"wp-image-8492\" srcset=\"https:\/\/telocuentavictorhugo.com\/wp-content\/uploads\/2025\/07\/dsdsds.jpg 611w, https:\/\/telocuentavictorhugo.com\/wp-content\/uploads\/2025\/07\/dsdsds-300x183.jpg 300w, https:\/\/telocuentavictorhugo.com\/wp-content\/uploads\/2025\/07\/dsdsds-541x330.jpg 541w, https:\/\/telocuentavictorhugo.com\/wp-content\/uploads\/2025\/07\/dsdsds-270x165.jpg 270w, https:\/\/telocuentavictorhugo.com\/wp-content\/uploads\/2025\/07\/dsdsds-600x366.jpg 600w\" sizes=\"(max-width: 611px) 100vw, 611px\" \/><\/figure>\n\n\n\n<p>Ver video aqui\u0301:\u00a0\ud83d\udc49\ud83c\udffb\ud83d\udcf9\u23ef<a href=\"https:\/\/www.youtube.com\/watch?v=OMcT5Ep9nCc\">https:\/\/www.youtube.com\/watch?v=OMcT5Ep9nCc<\/a><\/p>\n","protected":false},"excerpt":{"rendered":"<p>Una empresa minera en Oruro ha sido denunciada por trata de personas y retenci\u00f3n ilegal de un joven trabajador. Seg\u00fan la denuncia, los ingenieros de la empresa acusaron al joven de robo de una m\u00e1quina y, bajo coacci\u00f3n, lo obligaron a trabajar para pagar la deuda. Ver video aqui\u0301:\u00a0\ud83d\udc49\ud83c\udffb\ud83d\udcf9\u23efhttps:\/\/www.youtube.com\/watch?v=OMcT5Ep9nCc Ver video aqui\u0301:\u00a0\ud83d\udc49\ud83c\udffb\ud83d\udcf9\u23efhttps:\/\/www.youtube.com\/watch?v=OMcT5Ep9nCc<\/p>\n","protected":false},"author":1,"featured_media":8492,"comment_status":"open","ping_status":"open","sticky":false,"template":"","format":"standard","meta":{"_eb_attr":"","footnotes":""},"categories":[1,44],"tags":[],"class_list":["post-8491","post","type-post","status-publish","format-standard","has-post-thumbnail","hentry","category-noticias","category-sociedad"],"yoast_head":"<!-- This site is optimized with the Yoast SEO plugin v27.4 - https:\/\/yoast.com\/product\/yoast-seo-wordpress\/ -->\n<title>Esc\u00e1ndalo en Oruro: Empresa Minera Acusada de Explotaci\u00f3n Laboral y Retenci\u00f3n Ilegal - Te lo Cuenta Victor<\/title>\n<meta name=\"robots\" content=\"index, follow, max-snippet:-1, max-image-preview:large, max-video-preview:-1\" \/>\n<link rel=\"canonical\" href=\"https:\/\/telocuentavictorhugo.com\/index.php\/2025\/07\/01\/escandalo-en-oruro-empresa-minera-acusada-de-explotacion-laboral-y-retencion-ilegal\/\" \/>\n<meta property=\"og:locale\" content=\"es_ES\" \/>\n<meta property=\"og:type\" content=\"article\" \/>\n<meta property=\"og:title\" content=\"Esc\u00e1ndalo en Oruro: Empresa Minera Acusada de Explotaci\u00f3n Laboral y Retenci\u00f3n Ilegal - Te lo Cuenta Victor\" \/>\n<meta property=\"og:description\" content=\"Una empresa minera en Oruro ha sido denunciada por trata de personas y retenci\u00f3n ilegal de un joven trabajador. Seg\u00fan la denuncia, los ingenieros de la empresa acusaron al joven de robo de una m\u00e1quina y, bajo coacci\u00f3n, lo obligaron a trabajar para pagar la deuda. Ver video aqui\u0301:\u00a0\ud83d\udc49\ud83c\udffb\ud83d\udcf9\u23efhttps:\/\/www.youtube.com\/watch?v=OMcT5Ep9nCc Ver video aqui\u0301:\u00a0\ud83d\udc49\ud83c\udffb\ud83d\udcf9\u23efhttps:\/\/www.youtube.com\/watch?v=OMcT5Ep9nCc\" \/>\n<meta property=\"og:url\" content=\"https:\/\/telocuentavictorhugo.com\/index.php\/2025\/07\/01\/escandalo-en-oruro-empresa-minera-acusada-de-explotacion-laboral-y-retencion-ilegal\/\" \/>\n<meta property=\"og:site_name\" content=\"Te lo Cuenta Victor\" \/>\n<meta property=\"article:published_time\" content=\"2025-07-01T20:31:10+00:00\" \/>\n<meta property=\"article:modified_time\" content=\"2025-07-01T20:31:11+00:00\" \/>\n<meta property=\"og:image\" content=\"http:\/\/telocuentavictorhugo.com\/wp-content\/uploads\/2025\/07\/dsdsds.jpg\" \/>\n\t<meta property=\"og:image:width\" content=\"611\" \/>\n\t<meta property=\"og:image:height\" content=\"373\" \/>\n\t<meta property=\"og:image:type\" content=\"image\/jpeg\" \/>\n<meta name=\"author\" content=\"telocuentavictorhugo.com\" \/>\n<meta name=\"twitter:card\" content=\"summary_large_image\" \/>\n<meta name=\"twitter:label1\" content=\"Escrito por\" \/>\n\t<meta name=\"twitter:data1\" content=\"telocuentavictorhugo.com\" \/>\n\t<meta name=\"twitter:label2\" content=\"Tiempo de lectura\" \/>\n\t<meta name=\"twitter:data2\" content=\"1 minuto\" \/>\n<script type=\"application\/ld+json\" class=\"yoast-schema-graph\">{\"@context\":\"https:\\\/\\\/schema.org\",\"@graph\":[{\"@type\":\"Article\",\"@id\":\"https:\\\/\\\/telocuentavictorhugo.com\\\/index.php\\\/2025\\\/07\\\/01\\\/escandalo-en-oruro-empresa-minera-acusada-de-explotacion-laboral-y-retencion-ilegal\\\/#article\",\"isPartOf\":{\"@id\":\"https:\\\/\\\/telocuentavictorhugo.com\\\/index.php\\\/2025\\\/07\\\/01\\\/escandalo-en-oruro-empresa-minera-acusada-de-explotacion-laboral-y-retencion-ilegal\\\/\"},\"author\":{\"name\":\"telocuentavictorhugo.com\",\"@id\":\"https:\\\/\\\/telocuentavictorhugo.com\\\/#\\\/schema\\\/person\\\/a8307d7271ba2849b49b562ad8602f06\"},\"headline\":\"Esc\u00e1ndalo en Oruro: Empresa Minera Acusada de Explotaci\u00f3n Laboral y Retenci\u00f3n Ilegal\",\"datePublished\":\"2025-07-01T20:31:10+00:00\",\"dateModified\":\"2025-07-01T20:31:11+00:00\",\"mainEntityOfPage\":{\"@id\":\"https:\\\/\\\/telocuentavictorhugo.com\\\/index.php\\\/2025\\\/07\\\/01\\\/escandalo-en-oruro-empresa-minera-acusada-de-explotacion-laboral-y-retencion-ilegal\\\/\"},\"wordCount\":89,\"commentCount\":0,\"publisher\":{\"@id\":\"https:\\\/\\\/telocuentavictorhugo.com\\\/#organization\"},\"image\":{\"@id\":\"https:\\\/\\\/telocuentavictorhugo.com\\\/index.php\\\/2025\\\/07\\\/01\\\/escandalo-en-oruro-empresa-minera-acusada-de-explotacion-laboral-y-retencion-ilegal\\\/#primaryimage\"},\"thumbnailUrl\":\"https:\\\/\\\/telocuentavictorhugo.com\\\/wp-content\\\/uploads\\\/2025\\\/07\\\/dsdsds.jpg\",\"articleSection\":[\"Noticias\",\"Sociedad\"],\"inLanguage\":\"es\",\"potentialAction\":[{\"@type\":\"CommentAction\",\"name\":\"Comment\",\"target\":[\"https:\\\/\\\/telocuentavictorhugo.com\\\/index.php\\\/2025\\\/07\\\/01\\\/escandalo-en-oruro-empresa-minera-acusada-de-explotacion-laboral-y-retencion-ilegal\\\/#respond\"]}]},{\"@type\":\"WebPage\",\"@id\":\"https:\\\/\\\/telocuentavictorhugo.com\\\/index.php\\\/2025\\\/07\\\/01\\\/escandalo-en-oruro-empresa-minera-acusada-de-explotacion-laboral-y-retencion-ilegal\\\/\",\"url\":\"https:\\\/\\\/telocuentavictorhugo.com\\\/index.php\\\/2025\\\/07\\\/01\\\/escandalo-en-oruro-empresa-minera-acusada-de-explotacion-laboral-y-retencion-ilegal\\\/\",\"name\":\"Esc\u00e1ndalo en Oruro: Empresa Minera Acusada de Explotaci\u00f3n Laboral y Retenci\u00f3n Ilegal - Te lo Cuenta Victor\",\"isPartOf\":{\"@id\":\"https:\\\/\\\/telocuentavictorhugo.com\\\/#website\"},\"primaryImageOfPage\":{\"@id\":\"https:\\\/\\\/telocuentavictorhugo.com\\\/index.php\\\/2025\\\/07\\\/01\\\/escandalo-en-oruro-empresa-minera-acusada-de-explotacion-laboral-y-retencion-ilegal\\\/#primaryimage\"},\"image\":{\"@id\":\"https:\\\/\\\/telocuentavictorhugo.com\\\/index.php\\\/2025\\\/07\\\/01\\\/escandalo-en-oruro-empresa-minera-acusada-de-explotacion-laboral-y-retencion-ilegal\\\/#primaryimage\"},\"thumbnailUrl\":\"https:\\\/\\\/telocuentavictorhugo.com\\\/wp-content\\\/uploads\\\/2025\\\/07\\\/dsdsds.jpg\",\"datePublished\":\"2025-07-01T20:31:10+00:00\",\"dateModified\":\"2025-07-01T20:31:11+00:00\",\"breadcrumb\":{\"@id\":\"https:\\\/\\\/telocuentavictorhugo.com\\\/index.php\\\/2025\\\/07\\\/01\\\/escandalo-en-oruro-empresa-minera-acusada-de-explotacion-laboral-y-retencion-ilegal\\\/#breadcrumb\"},\"inLanguage\":\"es\",\"potentialAction\":[{\"@type\":\"ReadAction\",\"target\":[\"https:\\\/\\\/telocuentavictorhugo.com\\\/index.php\\\/2025\\\/07\\\/01\\\/escandalo-en-oruro-empresa-minera-acusada-de-explotacion-laboral-y-retencion-ilegal\\\/\"]}]},{\"@type\":\"ImageObject\",\"inLanguage\":\"es\",\"@id\":\"https:\\\/\\\/telocuentavictorhugo.com\\\/index.php\\\/2025\\\/07\\\/01\\\/escandalo-en-oruro-empresa-minera-acusada-de-explotacion-laboral-y-retencion-ilegal\\\/#primaryimage\",\"url\":\"https:\\\/\\\/telocuentavictorhugo.com\\\/wp-content\\\/uploads\\\/2025\\\/07\\\/dsdsds.jpg\",\"contentUrl\":\"https:\\\/\\\/telocuentavictorhugo.com\\\/wp-content\\\/uploads\\\/2025\\\/07\\\/dsdsds.jpg\",\"width\":611,\"height\":373},{\"@type\":\"BreadcrumbList\",\"@id\":\"https:\\\/\\\/telocuentavictorhugo.com\\\/index.php\\\/2025\\\/07\\\/01\\\/escandalo-en-oruro-empresa-minera-acusada-de-explotacion-laboral-y-retencion-ilegal\\\/#breadcrumb\",\"itemListElement\":[{\"@type\":\"ListItem\",\"position\":1,\"name\":\"Portada\",\"item\":\"https:\\\/\\\/telocuentavictorhugo.com\\\/\"},{\"@type\":\"ListItem\",\"position\":2,\"name\":\"Esc\u00e1ndalo en Oruro: Empresa Minera Acusada de Explotaci\u00f3n Laboral y Retenci\u00f3n Ilegal\"}]},{\"@type\":\"WebSite\",\"@id\":\"https:\\\/\\\/telocuentavictorhugo.com\\\/#website\",\"url\":\"https:\\\/\\\/telocuentavictorhugo.com\\\/\",\"name\":\"Te lo Cuenta Victor\",\"description\":\"\",\"publisher\":{\"@id\":\"https:\\\/\\\/telocuentavictorhugo.com\\\/#organization\"},\"potentialAction\":[{\"@type\":\"SearchAction\",\"target\":{\"@type\":\"EntryPoint\",\"urlTemplate\":\"https:\\\/\\\/telocuentavictorhugo.com\\\/?s={search_term_string}\"},\"query-input\":{\"@type\":\"PropertyValueSpecification\",\"valueRequired\":true,\"valueName\":\"search_term_string\"}}],\"inLanguage\":\"es\"},{\"@type\":\"Organization\",\"@id\":\"https:\\\/\\\/telocuentavictorhugo.com\\\/#organization\",\"name\":\"Te lo Cuenta Victor\",\"url\":\"https:\\\/\\\/telocuentavictorhugo.com\\\/\",\"logo\":{\"@type\":\"ImageObject\",\"inLanguage\":\"es\",\"@id\":\"https:\\\/\\\/telocuentavictorhugo.com\\\/#\\\/schema\\\/logo\\\/image\\\/\",\"url\":\"https:\\\/\\\/telocuentavictorhugo.com\\\/wp-content\\\/uploads\\\/2023\\\/12\\\/Logo.png\",\"contentUrl\":\"https:\\\/\\\/telocuentavictorhugo.com\\\/wp-content\\\/uploads\\\/2023\\\/12\\\/Logo.png\",\"width\":1080,\"height\":176,\"caption\":\"Te lo Cuenta Victor\"},\"image\":{\"@id\":\"https:\\\/\\\/telocuentavictorhugo.com\\\/#\\\/schema\\\/logo\\\/image\\\/\"}},{\"@type\":\"Person\",\"@id\":\"https:\\\/\\\/telocuentavictorhugo.com\\\/#\\\/schema\\\/person\\\/a8307d7271ba2849b49b562ad8602f06\",\"name\":\"telocuentavictorhugo.com\",\"image\":{\"@type\":\"ImageObject\",\"inLanguage\":\"es\",\"@id\":\"https:\\\/\\\/secure.gravatar.com\\\/avatar\\\/da212e7b532df19fd2aea5daf46d8c176abfc85521e4b80ed435d7426ef63eb6?s=96&d=mm&r=g\",\"url\":\"https:\\\/\\\/secure.gravatar.com\\\/avatar\\\/da212e7b532df19fd2aea5daf46d8c176abfc85521e4b80ed435d7426ef63eb6?s=96&d=mm&r=g\",\"contentUrl\":\"https:\\\/\\\/secure.gravatar.com\\\/avatar\\\/da212e7b532df19fd2aea5daf46d8c176abfc85521e4b80ed435d7426ef63eb6?s=96&d=mm&r=g\",\"caption\":\"telocuentavictorhugo.com\"},\"sameAs\":[\"http:\\\/\\\/telocuentavictorhugo.com\"],\"url\":\"https:\\\/\\\/telocuentavictorhugo.com\\\/index.php\\\/author\\\/plustvpress-com\\\/\"}]}<\/script>\n<!-- \/ Yoast SEO plugin. -->","yoast_head_json":{"title":"Esc\u00e1ndalo en Oruro: Empresa Minera Acusada de Explotaci\u00f3n Laboral y Retenci\u00f3n Ilegal - Te lo Cuenta Victor","robots":{"index":"index","follow":"follow","max-snippet":"max-snippet:-1","max-image-preview":"max-image-preview:large","max-video-preview":"max-video-preview:-1"},"canonical":"https:\/\/telocuentavictorhugo.com\/index.php\/2025\/07\/01\/escandalo-en-oruro-empresa-minera-acusada-de-explotacion-laboral-y-retencion-ilegal\/","og_locale":"es_ES","og_type":"article","og_title":"Esc\u00e1ndalo en Oruro: Empresa Minera Acusada de Explotaci\u00f3n Laboral y Retenci\u00f3n Ilegal - Te lo Cuenta Victor","og_description":"Una empresa minera en Oruro ha sido denunciada por trata de personas y retenci\u00f3n ilegal de un joven trabajador. Seg\u00fan la denuncia, los ingenieros de la empresa acusaron al joven de robo de una m\u00e1quina y, bajo coacci\u00f3n, lo obligaron a trabajar para pagar la deuda. Ver video aqui\u0301:\u00a0\ud83d\udc49\ud83c\udffb\ud83d\udcf9\u23efhttps:\/\/www.youtube.com\/watch?v=OMcT5Ep9nCc Ver video aqui\u0301:\u00a0\ud83d\udc49\ud83c\udffb\ud83d\udcf9\u23efhttps:\/\/www.youtube.com\/watch?v=OMcT5Ep9nCc","og_url":"https:\/\/telocuentavictorhugo.com\/index.php\/2025\/07\/01\/escandalo-en-oruro-empresa-minera-acusada-de-explotacion-laboral-y-retencion-ilegal\/","og_site_name":"Te lo Cuenta Victor","article_published_time":"2025-07-01T20:31:10+00:00","article_modified_time":"2025-07-01T20:31:11+00:00","og_image":[{"width":611,"height":373,"url":"http:\/\/telocuentavictorhugo.com\/wp-content\/uploads\/2025\/07\/dsdsds.jpg","type":"image\/jpeg"}],"author":"telocuentavictorhugo.com","twitter_card":"summary_large_image","twitter_misc":{"Escrito por":"telocuentavictorhugo.com","Tiempo de lectura":"1 minuto"},"schema":{"@context":"https:\/\/schema.org","@graph":[{"@type":"Article","@id":"https:\/\/telocuentavictorhugo.com\/index.php\/2025\/07\/01\/escandalo-en-oruro-empresa-minera-acusada-de-explotacion-laboral-y-retencion-ilegal\/#article","isPartOf":{"@id":"https:\/\/telocuentavictorhugo.com\/index.php\/2025\/07\/01\/escandalo-en-oruro-empresa-minera-acusada-de-explotacion-laboral-y-retencion-ilegal\/"},"author":{"name":"telocuentavictorhugo.com","@id":"https:\/\/telocuentavictorhugo.com\/#\/schema\/person\/a8307d7271ba2849b49b562ad8602f06"},"headline":"Esc\u00e1ndalo en Oruro: Empresa Minera Acusada de Explotaci\u00f3n Laboral y Retenci\u00f3n Ilegal","datePublished":"2025-07-01T20:31:10+00:00","dateModified":"2025-07-01T20:31:11+00:00","mainEntityOfPage":{"@id":"https:\/\/telocuentavictorhugo.com\/index.php\/2025\/07\/01\/escandalo-en-oruro-empresa-minera-acusada-de-explotacion-laboral-y-retencion-ilegal\/"},"wordCount":89,"commentCount":0,"publisher":{"@id":"https:\/\/telocuentavictorhugo.com\/#organization"},"image":{"@id":"https:\/\/telocuentavictorhugo.com\/index.php\/2025\/07\/01\/escandalo-en-oruro-empresa-minera-acusada-de-explotacion-laboral-y-retencion-ilegal\/#primaryimage"},"thumbnailUrl":"https:\/\/telocuentavictorhugo.com\/wp-content\/uploads\/2025\/07\/dsdsds.jpg","articleSection":["Noticias","Sociedad"],"inLanguage":"es","potentialAction":[{"@type":"CommentAction","name":"Comment","target":["https:\/\/telocuentavictorhugo.com\/index.php\/2025\/07\/01\/escandalo-en-oruro-empresa-minera-acusada-de-explotacion-laboral-y-retencion-ilegal\/#respond"]}]},{"@type":"WebPage","@id":"https:\/\/telocuentavictorhugo.com\/index.php\/2025\/07\/01\/escandalo-en-oruro-empresa-minera-acusada-de-explotacion-laboral-y-retencion-ilegal\/","url":"https:\/\/telocuentavictorhugo.com\/index.php\/2025\/07\/01\/escandalo-en-oruro-empresa-minera-acusada-de-explotacion-laboral-y-retencion-ilegal\/","name":"Esc\u00e1ndalo en Oruro: Empresa Minera Acusada de Explotaci\u00f3n Laboral y Retenci\u00f3n Ilegal - Te lo Cuenta Victor","isPartOf":{"@id":"https:\/\/telocuentavictorhugo.com\/#website"},"primaryImageOfPage":{"@id":"https:\/\/telocuentavictorhugo.com\/index.php\/2025\/07\/01\/escandalo-en-oruro-empresa-minera-acusada-de-explotacion-laboral-y-retencion-ilegal\/#primaryimage"},"image":{"@id":"https:\/\/telocuentavictorhugo.com\/index.php\/2025\/07\/01\/escandalo-en-oruro-empresa-minera-acusada-de-explotacion-laboral-y-retencion-ilegal\/#primaryimage"},"thumbnailUrl":"https:\/\/telocuentavictorhugo.com\/wp-content\/uploads\/2025\/07\/dsdsds.jpg","datePublished":"2025-07-01T20:31:10+00:00","dateModified":"2025-07-01T20:31:11+00:00","breadcrumb":{"@id":"https:\/\/telocuentavictorhugo.com\/index.php\/2025\/07\/01\/escandalo-en-oruro-empresa-minera-acusada-de-explotacion-laboral-y-retencion-ilegal\/#breadcrumb"},"inLanguage":"es","potentialAction":[{"@type":"ReadAction","target":["https:\/\/telocuentavictorhugo.com\/index.php\/2025\/07\/01\/escandalo-en-oruro-empresa-minera-acusada-de-explotacion-laboral-y-retencion-ilegal\/"]}]},{"@type":"ImageObject","inLanguage":"es","@id":"https:\/\/telocuentavictorhugo.com\/index.php\/2025\/07\/01\/escandalo-en-oruro-empresa-minera-acusada-de-explotacion-laboral-y-retencion-ilegal\/#primaryimage","url":"https:\/\/telocuentavictorhugo.com\/wp-content\/uploads\/2025\/07\/dsdsds.jpg","contentUrl":"https:\/\/telocuentavictorhugo.com\/wp-content\/uploads\/2025\/07\/dsdsds.jpg","width":611,"height":373},{"@type":"BreadcrumbList","@id":"https:\/\/telocuentavictorhugo.com\/index.php\/2025\/07\/01\/escandalo-en-oruro-empresa-minera-acusada-de-explotacion-laboral-y-retencion-ilegal\/#breadcrumb","itemListElement":[{"@type":"ListItem","position":1,"name":"Portada","item":"https:\/\/telocuentavictorhugo.com\/"},{"@type":"ListItem","position":2,"name":"Esc\u00e1ndalo en Oruro: Empresa Minera Acusada de Explotaci\u00f3n Laboral y Retenci\u00f3n Ilegal"}]},{"@type":"WebSite","@id":"https:\/\/telocuentavictorhugo.com\/#website","url":"https:\/\/telocuentavictorhugo.com\/","name":"Te lo Cuenta Victor","description":"","publisher":{"@id":"https:\/\/telocuentavictorhugo.com\/#organization"},"potentialAction":[{"@type":"SearchAction","target":{"@type":"EntryPoint","urlTemplate":"https:\/\/telocuentavictorhugo.com\/?s={search_term_string}"},"query-input":{"@type":"PropertyValueSpecification","valueRequired":true,"valueName":"search_term_string"}}],"inLanguage":"es"},{"@type":"Organization","@id":"https:\/\/telocuentavictorhugo.com\/#organization","name":"Te lo Cuenta Victor","url":"https:\/\/telocuentavictorhugo.com\/","logo":{"@type":"ImageObject","inLanguage":"es","@id":"https:\/\/telocuentavictorhugo.com\/#\/schema\/logo\/image\/","url":"https:\/\/telocuentavictorhugo.com\/wp-content\/uploads\/2023\/12\/Logo.png","contentUrl":"https:\/\/telocuentavictorhugo.com\/wp-content\/uploads\/2023\/12\/Logo.png","width":1080,"height":176,"caption":"Te lo Cuenta Victor"},"image":{"@id":"https:\/\/telocuentavictorhugo.com\/#\/schema\/logo\/image\/"}},{"@type":"Person","@id":"https:\/\/telocuentavictorhugo.com\/#\/schema\/person\/a8307d7271ba2849b49b562ad8602f06","name":"telocuentavictorhugo.com","image":{"@type":"ImageObject","inLanguage":"es","@id":"https:\/\/secure.gravatar.com\/avatar\/da212e7b532df19fd2aea5daf46d8c176abfc85521e4b80ed435d7426ef63eb6?s=96&d=mm&r=g","url":"https:\/\/secure.gravatar.com\/avatar\/da212e7b532df19fd2aea5daf46d8c176abfc85521e4b80ed435d7426ef63eb6?s=96&d=mm&r=g","contentUrl":"https:\/\/secure.gravatar.com\/avatar\/da212e7b532df19fd2aea5daf46d8c176abfc85521e4b80ed435d7426ef63eb6?s=96&d=mm&r=g","caption":"telocuentavictorhugo.com"},"sameAs":["http:\/\/telocuentavictorhugo.com"],"url":"https:\/\/telocuentavictorhugo.com\/index.php\/author\/plustvpress-com\/"}]}},"_links":{"self":[{"href":"https:\/\/telocuentavictorhugo.com\/index.php\/wp-json\/wp\/v2\/posts\/8491","targetHints":{"allow":["GET"]}}],"collection":[{"href":"https:\/\/telocuentavictorhugo.com\/index.php\/wp-json\/wp\/v2\/posts"}],"about":[{"href":"https:\/\/telocuentavictorhugo.com\/index.php\/wp-json\/wp\/v2\/types\/post"}],"author":[{"embeddable":true,"href":"https:\/\/telocuentavictorhugo.com\/index.php\/wp-json\/wp\/v2\/users\/1"}],"replies":[{"embeddable":true,"href":"https:\/\/telocuentavictorhugo.com\/index.php\/wp-json\/wp\/v2\/comments?post=8491"}],"version-history":[{"count":1,"href":"https:\/\/telocuentavictorhugo.com\/index.php\/wp-json\/wp\/v2\/posts\/8491\/revisions"}],"predecessor-version":[{"id":8493,"href":"https:\/\/telocuentavictorhugo.com\/index.php\/wp-json\/wp\/v2\/posts\/8491\/revisions\/8493"}],"wp:featuredmedia":[{"embeddable":true,"href":"https:\/\/telocuentavictorhugo.com\/index.php\/wp-json\/wp\/v2\/media\/8492"}],"wp:attachment":[{"href":"https:\/\/telocuentavictorhugo.com\/index.php\/wp-json\/wp\/v2\/media?parent=8491"}],"wp:term":[{"taxonomy":"category","embeddable":true,"href":"https:\/\/telocuentavictorhugo.com\/index.php\/wp-json\/wp\/v2\/categories?post=8491"},{"taxonomy":"post_tag","embeddable":true,"href":"https:\/\/telocuentavictorhugo.com\/index.php\/wp-json\/wp\/v2\/tags?post=8491"}],"curies":[{"name":"wp","href":"https:\/\/api.w.org\/{rel}","templated":true}]}}