{"id":8485,"date":"2025-07-01T02:20:08","date_gmt":"2025-07-01T06:20:08","guid":{"rendered":"https:\/\/telocuentavictorhugo.com\/?p=8485"},"modified":"2025-07-01T02:20:09","modified_gmt":"2025-07-01T06:20:09","slug":"seguidores-de-evo-morales-exigen-que-tres-candidatos-vendan-sus-propiedades-y-abandonen-la-region-por-no-apoyar-a-evo-pueblo","status":"publish","type":"post","link":"https:\/\/telocuentavictorhugo.com\/index.php\/2025\/07\/01\/seguidores-de-evo-morales-exigen-que-tres-candidatos-vendan-sus-propiedades-y-abandonen-la-region-por-no-apoyar-a-evo-pueblo\/","title":{"rendered":"Seguidores de Evo Morales exigen que tres candidatos vendan sus propiedades y abandonen la regi\u00f3n por no apoyar a Evo Pueblo"},"content":{"rendered":"\n<p>Sectores afines al expresidente Evo Morales en el tr\u00f3pico de Cochabamba han tomado medidas dr\u00e1sticas contra tres candidatos legislativos que no se sumaron a Evo Pueblo. Los candidatos, Eliana Condori, Vladimir Zalles y Wilfredo P\u00e9rez Monta\u00f1o, han sido desconocidos y se les ha exigido vender sus chacos y abandonar la regi\u00f3n.<\/p>\n\n\n\n<p>Ver video aqui\u0301:\u00a0\ud83d\udc49\ud83c\udffb\ud83d\udcf9\u23efhttps:\/\/www.youtube.com\/watch?v=w1iN4JhpqKE<\/p>\n\n\n\n<figure class=\"wp-block-image size-full\"><img fetchpriority=\"high\" decoding=\"async\" width=\"761\" height=\"385\" src=\"https:\/\/telocuentavictorhugo.com\/wp-content\/uploads\/2025\/07\/dsdsdsd.jpg\" alt=\"\" class=\"wp-image-8486\" srcset=\"https:\/\/telocuentavictorhugo.com\/wp-content\/uploads\/2025\/07\/dsdsdsd.jpg 761w, https:\/\/telocuentavictorhugo.com\/wp-content\/uploads\/2025\/07\/dsdsdsd-300x152.jpg 300w, https:\/\/telocuentavictorhugo.com\/wp-content\/uploads\/2025\/07\/dsdsdsd-570x288.jpg 570w, https:\/\/telocuentavictorhugo.com\/wp-content\/uploads\/2025\/07\/dsdsdsd-270x137.jpg 270w, https:\/\/telocuentavictorhugo.com\/wp-content\/uploads\/2025\/07\/dsdsdsd-600x304.jpg 600w\" sizes=\"(max-width: 761px) 100vw, 761px\" \/><\/figure>\n\n\n\n<p>Ver video aqui\u0301:\u00a0\ud83d\udc49\ud83c\udffb\ud83d\udcf9\u23efhttps:\/\/www.youtube.com\/watch?v=w1iN4JhpqKE<\/p>\n","protected":false},"excerpt":{"rendered":"<p>Sectores afines al expresidente Evo Morales en el tr\u00f3pico de Cochabamba han tomado medidas dr\u00e1sticas contra tres candidatos legislativos que no se sumaron a Evo Pueblo. Los candidatos, Eliana Condori, Vladimir Zalles y Wilfredo P\u00e9rez Monta\u00f1o, han sido desconocidos y se les ha exigido vender sus chacos y abandonar la regi\u00f3n. Ver video aqui\u0301:\u00a0\ud83d\udc49\ud83c\udffb\ud83d\udcf9\u23efhttps:\/\/www.youtube.com\/watch?v=w1iN4JhpqKE Ver [&hellip;]<\/p>\n","protected":false},"author":1,"featured_media":8486,"comment_status":"open","ping_status":"open","sticky":false,"template":"","format":"standard","meta":{"_eb_attr":"","footnotes":""},"categories":[1,42],"tags":[],"class_list":["post-8485","post","type-post","status-publish","format-standard","has-post-thumbnail","hentry","category-noticias","category-politica"],"yoast_head":"<!-- This site is optimized with the Yoast SEO plugin v27.4 - https:\/\/yoast.com\/product\/yoast-seo-wordpress\/ -->\n<title>Seguidores de Evo Morales exigen que tres candidatos vendan sus propiedades y abandonen la regi\u00f3n por no apoyar a Evo Pueblo - Te lo Cuenta Victor<\/title>\n<meta name=\"robots\" content=\"index, follow, max-snippet:-1, max-image-preview:large, max-video-preview:-1\" \/>\n<link rel=\"canonical\" href=\"https:\/\/telocuentavictorhugo.com\/index.php\/2025\/07\/01\/seguidores-de-evo-morales-exigen-que-tres-candidatos-vendan-sus-propiedades-y-abandonen-la-region-por-no-apoyar-a-evo-pueblo\/\" \/>\n<meta property=\"og:locale\" content=\"es_ES\" \/>\n<meta property=\"og:type\" content=\"article\" \/>\n<meta property=\"og:title\" content=\"Seguidores de Evo Morales exigen que tres candidatos vendan sus propiedades y abandonen la regi\u00f3n por no apoyar a Evo Pueblo - Te lo Cuenta Victor\" \/>\n<meta property=\"og:description\" content=\"Sectores afines al expresidente Evo Morales en el tr\u00f3pico de Cochabamba han tomado medidas dr\u00e1sticas contra tres candidatos legislativos que no se sumaron a Evo Pueblo. Los candidatos, Eliana Condori, Vladimir Zalles y Wilfredo P\u00e9rez Monta\u00f1o, han sido desconocidos y se les ha exigido vender sus chacos y abandonar la regi\u00f3n. Ver video aqui\u0301:\u00a0\ud83d\udc49\ud83c\udffb\ud83d\udcf9\u23efhttps:\/\/www.youtube.com\/watch?v=w1iN4JhpqKE Ver [&hellip;]\" \/>\n<meta property=\"og:url\" content=\"https:\/\/telocuentavictorhugo.com\/index.php\/2025\/07\/01\/seguidores-de-evo-morales-exigen-que-tres-candidatos-vendan-sus-propiedades-y-abandonen-la-region-por-no-apoyar-a-evo-pueblo\/\" \/>\n<meta property=\"og:site_name\" content=\"Te lo Cuenta Victor\" \/>\n<meta property=\"article:published_time\" content=\"2025-07-01T06:20:08+00:00\" \/>\n<meta property=\"article:modified_time\" content=\"2025-07-01T06:20:09+00:00\" \/>\n<meta property=\"og:image\" content=\"http:\/\/telocuentavictorhugo.com\/wp-content\/uploads\/2025\/07\/dsdsdsd.jpg\" \/>\n\t<meta property=\"og:image:width\" content=\"761\" \/>\n\t<meta property=\"og:image:height\" content=\"385\" \/>\n\t<meta property=\"og:image:type\" content=\"image\/jpeg\" \/>\n<meta name=\"author\" content=\"telocuentavictorhugo.com\" \/>\n<meta name=\"twitter:card\" content=\"summary_large_image\" \/>\n<meta name=\"twitter:label1\" content=\"Escrito por\" \/>\n\t<meta name=\"twitter:data1\" content=\"telocuentavictorhugo.com\" \/>\n\t<meta name=\"twitter:label2\" content=\"Tiempo de lectura\" \/>\n\t<meta name=\"twitter:data2\" content=\"1 minuto\" \/>\n<script type=\"application\/ld+json\" class=\"yoast-schema-graph\">{\"@context\":\"https:\\\/\\\/schema.org\",\"@graph\":[{\"@type\":\"Article\",\"@id\":\"https:\\\/\\\/telocuentavictorhugo.com\\\/index.php\\\/2025\\\/07\\\/01\\\/seguidores-de-evo-morales-exigen-que-tres-candidatos-vendan-sus-propiedades-y-abandonen-la-region-por-no-apoyar-a-evo-pueblo\\\/#article\",\"isPartOf\":{\"@id\":\"https:\\\/\\\/telocuentavictorhugo.com\\\/index.php\\\/2025\\\/07\\\/01\\\/seguidores-de-evo-morales-exigen-que-tres-candidatos-vendan-sus-propiedades-y-abandonen-la-region-por-no-apoyar-a-evo-pueblo\\\/\"},\"author\":{\"name\":\"telocuentavictorhugo.com\",\"@id\":\"https:\\\/\\\/telocuentavictorhugo.com\\\/#\\\/schema\\\/person\\\/a8307d7271ba2849b49b562ad8602f06\"},\"headline\":\"Seguidores de Evo Morales exigen que tres candidatos vendan sus propiedades y abandonen la regi\u00f3n por no apoyar a Evo Pueblo\",\"datePublished\":\"2025-07-01T06:20:08+00:00\",\"dateModified\":\"2025-07-01T06:20:09+00:00\",\"mainEntityOfPage\":{\"@id\":\"https:\\\/\\\/telocuentavictorhugo.com\\\/index.php\\\/2025\\\/07\\\/01\\\/seguidores-de-evo-morales-exigen-que-tres-candidatos-vendan-sus-propiedades-y-abandonen-la-region-por-no-apoyar-a-evo-pueblo\\\/\"},\"wordCount\":102,\"commentCount\":0,\"publisher\":{\"@id\":\"https:\\\/\\\/telocuentavictorhugo.com\\\/#organization\"},\"image\":{\"@id\":\"https:\\\/\\\/telocuentavictorhugo.com\\\/index.php\\\/2025\\\/07\\\/01\\\/seguidores-de-evo-morales-exigen-que-tres-candidatos-vendan-sus-propiedades-y-abandonen-la-region-por-no-apoyar-a-evo-pueblo\\\/#primaryimage\"},\"thumbnailUrl\":\"https:\\\/\\\/telocuentavictorhugo.com\\\/wp-content\\\/uploads\\\/2025\\\/07\\\/dsdsdsd.jpg\",\"articleSection\":[\"Noticias\",\"Pol\u00edtica\"],\"inLanguage\":\"es\",\"potentialAction\":[{\"@type\":\"CommentAction\",\"name\":\"Comment\",\"target\":[\"https:\\\/\\\/telocuentavictorhugo.com\\\/index.php\\\/2025\\\/07\\\/01\\\/seguidores-de-evo-morales-exigen-que-tres-candidatos-vendan-sus-propiedades-y-abandonen-la-region-por-no-apoyar-a-evo-pueblo\\\/#respond\"]}]},{\"@type\":\"WebPage\",\"@id\":\"https:\\\/\\\/telocuentavictorhugo.com\\\/index.php\\\/2025\\\/07\\\/01\\\/seguidores-de-evo-morales-exigen-que-tres-candidatos-vendan-sus-propiedades-y-abandonen-la-region-por-no-apoyar-a-evo-pueblo\\\/\",\"url\":\"https:\\\/\\\/telocuentavictorhugo.com\\\/index.php\\\/2025\\\/07\\\/01\\\/seguidores-de-evo-morales-exigen-que-tres-candidatos-vendan-sus-propiedades-y-abandonen-la-region-por-no-apoyar-a-evo-pueblo\\\/\",\"name\":\"Seguidores de Evo Morales exigen que tres candidatos vendan sus propiedades y abandonen la regi\u00f3n por no apoyar a Evo Pueblo - Te lo Cuenta Victor\",\"isPartOf\":{\"@id\":\"https:\\\/\\\/telocuentavictorhugo.com\\\/#website\"},\"primaryImageOfPage\":{\"@id\":\"https:\\\/\\\/telocuentavictorhugo.com\\\/index.php\\\/2025\\\/07\\\/01\\\/seguidores-de-evo-morales-exigen-que-tres-candidatos-vendan-sus-propiedades-y-abandonen-la-region-por-no-apoyar-a-evo-pueblo\\\/#primaryimage\"},\"image\":{\"@id\":\"https:\\\/\\\/telocuentavictorhugo.com\\\/index.php\\\/2025\\\/07\\\/01\\\/seguidores-de-evo-morales-exigen-que-tres-candidatos-vendan-sus-propiedades-y-abandonen-la-region-por-no-apoyar-a-evo-pueblo\\\/#primaryimage\"},\"thumbnailUrl\":\"https:\\\/\\\/telocuentavictorhugo.com\\\/wp-content\\\/uploads\\\/2025\\\/07\\\/dsdsdsd.jpg\",\"datePublished\":\"2025-07-01T06:20:08+00:00\",\"dateModified\":\"2025-07-01T06:20:09+00:00\",\"breadcrumb\":{\"@id\":\"https:\\\/\\\/telocuentavictorhugo.com\\\/index.php\\\/2025\\\/07\\\/01\\\/seguidores-de-evo-morales-exigen-que-tres-candidatos-vendan-sus-propiedades-y-abandonen-la-region-por-no-apoyar-a-evo-pueblo\\\/#breadcrumb\"},\"inLanguage\":\"es\",\"potentialAction\":[{\"@type\":\"ReadAction\",\"target\":[\"https:\\\/\\\/telocuentavictorhugo.com\\\/index.php\\\/2025\\\/07\\\/01\\\/seguidores-de-evo-morales-exigen-que-tres-candidatos-vendan-sus-propiedades-y-abandonen-la-region-por-no-apoyar-a-evo-pueblo\\\/\"]}]},{\"@type\":\"ImageObject\",\"inLanguage\":\"es\",\"@id\":\"https:\\\/\\\/telocuentavictorhugo.com\\\/index.php\\\/2025\\\/07\\\/01\\\/seguidores-de-evo-morales-exigen-que-tres-candidatos-vendan-sus-propiedades-y-abandonen-la-region-por-no-apoyar-a-evo-pueblo\\\/#primaryimage\",\"url\":\"https:\\\/\\\/telocuentavictorhugo.com\\\/wp-content\\\/uploads\\\/2025\\\/07\\\/dsdsdsd.jpg\",\"contentUrl\":\"https:\\\/\\\/telocuentavictorhugo.com\\\/wp-content\\\/uploads\\\/2025\\\/07\\\/dsdsdsd.jpg\",\"width\":761,\"height\":385},{\"@type\":\"BreadcrumbList\",\"@id\":\"https:\\\/\\\/telocuentavictorhugo.com\\\/index.php\\\/2025\\\/07\\\/01\\\/seguidores-de-evo-morales-exigen-que-tres-candidatos-vendan-sus-propiedades-y-abandonen-la-region-por-no-apoyar-a-evo-pueblo\\\/#breadcrumb\",\"itemListElement\":[{\"@type\":\"ListItem\",\"position\":1,\"name\":\"Portada\",\"item\":\"https:\\\/\\\/telocuentavictorhugo.com\\\/\"},{\"@type\":\"ListItem\",\"position\":2,\"name\":\"Seguidores de Evo Morales exigen que tres candidatos vendan sus propiedades y abandonen la regi\u00f3n por no apoyar a Evo Pueblo\"}]},{\"@type\":\"WebSite\",\"@id\":\"https:\\\/\\\/telocuentavictorhugo.com\\\/#website\",\"url\":\"https:\\\/\\\/telocuentavictorhugo.com\\\/\",\"name\":\"Te lo Cuenta Victor\",\"description\":\"\",\"publisher\":{\"@id\":\"https:\\\/\\\/telocuentavictorhugo.com\\\/#organization\"},\"potentialAction\":[{\"@type\":\"SearchAction\",\"target\":{\"@type\":\"EntryPoint\",\"urlTemplate\":\"https:\\\/\\\/telocuentavictorhugo.com\\\/?s={search_term_string}\"},\"query-input\":{\"@type\":\"PropertyValueSpecification\",\"valueRequired\":true,\"valueName\":\"search_term_string\"}}],\"inLanguage\":\"es\"},{\"@type\":\"Organization\",\"@id\":\"https:\\\/\\\/telocuentavictorhugo.com\\\/#organization\",\"name\":\"Te lo Cuenta Victor\",\"url\":\"https:\\\/\\\/telocuentavictorhugo.com\\\/\",\"logo\":{\"@type\":\"ImageObject\",\"inLanguage\":\"es\",\"@id\":\"https:\\\/\\\/telocuentavictorhugo.com\\\/#\\\/schema\\\/logo\\\/image\\\/\",\"url\":\"https:\\\/\\\/telocuentavictorhugo.com\\\/wp-content\\\/uploads\\\/2023\\\/12\\\/Logo.png\",\"contentUrl\":\"https:\\\/\\\/telocuentavictorhugo.com\\\/wp-content\\\/uploads\\\/2023\\\/12\\\/Logo.png\",\"width\":1080,\"height\":176,\"caption\":\"Te lo Cuenta Victor\"},\"image\":{\"@id\":\"https:\\\/\\\/telocuentavictorhugo.com\\\/#\\\/schema\\\/logo\\\/image\\\/\"}},{\"@type\":\"Person\",\"@id\":\"https:\\\/\\\/telocuentavictorhugo.com\\\/#\\\/schema\\\/person\\\/a8307d7271ba2849b49b562ad8602f06\",\"name\":\"telocuentavictorhugo.com\",\"image\":{\"@type\":\"ImageObject\",\"inLanguage\":\"es\",\"@id\":\"https:\\\/\\\/secure.gravatar.com\\\/avatar\\\/da212e7b532df19fd2aea5daf46d8c176abfc85521e4b80ed435d7426ef63eb6?s=96&d=mm&r=g\",\"url\":\"https:\\\/\\\/secure.gravatar.com\\\/avatar\\\/da212e7b532df19fd2aea5daf46d8c176abfc85521e4b80ed435d7426ef63eb6?s=96&d=mm&r=g\",\"contentUrl\":\"https:\\\/\\\/secure.gravatar.com\\\/avatar\\\/da212e7b532df19fd2aea5daf46d8c176abfc85521e4b80ed435d7426ef63eb6?s=96&d=mm&r=g\",\"caption\":\"telocuentavictorhugo.com\"},\"sameAs\":[\"http:\\\/\\\/telocuentavictorhugo.com\"],\"url\":\"https:\\\/\\\/telocuentavictorhugo.com\\\/index.php\\\/author\\\/plustvpress-com\\\/\"}]}<\/script>\n<!-- \/ Yoast SEO plugin. -->","yoast_head_json":{"title":"Seguidores de Evo Morales exigen que tres candidatos vendan sus propiedades y abandonen la regi\u00f3n por no apoyar a Evo Pueblo - Te lo Cuenta Victor","robots":{"index":"index","follow":"follow","max-snippet":"max-snippet:-1","max-image-preview":"max-image-preview:large","max-video-preview":"max-video-preview:-1"},"canonical":"https:\/\/telocuentavictorhugo.com\/index.php\/2025\/07\/01\/seguidores-de-evo-morales-exigen-que-tres-candidatos-vendan-sus-propiedades-y-abandonen-la-region-por-no-apoyar-a-evo-pueblo\/","og_locale":"es_ES","og_type":"article","og_title":"Seguidores de Evo Morales exigen que tres candidatos vendan sus propiedades y abandonen la regi\u00f3n por no apoyar a Evo Pueblo - Te lo Cuenta Victor","og_description":"Sectores afines al expresidente Evo Morales en el tr\u00f3pico de Cochabamba han tomado medidas dr\u00e1sticas contra tres candidatos legislativos que no se sumaron a Evo Pueblo. Los candidatos, Eliana Condori, Vladimir Zalles y Wilfredo P\u00e9rez Monta\u00f1o, han sido desconocidos y se les ha exigido vender sus chacos y abandonar la regi\u00f3n. Ver video aqui\u0301:\u00a0\ud83d\udc49\ud83c\udffb\ud83d\udcf9\u23efhttps:\/\/www.youtube.com\/watch?v=w1iN4JhpqKE Ver [&hellip;]","og_url":"https:\/\/telocuentavictorhugo.com\/index.php\/2025\/07\/01\/seguidores-de-evo-morales-exigen-que-tres-candidatos-vendan-sus-propiedades-y-abandonen-la-region-por-no-apoyar-a-evo-pueblo\/","og_site_name":"Te lo Cuenta Victor","article_published_time":"2025-07-01T06:20:08+00:00","article_modified_time":"2025-07-01T06:20:09+00:00","og_image":[{"width":761,"height":385,"url":"http:\/\/telocuentavictorhugo.com\/wp-content\/uploads\/2025\/07\/dsdsdsd.jpg","type":"image\/jpeg"}],"author":"telocuentavictorhugo.com","twitter_card":"summary_large_image","twitter_misc":{"Escrito por":"telocuentavictorhugo.com","Tiempo de lectura":"1 minuto"},"schema":{"@context":"https:\/\/schema.org","@graph":[{"@type":"Article","@id":"https:\/\/telocuentavictorhugo.com\/index.php\/2025\/07\/01\/seguidores-de-evo-morales-exigen-que-tres-candidatos-vendan-sus-propiedades-y-abandonen-la-region-por-no-apoyar-a-evo-pueblo\/#article","isPartOf":{"@id":"https:\/\/telocuentavictorhugo.com\/index.php\/2025\/07\/01\/seguidores-de-evo-morales-exigen-que-tres-candidatos-vendan-sus-propiedades-y-abandonen-la-region-por-no-apoyar-a-evo-pueblo\/"},"author":{"name":"telocuentavictorhugo.com","@id":"https:\/\/telocuentavictorhugo.com\/#\/schema\/person\/a8307d7271ba2849b49b562ad8602f06"},"headline":"Seguidores de Evo Morales exigen que tres candidatos vendan sus propiedades y abandonen la regi\u00f3n por no apoyar a Evo Pueblo","datePublished":"2025-07-01T06:20:08+00:00","dateModified":"2025-07-01T06:20:09+00:00","mainEntityOfPage":{"@id":"https:\/\/telocuentavictorhugo.com\/index.php\/2025\/07\/01\/seguidores-de-evo-morales-exigen-que-tres-candidatos-vendan-sus-propiedades-y-abandonen-la-region-por-no-apoyar-a-evo-pueblo\/"},"wordCount":102,"commentCount":0,"publisher":{"@id":"https:\/\/telocuentavictorhugo.com\/#organization"},"image":{"@id":"https:\/\/telocuentavictorhugo.com\/index.php\/2025\/07\/01\/seguidores-de-evo-morales-exigen-que-tres-candidatos-vendan-sus-propiedades-y-abandonen-la-region-por-no-apoyar-a-evo-pueblo\/#primaryimage"},"thumbnailUrl":"https:\/\/telocuentavictorhugo.com\/wp-content\/uploads\/2025\/07\/dsdsdsd.jpg","articleSection":["Noticias","Pol\u00edtica"],"inLanguage":"es","potentialAction":[{"@type":"CommentAction","name":"Comment","target":["https:\/\/telocuentavictorhugo.com\/index.php\/2025\/07\/01\/seguidores-de-evo-morales-exigen-que-tres-candidatos-vendan-sus-propiedades-y-abandonen-la-region-por-no-apoyar-a-evo-pueblo\/#respond"]}]},{"@type":"WebPage","@id":"https:\/\/telocuentavictorhugo.com\/index.php\/2025\/07\/01\/seguidores-de-evo-morales-exigen-que-tres-candidatos-vendan-sus-propiedades-y-abandonen-la-region-por-no-apoyar-a-evo-pueblo\/","url":"https:\/\/telocuentavictorhugo.com\/index.php\/2025\/07\/01\/seguidores-de-evo-morales-exigen-que-tres-candidatos-vendan-sus-propiedades-y-abandonen-la-region-por-no-apoyar-a-evo-pueblo\/","name":"Seguidores de Evo Morales exigen que tres candidatos vendan sus propiedades y abandonen la regi\u00f3n por no apoyar a Evo Pueblo - Te lo Cuenta Victor","isPartOf":{"@id":"https:\/\/telocuentavictorhugo.com\/#website"},"primaryImageOfPage":{"@id":"https:\/\/telocuentavictorhugo.com\/index.php\/2025\/07\/01\/seguidores-de-evo-morales-exigen-que-tres-candidatos-vendan-sus-propiedades-y-abandonen-la-region-por-no-apoyar-a-evo-pueblo\/#primaryimage"},"image":{"@id":"https:\/\/telocuentavictorhugo.com\/index.php\/2025\/07\/01\/seguidores-de-evo-morales-exigen-que-tres-candidatos-vendan-sus-propiedades-y-abandonen-la-region-por-no-apoyar-a-evo-pueblo\/#primaryimage"},"thumbnailUrl":"https:\/\/telocuentavictorhugo.com\/wp-content\/uploads\/2025\/07\/dsdsdsd.jpg","datePublished":"2025-07-01T06:20:08+00:00","dateModified":"2025-07-01T06:20:09+00:00","breadcrumb":{"@id":"https:\/\/telocuentavictorhugo.com\/index.php\/2025\/07\/01\/seguidores-de-evo-morales-exigen-que-tres-candidatos-vendan-sus-propiedades-y-abandonen-la-region-por-no-apoyar-a-evo-pueblo\/#breadcrumb"},"inLanguage":"es","potentialAction":[{"@type":"ReadAction","target":["https:\/\/telocuentavictorhugo.com\/index.php\/2025\/07\/01\/seguidores-de-evo-morales-exigen-que-tres-candidatos-vendan-sus-propiedades-y-abandonen-la-region-por-no-apoyar-a-evo-pueblo\/"]}]},{"@type":"ImageObject","inLanguage":"es","@id":"https:\/\/telocuentavictorhugo.com\/index.php\/2025\/07\/01\/seguidores-de-evo-morales-exigen-que-tres-candidatos-vendan-sus-propiedades-y-abandonen-la-region-por-no-apoyar-a-evo-pueblo\/#primaryimage","url":"https:\/\/telocuentavictorhugo.com\/wp-content\/uploads\/2025\/07\/dsdsdsd.jpg","contentUrl":"https:\/\/telocuentavictorhugo.com\/wp-content\/uploads\/2025\/07\/dsdsdsd.jpg","width":761,"height":385},{"@type":"BreadcrumbList","@id":"https:\/\/telocuentavictorhugo.com\/index.php\/2025\/07\/01\/seguidores-de-evo-morales-exigen-que-tres-candidatos-vendan-sus-propiedades-y-abandonen-la-region-por-no-apoyar-a-evo-pueblo\/#breadcrumb","itemListElement":[{"@type":"ListItem","position":1,"name":"Portada","item":"https:\/\/telocuentavictorhugo.com\/"},{"@type":"ListItem","position":2,"name":"Seguidores de Evo Morales exigen que tres candidatos vendan sus propiedades y abandonen la regi\u00f3n por no apoyar a Evo Pueblo"}]},{"@type":"WebSite","@id":"https:\/\/telocuentavictorhugo.com\/#website","url":"https:\/\/telocuentavictorhugo.com\/","name":"Te lo Cuenta Victor","description":"","publisher":{"@id":"https:\/\/telocuentavictorhugo.com\/#organization"},"potentialAction":[{"@type":"SearchAction","target":{"@type":"EntryPoint","urlTemplate":"https:\/\/telocuentavictorhugo.com\/?s={search_term_string}"},"query-input":{"@type":"PropertyValueSpecification","valueRequired":true,"valueName":"search_term_string"}}],"inLanguage":"es"},{"@type":"Organization","@id":"https:\/\/telocuentavictorhugo.com\/#organization","name":"Te lo Cuenta Victor","url":"https:\/\/telocuentavictorhugo.com\/","logo":{"@type":"ImageObject","inLanguage":"es","@id":"https:\/\/telocuentavictorhugo.com\/#\/schema\/logo\/image\/","url":"https:\/\/telocuentavictorhugo.com\/wp-content\/uploads\/2023\/12\/Logo.png","contentUrl":"https:\/\/telocuentavictorhugo.com\/wp-content\/uploads\/2023\/12\/Logo.png","width":1080,"height":176,"caption":"Te lo Cuenta Victor"},"image":{"@id":"https:\/\/telocuentavictorhugo.com\/#\/schema\/logo\/image\/"}},{"@type":"Person","@id":"https:\/\/telocuentavictorhugo.com\/#\/schema\/person\/a8307d7271ba2849b49b562ad8602f06","name":"telocuentavictorhugo.com","image":{"@type":"ImageObject","inLanguage":"es","@id":"https:\/\/secure.gravatar.com\/avatar\/da212e7b532df19fd2aea5daf46d8c176abfc85521e4b80ed435d7426ef63eb6?s=96&d=mm&r=g","url":"https:\/\/secure.gravatar.com\/avatar\/da212e7b532df19fd2aea5daf46d8c176abfc85521e4b80ed435d7426ef63eb6?s=96&d=mm&r=g","contentUrl":"https:\/\/secure.gravatar.com\/avatar\/da212e7b532df19fd2aea5daf46d8c176abfc85521e4b80ed435d7426ef63eb6?s=96&d=mm&r=g","caption":"telocuentavictorhugo.com"},"sameAs":["http:\/\/telocuentavictorhugo.com"],"url":"https:\/\/telocuentavictorhugo.com\/index.php\/author\/plustvpress-com\/"}]}},"_links":{"self":[{"href":"https:\/\/telocuentavictorhugo.com\/index.php\/wp-json\/wp\/v2\/posts\/8485","targetHints":{"allow":["GET"]}}],"collection":[{"href":"https:\/\/telocuentavictorhugo.com\/index.php\/wp-json\/wp\/v2\/posts"}],"about":[{"href":"https:\/\/telocuentavictorhugo.com\/index.php\/wp-json\/wp\/v2\/types\/post"}],"author":[{"embeddable":true,"href":"https:\/\/telocuentavictorhugo.com\/index.php\/wp-json\/wp\/v2\/users\/1"}],"replies":[{"embeddable":true,"href":"https:\/\/telocuentavictorhugo.com\/index.php\/wp-json\/wp\/v2\/comments?post=8485"}],"version-history":[{"count":1,"href":"https:\/\/telocuentavictorhugo.com\/index.php\/wp-json\/wp\/v2\/posts\/8485\/revisions"}],"predecessor-version":[{"id":8487,"href":"https:\/\/telocuentavictorhugo.com\/index.php\/wp-json\/wp\/v2\/posts\/8485\/revisions\/8487"}],"wp:featuredmedia":[{"embeddable":true,"href":"https:\/\/telocuentavictorhugo.com\/index.php\/wp-json\/wp\/v2\/media\/8486"}],"wp:attachment":[{"href":"https:\/\/telocuentavictorhugo.com\/index.php\/wp-json\/wp\/v2\/media?parent=8485"}],"wp:term":[{"taxonomy":"category","embeddable":true,"href":"https:\/\/telocuentavictorhugo.com\/index.php\/wp-json\/wp\/v2\/categories?post=8485"},{"taxonomy":"post_tag","embeddable":true,"href":"https:\/\/telocuentavictorhugo.com\/index.php\/wp-json\/wp\/v2\/tags?post=8485"}],"curies":[{"name":"wp","href":"https:\/\/api.w.org\/{rel}","templated":true}]}}