{"id":8479,"date":"2025-07-01T01:35:04","date_gmt":"2025-07-01T05:35:04","guid":{"rendered":"https:\/\/telocuentavictorhugo.com\/?p=8479"},"modified":"2025-07-01T01:35:05","modified_gmt":"2025-07-01T05:35:05","slug":"la-alcaldia-de-el-alto-presenta-informe-al-tse-confirmando-deudas-pendientes-de-jaime-dunn-con-el-municipio","status":"publish","type":"post","link":"https:\/\/telocuentavictorhugo.com\/index.php\/2025\/07\/01\/la-alcaldia-de-el-alto-presenta-informe-al-tse-confirmando-deudas-pendientes-de-jaime-dunn-con-el-municipio\/","title":{"rendered":"La Alcald\u00eda de El Alto presenta informe al TSE confirmando deudas pendientes de Jaime Dunn con el municipio"},"content":{"rendered":"\n<p>La Alcald\u00eda de El Alto entreg\u00f3 al Tribunal Supremo Electoral (TSE) un informe sobre el precandidato presidencial Jaime Dunn, de Nueva Generaci\u00f3n Patri\u00f3tica (NGP), donde se destaca que Dunn mantiene deudas con el municipio. Seg\u00fan el asesor legal de la Alcald\u00eda, Isacc Mauricio, el informe concluye que Dunn presenta requerimientos de pago y pliegos de cargo ejecutoriados.<\/p>\n\n\n\n<p>Ver video aqui\u0301:\u00a0\ud83d\udc49\ud83c\udffb\ud83d\udcf9\u23efhttps:\/\/youtu.be\/1x0UmbqDbN0<\/p>\n\n\n\n<figure class=\"wp-block-image size-full\"><img fetchpriority=\"high\" decoding=\"async\" width=\"893\" height=\"491\" src=\"https:\/\/telocuentavictorhugo.com\/wp-content\/uploads\/2025\/07\/DSDS-1.jpg\" alt=\"\" class=\"wp-image-8480\" srcset=\"https:\/\/telocuentavictorhugo.com\/wp-content\/uploads\/2025\/07\/DSDS-1.jpg 893w, https:\/\/telocuentavictorhugo.com\/wp-content\/uploads\/2025\/07\/DSDS-1-300x165.jpg 300w, https:\/\/telocuentavictorhugo.com\/wp-content\/uploads\/2025\/07\/DSDS-1-768x422.jpg 768w, https:\/\/telocuentavictorhugo.com\/wp-content\/uploads\/2025\/07\/DSDS-1-570x313.jpg 570w, https:\/\/telocuentavictorhugo.com\/wp-content\/uploads\/2025\/07\/DSDS-1-270x148.jpg 270w, https:\/\/telocuentavictorhugo.com\/wp-content\/uploads\/2025\/07\/DSDS-1-600x330.jpg 600w\" sizes=\"(max-width: 893px) 100vw, 893px\" \/><\/figure>\n\n\n\n<p>Ver video aqui\u0301:\u00a0\ud83d\udc49\ud83c\udffb\ud83d\udcf9\u23efhttps:\/\/youtu.be\/1x0UmbqDbN0<\/p>\n\n\n\n<p><\/p>\n","protected":false},"excerpt":{"rendered":"<p>La Alcald\u00eda de El Alto entreg\u00f3 al Tribunal Supremo Electoral (TSE) un informe sobre el precandidato presidencial Jaime Dunn, de Nueva Generaci\u00f3n Patri\u00f3tica (NGP), donde se destaca que Dunn mantiene deudas con el municipio. Seg\u00fan el asesor legal de la Alcald\u00eda, Isacc Mauricio, el informe concluye que Dunn presenta requerimientos de pago y pliegos de [&hellip;]<\/p>\n","protected":false},"author":1,"featured_media":8476,"comment_status":"open","ping_status":"open","sticky":false,"template":"","format":"standard","meta":{"_eb_attr":"","footnotes":""},"categories":[1,42],"tags":[],"class_list":["post-8479","post","type-post","status-publish","format-standard","has-post-thumbnail","hentry","category-noticias","category-politica"],"yoast_head":"<!-- This site is optimized with the Yoast SEO plugin v27.4 - https:\/\/yoast.com\/product\/yoast-seo-wordpress\/ -->\n<title>La Alcald\u00eda de El Alto presenta informe al TSE confirmando deudas pendientes de Jaime Dunn con el municipio - Te lo Cuenta Victor<\/title>\n<meta name=\"robots\" content=\"index, follow, max-snippet:-1, max-image-preview:large, max-video-preview:-1\" \/>\n<link rel=\"canonical\" href=\"https:\/\/telocuentavictorhugo.com\/index.php\/2025\/07\/01\/la-alcaldia-de-el-alto-presenta-informe-al-tse-confirmando-deudas-pendientes-de-jaime-dunn-con-el-municipio\/\" \/>\n<meta property=\"og:locale\" content=\"es_ES\" \/>\n<meta property=\"og:type\" content=\"article\" \/>\n<meta property=\"og:title\" content=\"La Alcald\u00eda de El Alto presenta informe al TSE confirmando deudas pendientes de Jaime Dunn con el municipio - Te lo Cuenta Victor\" \/>\n<meta property=\"og:description\" content=\"La Alcald\u00eda de El Alto entreg\u00f3 al Tribunal Supremo Electoral (TSE) un informe sobre el precandidato presidencial Jaime Dunn, de Nueva Generaci\u00f3n Patri\u00f3tica (NGP), donde se destaca que Dunn mantiene deudas con el municipio. Seg\u00fan el asesor legal de la Alcald\u00eda, Isacc Mauricio, el informe concluye que Dunn presenta requerimientos de pago y pliegos de [&hellip;]\" \/>\n<meta property=\"og:url\" content=\"https:\/\/telocuentavictorhugo.com\/index.php\/2025\/07\/01\/la-alcaldia-de-el-alto-presenta-informe-al-tse-confirmando-deudas-pendientes-de-jaime-dunn-con-el-municipio\/\" \/>\n<meta property=\"og:site_name\" content=\"Te lo Cuenta Victor\" \/>\n<meta property=\"article:published_time\" content=\"2025-07-01T05:35:04+00:00\" \/>\n<meta property=\"article:modified_time\" content=\"2025-07-01T05:35:05+00:00\" \/>\n<meta property=\"og:image\" content=\"http:\/\/telocuentavictorhugo.com\/wp-content\/uploads\/2025\/07\/DSDS.jpg\" \/>\n\t<meta property=\"og:image:width\" content=\"893\" \/>\n\t<meta property=\"og:image:height\" content=\"491\" \/>\n\t<meta property=\"og:image:type\" content=\"image\/jpeg\" \/>\n<meta name=\"author\" content=\"telocuentavictorhugo.com\" \/>\n<meta name=\"twitter:card\" content=\"summary_large_image\" \/>\n<meta name=\"twitter:label1\" content=\"Escrito por\" \/>\n\t<meta name=\"twitter:data1\" content=\"telocuentavictorhugo.com\" \/>\n\t<meta name=\"twitter:label2\" content=\"Tiempo de lectura\" \/>\n\t<meta name=\"twitter:data2\" content=\"1 minuto\" \/>\n<script type=\"application\/ld+json\" class=\"yoast-schema-graph\">{\"@context\":\"https:\\\/\\\/schema.org\",\"@graph\":[{\"@type\":\"Article\",\"@id\":\"https:\\\/\\\/telocuentavictorhugo.com\\\/index.php\\\/2025\\\/07\\\/01\\\/la-alcaldia-de-el-alto-presenta-informe-al-tse-confirmando-deudas-pendientes-de-jaime-dunn-con-el-municipio\\\/#article\",\"isPartOf\":{\"@id\":\"https:\\\/\\\/telocuentavictorhugo.com\\\/index.php\\\/2025\\\/07\\\/01\\\/la-alcaldia-de-el-alto-presenta-informe-al-tse-confirmando-deudas-pendientes-de-jaime-dunn-con-el-municipio\\\/\"},\"author\":{\"name\":\"telocuentavictorhugo.com\",\"@id\":\"https:\\\/\\\/telocuentavictorhugo.com\\\/#\\\/schema\\\/person\\\/a8307d7271ba2849b49b562ad8602f06\"},\"headline\":\"La Alcald\u00eda de El Alto presenta informe al TSE confirmando deudas pendientes de Jaime Dunn con el municipio\",\"datePublished\":\"2025-07-01T05:35:04+00:00\",\"dateModified\":\"2025-07-01T05:35:05+00:00\",\"mainEntityOfPage\":{\"@id\":\"https:\\\/\\\/telocuentavictorhugo.com\\\/index.php\\\/2025\\\/07\\\/01\\\/la-alcaldia-de-el-alto-presenta-informe-al-tse-confirmando-deudas-pendientes-de-jaime-dunn-con-el-municipio\\\/\"},\"wordCount\":97,\"commentCount\":0,\"publisher\":{\"@id\":\"https:\\\/\\\/telocuentavictorhugo.com\\\/#organization\"},\"image\":{\"@id\":\"https:\\\/\\\/telocuentavictorhugo.com\\\/index.php\\\/2025\\\/07\\\/01\\\/la-alcaldia-de-el-alto-presenta-informe-al-tse-confirmando-deudas-pendientes-de-jaime-dunn-con-el-municipio\\\/#primaryimage\"},\"thumbnailUrl\":\"https:\\\/\\\/telocuentavictorhugo.com\\\/wp-content\\\/uploads\\\/2025\\\/07\\\/DSDS.jpg\",\"articleSection\":[\"Noticias\",\"Pol\u00edtica\"],\"inLanguage\":\"es\",\"potentialAction\":[{\"@type\":\"CommentAction\",\"name\":\"Comment\",\"target\":[\"https:\\\/\\\/telocuentavictorhugo.com\\\/index.php\\\/2025\\\/07\\\/01\\\/la-alcaldia-de-el-alto-presenta-informe-al-tse-confirmando-deudas-pendientes-de-jaime-dunn-con-el-municipio\\\/#respond\"]}]},{\"@type\":\"WebPage\",\"@id\":\"https:\\\/\\\/telocuentavictorhugo.com\\\/index.php\\\/2025\\\/07\\\/01\\\/la-alcaldia-de-el-alto-presenta-informe-al-tse-confirmando-deudas-pendientes-de-jaime-dunn-con-el-municipio\\\/\",\"url\":\"https:\\\/\\\/telocuentavictorhugo.com\\\/index.php\\\/2025\\\/07\\\/01\\\/la-alcaldia-de-el-alto-presenta-informe-al-tse-confirmando-deudas-pendientes-de-jaime-dunn-con-el-municipio\\\/\",\"name\":\"La Alcald\u00eda de El Alto presenta informe al TSE confirmando deudas pendientes de Jaime Dunn con el municipio - Te lo Cuenta Victor\",\"isPartOf\":{\"@id\":\"https:\\\/\\\/telocuentavictorhugo.com\\\/#website\"},\"primaryImageOfPage\":{\"@id\":\"https:\\\/\\\/telocuentavictorhugo.com\\\/index.php\\\/2025\\\/07\\\/01\\\/la-alcaldia-de-el-alto-presenta-informe-al-tse-confirmando-deudas-pendientes-de-jaime-dunn-con-el-municipio\\\/#primaryimage\"},\"image\":{\"@id\":\"https:\\\/\\\/telocuentavictorhugo.com\\\/index.php\\\/2025\\\/07\\\/01\\\/la-alcaldia-de-el-alto-presenta-informe-al-tse-confirmando-deudas-pendientes-de-jaime-dunn-con-el-municipio\\\/#primaryimage\"},\"thumbnailUrl\":\"https:\\\/\\\/telocuentavictorhugo.com\\\/wp-content\\\/uploads\\\/2025\\\/07\\\/DSDS.jpg\",\"datePublished\":\"2025-07-01T05:35:04+00:00\",\"dateModified\":\"2025-07-01T05:35:05+00:00\",\"breadcrumb\":{\"@id\":\"https:\\\/\\\/telocuentavictorhugo.com\\\/index.php\\\/2025\\\/07\\\/01\\\/la-alcaldia-de-el-alto-presenta-informe-al-tse-confirmando-deudas-pendientes-de-jaime-dunn-con-el-municipio\\\/#breadcrumb\"},\"inLanguage\":\"es\",\"potentialAction\":[{\"@type\":\"ReadAction\",\"target\":[\"https:\\\/\\\/telocuentavictorhugo.com\\\/index.php\\\/2025\\\/07\\\/01\\\/la-alcaldia-de-el-alto-presenta-informe-al-tse-confirmando-deudas-pendientes-de-jaime-dunn-con-el-municipio\\\/\"]}]},{\"@type\":\"ImageObject\",\"inLanguage\":\"es\",\"@id\":\"https:\\\/\\\/telocuentavictorhugo.com\\\/index.php\\\/2025\\\/07\\\/01\\\/la-alcaldia-de-el-alto-presenta-informe-al-tse-confirmando-deudas-pendientes-de-jaime-dunn-con-el-municipio\\\/#primaryimage\",\"url\":\"https:\\\/\\\/telocuentavictorhugo.com\\\/wp-content\\\/uploads\\\/2025\\\/07\\\/DSDS.jpg\",\"contentUrl\":\"https:\\\/\\\/telocuentavictorhugo.com\\\/wp-content\\\/uploads\\\/2025\\\/07\\\/DSDS.jpg\",\"width\":893,\"height\":491},{\"@type\":\"BreadcrumbList\",\"@id\":\"https:\\\/\\\/telocuentavictorhugo.com\\\/index.php\\\/2025\\\/07\\\/01\\\/la-alcaldia-de-el-alto-presenta-informe-al-tse-confirmando-deudas-pendientes-de-jaime-dunn-con-el-municipio\\\/#breadcrumb\",\"itemListElement\":[{\"@type\":\"ListItem\",\"position\":1,\"name\":\"Portada\",\"item\":\"https:\\\/\\\/telocuentavictorhugo.com\\\/\"},{\"@type\":\"ListItem\",\"position\":2,\"name\":\"La Alcald\u00eda de El Alto presenta informe al TSE confirmando deudas pendientes de Jaime Dunn con el municipio\"}]},{\"@type\":\"WebSite\",\"@id\":\"https:\\\/\\\/telocuentavictorhugo.com\\\/#website\",\"url\":\"https:\\\/\\\/telocuentavictorhugo.com\\\/\",\"name\":\"Te lo Cuenta Victor\",\"description\":\"\",\"publisher\":{\"@id\":\"https:\\\/\\\/telocuentavictorhugo.com\\\/#organization\"},\"potentialAction\":[{\"@type\":\"SearchAction\",\"target\":{\"@type\":\"EntryPoint\",\"urlTemplate\":\"https:\\\/\\\/telocuentavictorhugo.com\\\/?s={search_term_string}\"},\"query-input\":{\"@type\":\"PropertyValueSpecification\",\"valueRequired\":true,\"valueName\":\"search_term_string\"}}],\"inLanguage\":\"es\"},{\"@type\":\"Organization\",\"@id\":\"https:\\\/\\\/telocuentavictorhugo.com\\\/#organization\",\"name\":\"Te lo Cuenta Victor\",\"url\":\"https:\\\/\\\/telocuentavictorhugo.com\\\/\",\"logo\":{\"@type\":\"ImageObject\",\"inLanguage\":\"es\",\"@id\":\"https:\\\/\\\/telocuentavictorhugo.com\\\/#\\\/schema\\\/logo\\\/image\\\/\",\"url\":\"https:\\\/\\\/telocuentavictorhugo.com\\\/wp-content\\\/uploads\\\/2023\\\/12\\\/Logo.png\",\"contentUrl\":\"https:\\\/\\\/telocuentavictorhugo.com\\\/wp-content\\\/uploads\\\/2023\\\/12\\\/Logo.png\",\"width\":1080,\"height\":176,\"caption\":\"Te lo Cuenta Victor\"},\"image\":{\"@id\":\"https:\\\/\\\/telocuentavictorhugo.com\\\/#\\\/schema\\\/logo\\\/image\\\/\"}},{\"@type\":\"Person\",\"@id\":\"https:\\\/\\\/telocuentavictorhugo.com\\\/#\\\/schema\\\/person\\\/a8307d7271ba2849b49b562ad8602f06\",\"name\":\"telocuentavictorhugo.com\",\"image\":{\"@type\":\"ImageObject\",\"inLanguage\":\"es\",\"@id\":\"https:\\\/\\\/secure.gravatar.com\\\/avatar\\\/da212e7b532df19fd2aea5daf46d8c176abfc85521e4b80ed435d7426ef63eb6?s=96&d=mm&r=g\",\"url\":\"https:\\\/\\\/secure.gravatar.com\\\/avatar\\\/da212e7b532df19fd2aea5daf46d8c176abfc85521e4b80ed435d7426ef63eb6?s=96&d=mm&r=g\",\"contentUrl\":\"https:\\\/\\\/secure.gravatar.com\\\/avatar\\\/da212e7b532df19fd2aea5daf46d8c176abfc85521e4b80ed435d7426ef63eb6?s=96&d=mm&r=g\",\"caption\":\"telocuentavictorhugo.com\"},\"sameAs\":[\"http:\\\/\\\/telocuentavictorhugo.com\"],\"url\":\"https:\\\/\\\/telocuentavictorhugo.com\\\/index.php\\\/author\\\/plustvpress-com\\\/\"}]}<\/script>\n<!-- \/ Yoast SEO plugin. -->","yoast_head_json":{"title":"La Alcald\u00eda de El Alto presenta informe al TSE confirmando deudas pendientes de Jaime Dunn con el municipio - Te lo Cuenta Victor","robots":{"index":"index","follow":"follow","max-snippet":"max-snippet:-1","max-image-preview":"max-image-preview:large","max-video-preview":"max-video-preview:-1"},"canonical":"https:\/\/telocuentavictorhugo.com\/index.php\/2025\/07\/01\/la-alcaldia-de-el-alto-presenta-informe-al-tse-confirmando-deudas-pendientes-de-jaime-dunn-con-el-municipio\/","og_locale":"es_ES","og_type":"article","og_title":"La Alcald\u00eda de El Alto presenta informe al TSE confirmando deudas pendientes de Jaime Dunn con el municipio - Te lo Cuenta Victor","og_description":"La Alcald\u00eda de El Alto entreg\u00f3 al Tribunal Supremo Electoral (TSE) un informe sobre el precandidato presidencial Jaime Dunn, de Nueva Generaci\u00f3n Patri\u00f3tica (NGP), donde se destaca que Dunn mantiene deudas con el municipio. Seg\u00fan el asesor legal de la Alcald\u00eda, Isacc Mauricio, el informe concluye que Dunn presenta requerimientos de pago y pliegos de [&hellip;]","og_url":"https:\/\/telocuentavictorhugo.com\/index.php\/2025\/07\/01\/la-alcaldia-de-el-alto-presenta-informe-al-tse-confirmando-deudas-pendientes-de-jaime-dunn-con-el-municipio\/","og_site_name":"Te lo Cuenta Victor","article_published_time":"2025-07-01T05:35:04+00:00","article_modified_time":"2025-07-01T05:35:05+00:00","og_image":[{"width":893,"height":491,"url":"http:\/\/telocuentavictorhugo.com\/wp-content\/uploads\/2025\/07\/DSDS.jpg","type":"image\/jpeg"}],"author":"telocuentavictorhugo.com","twitter_card":"summary_large_image","twitter_misc":{"Escrito por":"telocuentavictorhugo.com","Tiempo de lectura":"1 minuto"},"schema":{"@context":"https:\/\/schema.org","@graph":[{"@type":"Article","@id":"https:\/\/telocuentavictorhugo.com\/index.php\/2025\/07\/01\/la-alcaldia-de-el-alto-presenta-informe-al-tse-confirmando-deudas-pendientes-de-jaime-dunn-con-el-municipio\/#article","isPartOf":{"@id":"https:\/\/telocuentavictorhugo.com\/index.php\/2025\/07\/01\/la-alcaldia-de-el-alto-presenta-informe-al-tse-confirmando-deudas-pendientes-de-jaime-dunn-con-el-municipio\/"},"author":{"name":"telocuentavictorhugo.com","@id":"https:\/\/telocuentavictorhugo.com\/#\/schema\/person\/a8307d7271ba2849b49b562ad8602f06"},"headline":"La Alcald\u00eda de El Alto presenta informe al TSE confirmando deudas pendientes de Jaime Dunn con el municipio","datePublished":"2025-07-01T05:35:04+00:00","dateModified":"2025-07-01T05:35:05+00:00","mainEntityOfPage":{"@id":"https:\/\/telocuentavictorhugo.com\/index.php\/2025\/07\/01\/la-alcaldia-de-el-alto-presenta-informe-al-tse-confirmando-deudas-pendientes-de-jaime-dunn-con-el-municipio\/"},"wordCount":97,"commentCount":0,"publisher":{"@id":"https:\/\/telocuentavictorhugo.com\/#organization"},"image":{"@id":"https:\/\/telocuentavictorhugo.com\/index.php\/2025\/07\/01\/la-alcaldia-de-el-alto-presenta-informe-al-tse-confirmando-deudas-pendientes-de-jaime-dunn-con-el-municipio\/#primaryimage"},"thumbnailUrl":"https:\/\/telocuentavictorhugo.com\/wp-content\/uploads\/2025\/07\/DSDS.jpg","articleSection":["Noticias","Pol\u00edtica"],"inLanguage":"es","potentialAction":[{"@type":"CommentAction","name":"Comment","target":["https:\/\/telocuentavictorhugo.com\/index.php\/2025\/07\/01\/la-alcaldia-de-el-alto-presenta-informe-al-tse-confirmando-deudas-pendientes-de-jaime-dunn-con-el-municipio\/#respond"]}]},{"@type":"WebPage","@id":"https:\/\/telocuentavictorhugo.com\/index.php\/2025\/07\/01\/la-alcaldia-de-el-alto-presenta-informe-al-tse-confirmando-deudas-pendientes-de-jaime-dunn-con-el-municipio\/","url":"https:\/\/telocuentavictorhugo.com\/index.php\/2025\/07\/01\/la-alcaldia-de-el-alto-presenta-informe-al-tse-confirmando-deudas-pendientes-de-jaime-dunn-con-el-municipio\/","name":"La Alcald\u00eda de El Alto presenta informe al TSE confirmando deudas pendientes de Jaime Dunn con el municipio - Te lo Cuenta Victor","isPartOf":{"@id":"https:\/\/telocuentavictorhugo.com\/#website"},"primaryImageOfPage":{"@id":"https:\/\/telocuentavictorhugo.com\/index.php\/2025\/07\/01\/la-alcaldia-de-el-alto-presenta-informe-al-tse-confirmando-deudas-pendientes-de-jaime-dunn-con-el-municipio\/#primaryimage"},"image":{"@id":"https:\/\/telocuentavictorhugo.com\/index.php\/2025\/07\/01\/la-alcaldia-de-el-alto-presenta-informe-al-tse-confirmando-deudas-pendientes-de-jaime-dunn-con-el-municipio\/#primaryimage"},"thumbnailUrl":"https:\/\/telocuentavictorhugo.com\/wp-content\/uploads\/2025\/07\/DSDS.jpg","datePublished":"2025-07-01T05:35:04+00:00","dateModified":"2025-07-01T05:35:05+00:00","breadcrumb":{"@id":"https:\/\/telocuentavictorhugo.com\/index.php\/2025\/07\/01\/la-alcaldia-de-el-alto-presenta-informe-al-tse-confirmando-deudas-pendientes-de-jaime-dunn-con-el-municipio\/#breadcrumb"},"inLanguage":"es","potentialAction":[{"@type":"ReadAction","target":["https:\/\/telocuentavictorhugo.com\/index.php\/2025\/07\/01\/la-alcaldia-de-el-alto-presenta-informe-al-tse-confirmando-deudas-pendientes-de-jaime-dunn-con-el-municipio\/"]}]},{"@type":"ImageObject","inLanguage":"es","@id":"https:\/\/telocuentavictorhugo.com\/index.php\/2025\/07\/01\/la-alcaldia-de-el-alto-presenta-informe-al-tse-confirmando-deudas-pendientes-de-jaime-dunn-con-el-municipio\/#primaryimage","url":"https:\/\/telocuentavictorhugo.com\/wp-content\/uploads\/2025\/07\/DSDS.jpg","contentUrl":"https:\/\/telocuentavictorhugo.com\/wp-content\/uploads\/2025\/07\/DSDS.jpg","width":893,"height":491},{"@type":"BreadcrumbList","@id":"https:\/\/telocuentavictorhugo.com\/index.php\/2025\/07\/01\/la-alcaldia-de-el-alto-presenta-informe-al-tse-confirmando-deudas-pendientes-de-jaime-dunn-con-el-municipio\/#breadcrumb","itemListElement":[{"@type":"ListItem","position":1,"name":"Portada","item":"https:\/\/telocuentavictorhugo.com\/"},{"@type":"ListItem","position":2,"name":"La Alcald\u00eda de El Alto presenta informe al TSE confirmando deudas pendientes de Jaime Dunn con el municipio"}]},{"@type":"WebSite","@id":"https:\/\/telocuentavictorhugo.com\/#website","url":"https:\/\/telocuentavictorhugo.com\/","name":"Te lo Cuenta Victor","description":"","publisher":{"@id":"https:\/\/telocuentavictorhugo.com\/#organization"},"potentialAction":[{"@type":"SearchAction","target":{"@type":"EntryPoint","urlTemplate":"https:\/\/telocuentavictorhugo.com\/?s={search_term_string}"},"query-input":{"@type":"PropertyValueSpecification","valueRequired":true,"valueName":"search_term_string"}}],"inLanguage":"es"},{"@type":"Organization","@id":"https:\/\/telocuentavictorhugo.com\/#organization","name":"Te lo Cuenta Victor","url":"https:\/\/telocuentavictorhugo.com\/","logo":{"@type":"ImageObject","inLanguage":"es","@id":"https:\/\/telocuentavictorhugo.com\/#\/schema\/logo\/image\/","url":"https:\/\/telocuentavictorhugo.com\/wp-content\/uploads\/2023\/12\/Logo.png","contentUrl":"https:\/\/telocuentavictorhugo.com\/wp-content\/uploads\/2023\/12\/Logo.png","width":1080,"height":176,"caption":"Te lo Cuenta Victor"},"image":{"@id":"https:\/\/telocuentavictorhugo.com\/#\/schema\/logo\/image\/"}},{"@type":"Person","@id":"https:\/\/telocuentavictorhugo.com\/#\/schema\/person\/a8307d7271ba2849b49b562ad8602f06","name":"telocuentavictorhugo.com","image":{"@type":"ImageObject","inLanguage":"es","@id":"https:\/\/secure.gravatar.com\/avatar\/da212e7b532df19fd2aea5daf46d8c176abfc85521e4b80ed435d7426ef63eb6?s=96&d=mm&r=g","url":"https:\/\/secure.gravatar.com\/avatar\/da212e7b532df19fd2aea5daf46d8c176abfc85521e4b80ed435d7426ef63eb6?s=96&d=mm&r=g","contentUrl":"https:\/\/secure.gravatar.com\/avatar\/da212e7b532df19fd2aea5daf46d8c176abfc85521e4b80ed435d7426ef63eb6?s=96&d=mm&r=g","caption":"telocuentavictorhugo.com"},"sameAs":["http:\/\/telocuentavictorhugo.com"],"url":"https:\/\/telocuentavictorhugo.com\/index.php\/author\/plustvpress-com\/"}]}},"_links":{"self":[{"href":"https:\/\/telocuentavictorhugo.com\/index.php\/wp-json\/wp\/v2\/posts\/8479","targetHints":{"allow":["GET"]}}],"collection":[{"href":"https:\/\/telocuentavictorhugo.com\/index.php\/wp-json\/wp\/v2\/posts"}],"about":[{"href":"https:\/\/telocuentavictorhugo.com\/index.php\/wp-json\/wp\/v2\/types\/post"}],"author":[{"embeddable":true,"href":"https:\/\/telocuentavictorhugo.com\/index.php\/wp-json\/wp\/v2\/users\/1"}],"replies":[{"embeddable":true,"href":"https:\/\/telocuentavictorhugo.com\/index.php\/wp-json\/wp\/v2\/comments?post=8479"}],"version-history":[{"count":1,"href":"https:\/\/telocuentavictorhugo.com\/index.php\/wp-json\/wp\/v2\/posts\/8479\/revisions"}],"predecessor-version":[{"id":8481,"href":"https:\/\/telocuentavictorhugo.com\/index.php\/wp-json\/wp\/v2\/posts\/8479\/revisions\/8481"}],"wp:featuredmedia":[{"embeddable":true,"href":"https:\/\/telocuentavictorhugo.com\/index.php\/wp-json\/wp\/v2\/media\/8476"}],"wp:attachment":[{"href":"https:\/\/telocuentavictorhugo.com\/index.php\/wp-json\/wp\/v2\/media?parent=8479"}],"wp:term":[{"taxonomy":"category","embeddable":true,"href":"https:\/\/telocuentavictorhugo.com\/index.php\/wp-json\/wp\/v2\/categories?post=8479"},{"taxonomy":"post_tag","embeddable":true,"href":"https:\/\/telocuentavictorhugo.com\/index.php\/wp-json\/wp\/v2\/tags?post=8479"}],"curies":[{"name":"wp","href":"https:\/\/api.w.org\/{rel}","templated":true}]}}