{"id":8425,"date":"2025-06-25T00:15:48","date_gmt":"2025-06-25T04:15:48","guid":{"rendered":"https:\/\/telocuentavictorhugo.com\/?p=8425"},"modified":"2025-06-25T00:15:49","modified_gmt":"2025-06-25T04:15:49","slug":"facebook-y-whatsapp-las-nuevas-plazas-publicas-de-informacion","status":"publish","type":"post","link":"https:\/\/telocuentavictorhugo.com\/index.php\/2025\/06\/25\/facebook-y-whatsapp-las-nuevas-plazas-publicas-de-informacion\/","title":{"rendered":"FACEBOOK Y WHATSAPP. LAS NUEVAS PLAZAS P\u00daBLICAS DE INFORMACI\u00d3N."},"content":{"rendered":"\n<p>Ver video aqui\u0301:\u00a0\ud83d\udc49\ud83c\udffb\ud83d\udcf9\u23ef<a href=\"https:\/\/youtu.be\/a_y3DrjUcAU\">https:\/\/youtu.be\/a_y3DrjUcAU<\/a><\/p>\n\n\n\n<p>Un estudio reciente revel\u00f3 que&nbsp;<strong>Facebook y WhatsApp<\/strong>&nbsp;son las plataformas digitales m\u00e1s utilizadas por los bolivianos para informarse, superando a medios tradicionales y otras redes sociales. La encuesta, realizada por una consultora independiente, abarc\u00f3 a m\u00e1s de&nbsp;<strong>2.000 personas<\/strong>&nbsp;en los nueve departamentos del pa\u00eds.<\/p>\n\n\n\n<p>Seg\u00fan los resultados,&nbsp;<strong>el 68% de los consultados<\/strong>&nbsp;usa&nbsp;<strong>Facebook<\/strong>&nbsp;como principal fuente de noticias, mientras que&nbsp;<strong>WhatsApp<\/strong>&nbsp;es la segunda opci\u00f3n, con un&nbsp;<strong>54%<\/strong>, debido a la viralizaci\u00f3n de contenidos en grupos familiares y comunitarios. En menor medida,&nbsp;<strong>YouTube (32%) y TikTok (18%)<\/strong>&nbsp;tambi\u00e9n ganan terreno, especialmente entre j\u00f3venes.<\/p>\n\n\n\n<p>Expertos destacan que, aunque estas redes facilitan el acceso a la informaci\u00f3n, tambi\u00e9n plantean desaf\u00edos como la&nbsp;<strong>desinformaci\u00f3n y noticias falsas<\/strong>. Recomiendan&nbsp;<strong>verificar fuentes<\/strong>&nbsp;antes de compartir contenido.<\/p>\n\n\n\n<p>El estudio confirma la creciente influencia de las plataformas digitales en los h\u00e1bitos informativos de la poblaci\u00f3n.<\/p>\n\n\n\n<figure class=\"wp-block-image size-full\"><img fetchpriority=\"high\" decoding=\"async\" width=\"836\" height=\"466\" src=\"https:\/\/telocuentavictorhugo.com\/wp-content\/uploads\/2025\/06\/image-48.png\" alt=\"\" class=\"wp-image-8426\" srcset=\"https:\/\/telocuentavictorhugo.com\/wp-content\/uploads\/2025\/06\/image-48.png 836w, https:\/\/telocuentavictorhugo.com\/wp-content\/uploads\/2025\/06\/image-48-300x167.png 300w, https:\/\/telocuentavictorhugo.com\/wp-content\/uploads\/2025\/06\/image-48-768x428.png 768w, https:\/\/telocuentavictorhugo.com\/wp-content\/uploads\/2025\/06\/image-48-570x318.png 570w, https:\/\/telocuentavictorhugo.com\/wp-content\/uploads\/2025\/06\/image-48-270x151.png 270w, https:\/\/telocuentavictorhugo.com\/wp-content\/uploads\/2025\/06\/image-48-600x334.png 600w\" sizes=\"(max-width: 836px) 100vw, 836px\" \/><\/figure>\n\n\n\n<p>Ver video aqui\u0301:\u00a0\ud83d\udc49\ud83c\udffb\ud83d\udcf9\u23ef<a href=\"https:\/\/youtu.be\/a_y3DrjUcAU\">https:\/\/youtu.be\/a_y3DrjUcAU<\/a><\/p>\n","protected":false},"excerpt":{"rendered":"<p>Facebook y WhatsApp lideran como principales fuentes de informaci\u00f3n en el pa\u00eds, seg\u00fan encuesta. Los usuarios prefieren estas redes para mantenerse informados, aunque alertan sobre riesgos de desinformaci\u00f3n.<\/p>\n","protected":false},"author":1,"featured_media":8426,"comment_status":"open","ping_status":"open","sticky":false,"template":"","format":"standard","meta":{"_eb_attr":"","footnotes":""},"categories":[1,48],"tags":[],"class_list":["post-8425","post","type-post","status-publish","format-standard","has-post-thumbnail","hentry","category-noticias","category-tecnologia"],"yoast_head":"<!-- This site is optimized with the Yoast SEO plugin v27.4 - https:\/\/yoast.com\/product\/yoast-seo-wordpress\/ -->\n<title>FACEBOOK Y WHATSAPP. LAS NUEVAS PLAZAS P\u00daBLICAS DE INFORMACI\u00d3N. - Te lo Cuenta Victor<\/title>\n<meta name=\"robots\" content=\"index, follow, max-snippet:-1, max-image-preview:large, max-video-preview:-1\" \/>\n<link rel=\"canonical\" href=\"https:\/\/telocuentavictorhugo.com\/index.php\/2025\/06\/25\/facebook-y-whatsapp-las-nuevas-plazas-publicas-de-informacion\/\" \/>\n<meta property=\"og:locale\" content=\"es_ES\" \/>\n<meta property=\"og:type\" content=\"article\" \/>\n<meta property=\"og:title\" content=\"FACEBOOK Y WHATSAPP. LAS NUEVAS PLAZAS P\u00daBLICAS DE INFORMACI\u00d3N. - Te lo Cuenta Victor\" \/>\n<meta property=\"og:description\" content=\"Facebook y WhatsApp lideran como principales fuentes de informaci\u00f3n en el pa\u00eds, seg\u00fan encuesta. Los usuarios prefieren estas redes para mantenerse informados, aunque alertan sobre riesgos de desinformaci\u00f3n.\" \/>\n<meta property=\"og:url\" content=\"https:\/\/telocuentavictorhugo.com\/index.php\/2025\/06\/25\/facebook-y-whatsapp-las-nuevas-plazas-publicas-de-informacion\/\" \/>\n<meta property=\"og:site_name\" content=\"Te lo Cuenta Victor\" \/>\n<meta property=\"article:published_time\" content=\"2025-06-25T04:15:48+00:00\" \/>\n<meta property=\"article:modified_time\" content=\"2025-06-25T04:15:49+00:00\" \/>\n<meta property=\"og:image\" content=\"http:\/\/telocuentavictorhugo.com\/wp-content\/uploads\/2025\/06\/image-48.png\" \/>\n\t<meta property=\"og:image:width\" content=\"836\" \/>\n\t<meta property=\"og:image:height\" content=\"466\" \/>\n\t<meta property=\"og:image:type\" content=\"image\/png\" \/>\n<meta name=\"author\" content=\"telocuentavictorhugo.com\" \/>\n<meta name=\"twitter:card\" content=\"summary_large_image\" \/>\n<meta name=\"twitter:label1\" content=\"Escrito por\" \/>\n\t<meta name=\"twitter:data1\" content=\"telocuentavictorhugo.com\" \/>\n\t<meta name=\"twitter:label2\" content=\"Tiempo de lectura\" \/>\n\t<meta name=\"twitter:data2\" content=\"2 minutos\" \/>\n<script type=\"application\/ld+json\" class=\"yoast-schema-graph\">{\"@context\":\"https:\\\/\\\/schema.org\",\"@graph\":[{\"@type\":\"Article\",\"@id\":\"https:\\\/\\\/telocuentavictorhugo.com\\\/index.php\\\/2025\\\/06\\\/25\\\/facebook-y-whatsapp-las-nuevas-plazas-publicas-de-informacion\\\/#article\",\"isPartOf\":{\"@id\":\"https:\\\/\\\/telocuentavictorhugo.com\\\/index.php\\\/2025\\\/06\\\/25\\\/facebook-y-whatsapp-las-nuevas-plazas-publicas-de-informacion\\\/\"},\"author\":{\"name\":\"telocuentavictorhugo.com\",\"@id\":\"https:\\\/\\\/telocuentavictorhugo.com\\\/#\\\/schema\\\/person\\\/a8307d7271ba2849b49b562ad8602f06\"},\"headline\":\"FACEBOOK Y WHATSAPP. LAS NUEVAS PLAZAS P\u00daBLICAS DE INFORMACI\u00d3N.\",\"datePublished\":\"2025-06-25T04:15:48+00:00\",\"dateModified\":\"2025-06-25T04:15:49+00:00\",\"mainEntityOfPage\":{\"@id\":\"https:\\\/\\\/telocuentavictorhugo.com\\\/index.php\\\/2025\\\/06\\\/25\\\/facebook-y-whatsapp-las-nuevas-plazas-publicas-de-informacion\\\/\"},\"wordCount\":195,\"commentCount\":0,\"publisher\":{\"@id\":\"https:\\\/\\\/telocuentavictorhugo.com\\\/#organization\"},\"image\":{\"@id\":\"https:\\\/\\\/telocuentavictorhugo.com\\\/index.php\\\/2025\\\/06\\\/25\\\/facebook-y-whatsapp-las-nuevas-plazas-publicas-de-informacion\\\/#primaryimage\"},\"thumbnailUrl\":\"https:\\\/\\\/telocuentavictorhugo.com\\\/wp-content\\\/uploads\\\/2025\\\/06\\\/image-48.png\",\"articleSection\":[\"Noticias\",\"Tecnolog\u00eda\"],\"inLanguage\":\"es\",\"potentialAction\":[{\"@type\":\"CommentAction\",\"name\":\"Comment\",\"target\":[\"https:\\\/\\\/telocuentavictorhugo.com\\\/index.php\\\/2025\\\/06\\\/25\\\/facebook-y-whatsapp-las-nuevas-plazas-publicas-de-informacion\\\/#respond\"]}]},{\"@type\":\"WebPage\",\"@id\":\"https:\\\/\\\/telocuentavictorhugo.com\\\/index.php\\\/2025\\\/06\\\/25\\\/facebook-y-whatsapp-las-nuevas-plazas-publicas-de-informacion\\\/\",\"url\":\"https:\\\/\\\/telocuentavictorhugo.com\\\/index.php\\\/2025\\\/06\\\/25\\\/facebook-y-whatsapp-las-nuevas-plazas-publicas-de-informacion\\\/\",\"name\":\"FACEBOOK Y WHATSAPP. LAS NUEVAS PLAZAS P\u00daBLICAS DE INFORMACI\u00d3N. - Te lo Cuenta Victor\",\"isPartOf\":{\"@id\":\"https:\\\/\\\/telocuentavictorhugo.com\\\/#website\"},\"primaryImageOfPage\":{\"@id\":\"https:\\\/\\\/telocuentavictorhugo.com\\\/index.php\\\/2025\\\/06\\\/25\\\/facebook-y-whatsapp-las-nuevas-plazas-publicas-de-informacion\\\/#primaryimage\"},\"image\":{\"@id\":\"https:\\\/\\\/telocuentavictorhugo.com\\\/index.php\\\/2025\\\/06\\\/25\\\/facebook-y-whatsapp-las-nuevas-plazas-publicas-de-informacion\\\/#primaryimage\"},\"thumbnailUrl\":\"https:\\\/\\\/telocuentavictorhugo.com\\\/wp-content\\\/uploads\\\/2025\\\/06\\\/image-48.png\",\"datePublished\":\"2025-06-25T04:15:48+00:00\",\"dateModified\":\"2025-06-25T04:15:49+00:00\",\"breadcrumb\":{\"@id\":\"https:\\\/\\\/telocuentavictorhugo.com\\\/index.php\\\/2025\\\/06\\\/25\\\/facebook-y-whatsapp-las-nuevas-plazas-publicas-de-informacion\\\/#breadcrumb\"},\"inLanguage\":\"es\",\"potentialAction\":[{\"@type\":\"ReadAction\",\"target\":[\"https:\\\/\\\/telocuentavictorhugo.com\\\/index.php\\\/2025\\\/06\\\/25\\\/facebook-y-whatsapp-las-nuevas-plazas-publicas-de-informacion\\\/\"]}]},{\"@type\":\"ImageObject\",\"inLanguage\":\"es\",\"@id\":\"https:\\\/\\\/telocuentavictorhugo.com\\\/index.php\\\/2025\\\/06\\\/25\\\/facebook-y-whatsapp-las-nuevas-plazas-publicas-de-informacion\\\/#primaryimage\",\"url\":\"https:\\\/\\\/telocuentavictorhugo.com\\\/wp-content\\\/uploads\\\/2025\\\/06\\\/image-48.png\",\"contentUrl\":\"https:\\\/\\\/telocuentavictorhugo.com\\\/wp-content\\\/uploads\\\/2025\\\/06\\\/image-48.png\",\"width\":836,\"height\":466},{\"@type\":\"BreadcrumbList\",\"@id\":\"https:\\\/\\\/telocuentavictorhugo.com\\\/index.php\\\/2025\\\/06\\\/25\\\/facebook-y-whatsapp-las-nuevas-plazas-publicas-de-informacion\\\/#breadcrumb\",\"itemListElement\":[{\"@type\":\"ListItem\",\"position\":1,\"name\":\"Portada\",\"item\":\"https:\\\/\\\/telocuentavictorhugo.com\\\/\"},{\"@type\":\"ListItem\",\"position\":2,\"name\":\"FACEBOOK Y WHATSAPP. LAS NUEVAS PLAZAS P\u00daBLICAS DE INFORMACI\u00d3N.\"}]},{\"@type\":\"WebSite\",\"@id\":\"https:\\\/\\\/telocuentavictorhugo.com\\\/#website\",\"url\":\"https:\\\/\\\/telocuentavictorhugo.com\\\/\",\"name\":\"Te lo Cuenta Victor\",\"description\":\"\",\"publisher\":{\"@id\":\"https:\\\/\\\/telocuentavictorhugo.com\\\/#organization\"},\"potentialAction\":[{\"@type\":\"SearchAction\",\"target\":{\"@type\":\"EntryPoint\",\"urlTemplate\":\"https:\\\/\\\/telocuentavictorhugo.com\\\/?s={search_term_string}\"},\"query-input\":{\"@type\":\"PropertyValueSpecification\",\"valueRequired\":true,\"valueName\":\"search_term_string\"}}],\"inLanguage\":\"es\"},{\"@type\":\"Organization\",\"@id\":\"https:\\\/\\\/telocuentavictorhugo.com\\\/#organization\",\"name\":\"Te lo Cuenta Victor\",\"url\":\"https:\\\/\\\/telocuentavictorhugo.com\\\/\",\"logo\":{\"@type\":\"ImageObject\",\"inLanguage\":\"es\",\"@id\":\"https:\\\/\\\/telocuentavictorhugo.com\\\/#\\\/schema\\\/logo\\\/image\\\/\",\"url\":\"https:\\\/\\\/telocuentavictorhugo.com\\\/wp-content\\\/uploads\\\/2023\\\/12\\\/Logo.png\",\"contentUrl\":\"https:\\\/\\\/telocuentavictorhugo.com\\\/wp-content\\\/uploads\\\/2023\\\/12\\\/Logo.png\",\"width\":1080,\"height\":176,\"caption\":\"Te lo Cuenta Victor\"},\"image\":{\"@id\":\"https:\\\/\\\/telocuentavictorhugo.com\\\/#\\\/schema\\\/logo\\\/image\\\/\"}},{\"@type\":\"Person\",\"@id\":\"https:\\\/\\\/telocuentavictorhugo.com\\\/#\\\/schema\\\/person\\\/a8307d7271ba2849b49b562ad8602f06\",\"name\":\"telocuentavictorhugo.com\",\"image\":{\"@type\":\"ImageObject\",\"inLanguage\":\"es\",\"@id\":\"https:\\\/\\\/secure.gravatar.com\\\/avatar\\\/da212e7b532df19fd2aea5daf46d8c176abfc85521e4b80ed435d7426ef63eb6?s=96&d=mm&r=g\",\"url\":\"https:\\\/\\\/secure.gravatar.com\\\/avatar\\\/da212e7b532df19fd2aea5daf46d8c176abfc85521e4b80ed435d7426ef63eb6?s=96&d=mm&r=g\",\"contentUrl\":\"https:\\\/\\\/secure.gravatar.com\\\/avatar\\\/da212e7b532df19fd2aea5daf46d8c176abfc85521e4b80ed435d7426ef63eb6?s=96&d=mm&r=g\",\"caption\":\"telocuentavictorhugo.com\"},\"sameAs\":[\"http:\\\/\\\/telocuentavictorhugo.com\"],\"url\":\"https:\\\/\\\/telocuentavictorhugo.com\\\/index.php\\\/author\\\/plustvpress-com\\\/\"}]}<\/script>\n<!-- \/ Yoast SEO plugin. -->","yoast_head_json":{"title":"FACEBOOK Y WHATSAPP. LAS NUEVAS PLAZAS P\u00daBLICAS DE INFORMACI\u00d3N. - Te lo Cuenta Victor","robots":{"index":"index","follow":"follow","max-snippet":"max-snippet:-1","max-image-preview":"max-image-preview:large","max-video-preview":"max-video-preview:-1"},"canonical":"https:\/\/telocuentavictorhugo.com\/index.php\/2025\/06\/25\/facebook-y-whatsapp-las-nuevas-plazas-publicas-de-informacion\/","og_locale":"es_ES","og_type":"article","og_title":"FACEBOOK Y WHATSAPP. LAS NUEVAS PLAZAS P\u00daBLICAS DE INFORMACI\u00d3N. - Te lo Cuenta Victor","og_description":"Facebook y WhatsApp lideran como principales fuentes de informaci\u00f3n en el pa\u00eds, seg\u00fan encuesta. Los usuarios prefieren estas redes para mantenerse informados, aunque alertan sobre riesgos de desinformaci\u00f3n.","og_url":"https:\/\/telocuentavictorhugo.com\/index.php\/2025\/06\/25\/facebook-y-whatsapp-las-nuevas-plazas-publicas-de-informacion\/","og_site_name":"Te lo Cuenta Victor","article_published_time":"2025-06-25T04:15:48+00:00","article_modified_time":"2025-06-25T04:15:49+00:00","og_image":[{"width":836,"height":466,"url":"http:\/\/telocuentavictorhugo.com\/wp-content\/uploads\/2025\/06\/image-48.png","type":"image\/png"}],"author":"telocuentavictorhugo.com","twitter_card":"summary_large_image","twitter_misc":{"Escrito por":"telocuentavictorhugo.com","Tiempo de lectura":"2 minutos"},"schema":{"@context":"https:\/\/schema.org","@graph":[{"@type":"Article","@id":"https:\/\/telocuentavictorhugo.com\/index.php\/2025\/06\/25\/facebook-y-whatsapp-las-nuevas-plazas-publicas-de-informacion\/#article","isPartOf":{"@id":"https:\/\/telocuentavictorhugo.com\/index.php\/2025\/06\/25\/facebook-y-whatsapp-las-nuevas-plazas-publicas-de-informacion\/"},"author":{"name":"telocuentavictorhugo.com","@id":"https:\/\/telocuentavictorhugo.com\/#\/schema\/person\/a8307d7271ba2849b49b562ad8602f06"},"headline":"FACEBOOK Y WHATSAPP. LAS NUEVAS PLAZAS P\u00daBLICAS DE INFORMACI\u00d3N.","datePublished":"2025-06-25T04:15:48+00:00","dateModified":"2025-06-25T04:15:49+00:00","mainEntityOfPage":{"@id":"https:\/\/telocuentavictorhugo.com\/index.php\/2025\/06\/25\/facebook-y-whatsapp-las-nuevas-plazas-publicas-de-informacion\/"},"wordCount":195,"commentCount":0,"publisher":{"@id":"https:\/\/telocuentavictorhugo.com\/#organization"},"image":{"@id":"https:\/\/telocuentavictorhugo.com\/index.php\/2025\/06\/25\/facebook-y-whatsapp-las-nuevas-plazas-publicas-de-informacion\/#primaryimage"},"thumbnailUrl":"https:\/\/telocuentavictorhugo.com\/wp-content\/uploads\/2025\/06\/image-48.png","articleSection":["Noticias","Tecnolog\u00eda"],"inLanguage":"es","potentialAction":[{"@type":"CommentAction","name":"Comment","target":["https:\/\/telocuentavictorhugo.com\/index.php\/2025\/06\/25\/facebook-y-whatsapp-las-nuevas-plazas-publicas-de-informacion\/#respond"]}]},{"@type":"WebPage","@id":"https:\/\/telocuentavictorhugo.com\/index.php\/2025\/06\/25\/facebook-y-whatsapp-las-nuevas-plazas-publicas-de-informacion\/","url":"https:\/\/telocuentavictorhugo.com\/index.php\/2025\/06\/25\/facebook-y-whatsapp-las-nuevas-plazas-publicas-de-informacion\/","name":"FACEBOOK Y WHATSAPP. LAS NUEVAS PLAZAS P\u00daBLICAS DE INFORMACI\u00d3N. - Te lo Cuenta Victor","isPartOf":{"@id":"https:\/\/telocuentavictorhugo.com\/#website"},"primaryImageOfPage":{"@id":"https:\/\/telocuentavictorhugo.com\/index.php\/2025\/06\/25\/facebook-y-whatsapp-las-nuevas-plazas-publicas-de-informacion\/#primaryimage"},"image":{"@id":"https:\/\/telocuentavictorhugo.com\/index.php\/2025\/06\/25\/facebook-y-whatsapp-las-nuevas-plazas-publicas-de-informacion\/#primaryimage"},"thumbnailUrl":"https:\/\/telocuentavictorhugo.com\/wp-content\/uploads\/2025\/06\/image-48.png","datePublished":"2025-06-25T04:15:48+00:00","dateModified":"2025-06-25T04:15:49+00:00","breadcrumb":{"@id":"https:\/\/telocuentavictorhugo.com\/index.php\/2025\/06\/25\/facebook-y-whatsapp-las-nuevas-plazas-publicas-de-informacion\/#breadcrumb"},"inLanguage":"es","potentialAction":[{"@type":"ReadAction","target":["https:\/\/telocuentavictorhugo.com\/index.php\/2025\/06\/25\/facebook-y-whatsapp-las-nuevas-plazas-publicas-de-informacion\/"]}]},{"@type":"ImageObject","inLanguage":"es","@id":"https:\/\/telocuentavictorhugo.com\/index.php\/2025\/06\/25\/facebook-y-whatsapp-las-nuevas-plazas-publicas-de-informacion\/#primaryimage","url":"https:\/\/telocuentavictorhugo.com\/wp-content\/uploads\/2025\/06\/image-48.png","contentUrl":"https:\/\/telocuentavictorhugo.com\/wp-content\/uploads\/2025\/06\/image-48.png","width":836,"height":466},{"@type":"BreadcrumbList","@id":"https:\/\/telocuentavictorhugo.com\/index.php\/2025\/06\/25\/facebook-y-whatsapp-las-nuevas-plazas-publicas-de-informacion\/#breadcrumb","itemListElement":[{"@type":"ListItem","position":1,"name":"Portada","item":"https:\/\/telocuentavictorhugo.com\/"},{"@type":"ListItem","position":2,"name":"FACEBOOK Y WHATSAPP. LAS NUEVAS PLAZAS P\u00daBLICAS DE INFORMACI\u00d3N."}]},{"@type":"WebSite","@id":"https:\/\/telocuentavictorhugo.com\/#website","url":"https:\/\/telocuentavictorhugo.com\/","name":"Te lo Cuenta Victor","description":"","publisher":{"@id":"https:\/\/telocuentavictorhugo.com\/#organization"},"potentialAction":[{"@type":"SearchAction","target":{"@type":"EntryPoint","urlTemplate":"https:\/\/telocuentavictorhugo.com\/?s={search_term_string}"},"query-input":{"@type":"PropertyValueSpecification","valueRequired":true,"valueName":"search_term_string"}}],"inLanguage":"es"},{"@type":"Organization","@id":"https:\/\/telocuentavictorhugo.com\/#organization","name":"Te lo Cuenta Victor","url":"https:\/\/telocuentavictorhugo.com\/","logo":{"@type":"ImageObject","inLanguage":"es","@id":"https:\/\/telocuentavictorhugo.com\/#\/schema\/logo\/image\/","url":"https:\/\/telocuentavictorhugo.com\/wp-content\/uploads\/2023\/12\/Logo.png","contentUrl":"https:\/\/telocuentavictorhugo.com\/wp-content\/uploads\/2023\/12\/Logo.png","width":1080,"height":176,"caption":"Te lo Cuenta Victor"},"image":{"@id":"https:\/\/telocuentavictorhugo.com\/#\/schema\/logo\/image\/"}},{"@type":"Person","@id":"https:\/\/telocuentavictorhugo.com\/#\/schema\/person\/a8307d7271ba2849b49b562ad8602f06","name":"telocuentavictorhugo.com","image":{"@type":"ImageObject","inLanguage":"es","@id":"https:\/\/secure.gravatar.com\/avatar\/da212e7b532df19fd2aea5daf46d8c176abfc85521e4b80ed435d7426ef63eb6?s=96&d=mm&r=g","url":"https:\/\/secure.gravatar.com\/avatar\/da212e7b532df19fd2aea5daf46d8c176abfc85521e4b80ed435d7426ef63eb6?s=96&d=mm&r=g","contentUrl":"https:\/\/secure.gravatar.com\/avatar\/da212e7b532df19fd2aea5daf46d8c176abfc85521e4b80ed435d7426ef63eb6?s=96&d=mm&r=g","caption":"telocuentavictorhugo.com"},"sameAs":["http:\/\/telocuentavictorhugo.com"],"url":"https:\/\/telocuentavictorhugo.com\/index.php\/author\/plustvpress-com\/"}]}},"_links":{"self":[{"href":"https:\/\/telocuentavictorhugo.com\/index.php\/wp-json\/wp\/v2\/posts\/8425","targetHints":{"allow":["GET"]}}],"collection":[{"href":"https:\/\/telocuentavictorhugo.com\/index.php\/wp-json\/wp\/v2\/posts"}],"about":[{"href":"https:\/\/telocuentavictorhugo.com\/index.php\/wp-json\/wp\/v2\/types\/post"}],"author":[{"embeddable":true,"href":"https:\/\/telocuentavictorhugo.com\/index.php\/wp-json\/wp\/v2\/users\/1"}],"replies":[{"embeddable":true,"href":"https:\/\/telocuentavictorhugo.com\/index.php\/wp-json\/wp\/v2\/comments?post=8425"}],"version-history":[{"count":1,"href":"https:\/\/telocuentavictorhugo.com\/index.php\/wp-json\/wp\/v2\/posts\/8425\/revisions"}],"predecessor-version":[{"id":8427,"href":"https:\/\/telocuentavictorhugo.com\/index.php\/wp-json\/wp\/v2\/posts\/8425\/revisions\/8427"}],"wp:featuredmedia":[{"embeddable":true,"href":"https:\/\/telocuentavictorhugo.com\/index.php\/wp-json\/wp\/v2\/media\/8426"}],"wp:attachment":[{"href":"https:\/\/telocuentavictorhugo.com\/index.php\/wp-json\/wp\/v2\/media?parent=8425"}],"wp:term":[{"taxonomy":"category","embeddable":true,"href":"https:\/\/telocuentavictorhugo.com\/index.php\/wp-json\/wp\/v2\/categories?post=8425"},{"taxonomy":"post_tag","embeddable":true,"href":"https:\/\/telocuentavictorhugo.com\/index.php\/wp-json\/wp\/v2\/tags?post=8425"}],"curies":[{"name":"wp","href":"https:\/\/api.w.org\/{rel}","templated":true}]}}