{"id":8402,"date":"2025-06-24T00:40:07","date_gmt":"2025-06-24T04:40:07","guid":{"rendered":"https:\/\/telocuentavictorhugo.com\/?p=8402"},"modified":"2025-06-24T00:40:08","modified_gmt":"2025-06-24T04:40:08","slug":"tutistas-y-samuelistas-a-los-golpes-verbales","status":"publish","type":"post","link":"https:\/\/telocuentavictorhugo.com\/index.php\/2025\/06\/24\/tutistas-y-samuelistas-a-los-golpes-verbales\/","title":{"rendered":"TUTISTAS Y SAMUELISTAS, A LOS GOLPES VERBALES"},"content":{"rendered":"\n<p>Ver video aqui\u0301:\u00a0\ud83d\udc49\ud83c\udffb\ud83d\udcf9\u23ef<a href=\"https:\/\/youtu.be\/dgcXNDOPLqI\">https:\/\/youtu.be\/dgcXNDOPLqI<\/a><\/p>\n\n\n\n<p>La campa\u00f1a pol\u00edtica se enciende tras acusaciones entre seguidores del expresidente Evo Morales (\u00abtutistas\u00bb) y del gobernador Luis Fernando Camacho (\u00absamuelistas\u00bb) por los antecedentes penales de familiares de algunos candidatos. Ambos bandos intercambian denuncias, buscando desacreditar al rival en plena contienda electoral.<\/p>\n\n\n\n<p>Fuentes cercanas a los movimientos confirman que el conflicto escal\u00f3 tras revelaciones sobre procesos judiciales contra parientes de figuras clave. Los \u00abtutistas\u00bb acusan al oficialismo de encubrimiento, mientras los \u00absamuelistas\u00bb responden se\u00f1alando supuestos v\u00ednculos con corrupci\u00f3n en gestiones pasadas.<\/p>\n\n\n\n<p>Analistas advierten que estas pol\u00e9micas desv\u00edan el debate de propuestas y profundizan la polarizaci\u00f3n. La Corte Departamental Electoral llam\u00f3 a evitar campa\u00f1as sucias y record\u00f3 que las imputaciones a familiares no implican responsabilidad directa de los candidatos.<\/p>\n\n\n\n<p>El clima tenso anticipa una campa\u00f1a marcada por la confrontaci\u00f3n, en medio de reclamos ciudadanos por un debate transparente y enfocado en soluciones.<\/p>\n\n\n\n<figure class=\"wp-block-image size-large\"><img fetchpriority=\"high\" decoding=\"async\" width=\"1024\" height=\"576\" src=\"https:\/\/telocuentavictorhugo.com\/wp-content\/uploads\/2025\/06\/3.-TODOS-CONTRA-TODOS-1024x576.png\" alt=\"\" class=\"wp-image-8403\" srcset=\"https:\/\/telocuentavictorhugo.com\/wp-content\/uploads\/2025\/06\/3.-TODOS-CONTRA-TODOS-1024x576.png 1024w, https:\/\/telocuentavictorhugo.com\/wp-content\/uploads\/2025\/06\/3.-TODOS-CONTRA-TODOS-300x169.png 300w, https:\/\/telocuentavictorhugo.com\/wp-content\/uploads\/2025\/06\/3.-TODOS-CONTRA-TODOS-768x432.png 768w, https:\/\/telocuentavictorhugo.com\/wp-content\/uploads\/2025\/06\/3.-TODOS-CONTRA-TODOS-1536x864.png 1536w, https:\/\/telocuentavictorhugo.com\/wp-content\/uploads\/2025\/06\/3.-TODOS-CONTRA-TODOS-570x321.png 570w, https:\/\/telocuentavictorhugo.com\/wp-content\/uploads\/2025\/06\/3.-TODOS-CONTRA-TODOS-270x152.png 270w, https:\/\/telocuentavictorhugo.com\/wp-content\/uploads\/2025\/06\/3.-TODOS-CONTRA-TODOS-600x338.png 600w, https:\/\/telocuentavictorhugo.com\/wp-content\/uploads\/2025\/06\/3.-TODOS-CONTRA-TODOS.png 1920w\" sizes=\"(max-width: 1024px) 100vw, 1024px\" \/><\/figure>\n\n\n\n<p>Ver video aqui\u0301:\u00a0\ud83d\udc49\ud83c\udffb\ud83d\udcf9\u23ef<\/p>\n\n\n\n<p><\/p>\n","protected":false},"excerpt":{"rendered":"<p>Tutistas y samuelistas se enfrentan por antecedentes penales de familiares de candidatos. La campa\u00f1a se enrarece con acusaciones cruzadas.<\/p>\n","protected":false},"author":1,"featured_media":8403,"comment_status":"open","ping_status":"open","sticky":false,"template":"","format":"standard","meta":{"_eb_attr":"","footnotes":""},"categories":[111,41],"tags":[],"class_list":["post-8402","post","type-post","status-publish","format-standard","has-post-thumbnail","hentry","category-mi-mascota","category-tu-cuentas-2025"],"yoast_head":"<!-- This site is optimized with the Yoast SEO plugin v27.4 - https:\/\/yoast.com\/product\/yoast-seo-wordpress\/ -->\n<title>TUTISTAS Y SAMUELISTAS, A LOS GOLPES VERBALES - Te lo Cuenta Victor<\/title>\n<meta name=\"robots\" content=\"index, follow, max-snippet:-1, max-image-preview:large, max-video-preview:-1\" \/>\n<link rel=\"canonical\" href=\"https:\/\/telocuentavictorhugo.com\/index.php\/2025\/06\/24\/tutistas-y-samuelistas-a-los-golpes-verbales\/\" \/>\n<meta property=\"og:locale\" content=\"es_ES\" \/>\n<meta property=\"og:type\" content=\"article\" \/>\n<meta property=\"og:title\" content=\"TUTISTAS Y SAMUELISTAS, A LOS GOLPES VERBALES - Te lo Cuenta Victor\" \/>\n<meta property=\"og:description\" content=\"Tutistas y samuelistas se enfrentan por antecedentes penales de familiares de candidatos. La campa\u00f1a se enrarece con acusaciones cruzadas.\" \/>\n<meta property=\"og:url\" content=\"https:\/\/telocuentavictorhugo.com\/index.php\/2025\/06\/24\/tutistas-y-samuelistas-a-los-golpes-verbales\/\" \/>\n<meta property=\"og:site_name\" content=\"Te lo Cuenta Victor\" \/>\n<meta property=\"article:published_time\" content=\"2025-06-24T04:40:07+00:00\" \/>\n<meta property=\"article:modified_time\" content=\"2025-06-24T04:40:08+00:00\" \/>\n<meta property=\"og:image\" content=\"http:\/\/telocuentavictorhugo.com\/wp-content\/uploads\/2025\/06\/3.-TODOS-CONTRA-TODOS.png\" \/>\n\t<meta property=\"og:image:width\" content=\"1920\" \/>\n\t<meta property=\"og:image:height\" content=\"1080\" \/>\n\t<meta property=\"og:image:type\" content=\"image\/png\" \/>\n<meta name=\"author\" content=\"telocuentavictorhugo.com\" \/>\n<meta name=\"twitter:card\" content=\"summary_large_image\" \/>\n<meta name=\"twitter:label1\" content=\"Escrito por\" \/>\n\t<meta name=\"twitter:data1\" content=\"telocuentavictorhugo.com\" \/>\n\t<meta name=\"twitter:label2\" content=\"Tiempo de lectura\" \/>\n\t<meta name=\"twitter:data2\" content=\"2 minutos\" \/>\n<script type=\"application\/ld+json\" class=\"yoast-schema-graph\">{\"@context\":\"https:\\\/\\\/schema.org\",\"@graph\":[{\"@type\":\"Article\",\"@id\":\"https:\\\/\\\/telocuentavictorhugo.com\\\/index.php\\\/2025\\\/06\\\/24\\\/tutistas-y-samuelistas-a-los-golpes-verbales\\\/#article\",\"isPartOf\":{\"@id\":\"https:\\\/\\\/telocuentavictorhugo.com\\\/index.php\\\/2025\\\/06\\\/24\\\/tutistas-y-samuelistas-a-los-golpes-verbales\\\/\"},\"author\":{\"name\":\"telocuentavictorhugo.com\",\"@id\":\"https:\\\/\\\/telocuentavictorhugo.com\\\/#\\\/schema\\\/person\\\/a8307d7271ba2849b49b562ad8602f06\"},\"headline\":\"TUTISTAS Y SAMUELISTAS, A LOS GOLPES VERBALES\",\"datePublished\":\"2025-06-24T04:40:07+00:00\",\"dateModified\":\"2025-06-24T04:40:08+00:00\",\"mainEntityOfPage\":{\"@id\":\"https:\\\/\\\/telocuentavictorhugo.com\\\/index.php\\\/2025\\\/06\\\/24\\\/tutistas-y-samuelistas-a-los-golpes-verbales\\\/\"},\"wordCount\":169,\"commentCount\":0,\"publisher\":{\"@id\":\"https:\\\/\\\/telocuentavictorhugo.com\\\/#organization\"},\"image\":{\"@id\":\"https:\\\/\\\/telocuentavictorhugo.com\\\/index.php\\\/2025\\\/06\\\/24\\\/tutistas-y-samuelistas-a-los-golpes-verbales\\\/#primaryimage\"},\"thumbnailUrl\":\"https:\\\/\\\/telocuentavictorhugo.com\\\/wp-content\\\/uploads\\\/2025\\\/06\\\/3.-TODOS-CONTRA-TODOS.png\",\"articleSection\":[\"Mi Mascota\",\"T\u00fa Cuentas 2025\"],\"inLanguage\":\"es\",\"potentialAction\":[{\"@type\":\"CommentAction\",\"name\":\"Comment\",\"target\":[\"https:\\\/\\\/telocuentavictorhugo.com\\\/index.php\\\/2025\\\/06\\\/24\\\/tutistas-y-samuelistas-a-los-golpes-verbales\\\/#respond\"]}]},{\"@type\":\"WebPage\",\"@id\":\"https:\\\/\\\/telocuentavictorhugo.com\\\/index.php\\\/2025\\\/06\\\/24\\\/tutistas-y-samuelistas-a-los-golpes-verbales\\\/\",\"url\":\"https:\\\/\\\/telocuentavictorhugo.com\\\/index.php\\\/2025\\\/06\\\/24\\\/tutistas-y-samuelistas-a-los-golpes-verbales\\\/\",\"name\":\"TUTISTAS Y SAMUELISTAS, A LOS GOLPES VERBALES - Te lo Cuenta Victor\",\"isPartOf\":{\"@id\":\"https:\\\/\\\/telocuentavictorhugo.com\\\/#website\"},\"primaryImageOfPage\":{\"@id\":\"https:\\\/\\\/telocuentavictorhugo.com\\\/index.php\\\/2025\\\/06\\\/24\\\/tutistas-y-samuelistas-a-los-golpes-verbales\\\/#primaryimage\"},\"image\":{\"@id\":\"https:\\\/\\\/telocuentavictorhugo.com\\\/index.php\\\/2025\\\/06\\\/24\\\/tutistas-y-samuelistas-a-los-golpes-verbales\\\/#primaryimage\"},\"thumbnailUrl\":\"https:\\\/\\\/telocuentavictorhugo.com\\\/wp-content\\\/uploads\\\/2025\\\/06\\\/3.-TODOS-CONTRA-TODOS.png\",\"datePublished\":\"2025-06-24T04:40:07+00:00\",\"dateModified\":\"2025-06-24T04:40:08+00:00\",\"breadcrumb\":{\"@id\":\"https:\\\/\\\/telocuentavictorhugo.com\\\/index.php\\\/2025\\\/06\\\/24\\\/tutistas-y-samuelistas-a-los-golpes-verbales\\\/#breadcrumb\"},\"inLanguage\":\"es\",\"potentialAction\":[{\"@type\":\"ReadAction\",\"target\":[\"https:\\\/\\\/telocuentavictorhugo.com\\\/index.php\\\/2025\\\/06\\\/24\\\/tutistas-y-samuelistas-a-los-golpes-verbales\\\/\"]}]},{\"@type\":\"ImageObject\",\"inLanguage\":\"es\",\"@id\":\"https:\\\/\\\/telocuentavictorhugo.com\\\/index.php\\\/2025\\\/06\\\/24\\\/tutistas-y-samuelistas-a-los-golpes-verbales\\\/#primaryimage\",\"url\":\"https:\\\/\\\/telocuentavictorhugo.com\\\/wp-content\\\/uploads\\\/2025\\\/06\\\/3.-TODOS-CONTRA-TODOS.png\",\"contentUrl\":\"https:\\\/\\\/telocuentavictorhugo.com\\\/wp-content\\\/uploads\\\/2025\\\/06\\\/3.-TODOS-CONTRA-TODOS.png\",\"width\":1920,\"height\":1080},{\"@type\":\"BreadcrumbList\",\"@id\":\"https:\\\/\\\/telocuentavictorhugo.com\\\/index.php\\\/2025\\\/06\\\/24\\\/tutistas-y-samuelistas-a-los-golpes-verbales\\\/#breadcrumb\",\"itemListElement\":[{\"@type\":\"ListItem\",\"position\":1,\"name\":\"Portada\",\"item\":\"https:\\\/\\\/telocuentavictorhugo.com\\\/\"},{\"@type\":\"ListItem\",\"position\":2,\"name\":\"TUTISTAS Y SAMUELISTAS, A LOS GOLPES VERBALES\"}]},{\"@type\":\"WebSite\",\"@id\":\"https:\\\/\\\/telocuentavictorhugo.com\\\/#website\",\"url\":\"https:\\\/\\\/telocuentavictorhugo.com\\\/\",\"name\":\"Te lo Cuenta Victor\",\"description\":\"\",\"publisher\":{\"@id\":\"https:\\\/\\\/telocuentavictorhugo.com\\\/#organization\"},\"potentialAction\":[{\"@type\":\"SearchAction\",\"target\":{\"@type\":\"EntryPoint\",\"urlTemplate\":\"https:\\\/\\\/telocuentavictorhugo.com\\\/?s={search_term_string}\"},\"query-input\":{\"@type\":\"PropertyValueSpecification\",\"valueRequired\":true,\"valueName\":\"search_term_string\"}}],\"inLanguage\":\"es\"},{\"@type\":\"Organization\",\"@id\":\"https:\\\/\\\/telocuentavictorhugo.com\\\/#organization\",\"name\":\"Te lo Cuenta Victor\",\"url\":\"https:\\\/\\\/telocuentavictorhugo.com\\\/\",\"logo\":{\"@type\":\"ImageObject\",\"inLanguage\":\"es\",\"@id\":\"https:\\\/\\\/telocuentavictorhugo.com\\\/#\\\/schema\\\/logo\\\/image\\\/\",\"url\":\"https:\\\/\\\/telocuentavictorhugo.com\\\/wp-content\\\/uploads\\\/2023\\\/12\\\/Logo.png\",\"contentUrl\":\"https:\\\/\\\/telocuentavictorhugo.com\\\/wp-content\\\/uploads\\\/2023\\\/12\\\/Logo.png\",\"width\":1080,\"height\":176,\"caption\":\"Te lo Cuenta Victor\"},\"image\":{\"@id\":\"https:\\\/\\\/telocuentavictorhugo.com\\\/#\\\/schema\\\/logo\\\/image\\\/\"}},{\"@type\":\"Person\",\"@id\":\"https:\\\/\\\/telocuentavictorhugo.com\\\/#\\\/schema\\\/person\\\/a8307d7271ba2849b49b562ad8602f06\",\"name\":\"telocuentavictorhugo.com\",\"image\":{\"@type\":\"ImageObject\",\"inLanguage\":\"es\",\"@id\":\"https:\\\/\\\/secure.gravatar.com\\\/avatar\\\/da212e7b532df19fd2aea5daf46d8c176abfc85521e4b80ed435d7426ef63eb6?s=96&d=mm&r=g\",\"url\":\"https:\\\/\\\/secure.gravatar.com\\\/avatar\\\/da212e7b532df19fd2aea5daf46d8c176abfc85521e4b80ed435d7426ef63eb6?s=96&d=mm&r=g\",\"contentUrl\":\"https:\\\/\\\/secure.gravatar.com\\\/avatar\\\/da212e7b532df19fd2aea5daf46d8c176abfc85521e4b80ed435d7426ef63eb6?s=96&d=mm&r=g\",\"caption\":\"telocuentavictorhugo.com\"},\"sameAs\":[\"http:\\\/\\\/telocuentavictorhugo.com\"],\"url\":\"https:\\\/\\\/telocuentavictorhugo.com\\\/index.php\\\/author\\\/plustvpress-com\\\/\"}]}<\/script>\n<!-- \/ Yoast SEO plugin. -->","yoast_head_json":{"title":"TUTISTAS Y SAMUELISTAS, A LOS GOLPES VERBALES - Te lo Cuenta Victor","robots":{"index":"index","follow":"follow","max-snippet":"max-snippet:-1","max-image-preview":"max-image-preview:large","max-video-preview":"max-video-preview:-1"},"canonical":"https:\/\/telocuentavictorhugo.com\/index.php\/2025\/06\/24\/tutistas-y-samuelistas-a-los-golpes-verbales\/","og_locale":"es_ES","og_type":"article","og_title":"TUTISTAS Y SAMUELISTAS, A LOS GOLPES VERBALES - Te lo Cuenta Victor","og_description":"Tutistas y samuelistas se enfrentan por antecedentes penales de familiares de candidatos. La campa\u00f1a se enrarece con acusaciones cruzadas.","og_url":"https:\/\/telocuentavictorhugo.com\/index.php\/2025\/06\/24\/tutistas-y-samuelistas-a-los-golpes-verbales\/","og_site_name":"Te lo Cuenta Victor","article_published_time":"2025-06-24T04:40:07+00:00","article_modified_time":"2025-06-24T04:40:08+00:00","og_image":[{"width":1920,"height":1080,"url":"http:\/\/telocuentavictorhugo.com\/wp-content\/uploads\/2025\/06\/3.-TODOS-CONTRA-TODOS.png","type":"image\/png"}],"author":"telocuentavictorhugo.com","twitter_card":"summary_large_image","twitter_misc":{"Escrito por":"telocuentavictorhugo.com","Tiempo de lectura":"2 minutos"},"schema":{"@context":"https:\/\/schema.org","@graph":[{"@type":"Article","@id":"https:\/\/telocuentavictorhugo.com\/index.php\/2025\/06\/24\/tutistas-y-samuelistas-a-los-golpes-verbales\/#article","isPartOf":{"@id":"https:\/\/telocuentavictorhugo.com\/index.php\/2025\/06\/24\/tutistas-y-samuelistas-a-los-golpes-verbales\/"},"author":{"name":"telocuentavictorhugo.com","@id":"https:\/\/telocuentavictorhugo.com\/#\/schema\/person\/a8307d7271ba2849b49b562ad8602f06"},"headline":"TUTISTAS Y SAMUELISTAS, A LOS GOLPES VERBALES","datePublished":"2025-06-24T04:40:07+00:00","dateModified":"2025-06-24T04:40:08+00:00","mainEntityOfPage":{"@id":"https:\/\/telocuentavictorhugo.com\/index.php\/2025\/06\/24\/tutistas-y-samuelistas-a-los-golpes-verbales\/"},"wordCount":169,"commentCount":0,"publisher":{"@id":"https:\/\/telocuentavictorhugo.com\/#organization"},"image":{"@id":"https:\/\/telocuentavictorhugo.com\/index.php\/2025\/06\/24\/tutistas-y-samuelistas-a-los-golpes-verbales\/#primaryimage"},"thumbnailUrl":"https:\/\/telocuentavictorhugo.com\/wp-content\/uploads\/2025\/06\/3.-TODOS-CONTRA-TODOS.png","articleSection":["Mi Mascota","T\u00fa Cuentas 2025"],"inLanguage":"es","potentialAction":[{"@type":"CommentAction","name":"Comment","target":["https:\/\/telocuentavictorhugo.com\/index.php\/2025\/06\/24\/tutistas-y-samuelistas-a-los-golpes-verbales\/#respond"]}]},{"@type":"WebPage","@id":"https:\/\/telocuentavictorhugo.com\/index.php\/2025\/06\/24\/tutistas-y-samuelistas-a-los-golpes-verbales\/","url":"https:\/\/telocuentavictorhugo.com\/index.php\/2025\/06\/24\/tutistas-y-samuelistas-a-los-golpes-verbales\/","name":"TUTISTAS Y SAMUELISTAS, A LOS GOLPES VERBALES - Te lo Cuenta Victor","isPartOf":{"@id":"https:\/\/telocuentavictorhugo.com\/#website"},"primaryImageOfPage":{"@id":"https:\/\/telocuentavictorhugo.com\/index.php\/2025\/06\/24\/tutistas-y-samuelistas-a-los-golpes-verbales\/#primaryimage"},"image":{"@id":"https:\/\/telocuentavictorhugo.com\/index.php\/2025\/06\/24\/tutistas-y-samuelistas-a-los-golpes-verbales\/#primaryimage"},"thumbnailUrl":"https:\/\/telocuentavictorhugo.com\/wp-content\/uploads\/2025\/06\/3.-TODOS-CONTRA-TODOS.png","datePublished":"2025-06-24T04:40:07+00:00","dateModified":"2025-06-24T04:40:08+00:00","breadcrumb":{"@id":"https:\/\/telocuentavictorhugo.com\/index.php\/2025\/06\/24\/tutistas-y-samuelistas-a-los-golpes-verbales\/#breadcrumb"},"inLanguage":"es","potentialAction":[{"@type":"ReadAction","target":["https:\/\/telocuentavictorhugo.com\/index.php\/2025\/06\/24\/tutistas-y-samuelistas-a-los-golpes-verbales\/"]}]},{"@type":"ImageObject","inLanguage":"es","@id":"https:\/\/telocuentavictorhugo.com\/index.php\/2025\/06\/24\/tutistas-y-samuelistas-a-los-golpes-verbales\/#primaryimage","url":"https:\/\/telocuentavictorhugo.com\/wp-content\/uploads\/2025\/06\/3.-TODOS-CONTRA-TODOS.png","contentUrl":"https:\/\/telocuentavictorhugo.com\/wp-content\/uploads\/2025\/06\/3.-TODOS-CONTRA-TODOS.png","width":1920,"height":1080},{"@type":"BreadcrumbList","@id":"https:\/\/telocuentavictorhugo.com\/index.php\/2025\/06\/24\/tutistas-y-samuelistas-a-los-golpes-verbales\/#breadcrumb","itemListElement":[{"@type":"ListItem","position":1,"name":"Portada","item":"https:\/\/telocuentavictorhugo.com\/"},{"@type":"ListItem","position":2,"name":"TUTISTAS Y SAMUELISTAS, A LOS GOLPES VERBALES"}]},{"@type":"WebSite","@id":"https:\/\/telocuentavictorhugo.com\/#website","url":"https:\/\/telocuentavictorhugo.com\/","name":"Te lo Cuenta Victor","description":"","publisher":{"@id":"https:\/\/telocuentavictorhugo.com\/#organization"},"potentialAction":[{"@type":"SearchAction","target":{"@type":"EntryPoint","urlTemplate":"https:\/\/telocuentavictorhugo.com\/?s={search_term_string}"},"query-input":{"@type":"PropertyValueSpecification","valueRequired":true,"valueName":"search_term_string"}}],"inLanguage":"es"},{"@type":"Organization","@id":"https:\/\/telocuentavictorhugo.com\/#organization","name":"Te lo Cuenta Victor","url":"https:\/\/telocuentavictorhugo.com\/","logo":{"@type":"ImageObject","inLanguage":"es","@id":"https:\/\/telocuentavictorhugo.com\/#\/schema\/logo\/image\/","url":"https:\/\/telocuentavictorhugo.com\/wp-content\/uploads\/2023\/12\/Logo.png","contentUrl":"https:\/\/telocuentavictorhugo.com\/wp-content\/uploads\/2023\/12\/Logo.png","width":1080,"height":176,"caption":"Te lo Cuenta Victor"},"image":{"@id":"https:\/\/telocuentavictorhugo.com\/#\/schema\/logo\/image\/"}},{"@type":"Person","@id":"https:\/\/telocuentavictorhugo.com\/#\/schema\/person\/a8307d7271ba2849b49b562ad8602f06","name":"telocuentavictorhugo.com","image":{"@type":"ImageObject","inLanguage":"es","@id":"https:\/\/secure.gravatar.com\/avatar\/da212e7b532df19fd2aea5daf46d8c176abfc85521e4b80ed435d7426ef63eb6?s=96&d=mm&r=g","url":"https:\/\/secure.gravatar.com\/avatar\/da212e7b532df19fd2aea5daf46d8c176abfc85521e4b80ed435d7426ef63eb6?s=96&d=mm&r=g","contentUrl":"https:\/\/secure.gravatar.com\/avatar\/da212e7b532df19fd2aea5daf46d8c176abfc85521e4b80ed435d7426ef63eb6?s=96&d=mm&r=g","caption":"telocuentavictorhugo.com"},"sameAs":["http:\/\/telocuentavictorhugo.com"],"url":"https:\/\/telocuentavictorhugo.com\/index.php\/author\/plustvpress-com\/"}]}},"_links":{"self":[{"href":"https:\/\/telocuentavictorhugo.com\/index.php\/wp-json\/wp\/v2\/posts\/8402","targetHints":{"allow":["GET"]}}],"collection":[{"href":"https:\/\/telocuentavictorhugo.com\/index.php\/wp-json\/wp\/v2\/posts"}],"about":[{"href":"https:\/\/telocuentavictorhugo.com\/index.php\/wp-json\/wp\/v2\/types\/post"}],"author":[{"embeddable":true,"href":"https:\/\/telocuentavictorhugo.com\/index.php\/wp-json\/wp\/v2\/users\/1"}],"replies":[{"embeddable":true,"href":"https:\/\/telocuentavictorhugo.com\/index.php\/wp-json\/wp\/v2\/comments?post=8402"}],"version-history":[{"count":1,"href":"https:\/\/telocuentavictorhugo.com\/index.php\/wp-json\/wp\/v2\/posts\/8402\/revisions"}],"predecessor-version":[{"id":8404,"href":"https:\/\/telocuentavictorhugo.com\/index.php\/wp-json\/wp\/v2\/posts\/8402\/revisions\/8404"}],"wp:featuredmedia":[{"embeddable":true,"href":"https:\/\/telocuentavictorhugo.com\/index.php\/wp-json\/wp\/v2\/media\/8403"}],"wp:attachment":[{"href":"https:\/\/telocuentavictorhugo.com\/index.php\/wp-json\/wp\/v2\/media?parent=8402"}],"wp:term":[{"taxonomy":"category","embeddable":true,"href":"https:\/\/telocuentavictorhugo.com\/index.php\/wp-json\/wp\/v2\/categories?post=8402"},{"taxonomy":"post_tag","embeddable":true,"href":"https:\/\/telocuentavictorhugo.com\/index.php\/wp-json\/wp\/v2\/tags?post=8402"}],"curies":[{"name":"wp","href":"https:\/\/api.w.org\/{rel}","templated":true}]}}