{"id":8323,"date":"2025-06-13T23:07:40","date_gmt":"2025-06-14T03:07:40","guid":{"rendered":"https:\/\/telocuentavictorhugo.com\/?p=8323"},"modified":"2025-06-13T23:07:41","modified_gmt":"2025-06-14T03:07:41","slug":"un-hogar-para-un-heroe-de-la-calle","status":"publish","type":"post","link":"https:\/\/telocuentavictorhugo.com\/index.php\/2025\/06\/13\/un-hogar-para-un-heroe-de-la-calle\/","title":{"rendered":"UN HOGAR PARA UN H\u00c9ROE DE LA CALLE"},"content":{"rendered":"\n<p>Un perrito en situaci\u00f3n de calle, que ha conmovido a cientos de personas en redes sociales, se encuentra en busca de un hogar definitivo. El animal, que ha sido visto en distintos puntos de la ciudad, ha llamado la atenci\u00f3n no solo por su estado de abandono, sino porque le falta una patita, se\u00f1al evidente de que ha sufrido en las calles.<\/p>\n\n\n\n<p>Vecinos que han compartido su historia a trav\u00e9s de plataformas como TikTok y Facebook destacan su nobleza y resistencia, pese a las adversidades que ha enfrentado. El perrito se muestra tranquilo, amigable y con gran necesidad de afecto.<\/p>\n\n\n\n<p>Actualmente, una persona que conoce su ubicaci\u00f3n est\u00e1 colaborando para que pueda ser rescatado y atendido. Se espera que alguna familia compasiva le d\u00e9 la oportunidad de pasar sus \u00faltimos a\u00f1os en un hogar seguro, con cari\u00f1o y cuidados.<\/p>\n\n\n\n<p>Interesados en ayudar o brindarle un hogar pueden comunicarse al n\u00famero de referencia: <strong>75239593<\/strong>.<\/p>\n\n\n\n<figure class=\"wp-block-image size-full\"><img fetchpriority=\"high\" decoding=\"async\" width=\"568\" height=\"607\" src=\"https:\/\/telocuentavictorhugo.com\/wp-content\/uploads\/2025\/06\/image-27.png\" alt=\"\" class=\"wp-image-8324\" srcset=\"https:\/\/telocuentavictorhugo.com\/wp-content\/uploads\/2025\/06\/image-27.png 568w, https:\/\/telocuentavictorhugo.com\/wp-content\/uploads\/2025\/06\/image-27-281x300.png 281w, https:\/\/telocuentavictorhugo.com\/wp-content\/uploads\/2025\/06\/image-27-309x330.png 309w, https:\/\/telocuentavictorhugo.com\/wp-content\/uploads\/2025\/06\/image-27-168x180.png 168w\" sizes=\"(max-width: 568px) 100vw, 568px\" \/><\/figure>\n","protected":false},"excerpt":{"rendered":"<p>Se busca hogar para un perrito callejero con una sola patita. Ha sufrido mucho y necesita cari\u00f1o. Contactar al 75239593 para darle una oportunidad en sus \u00faltimos a\u00f1os. \u00a1Gracias!<\/p>\n","protected":false},"author":1,"featured_media":8324,"comment_status":"open","ping_status":"open","sticky":false,"template":"","format":"standard","meta":{"_eb_attr":"","footnotes":""},"categories":[44,54],"tags":[],"class_list":["post-8323","post","type-post","status-publish","format-standard","has-post-thumbnail","hentry","category-sociedad","category-vida-animal"],"yoast_head":"<!-- This site is optimized with the Yoast SEO plugin v27.4 - https:\/\/yoast.com\/product\/yoast-seo-wordpress\/ -->\n<title>UN HOGAR PARA UN H\u00c9ROE DE LA CALLE - Te lo Cuenta Victor<\/title>\n<meta name=\"robots\" content=\"index, follow, max-snippet:-1, max-image-preview:large, max-video-preview:-1\" \/>\n<link rel=\"canonical\" href=\"https:\/\/telocuentavictorhugo.com\/index.php\/2025\/06\/13\/un-hogar-para-un-heroe-de-la-calle\/\" \/>\n<meta property=\"og:locale\" content=\"es_ES\" \/>\n<meta property=\"og:type\" content=\"article\" \/>\n<meta property=\"og:title\" content=\"UN HOGAR PARA UN H\u00c9ROE DE LA CALLE - Te lo Cuenta Victor\" \/>\n<meta property=\"og:description\" content=\"Se busca hogar para un perrito callejero con una sola patita. Ha sufrido mucho y necesita cari\u00f1o. Contactar al 75239593 para darle una oportunidad en sus \u00faltimos a\u00f1os. \u00a1Gracias!\" \/>\n<meta property=\"og:url\" content=\"https:\/\/telocuentavictorhugo.com\/index.php\/2025\/06\/13\/un-hogar-para-un-heroe-de-la-calle\/\" \/>\n<meta property=\"og:site_name\" content=\"Te lo Cuenta Victor\" \/>\n<meta property=\"article:published_time\" content=\"2025-06-14T03:07:40+00:00\" \/>\n<meta property=\"article:modified_time\" content=\"2025-06-14T03:07:41+00:00\" \/>\n<meta property=\"og:image\" content=\"http:\/\/telocuentavictorhugo.com\/wp-content\/uploads\/2025\/06\/image-27.png\" \/>\n\t<meta property=\"og:image:width\" content=\"568\" \/>\n\t<meta property=\"og:image:height\" content=\"607\" \/>\n\t<meta property=\"og:image:type\" content=\"image\/png\" \/>\n<meta name=\"author\" content=\"telocuentavictorhugo.com\" \/>\n<meta name=\"twitter:card\" content=\"summary_large_image\" \/>\n<meta name=\"twitter:label1\" content=\"Escrito por\" \/>\n\t<meta name=\"twitter:data1\" content=\"telocuentavictorhugo.com\" \/>\n\t<meta name=\"twitter:label2\" content=\"Tiempo de lectura\" \/>\n\t<meta name=\"twitter:data2\" content=\"2 minutos\" \/>\n<script type=\"application\/ld+json\" class=\"yoast-schema-graph\">{\"@context\":\"https:\\\/\\\/schema.org\",\"@graph\":[{\"@type\":\"Article\",\"@id\":\"https:\\\/\\\/telocuentavictorhugo.com\\\/index.php\\\/2025\\\/06\\\/13\\\/un-hogar-para-un-heroe-de-la-calle\\\/#article\",\"isPartOf\":{\"@id\":\"https:\\\/\\\/telocuentavictorhugo.com\\\/index.php\\\/2025\\\/06\\\/13\\\/un-hogar-para-un-heroe-de-la-calle\\\/\"},\"author\":{\"name\":\"telocuentavictorhugo.com\",\"@id\":\"https:\\\/\\\/telocuentavictorhugo.com\\\/#\\\/schema\\\/person\\\/a8307d7271ba2849b49b562ad8602f06\"},\"headline\":\"UN HOGAR PARA UN H\u00c9ROE DE LA CALLE\",\"datePublished\":\"2025-06-14T03:07:40+00:00\",\"dateModified\":\"2025-06-14T03:07:41+00:00\",\"mainEntityOfPage\":{\"@id\":\"https:\\\/\\\/telocuentavictorhugo.com\\\/index.php\\\/2025\\\/06\\\/13\\\/un-hogar-para-un-heroe-de-la-calle\\\/\"},\"wordCount\":169,\"commentCount\":0,\"publisher\":{\"@id\":\"https:\\\/\\\/telocuentavictorhugo.com\\\/#organization\"},\"image\":{\"@id\":\"https:\\\/\\\/telocuentavictorhugo.com\\\/index.php\\\/2025\\\/06\\\/13\\\/un-hogar-para-un-heroe-de-la-calle\\\/#primaryimage\"},\"thumbnailUrl\":\"https:\\\/\\\/telocuentavictorhugo.com\\\/wp-content\\\/uploads\\\/2025\\\/06\\\/image-27.png\",\"articleSection\":[\"Sociedad\",\"Vida Animal\"],\"inLanguage\":\"es\",\"potentialAction\":[{\"@type\":\"CommentAction\",\"name\":\"Comment\",\"target\":[\"https:\\\/\\\/telocuentavictorhugo.com\\\/index.php\\\/2025\\\/06\\\/13\\\/un-hogar-para-un-heroe-de-la-calle\\\/#respond\"]}]},{\"@type\":\"WebPage\",\"@id\":\"https:\\\/\\\/telocuentavictorhugo.com\\\/index.php\\\/2025\\\/06\\\/13\\\/un-hogar-para-un-heroe-de-la-calle\\\/\",\"url\":\"https:\\\/\\\/telocuentavictorhugo.com\\\/index.php\\\/2025\\\/06\\\/13\\\/un-hogar-para-un-heroe-de-la-calle\\\/\",\"name\":\"UN HOGAR PARA UN H\u00c9ROE DE LA CALLE - Te lo Cuenta Victor\",\"isPartOf\":{\"@id\":\"https:\\\/\\\/telocuentavictorhugo.com\\\/#website\"},\"primaryImageOfPage\":{\"@id\":\"https:\\\/\\\/telocuentavictorhugo.com\\\/index.php\\\/2025\\\/06\\\/13\\\/un-hogar-para-un-heroe-de-la-calle\\\/#primaryimage\"},\"image\":{\"@id\":\"https:\\\/\\\/telocuentavictorhugo.com\\\/index.php\\\/2025\\\/06\\\/13\\\/un-hogar-para-un-heroe-de-la-calle\\\/#primaryimage\"},\"thumbnailUrl\":\"https:\\\/\\\/telocuentavictorhugo.com\\\/wp-content\\\/uploads\\\/2025\\\/06\\\/image-27.png\",\"datePublished\":\"2025-06-14T03:07:40+00:00\",\"dateModified\":\"2025-06-14T03:07:41+00:00\",\"breadcrumb\":{\"@id\":\"https:\\\/\\\/telocuentavictorhugo.com\\\/index.php\\\/2025\\\/06\\\/13\\\/un-hogar-para-un-heroe-de-la-calle\\\/#breadcrumb\"},\"inLanguage\":\"es\",\"potentialAction\":[{\"@type\":\"ReadAction\",\"target\":[\"https:\\\/\\\/telocuentavictorhugo.com\\\/index.php\\\/2025\\\/06\\\/13\\\/un-hogar-para-un-heroe-de-la-calle\\\/\"]}]},{\"@type\":\"ImageObject\",\"inLanguage\":\"es\",\"@id\":\"https:\\\/\\\/telocuentavictorhugo.com\\\/index.php\\\/2025\\\/06\\\/13\\\/un-hogar-para-un-heroe-de-la-calle\\\/#primaryimage\",\"url\":\"https:\\\/\\\/telocuentavictorhugo.com\\\/wp-content\\\/uploads\\\/2025\\\/06\\\/image-27.png\",\"contentUrl\":\"https:\\\/\\\/telocuentavictorhugo.com\\\/wp-content\\\/uploads\\\/2025\\\/06\\\/image-27.png\",\"width\":568,\"height\":607},{\"@type\":\"BreadcrumbList\",\"@id\":\"https:\\\/\\\/telocuentavictorhugo.com\\\/index.php\\\/2025\\\/06\\\/13\\\/un-hogar-para-un-heroe-de-la-calle\\\/#breadcrumb\",\"itemListElement\":[{\"@type\":\"ListItem\",\"position\":1,\"name\":\"Portada\",\"item\":\"https:\\\/\\\/telocuentavictorhugo.com\\\/\"},{\"@type\":\"ListItem\",\"position\":2,\"name\":\"UN HOGAR PARA UN H\u00c9ROE DE LA CALLE\"}]},{\"@type\":\"WebSite\",\"@id\":\"https:\\\/\\\/telocuentavictorhugo.com\\\/#website\",\"url\":\"https:\\\/\\\/telocuentavictorhugo.com\\\/\",\"name\":\"Te lo Cuenta Victor\",\"description\":\"\",\"publisher\":{\"@id\":\"https:\\\/\\\/telocuentavictorhugo.com\\\/#organization\"},\"potentialAction\":[{\"@type\":\"SearchAction\",\"target\":{\"@type\":\"EntryPoint\",\"urlTemplate\":\"https:\\\/\\\/telocuentavictorhugo.com\\\/?s={search_term_string}\"},\"query-input\":{\"@type\":\"PropertyValueSpecification\",\"valueRequired\":true,\"valueName\":\"search_term_string\"}}],\"inLanguage\":\"es\"},{\"@type\":\"Organization\",\"@id\":\"https:\\\/\\\/telocuentavictorhugo.com\\\/#organization\",\"name\":\"Te lo Cuenta Victor\",\"url\":\"https:\\\/\\\/telocuentavictorhugo.com\\\/\",\"logo\":{\"@type\":\"ImageObject\",\"inLanguage\":\"es\",\"@id\":\"https:\\\/\\\/telocuentavictorhugo.com\\\/#\\\/schema\\\/logo\\\/image\\\/\",\"url\":\"https:\\\/\\\/telocuentavictorhugo.com\\\/wp-content\\\/uploads\\\/2023\\\/12\\\/Logo.png\",\"contentUrl\":\"https:\\\/\\\/telocuentavictorhugo.com\\\/wp-content\\\/uploads\\\/2023\\\/12\\\/Logo.png\",\"width\":1080,\"height\":176,\"caption\":\"Te lo Cuenta Victor\"},\"image\":{\"@id\":\"https:\\\/\\\/telocuentavictorhugo.com\\\/#\\\/schema\\\/logo\\\/image\\\/\"}},{\"@type\":\"Person\",\"@id\":\"https:\\\/\\\/telocuentavictorhugo.com\\\/#\\\/schema\\\/person\\\/a8307d7271ba2849b49b562ad8602f06\",\"name\":\"telocuentavictorhugo.com\",\"image\":{\"@type\":\"ImageObject\",\"inLanguage\":\"es\",\"@id\":\"https:\\\/\\\/secure.gravatar.com\\\/avatar\\\/da212e7b532df19fd2aea5daf46d8c176abfc85521e4b80ed435d7426ef63eb6?s=96&d=mm&r=g\",\"url\":\"https:\\\/\\\/secure.gravatar.com\\\/avatar\\\/da212e7b532df19fd2aea5daf46d8c176abfc85521e4b80ed435d7426ef63eb6?s=96&d=mm&r=g\",\"contentUrl\":\"https:\\\/\\\/secure.gravatar.com\\\/avatar\\\/da212e7b532df19fd2aea5daf46d8c176abfc85521e4b80ed435d7426ef63eb6?s=96&d=mm&r=g\",\"caption\":\"telocuentavictorhugo.com\"},\"sameAs\":[\"http:\\\/\\\/telocuentavictorhugo.com\"],\"url\":\"https:\\\/\\\/telocuentavictorhugo.com\\\/index.php\\\/author\\\/plustvpress-com\\\/\"}]}<\/script>\n<!-- \/ Yoast SEO plugin. -->","yoast_head_json":{"title":"UN HOGAR PARA UN H\u00c9ROE DE LA CALLE - Te lo Cuenta Victor","robots":{"index":"index","follow":"follow","max-snippet":"max-snippet:-1","max-image-preview":"max-image-preview:large","max-video-preview":"max-video-preview:-1"},"canonical":"https:\/\/telocuentavictorhugo.com\/index.php\/2025\/06\/13\/un-hogar-para-un-heroe-de-la-calle\/","og_locale":"es_ES","og_type":"article","og_title":"UN HOGAR PARA UN H\u00c9ROE DE LA CALLE - Te lo Cuenta Victor","og_description":"Se busca hogar para un perrito callejero con una sola patita. Ha sufrido mucho y necesita cari\u00f1o. Contactar al 75239593 para darle una oportunidad en sus \u00faltimos a\u00f1os. \u00a1Gracias!","og_url":"https:\/\/telocuentavictorhugo.com\/index.php\/2025\/06\/13\/un-hogar-para-un-heroe-de-la-calle\/","og_site_name":"Te lo Cuenta Victor","article_published_time":"2025-06-14T03:07:40+00:00","article_modified_time":"2025-06-14T03:07:41+00:00","og_image":[{"width":568,"height":607,"url":"http:\/\/telocuentavictorhugo.com\/wp-content\/uploads\/2025\/06\/image-27.png","type":"image\/png"}],"author":"telocuentavictorhugo.com","twitter_card":"summary_large_image","twitter_misc":{"Escrito por":"telocuentavictorhugo.com","Tiempo de lectura":"2 minutos"},"schema":{"@context":"https:\/\/schema.org","@graph":[{"@type":"Article","@id":"https:\/\/telocuentavictorhugo.com\/index.php\/2025\/06\/13\/un-hogar-para-un-heroe-de-la-calle\/#article","isPartOf":{"@id":"https:\/\/telocuentavictorhugo.com\/index.php\/2025\/06\/13\/un-hogar-para-un-heroe-de-la-calle\/"},"author":{"name":"telocuentavictorhugo.com","@id":"https:\/\/telocuentavictorhugo.com\/#\/schema\/person\/a8307d7271ba2849b49b562ad8602f06"},"headline":"UN HOGAR PARA UN H\u00c9ROE DE LA CALLE","datePublished":"2025-06-14T03:07:40+00:00","dateModified":"2025-06-14T03:07:41+00:00","mainEntityOfPage":{"@id":"https:\/\/telocuentavictorhugo.com\/index.php\/2025\/06\/13\/un-hogar-para-un-heroe-de-la-calle\/"},"wordCount":169,"commentCount":0,"publisher":{"@id":"https:\/\/telocuentavictorhugo.com\/#organization"},"image":{"@id":"https:\/\/telocuentavictorhugo.com\/index.php\/2025\/06\/13\/un-hogar-para-un-heroe-de-la-calle\/#primaryimage"},"thumbnailUrl":"https:\/\/telocuentavictorhugo.com\/wp-content\/uploads\/2025\/06\/image-27.png","articleSection":["Sociedad","Vida Animal"],"inLanguage":"es","potentialAction":[{"@type":"CommentAction","name":"Comment","target":["https:\/\/telocuentavictorhugo.com\/index.php\/2025\/06\/13\/un-hogar-para-un-heroe-de-la-calle\/#respond"]}]},{"@type":"WebPage","@id":"https:\/\/telocuentavictorhugo.com\/index.php\/2025\/06\/13\/un-hogar-para-un-heroe-de-la-calle\/","url":"https:\/\/telocuentavictorhugo.com\/index.php\/2025\/06\/13\/un-hogar-para-un-heroe-de-la-calle\/","name":"UN HOGAR PARA UN H\u00c9ROE DE LA CALLE - Te lo Cuenta Victor","isPartOf":{"@id":"https:\/\/telocuentavictorhugo.com\/#website"},"primaryImageOfPage":{"@id":"https:\/\/telocuentavictorhugo.com\/index.php\/2025\/06\/13\/un-hogar-para-un-heroe-de-la-calle\/#primaryimage"},"image":{"@id":"https:\/\/telocuentavictorhugo.com\/index.php\/2025\/06\/13\/un-hogar-para-un-heroe-de-la-calle\/#primaryimage"},"thumbnailUrl":"https:\/\/telocuentavictorhugo.com\/wp-content\/uploads\/2025\/06\/image-27.png","datePublished":"2025-06-14T03:07:40+00:00","dateModified":"2025-06-14T03:07:41+00:00","breadcrumb":{"@id":"https:\/\/telocuentavictorhugo.com\/index.php\/2025\/06\/13\/un-hogar-para-un-heroe-de-la-calle\/#breadcrumb"},"inLanguage":"es","potentialAction":[{"@type":"ReadAction","target":["https:\/\/telocuentavictorhugo.com\/index.php\/2025\/06\/13\/un-hogar-para-un-heroe-de-la-calle\/"]}]},{"@type":"ImageObject","inLanguage":"es","@id":"https:\/\/telocuentavictorhugo.com\/index.php\/2025\/06\/13\/un-hogar-para-un-heroe-de-la-calle\/#primaryimage","url":"https:\/\/telocuentavictorhugo.com\/wp-content\/uploads\/2025\/06\/image-27.png","contentUrl":"https:\/\/telocuentavictorhugo.com\/wp-content\/uploads\/2025\/06\/image-27.png","width":568,"height":607},{"@type":"BreadcrumbList","@id":"https:\/\/telocuentavictorhugo.com\/index.php\/2025\/06\/13\/un-hogar-para-un-heroe-de-la-calle\/#breadcrumb","itemListElement":[{"@type":"ListItem","position":1,"name":"Portada","item":"https:\/\/telocuentavictorhugo.com\/"},{"@type":"ListItem","position":2,"name":"UN HOGAR PARA UN H\u00c9ROE DE LA CALLE"}]},{"@type":"WebSite","@id":"https:\/\/telocuentavictorhugo.com\/#website","url":"https:\/\/telocuentavictorhugo.com\/","name":"Te lo Cuenta Victor","description":"","publisher":{"@id":"https:\/\/telocuentavictorhugo.com\/#organization"},"potentialAction":[{"@type":"SearchAction","target":{"@type":"EntryPoint","urlTemplate":"https:\/\/telocuentavictorhugo.com\/?s={search_term_string}"},"query-input":{"@type":"PropertyValueSpecification","valueRequired":true,"valueName":"search_term_string"}}],"inLanguage":"es"},{"@type":"Organization","@id":"https:\/\/telocuentavictorhugo.com\/#organization","name":"Te lo Cuenta Victor","url":"https:\/\/telocuentavictorhugo.com\/","logo":{"@type":"ImageObject","inLanguage":"es","@id":"https:\/\/telocuentavictorhugo.com\/#\/schema\/logo\/image\/","url":"https:\/\/telocuentavictorhugo.com\/wp-content\/uploads\/2023\/12\/Logo.png","contentUrl":"https:\/\/telocuentavictorhugo.com\/wp-content\/uploads\/2023\/12\/Logo.png","width":1080,"height":176,"caption":"Te lo Cuenta Victor"},"image":{"@id":"https:\/\/telocuentavictorhugo.com\/#\/schema\/logo\/image\/"}},{"@type":"Person","@id":"https:\/\/telocuentavictorhugo.com\/#\/schema\/person\/a8307d7271ba2849b49b562ad8602f06","name":"telocuentavictorhugo.com","image":{"@type":"ImageObject","inLanguage":"es","@id":"https:\/\/secure.gravatar.com\/avatar\/da212e7b532df19fd2aea5daf46d8c176abfc85521e4b80ed435d7426ef63eb6?s=96&d=mm&r=g","url":"https:\/\/secure.gravatar.com\/avatar\/da212e7b532df19fd2aea5daf46d8c176abfc85521e4b80ed435d7426ef63eb6?s=96&d=mm&r=g","contentUrl":"https:\/\/secure.gravatar.com\/avatar\/da212e7b532df19fd2aea5daf46d8c176abfc85521e4b80ed435d7426ef63eb6?s=96&d=mm&r=g","caption":"telocuentavictorhugo.com"},"sameAs":["http:\/\/telocuentavictorhugo.com"],"url":"https:\/\/telocuentavictorhugo.com\/index.php\/author\/plustvpress-com\/"}]}},"_links":{"self":[{"href":"https:\/\/telocuentavictorhugo.com\/index.php\/wp-json\/wp\/v2\/posts\/8323","targetHints":{"allow":["GET"]}}],"collection":[{"href":"https:\/\/telocuentavictorhugo.com\/index.php\/wp-json\/wp\/v2\/posts"}],"about":[{"href":"https:\/\/telocuentavictorhugo.com\/index.php\/wp-json\/wp\/v2\/types\/post"}],"author":[{"embeddable":true,"href":"https:\/\/telocuentavictorhugo.com\/index.php\/wp-json\/wp\/v2\/users\/1"}],"replies":[{"embeddable":true,"href":"https:\/\/telocuentavictorhugo.com\/index.php\/wp-json\/wp\/v2\/comments?post=8323"}],"version-history":[{"count":1,"href":"https:\/\/telocuentavictorhugo.com\/index.php\/wp-json\/wp\/v2\/posts\/8323\/revisions"}],"predecessor-version":[{"id":8325,"href":"https:\/\/telocuentavictorhugo.com\/index.php\/wp-json\/wp\/v2\/posts\/8323\/revisions\/8325"}],"wp:featuredmedia":[{"embeddable":true,"href":"https:\/\/telocuentavictorhugo.com\/index.php\/wp-json\/wp\/v2\/media\/8324"}],"wp:attachment":[{"href":"https:\/\/telocuentavictorhugo.com\/index.php\/wp-json\/wp\/v2\/media?parent=8323"}],"wp:term":[{"taxonomy":"category","embeddable":true,"href":"https:\/\/telocuentavictorhugo.com\/index.php\/wp-json\/wp\/v2\/categories?post=8323"},{"taxonomy":"post_tag","embeddable":true,"href":"https:\/\/telocuentavictorhugo.com\/index.php\/wp-json\/wp\/v2\/tags?post=8323"}],"curies":[{"name":"wp","href":"https:\/\/api.w.org\/{rel}","templated":true}]}}