{"id":8293,"date":"2025-06-11T00:25:46","date_gmt":"2025-06-11T04:25:46","guid":{"rendered":"https:\/\/telocuentavictorhugo.com\/?p=8293"},"modified":"2025-06-11T00:31:36","modified_gmt":"2025-06-11T04:31:36","slug":"no-habra-restricciones-para-vehiculos-a-gasolina-y-gas","status":"publish","type":"post","link":"https:\/\/telocuentavictorhugo.com\/index.php\/2025\/06\/11\/no-habra-restricciones-para-vehiculos-a-gasolina-y-gas\/","title":{"rendered":"NO HABR\u00c1 RESTRICCIONES PARA VEH\u00cdCULOS A GASOLINA Y GAS"},"content":{"rendered":"\n<p><strong>Ver video aqu\u00ed:\u00a0\ud83d\udc49\ud83c\udffb\ud83d\udcf9\u23ef<\/strong><a href=\"https:\/\/youtu.be\/svUwRXRo4Xs\">https:\/\/youtu.be\/svUwRXRo4Xs<\/a><\/p>\n\n\n\n<p>Los transportistas bolivianos obtuvieron la suspensi\u00f3n temporal del Decreto Supremo 5400, que impon\u00eda restricciones para el uso de veh\u00edculos a gasolina y gas. La medida fue celebrada como una victoria por los gremios de transporte que hab\u00edan expresado su rechazo por el impacto econ\u00f3mico y operativo que la norma implicaba.<\/p>\n\n\n\n<p>La decisi\u00f3n de suspender el decreto permitir\u00e1 que los veh\u00edculos a gasolina y gas contin\u00faen circulando sin limitaciones, evitando una crisis en el sector del transporte que afecta a miles de familias y usuarios. Los dirigentes transportistas destacaron que esta suspensi\u00f3n es un paso importante para buscar un di\u00e1logo abierto con el Gobierno y encontrar soluciones consensuadas.<\/p>\n\n\n\n<p>El Decreto 5400, que gener\u00f3 protestas y movilizaciones en varios departamentos, hab\u00eda sido cuestionado por su falta de consulta previa y por afectar la econom\u00eda de sectores vulnerables. El Gobierno anunci\u00f3 que revisar\u00e1 la normativa para ajustarla a las necesidades del sector y evitar conflictos futuros, en busca de un equilibrio entre sostenibilidad y desarrollo.<\/p>\n\n\n\n<figure class=\"wp-block-image size-full\"><img fetchpriority=\"high\" decoding=\"async\" width=\"899\" height=\"592\" src=\"https:\/\/telocuentavictorhugo.com\/wp-content\/uploads\/2025\/06\/image-18.png\" alt=\"\" class=\"wp-image-8294\" srcset=\"https:\/\/telocuentavictorhugo.com\/wp-content\/uploads\/2025\/06\/image-18.png 899w, https:\/\/telocuentavictorhugo.com\/wp-content\/uploads\/2025\/06\/image-18-300x198.png 300w, https:\/\/telocuentavictorhugo.com\/wp-content\/uploads\/2025\/06\/image-18-768x506.png 768w, https:\/\/telocuentavictorhugo.com\/wp-content\/uploads\/2025\/06\/image-18-501x330.png 501w, https:\/\/telocuentavictorhugo.com\/wp-content\/uploads\/2025\/06\/image-18-270x178.png 270w, https:\/\/telocuentavictorhugo.com\/wp-content\/uploads\/2025\/06\/image-18-600x395.png 600w\" sizes=\"(max-width: 899px) 100vw, 899px\" \/><\/figure>\n\n\n\n<p><strong>Ver video aqu\u00ed:\u00a0\ud83d\udc49\ud83c\udffb\ud83d\udcf9\u23ef<\/strong><a href=\"https:\/\/youtu.be\/svUwRXRo4Xs\">https:\/\/youtu.be\/svUwRXRo4Xs<\/a><\/p>\n","protected":false},"excerpt":{"rendered":"<p>Transportistas lograron la suspensi\u00f3n del Decreto 5400, que restring\u00eda carga de gasolina y di\u00e9sel en veh\u00edculos con GNV. La medida busca aliviar la crisis generada por bloqueos y la escasez de combustible en el pa\u00eds.<\/p>\n","protected":false},"author":1,"featured_media":8294,"comment_status":"open","ping_status":"open","sticky":false,"template":"","format":"standard","meta":{"_eb_attr":"","footnotes":""},"categories":[1,44],"tags":[],"class_list":["post-8293","post","type-post","status-publish","format-standard","has-post-thumbnail","hentry","category-noticias","category-sociedad"],"yoast_head":"<!-- This site is optimized with the Yoast SEO plugin v27.4 - https:\/\/yoast.com\/product\/yoast-seo-wordpress\/ -->\n<title>NO HABR\u00c1 RESTRICCIONES PARA VEH\u00cdCULOS A GASOLINA Y GAS - Te lo Cuenta Victor<\/title>\n<meta name=\"robots\" content=\"index, follow, max-snippet:-1, max-image-preview:large, max-video-preview:-1\" \/>\n<link rel=\"canonical\" href=\"https:\/\/telocuentavictorhugo.com\/index.php\/2025\/06\/11\/no-habra-restricciones-para-vehiculos-a-gasolina-y-gas\/\" \/>\n<meta property=\"og:locale\" content=\"es_ES\" \/>\n<meta property=\"og:type\" content=\"article\" \/>\n<meta property=\"og:title\" content=\"NO HABR\u00c1 RESTRICCIONES PARA VEH\u00cdCULOS A GASOLINA Y GAS - Te lo Cuenta Victor\" \/>\n<meta property=\"og:description\" content=\"Transportistas lograron la suspensi\u00f3n del Decreto 5400, que restring\u00eda carga de gasolina y di\u00e9sel en veh\u00edculos con GNV. La medida busca aliviar la crisis generada por bloqueos y la escasez de combustible en el pa\u00eds.\" \/>\n<meta property=\"og:url\" content=\"https:\/\/telocuentavictorhugo.com\/index.php\/2025\/06\/11\/no-habra-restricciones-para-vehiculos-a-gasolina-y-gas\/\" \/>\n<meta property=\"og:site_name\" content=\"Te lo Cuenta Victor\" \/>\n<meta property=\"article:published_time\" content=\"2025-06-11T04:25:46+00:00\" \/>\n<meta property=\"article:modified_time\" content=\"2025-06-11T04:31:36+00:00\" \/>\n<meta property=\"og:image\" content=\"http:\/\/telocuentavictorhugo.com\/wp-content\/uploads\/2025\/06\/image-18.png\" \/>\n\t<meta property=\"og:image:width\" content=\"899\" \/>\n\t<meta property=\"og:image:height\" content=\"592\" \/>\n\t<meta property=\"og:image:type\" content=\"image\/png\" \/>\n<meta name=\"author\" content=\"telocuentavictorhugo.com\" \/>\n<meta name=\"twitter:card\" content=\"summary_large_image\" \/>\n<meta name=\"twitter:label1\" content=\"Escrito por\" \/>\n\t<meta name=\"twitter:data1\" content=\"telocuentavictorhugo.com\" \/>\n\t<meta name=\"twitter:label2\" content=\"Tiempo de lectura\" \/>\n\t<meta name=\"twitter:data2\" content=\"2 minutos\" \/>\n<script type=\"application\/ld+json\" class=\"yoast-schema-graph\">{\"@context\":\"https:\\\/\\\/schema.org\",\"@graph\":[{\"@type\":\"Article\",\"@id\":\"https:\\\/\\\/telocuentavictorhugo.com\\\/index.php\\\/2025\\\/06\\\/11\\\/no-habra-restricciones-para-vehiculos-a-gasolina-y-gas\\\/#article\",\"isPartOf\":{\"@id\":\"https:\\\/\\\/telocuentavictorhugo.com\\\/index.php\\\/2025\\\/06\\\/11\\\/no-habra-restricciones-para-vehiculos-a-gasolina-y-gas\\\/\"},\"author\":{\"name\":\"telocuentavictorhugo.com\",\"@id\":\"https:\\\/\\\/telocuentavictorhugo.com\\\/#\\\/schema\\\/person\\\/a8307d7271ba2849b49b562ad8602f06\"},\"headline\":\"NO HABR\u00c1 RESTRICCIONES PARA VEH\u00cdCULOS A GASOLINA Y GAS\",\"datePublished\":\"2025-06-11T04:25:46+00:00\",\"dateModified\":\"2025-06-11T04:31:36+00:00\",\"mainEntityOfPage\":{\"@id\":\"https:\\\/\\\/telocuentavictorhugo.com\\\/index.php\\\/2025\\\/06\\\/11\\\/no-habra-restricciones-para-vehiculos-a-gasolina-y-gas\\\/\"},\"wordCount\":198,\"commentCount\":0,\"publisher\":{\"@id\":\"https:\\\/\\\/telocuentavictorhugo.com\\\/#organization\"},\"image\":{\"@id\":\"https:\\\/\\\/telocuentavictorhugo.com\\\/index.php\\\/2025\\\/06\\\/11\\\/no-habra-restricciones-para-vehiculos-a-gasolina-y-gas\\\/#primaryimage\"},\"thumbnailUrl\":\"https:\\\/\\\/telocuentavictorhugo.com\\\/wp-content\\\/uploads\\\/2025\\\/06\\\/image-18.png\",\"articleSection\":[\"Noticias\",\"Sociedad\"],\"inLanguage\":\"es\",\"potentialAction\":[{\"@type\":\"CommentAction\",\"name\":\"Comment\",\"target\":[\"https:\\\/\\\/telocuentavictorhugo.com\\\/index.php\\\/2025\\\/06\\\/11\\\/no-habra-restricciones-para-vehiculos-a-gasolina-y-gas\\\/#respond\"]}]},{\"@type\":\"WebPage\",\"@id\":\"https:\\\/\\\/telocuentavictorhugo.com\\\/index.php\\\/2025\\\/06\\\/11\\\/no-habra-restricciones-para-vehiculos-a-gasolina-y-gas\\\/\",\"url\":\"https:\\\/\\\/telocuentavictorhugo.com\\\/index.php\\\/2025\\\/06\\\/11\\\/no-habra-restricciones-para-vehiculos-a-gasolina-y-gas\\\/\",\"name\":\"NO HABR\u00c1 RESTRICCIONES PARA VEH\u00cdCULOS A GASOLINA Y GAS - Te lo Cuenta Victor\",\"isPartOf\":{\"@id\":\"https:\\\/\\\/telocuentavictorhugo.com\\\/#website\"},\"primaryImageOfPage\":{\"@id\":\"https:\\\/\\\/telocuentavictorhugo.com\\\/index.php\\\/2025\\\/06\\\/11\\\/no-habra-restricciones-para-vehiculos-a-gasolina-y-gas\\\/#primaryimage\"},\"image\":{\"@id\":\"https:\\\/\\\/telocuentavictorhugo.com\\\/index.php\\\/2025\\\/06\\\/11\\\/no-habra-restricciones-para-vehiculos-a-gasolina-y-gas\\\/#primaryimage\"},\"thumbnailUrl\":\"https:\\\/\\\/telocuentavictorhugo.com\\\/wp-content\\\/uploads\\\/2025\\\/06\\\/image-18.png\",\"datePublished\":\"2025-06-11T04:25:46+00:00\",\"dateModified\":\"2025-06-11T04:31:36+00:00\",\"breadcrumb\":{\"@id\":\"https:\\\/\\\/telocuentavictorhugo.com\\\/index.php\\\/2025\\\/06\\\/11\\\/no-habra-restricciones-para-vehiculos-a-gasolina-y-gas\\\/#breadcrumb\"},\"inLanguage\":\"es\",\"potentialAction\":[{\"@type\":\"ReadAction\",\"target\":[\"https:\\\/\\\/telocuentavictorhugo.com\\\/index.php\\\/2025\\\/06\\\/11\\\/no-habra-restricciones-para-vehiculos-a-gasolina-y-gas\\\/\"]}]},{\"@type\":\"ImageObject\",\"inLanguage\":\"es\",\"@id\":\"https:\\\/\\\/telocuentavictorhugo.com\\\/index.php\\\/2025\\\/06\\\/11\\\/no-habra-restricciones-para-vehiculos-a-gasolina-y-gas\\\/#primaryimage\",\"url\":\"https:\\\/\\\/telocuentavictorhugo.com\\\/wp-content\\\/uploads\\\/2025\\\/06\\\/image-18.png\",\"contentUrl\":\"https:\\\/\\\/telocuentavictorhugo.com\\\/wp-content\\\/uploads\\\/2025\\\/06\\\/image-18.png\",\"width\":899,\"height\":592},{\"@type\":\"BreadcrumbList\",\"@id\":\"https:\\\/\\\/telocuentavictorhugo.com\\\/index.php\\\/2025\\\/06\\\/11\\\/no-habra-restricciones-para-vehiculos-a-gasolina-y-gas\\\/#breadcrumb\",\"itemListElement\":[{\"@type\":\"ListItem\",\"position\":1,\"name\":\"Portada\",\"item\":\"https:\\\/\\\/telocuentavictorhugo.com\\\/\"},{\"@type\":\"ListItem\",\"position\":2,\"name\":\"NO HABR\u00c1 RESTRICCIONES PARA VEH\u00cdCULOS A GASOLINA Y GAS\"}]},{\"@type\":\"WebSite\",\"@id\":\"https:\\\/\\\/telocuentavictorhugo.com\\\/#website\",\"url\":\"https:\\\/\\\/telocuentavictorhugo.com\\\/\",\"name\":\"Te lo Cuenta Victor\",\"description\":\"\",\"publisher\":{\"@id\":\"https:\\\/\\\/telocuentavictorhugo.com\\\/#organization\"},\"potentialAction\":[{\"@type\":\"SearchAction\",\"target\":{\"@type\":\"EntryPoint\",\"urlTemplate\":\"https:\\\/\\\/telocuentavictorhugo.com\\\/?s={search_term_string}\"},\"query-input\":{\"@type\":\"PropertyValueSpecification\",\"valueRequired\":true,\"valueName\":\"search_term_string\"}}],\"inLanguage\":\"es\"},{\"@type\":\"Organization\",\"@id\":\"https:\\\/\\\/telocuentavictorhugo.com\\\/#organization\",\"name\":\"Te lo Cuenta Victor\",\"url\":\"https:\\\/\\\/telocuentavictorhugo.com\\\/\",\"logo\":{\"@type\":\"ImageObject\",\"inLanguage\":\"es\",\"@id\":\"https:\\\/\\\/telocuentavictorhugo.com\\\/#\\\/schema\\\/logo\\\/image\\\/\",\"url\":\"https:\\\/\\\/telocuentavictorhugo.com\\\/wp-content\\\/uploads\\\/2023\\\/12\\\/Logo.png\",\"contentUrl\":\"https:\\\/\\\/telocuentavictorhugo.com\\\/wp-content\\\/uploads\\\/2023\\\/12\\\/Logo.png\",\"width\":1080,\"height\":176,\"caption\":\"Te lo Cuenta Victor\"},\"image\":{\"@id\":\"https:\\\/\\\/telocuentavictorhugo.com\\\/#\\\/schema\\\/logo\\\/image\\\/\"}},{\"@type\":\"Person\",\"@id\":\"https:\\\/\\\/telocuentavictorhugo.com\\\/#\\\/schema\\\/person\\\/a8307d7271ba2849b49b562ad8602f06\",\"name\":\"telocuentavictorhugo.com\",\"image\":{\"@type\":\"ImageObject\",\"inLanguage\":\"es\",\"@id\":\"https:\\\/\\\/secure.gravatar.com\\\/avatar\\\/da212e7b532df19fd2aea5daf46d8c176abfc85521e4b80ed435d7426ef63eb6?s=96&d=mm&r=g\",\"url\":\"https:\\\/\\\/secure.gravatar.com\\\/avatar\\\/da212e7b532df19fd2aea5daf46d8c176abfc85521e4b80ed435d7426ef63eb6?s=96&d=mm&r=g\",\"contentUrl\":\"https:\\\/\\\/secure.gravatar.com\\\/avatar\\\/da212e7b532df19fd2aea5daf46d8c176abfc85521e4b80ed435d7426ef63eb6?s=96&d=mm&r=g\",\"caption\":\"telocuentavictorhugo.com\"},\"sameAs\":[\"http:\\\/\\\/telocuentavictorhugo.com\"],\"url\":\"https:\\\/\\\/telocuentavictorhugo.com\\\/index.php\\\/author\\\/plustvpress-com\\\/\"}]}<\/script>\n<!-- \/ Yoast SEO plugin. -->","yoast_head_json":{"title":"NO HABR\u00c1 RESTRICCIONES PARA VEH\u00cdCULOS A GASOLINA Y GAS - Te lo Cuenta Victor","robots":{"index":"index","follow":"follow","max-snippet":"max-snippet:-1","max-image-preview":"max-image-preview:large","max-video-preview":"max-video-preview:-1"},"canonical":"https:\/\/telocuentavictorhugo.com\/index.php\/2025\/06\/11\/no-habra-restricciones-para-vehiculos-a-gasolina-y-gas\/","og_locale":"es_ES","og_type":"article","og_title":"NO HABR\u00c1 RESTRICCIONES PARA VEH\u00cdCULOS A GASOLINA Y GAS - Te lo Cuenta Victor","og_description":"Transportistas lograron la suspensi\u00f3n del Decreto 5400, que restring\u00eda carga de gasolina y di\u00e9sel en veh\u00edculos con GNV. La medida busca aliviar la crisis generada por bloqueos y la escasez de combustible en el pa\u00eds.","og_url":"https:\/\/telocuentavictorhugo.com\/index.php\/2025\/06\/11\/no-habra-restricciones-para-vehiculos-a-gasolina-y-gas\/","og_site_name":"Te lo Cuenta Victor","article_published_time":"2025-06-11T04:25:46+00:00","article_modified_time":"2025-06-11T04:31:36+00:00","og_image":[{"width":899,"height":592,"url":"http:\/\/telocuentavictorhugo.com\/wp-content\/uploads\/2025\/06\/image-18.png","type":"image\/png"}],"author":"telocuentavictorhugo.com","twitter_card":"summary_large_image","twitter_misc":{"Escrito por":"telocuentavictorhugo.com","Tiempo de lectura":"2 minutos"},"schema":{"@context":"https:\/\/schema.org","@graph":[{"@type":"Article","@id":"https:\/\/telocuentavictorhugo.com\/index.php\/2025\/06\/11\/no-habra-restricciones-para-vehiculos-a-gasolina-y-gas\/#article","isPartOf":{"@id":"https:\/\/telocuentavictorhugo.com\/index.php\/2025\/06\/11\/no-habra-restricciones-para-vehiculos-a-gasolina-y-gas\/"},"author":{"name":"telocuentavictorhugo.com","@id":"https:\/\/telocuentavictorhugo.com\/#\/schema\/person\/a8307d7271ba2849b49b562ad8602f06"},"headline":"NO HABR\u00c1 RESTRICCIONES PARA VEH\u00cdCULOS A GASOLINA Y GAS","datePublished":"2025-06-11T04:25:46+00:00","dateModified":"2025-06-11T04:31:36+00:00","mainEntityOfPage":{"@id":"https:\/\/telocuentavictorhugo.com\/index.php\/2025\/06\/11\/no-habra-restricciones-para-vehiculos-a-gasolina-y-gas\/"},"wordCount":198,"commentCount":0,"publisher":{"@id":"https:\/\/telocuentavictorhugo.com\/#organization"},"image":{"@id":"https:\/\/telocuentavictorhugo.com\/index.php\/2025\/06\/11\/no-habra-restricciones-para-vehiculos-a-gasolina-y-gas\/#primaryimage"},"thumbnailUrl":"https:\/\/telocuentavictorhugo.com\/wp-content\/uploads\/2025\/06\/image-18.png","articleSection":["Noticias","Sociedad"],"inLanguage":"es","potentialAction":[{"@type":"CommentAction","name":"Comment","target":["https:\/\/telocuentavictorhugo.com\/index.php\/2025\/06\/11\/no-habra-restricciones-para-vehiculos-a-gasolina-y-gas\/#respond"]}]},{"@type":"WebPage","@id":"https:\/\/telocuentavictorhugo.com\/index.php\/2025\/06\/11\/no-habra-restricciones-para-vehiculos-a-gasolina-y-gas\/","url":"https:\/\/telocuentavictorhugo.com\/index.php\/2025\/06\/11\/no-habra-restricciones-para-vehiculos-a-gasolina-y-gas\/","name":"NO HABR\u00c1 RESTRICCIONES PARA VEH\u00cdCULOS A GASOLINA Y GAS - Te lo Cuenta Victor","isPartOf":{"@id":"https:\/\/telocuentavictorhugo.com\/#website"},"primaryImageOfPage":{"@id":"https:\/\/telocuentavictorhugo.com\/index.php\/2025\/06\/11\/no-habra-restricciones-para-vehiculos-a-gasolina-y-gas\/#primaryimage"},"image":{"@id":"https:\/\/telocuentavictorhugo.com\/index.php\/2025\/06\/11\/no-habra-restricciones-para-vehiculos-a-gasolina-y-gas\/#primaryimage"},"thumbnailUrl":"https:\/\/telocuentavictorhugo.com\/wp-content\/uploads\/2025\/06\/image-18.png","datePublished":"2025-06-11T04:25:46+00:00","dateModified":"2025-06-11T04:31:36+00:00","breadcrumb":{"@id":"https:\/\/telocuentavictorhugo.com\/index.php\/2025\/06\/11\/no-habra-restricciones-para-vehiculos-a-gasolina-y-gas\/#breadcrumb"},"inLanguage":"es","potentialAction":[{"@type":"ReadAction","target":["https:\/\/telocuentavictorhugo.com\/index.php\/2025\/06\/11\/no-habra-restricciones-para-vehiculos-a-gasolina-y-gas\/"]}]},{"@type":"ImageObject","inLanguage":"es","@id":"https:\/\/telocuentavictorhugo.com\/index.php\/2025\/06\/11\/no-habra-restricciones-para-vehiculos-a-gasolina-y-gas\/#primaryimage","url":"https:\/\/telocuentavictorhugo.com\/wp-content\/uploads\/2025\/06\/image-18.png","contentUrl":"https:\/\/telocuentavictorhugo.com\/wp-content\/uploads\/2025\/06\/image-18.png","width":899,"height":592},{"@type":"BreadcrumbList","@id":"https:\/\/telocuentavictorhugo.com\/index.php\/2025\/06\/11\/no-habra-restricciones-para-vehiculos-a-gasolina-y-gas\/#breadcrumb","itemListElement":[{"@type":"ListItem","position":1,"name":"Portada","item":"https:\/\/telocuentavictorhugo.com\/"},{"@type":"ListItem","position":2,"name":"NO HABR\u00c1 RESTRICCIONES PARA VEH\u00cdCULOS A GASOLINA Y GAS"}]},{"@type":"WebSite","@id":"https:\/\/telocuentavictorhugo.com\/#website","url":"https:\/\/telocuentavictorhugo.com\/","name":"Te lo Cuenta Victor","description":"","publisher":{"@id":"https:\/\/telocuentavictorhugo.com\/#organization"},"potentialAction":[{"@type":"SearchAction","target":{"@type":"EntryPoint","urlTemplate":"https:\/\/telocuentavictorhugo.com\/?s={search_term_string}"},"query-input":{"@type":"PropertyValueSpecification","valueRequired":true,"valueName":"search_term_string"}}],"inLanguage":"es"},{"@type":"Organization","@id":"https:\/\/telocuentavictorhugo.com\/#organization","name":"Te lo Cuenta Victor","url":"https:\/\/telocuentavictorhugo.com\/","logo":{"@type":"ImageObject","inLanguage":"es","@id":"https:\/\/telocuentavictorhugo.com\/#\/schema\/logo\/image\/","url":"https:\/\/telocuentavictorhugo.com\/wp-content\/uploads\/2023\/12\/Logo.png","contentUrl":"https:\/\/telocuentavictorhugo.com\/wp-content\/uploads\/2023\/12\/Logo.png","width":1080,"height":176,"caption":"Te lo Cuenta Victor"},"image":{"@id":"https:\/\/telocuentavictorhugo.com\/#\/schema\/logo\/image\/"}},{"@type":"Person","@id":"https:\/\/telocuentavictorhugo.com\/#\/schema\/person\/a8307d7271ba2849b49b562ad8602f06","name":"telocuentavictorhugo.com","image":{"@type":"ImageObject","inLanguage":"es","@id":"https:\/\/secure.gravatar.com\/avatar\/da212e7b532df19fd2aea5daf46d8c176abfc85521e4b80ed435d7426ef63eb6?s=96&d=mm&r=g","url":"https:\/\/secure.gravatar.com\/avatar\/da212e7b532df19fd2aea5daf46d8c176abfc85521e4b80ed435d7426ef63eb6?s=96&d=mm&r=g","contentUrl":"https:\/\/secure.gravatar.com\/avatar\/da212e7b532df19fd2aea5daf46d8c176abfc85521e4b80ed435d7426ef63eb6?s=96&d=mm&r=g","caption":"telocuentavictorhugo.com"},"sameAs":["http:\/\/telocuentavictorhugo.com"],"url":"https:\/\/telocuentavictorhugo.com\/index.php\/author\/plustvpress-com\/"}]}},"_links":{"self":[{"href":"https:\/\/telocuentavictorhugo.com\/index.php\/wp-json\/wp\/v2\/posts\/8293","targetHints":{"allow":["GET"]}}],"collection":[{"href":"https:\/\/telocuentavictorhugo.com\/index.php\/wp-json\/wp\/v2\/posts"}],"about":[{"href":"https:\/\/telocuentavictorhugo.com\/index.php\/wp-json\/wp\/v2\/types\/post"}],"author":[{"embeddable":true,"href":"https:\/\/telocuentavictorhugo.com\/index.php\/wp-json\/wp\/v2\/users\/1"}],"replies":[{"embeddable":true,"href":"https:\/\/telocuentavictorhugo.com\/index.php\/wp-json\/wp\/v2\/comments?post=8293"}],"version-history":[{"count":1,"href":"https:\/\/telocuentavictorhugo.com\/index.php\/wp-json\/wp\/v2\/posts\/8293\/revisions"}],"predecessor-version":[{"id":8295,"href":"https:\/\/telocuentavictorhugo.com\/index.php\/wp-json\/wp\/v2\/posts\/8293\/revisions\/8295"}],"wp:featuredmedia":[{"embeddable":true,"href":"https:\/\/telocuentavictorhugo.com\/index.php\/wp-json\/wp\/v2\/media\/8294"}],"wp:attachment":[{"href":"https:\/\/telocuentavictorhugo.com\/index.php\/wp-json\/wp\/v2\/media?parent=8293"}],"wp:term":[{"taxonomy":"category","embeddable":true,"href":"https:\/\/telocuentavictorhugo.com\/index.php\/wp-json\/wp\/v2\/categories?post=8293"},{"taxonomy":"post_tag","embeddable":true,"href":"https:\/\/telocuentavictorhugo.com\/index.php\/wp-json\/wp\/v2\/tags?post=8293"}],"curies":[{"name":"wp","href":"https:\/\/api.w.org\/{rel}","templated":true}]}}