{"id":8271,"date":"2025-06-09T22:56:32","date_gmt":"2025-06-10T02:56:32","guid":{"rendered":"https:\/\/telocuentavictorhugo.com\/?p=8271"},"modified":"2025-06-09T22:56:34","modified_gmt":"2025-06-10T02:56:34","slug":"el-aceite-sabor-casero-desde-san-julian","status":"publish","type":"post","link":"https:\/\/telocuentavictorhugo.com\/index.php\/2025\/06\/09\/el-aceite-sabor-casero-desde-san-julian\/","title":{"rendered":"EL ACEITE \u201cSABOR CASERO\u201d DESDE SAN JULI\u00c1N"},"content":{"rendered":"\n<p>Ver video aqu\u00ed:\u00a0\ud83d\udc49\ud83c\udffb\ud83d\udcf9\u23ef<a href=\"https:\/\/youtu.be\/-UPobceYT0M\">https:\/\/youtu.be\/-UPobceYT0M<\/a><\/p>\n\n\n\n<p>La planta estatal de procesamiento de aceite en San Juli\u00e1n lanz\u00f3 su nuevo producto llamado <strong>\u201cSabor Casero\u201d<\/strong>, que estar\u00e1 disponible en todo Bolivia a precios accesibles. El litro de aceite a granel costar\u00e1 <strong>13 bolivianos<\/strong>, mientras que el envase tendr\u00e1 un precio de <strong>14 bolivianos<\/strong>.<\/p>\n\n\n\n<p>Esta iniciativa de EMPA busca ofrecer un producto de calidad nacional, accesible para las familias bolivianas, incentivando la producci\u00f3n local y reduciendo la dependencia de importaciones. El aceite \u201cSabor Casero\u201d se caracteriza por mantener las propiedades naturales y el sabor tradicional, ideal para el consumo diario.<\/p>\n\n\n\n<p>La distribuci\u00f3n se realizar\u00e1 a trav\u00e9s de las tiendas de EMPA en diferentes regiones del pa\u00eds, garantizando cobertura nacional. Adem\u00e1s, se espera que esta nueva opci\u00f3n contribuya a estabilizar los precios en el mercado de aceites comestibles, actualmente afectados por fluctuaciones internacionales.<\/p>\n\n\n\n<p>Con esta propuesta, San Juli\u00e1n reafirma su compromiso con el desarrollo agroindustrial y la econom\u00eda familiar.<\/p>\n\n\n\n<figure class=\"wp-block-image size-large\"><img fetchpriority=\"high\" decoding=\"async\" width=\"1024\" height=\"576\" src=\"https:\/\/telocuentavictorhugo.com\/wp-content\/uploads\/2025\/06\/8.-NUEVO-ACEITE-1024x576.png\" alt=\"\" class=\"wp-image-8272\" srcset=\"https:\/\/telocuentavictorhugo.com\/wp-content\/uploads\/2025\/06\/8.-NUEVO-ACEITE-1024x576.png 1024w, https:\/\/telocuentavictorhugo.com\/wp-content\/uploads\/2025\/06\/8.-NUEVO-ACEITE-300x169.png 300w, https:\/\/telocuentavictorhugo.com\/wp-content\/uploads\/2025\/06\/8.-NUEVO-ACEITE-768x432.png 768w, https:\/\/telocuentavictorhugo.com\/wp-content\/uploads\/2025\/06\/8.-NUEVO-ACEITE-1536x864.png 1536w, https:\/\/telocuentavictorhugo.com\/wp-content\/uploads\/2025\/06\/8.-NUEVO-ACEITE-570x321.png 570w, https:\/\/telocuentavictorhugo.com\/wp-content\/uploads\/2025\/06\/8.-NUEVO-ACEITE-270x152.png 270w, https:\/\/telocuentavictorhugo.com\/wp-content\/uploads\/2025\/06\/8.-NUEVO-ACEITE-600x338.png 600w, https:\/\/telocuentavictorhugo.com\/wp-content\/uploads\/2025\/06\/8.-NUEVO-ACEITE.png 1920w\" sizes=\"(max-width: 1024px) 100vw, 1024px\" \/><\/figure>\n\n\n\n<p><\/p>\n\n\n\n<p>Ver video aqu\u00ed:\u00a0\ud83d\udc49\ud83c\udffb\ud83d\udcf9\u23ef<a href=\"https:\/\/youtu.be\/-UPobceYT0M\">https:\/\/youtu.be\/-UPobceYT0M<\/a><\/p>\n\n\n\n<ol class=\"wp-block-list\"><\/ol>\n\n\n\n<p><\/p>\n","protected":false},"excerpt":{"rendered":"<p>Aceite \u201cSabor Casero\u201d, producido en San Juli\u00e1n, costar\u00e1 13\u202fbolivianos por litro a granel y 14\u202fen envase. Ser\u00e1 distribuido por EMPA en todo el pa\u00eds, ofreciendo calidad nacional accesible para familias bolivianas.<\/p>\n","protected":false},"author":1,"featured_media":8272,"comment_status":"open","ping_status":"open","sticky":false,"template":"","format":"standard","meta":{"_eb_attr":"","footnotes":""},"categories":[44,25],"tags":[],"class_list":["post-8271","post","type-post","status-publish","format-standard","has-post-thumbnail","hentry","category-sociedad","category-ultimas-noticias"],"yoast_head":"<!-- This site is optimized with the Yoast SEO plugin v27.4 - https:\/\/yoast.com\/product\/yoast-seo-wordpress\/ -->\n<title>EL ACEITE \u201cSABOR CASERO\u201d DESDE SAN JULI\u00c1N - Te lo Cuenta Victor<\/title>\n<meta name=\"robots\" content=\"index, follow, max-snippet:-1, max-image-preview:large, max-video-preview:-1\" \/>\n<link rel=\"canonical\" href=\"https:\/\/telocuentavictorhugo.com\/index.php\/2025\/06\/09\/el-aceite-sabor-casero-desde-san-julian\/\" \/>\n<meta property=\"og:locale\" content=\"es_ES\" \/>\n<meta property=\"og:type\" content=\"article\" \/>\n<meta property=\"og:title\" content=\"EL ACEITE \u201cSABOR CASERO\u201d DESDE SAN JULI\u00c1N - Te lo Cuenta Victor\" \/>\n<meta property=\"og:description\" content=\"Aceite \u201cSabor Casero\u201d, producido en San Juli\u00e1n, costar\u00e1 13\u202fbolivianos por litro a granel y 14\u202fen envase. Ser\u00e1 distribuido por EMPA en todo el pa\u00eds, ofreciendo calidad nacional accesible para familias bolivianas.\" \/>\n<meta property=\"og:url\" content=\"https:\/\/telocuentavictorhugo.com\/index.php\/2025\/06\/09\/el-aceite-sabor-casero-desde-san-julian\/\" \/>\n<meta property=\"og:site_name\" content=\"Te lo Cuenta Victor\" \/>\n<meta property=\"article:published_time\" content=\"2025-06-10T02:56:32+00:00\" \/>\n<meta property=\"article:modified_time\" content=\"2025-06-10T02:56:34+00:00\" \/>\n<meta property=\"og:image\" content=\"http:\/\/telocuentavictorhugo.com\/wp-content\/uploads\/2025\/06\/8.-NUEVO-ACEITE.png\" \/>\n\t<meta property=\"og:image:width\" content=\"1920\" \/>\n\t<meta property=\"og:image:height\" content=\"1080\" \/>\n\t<meta property=\"og:image:type\" content=\"image\/png\" \/>\n<meta name=\"author\" content=\"telocuentavictorhugo.com\" \/>\n<meta name=\"twitter:card\" content=\"summary_large_image\" \/>\n<meta name=\"twitter:label1\" content=\"Escrito por\" \/>\n\t<meta name=\"twitter:data1\" content=\"telocuentavictorhugo.com\" \/>\n\t<meta name=\"twitter:label2\" content=\"Tiempo de lectura\" \/>\n\t<meta name=\"twitter:data2\" content=\"2 minutos\" \/>\n<script type=\"application\/ld+json\" class=\"yoast-schema-graph\">{\"@context\":\"https:\\\/\\\/schema.org\",\"@graph\":[{\"@type\":\"Article\",\"@id\":\"https:\\\/\\\/telocuentavictorhugo.com\\\/index.php\\\/2025\\\/06\\\/09\\\/el-aceite-sabor-casero-desde-san-julian\\\/#article\",\"isPartOf\":{\"@id\":\"https:\\\/\\\/telocuentavictorhugo.com\\\/index.php\\\/2025\\\/06\\\/09\\\/el-aceite-sabor-casero-desde-san-julian\\\/\"},\"author\":{\"name\":\"telocuentavictorhugo.com\",\"@id\":\"https:\\\/\\\/telocuentavictorhugo.com\\\/#\\\/schema\\\/person\\\/a8307d7271ba2849b49b562ad8602f06\"},\"headline\":\"EL ACEITE \u201cSABOR CASERO\u201d DESDE SAN JULI\u00c1N\",\"datePublished\":\"2025-06-10T02:56:32+00:00\",\"dateModified\":\"2025-06-10T02:56:34+00:00\",\"mainEntityOfPage\":{\"@id\":\"https:\\\/\\\/telocuentavictorhugo.com\\\/index.php\\\/2025\\\/06\\\/09\\\/el-aceite-sabor-casero-desde-san-julian\\\/\"},\"wordCount\":180,\"commentCount\":0,\"publisher\":{\"@id\":\"https:\\\/\\\/telocuentavictorhugo.com\\\/#organization\"},\"image\":{\"@id\":\"https:\\\/\\\/telocuentavictorhugo.com\\\/index.php\\\/2025\\\/06\\\/09\\\/el-aceite-sabor-casero-desde-san-julian\\\/#primaryimage\"},\"thumbnailUrl\":\"https:\\\/\\\/telocuentavictorhugo.com\\\/wp-content\\\/uploads\\\/2025\\\/06\\\/8.-NUEVO-ACEITE.png\",\"articleSection\":[\"Sociedad\",\"\u00daltimas Noticias\"],\"inLanguage\":\"es\",\"potentialAction\":[{\"@type\":\"CommentAction\",\"name\":\"Comment\",\"target\":[\"https:\\\/\\\/telocuentavictorhugo.com\\\/index.php\\\/2025\\\/06\\\/09\\\/el-aceite-sabor-casero-desde-san-julian\\\/#respond\"]}]},{\"@type\":\"WebPage\",\"@id\":\"https:\\\/\\\/telocuentavictorhugo.com\\\/index.php\\\/2025\\\/06\\\/09\\\/el-aceite-sabor-casero-desde-san-julian\\\/\",\"url\":\"https:\\\/\\\/telocuentavictorhugo.com\\\/index.php\\\/2025\\\/06\\\/09\\\/el-aceite-sabor-casero-desde-san-julian\\\/\",\"name\":\"EL ACEITE \u201cSABOR CASERO\u201d DESDE SAN JULI\u00c1N - Te lo Cuenta Victor\",\"isPartOf\":{\"@id\":\"https:\\\/\\\/telocuentavictorhugo.com\\\/#website\"},\"primaryImageOfPage\":{\"@id\":\"https:\\\/\\\/telocuentavictorhugo.com\\\/index.php\\\/2025\\\/06\\\/09\\\/el-aceite-sabor-casero-desde-san-julian\\\/#primaryimage\"},\"image\":{\"@id\":\"https:\\\/\\\/telocuentavictorhugo.com\\\/index.php\\\/2025\\\/06\\\/09\\\/el-aceite-sabor-casero-desde-san-julian\\\/#primaryimage\"},\"thumbnailUrl\":\"https:\\\/\\\/telocuentavictorhugo.com\\\/wp-content\\\/uploads\\\/2025\\\/06\\\/8.-NUEVO-ACEITE.png\",\"datePublished\":\"2025-06-10T02:56:32+00:00\",\"dateModified\":\"2025-06-10T02:56:34+00:00\",\"breadcrumb\":{\"@id\":\"https:\\\/\\\/telocuentavictorhugo.com\\\/index.php\\\/2025\\\/06\\\/09\\\/el-aceite-sabor-casero-desde-san-julian\\\/#breadcrumb\"},\"inLanguage\":\"es\",\"potentialAction\":[{\"@type\":\"ReadAction\",\"target\":[\"https:\\\/\\\/telocuentavictorhugo.com\\\/index.php\\\/2025\\\/06\\\/09\\\/el-aceite-sabor-casero-desde-san-julian\\\/\"]}]},{\"@type\":\"ImageObject\",\"inLanguage\":\"es\",\"@id\":\"https:\\\/\\\/telocuentavictorhugo.com\\\/index.php\\\/2025\\\/06\\\/09\\\/el-aceite-sabor-casero-desde-san-julian\\\/#primaryimage\",\"url\":\"https:\\\/\\\/telocuentavictorhugo.com\\\/wp-content\\\/uploads\\\/2025\\\/06\\\/8.-NUEVO-ACEITE.png\",\"contentUrl\":\"https:\\\/\\\/telocuentavictorhugo.com\\\/wp-content\\\/uploads\\\/2025\\\/06\\\/8.-NUEVO-ACEITE.png\",\"width\":1920,\"height\":1080},{\"@type\":\"BreadcrumbList\",\"@id\":\"https:\\\/\\\/telocuentavictorhugo.com\\\/index.php\\\/2025\\\/06\\\/09\\\/el-aceite-sabor-casero-desde-san-julian\\\/#breadcrumb\",\"itemListElement\":[{\"@type\":\"ListItem\",\"position\":1,\"name\":\"Portada\",\"item\":\"https:\\\/\\\/telocuentavictorhugo.com\\\/\"},{\"@type\":\"ListItem\",\"position\":2,\"name\":\"EL ACEITE \u201cSABOR CASERO\u201d DESDE SAN JULI\u00c1N\"}]},{\"@type\":\"WebSite\",\"@id\":\"https:\\\/\\\/telocuentavictorhugo.com\\\/#website\",\"url\":\"https:\\\/\\\/telocuentavictorhugo.com\\\/\",\"name\":\"Te lo Cuenta Victor\",\"description\":\"\",\"publisher\":{\"@id\":\"https:\\\/\\\/telocuentavictorhugo.com\\\/#organization\"},\"potentialAction\":[{\"@type\":\"SearchAction\",\"target\":{\"@type\":\"EntryPoint\",\"urlTemplate\":\"https:\\\/\\\/telocuentavictorhugo.com\\\/?s={search_term_string}\"},\"query-input\":{\"@type\":\"PropertyValueSpecification\",\"valueRequired\":true,\"valueName\":\"search_term_string\"}}],\"inLanguage\":\"es\"},{\"@type\":\"Organization\",\"@id\":\"https:\\\/\\\/telocuentavictorhugo.com\\\/#organization\",\"name\":\"Te lo Cuenta Victor\",\"url\":\"https:\\\/\\\/telocuentavictorhugo.com\\\/\",\"logo\":{\"@type\":\"ImageObject\",\"inLanguage\":\"es\",\"@id\":\"https:\\\/\\\/telocuentavictorhugo.com\\\/#\\\/schema\\\/logo\\\/image\\\/\",\"url\":\"https:\\\/\\\/telocuentavictorhugo.com\\\/wp-content\\\/uploads\\\/2023\\\/12\\\/Logo.png\",\"contentUrl\":\"https:\\\/\\\/telocuentavictorhugo.com\\\/wp-content\\\/uploads\\\/2023\\\/12\\\/Logo.png\",\"width\":1080,\"height\":176,\"caption\":\"Te lo Cuenta Victor\"},\"image\":{\"@id\":\"https:\\\/\\\/telocuentavictorhugo.com\\\/#\\\/schema\\\/logo\\\/image\\\/\"}},{\"@type\":\"Person\",\"@id\":\"https:\\\/\\\/telocuentavictorhugo.com\\\/#\\\/schema\\\/person\\\/a8307d7271ba2849b49b562ad8602f06\",\"name\":\"telocuentavictorhugo.com\",\"image\":{\"@type\":\"ImageObject\",\"inLanguage\":\"es\",\"@id\":\"https:\\\/\\\/secure.gravatar.com\\\/avatar\\\/da212e7b532df19fd2aea5daf46d8c176abfc85521e4b80ed435d7426ef63eb6?s=96&d=mm&r=g\",\"url\":\"https:\\\/\\\/secure.gravatar.com\\\/avatar\\\/da212e7b532df19fd2aea5daf46d8c176abfc85521e4b80ed435d7426ef63eb6?s=96&d=mm&r=g\",\"contentUrl\":\"https:\\\/\\\/secure.gravatar.com\\\/avatar\\\/da212e7b532df19fd2aea5daf46d8c176abfc85521e4b80ed435d7426ef63eb6?s=96&d=mm&r=g\",\"caption\":\"telocuentavictorhugo.com\"},\"sameAs\":[\"http:\\\/\\\/telocuentavictorhugo.com\"],\"url\":\"https:\\\/\\\/telocuentavictorhugo.com\\\/index.php\\\/author\\\/plustvpress-com\\\/\"}]}<\/script>\n<!-- \/ Yoast SEO plugin. -->","yoast_head_json":{"title":"EL ACEITE \u201cSABOR CASERO\u201d DESDE SAN JULI\u00c1N - Te lo Cuenta Victor","robots":{"index":"index","follow":"follow","max-snippet":"max-snippet:-1","max-image-preview":"max-image-preview:large","max-video-preview":"max-video-preview:-1"},"canonical":"https:\/\/telocuentavictorhugo.com\/index.php\/2025\/06\/09\/el-aceite-sabor-casero-desde-san-julian\/","og_locale":"es_ES","og_type":"article","og_title":"EL ACEITE \u201cSABOR CASERO\u201d DESDE SAN JULI\u00c1N - Te lo Cuenta Victor","og_description":"Aceite \u201cSabor Casero\u201d, producido en San Juli\u00e1n, costar\u00e1 13\u202fbolivianos por litro a granel y 14\u202fen envase. Ser\u00e1 distribuido por EMPA en todo el pa\u00eds, ofreciendo calidad nacional accesible para familias bolivianas.","og_url":"https:\/\/telocuentavictorhugo.com\/index.php\/2025\/06\/09\/el-aceite-sabor-casero-desde-san-julian\/","og_site_name":"Te lo Cuenta Victor","article_published_time":"2025-06-10T02:56:32+00:00","article_modified_time":"2025-06-10T02:56:34+00:00","og_image":[{"width":1920,"height":1080,"url":"http:\/\/telocuentavictorhugo.com\/wp-content\/uploads\/2025\/06\/8.-NUEVO-ACEITE.png","type":"image\/png"}],"author":"telocuentavictorhugo.com","twitter_card":"summary_large_image","twitter_misc":{"Escrito por":"telocuentavictorhugo.com","Tiempo de lectura":"2 minutos"},"schema":{"@context":"https:\/\/schema.org","@graph":[{"@type":"Article","@id":"https:\/\/telocuentavictorhugo.com\/index.php\/2025\/06\/09\/el-aceite-sabor-casero-desde-san-julian\/#article","isPartOf":{"@id":"https:\/\/telocuentavictorhugo.com\/index.php\/2025\/06\/09\/el-aceite-sabor-casero-desde-san-julian\/"},"author":{"name":"telocuentavictorhugo.com","@id":"https:\/\/telocuentavictorhugo.com\/#\/schema\/person\/a8307d7271ba2849b49b562ad8602f06"},"headline":"EL ACEITE \u201cSABOR CASERO\u201d DESDE SAN JULI\u00c1N","datePublished":"2025-06-10T02:56:32+00:00","dateModified":"2025-06-10T02:56:34+00:00","mainEntityOfPage":{"@id":"https:\/\/telocuentavictorhugo.com\/index.php\/2025\/06\/09\/el-aceite-sabor-casero-desde-san-julian\/"},"wordCount":180,"commentCount":0,"publisher":{"@id":"https:\/\/telocuentavictorhugo.com\/#organization"},"image":{"@id":"https:\/\/telocuentavictorhugo.com\/index.php\/2025\/06\/09\/el-aceite-sabor-casero-desde-san-julian\/#primaryimage"},"thumbnailUrl":"https:\/\/telocuentavictorhugo.com\/wp-content\/uploads\/2025\/06\/8.-NUEVO-ACEITE.png","articleSection":["Sociedad","\u00daltimas Noticias"],"inLanguage":"es","potentialAction":[{"@type":"CommentAction","name":"Comment","target":["https:\/\/telocuentavictorhugo.com\/index.php\/2025\/06\/09\/el-aceite-sabor-casero-desde-san-julian\/#respond"]}]},{"@type":"WebPage","@id":"https:\/\/telocuentavictorhugo.com\/index.php\/2025\/06\/09\/el-aceite-sabor-casero-desde-san-julian\/","url":"https:\/\/telocuentavictorhugo.com\/index.php\/2025\/06\/09\/el-aceite-sabor-casero-desde-san-julian\/","name":"EL ACEITE \u201cSABOR CASERO\u201d DESDE SAN JULI\u00c1N - Te lo Cuenta Victor","isPartOf":{"@id":"https:\/\/telocuentavictorhugo.com\/#website"},"primaryImageOfPage":{"@id":"https:\/\/telocuentavictorhugo.com\/index.php\/2025\/06\/09\/el-aceite-sabor-casero-desde-san-julian\/#primaryimage"},"image":{"@id":"https:\/\/telocuentavictorhugo.com\/index.php\/2025\/06\/09\/el-aceite-sabor-casero-desde-san-julian\/#primaryimage"},"thumbnailUrl":"https:\/\/telocuentavictorhugo.com\/wp-content\/uploads\/2025\/06\/8.-NUEVO-ACEITE.png","datePublished":"2025-06-10T02:56:32+00:00","dateModified":"2025-06-10T02:56:34+00:00","breadcrumb":{"@id":"https:\/\/telocuentavictorhugo.com\/index.php\/2025\/06\/09\/el-aceite-sabor-casero-desde-san-julian\/#breadcrumb"},"inLanguage":"es","potentialAction":[{"@type":"ReadAction","target":["https:\/\/telocuentavictorhugo.com\/index.php\/2025\/06\/09\/el-aceite-sabor-casero-desde-san-julian\/"]}]},{"@type":"ImageObject","inLanguage":"es","@id":"https:\/\/telocuentavictorhugo.com\/index.php\/2025\/06\/09\/el-aceite-sabor-casero-desde-san-julian\/#primaryimage","url":"https:\/\/telocuentavictorhugo.com\/wp-content\/uploads\/2025\/06\/8.-NUEVO-ACEITE.png","contentUrl":"https:\/\/telocuentavictorhugo.com\/wp-content\/uploads\/2025\/06\/8.-NUEVO-ACEITE.png","width":1920,"height":1080},{"@type":"BreadcrumbList","@id":"https:\/\/telocuentavictorhugo.com\/index.php\/2025\/06\/09\/el-aceite-sabor-casero-desde-san-julian\/#breadcrumb","itemListElement":[{"@type":"ListItem","position":1,"name":"Portada","item":"https:\/\/telocuentavictorhugo.com\/"},{"@type":"ListItem","position":2,"name":"EL ACEITE \u201cSABOR CASERO\u201d DESDE SAN JULI\u00c1N"}]},{"@type":"WebSite","@id":"https:\/\/telocuentavictorhugo.com\/#website","url":"https:\/\/telocuentavictorhugo.com\/","name":"Te lo Cuenta Victor","description":"","publisher":{"@id":"https:\/\/telocuentavictorhugo.com\/#organization"},"potentialAction":[{"@type":"SearchAction","target":{"@type":"EntryPoint","urlTemplate":"https:\/\/telocuentavictorhugo.com\/?s={search_term_string}"},"query-input":{"@type":"PropertyValueSpecification","valueRequired":true,"valueName":"search_term_string"}}],"inLanguage":"es"},{"@type":"Organization","@id":"https:\/\/telocuentavictorhugo.com\/#organization","name":"Te lo Cuenta Victor","url":"https:\/\/telocuentavictorhugo.com\/","logo":{"@type":"ImageObject","inLanguage":"es","@id":"https:\/\/telocuentavictorhugo.com\/#\/schema\/logo\/image\/","url":"https:\/\/telocuentavictorhugo.com\/wp-content\/uploads\/2023\/12\/Logo.png","contentUrl":"https:\/\/telocuentavictorhugo.com\/wp-content\/uploads\/2023\/12\/Logo.png","width":1080,"height":176,"caption":"Te lo Cuenta Victor"},"image":{"@id":"https:\/\/telocuentavictorhugo.com\/#\/schema\/logo\/image\/"}},{"@type":"Person","@id":"https:\/\/telocuentavictorhugo.com\/#\/schema\/person\/a8307d7271ba2849b49b562ad8602f06","name":"telocuentavictorhugo.com","image":{"@type":"ImageObject","inLanguage":"es","@id":"https:\/\/secure.gravatar.com\/avatar\/da212e7b532df19fd2aea5daf46d8c176abfc85521e4b80ed435d7426ef63eb6?s=96&d=mm&r=g","url":"https:\/\/secure.gravatar.com\/avatar\/da212e7b532df19fd2aea5daf46d8c176abfc85521e4b80ed435d7426ef63eb6?s=96&d=mm&r=g","contentUrl":"https:\/\/secure.gravatar.com\/avatar\/da212e7b532df19fd2aea5daf46d8c176abfc85521e4b80ed435d7426ef63eb6?s=96&d=mm&r=g","caption":"telocuentavictorhugo.com"},"sameAs":["http:\/\/telocuentavictorhugo.com"],"url":"https:\/\/telocuentavictorhugo.com\/index.php\/author\/plustvpress-com\/"}]}},"_links":{"self":[{"href":"https:\/\/telocuentavictorhugo.com\/index.php\/wp-json\/wp\/v2\/posts\/8271","targetHints":{"allow":["GET"]}}],"collection":[{"href":"https:\/\/telocuentavictorhugo.com\/index.php\/wp-json\/wp\/v2\/posts"}],"about":[{"href":"https:\/\/telocuentavictorhugo.com\/index.php\/wp-json\/wp\/v2\/types\/post"}],"author":[{"embeddable":true,"href":"https:\/\/telocuentavictorhugo.com\/index.php\/wp-json\/wp\/v2\/users\/1"}],"replies":[{"embeddable":true,"href":"https:\/\/telocuentavictorhugo.com\/index.php\/wp-json\/wp\/v2\/comments?post=8271"}],"version-history":[{"count":1,"href":"https:\/\/telocuentavictorhugo.com\/index.php\/wp-json\/wp\/v2\/posts\/8271\/revisions"}],"predecessor-version":[{"id":8273,"href":"https:\/\/telocuentavictorhugo.com\/index.php\/wp-json\/wp\/v2\/posts\/8271\/revisions\/8273"}],"wp:featuredmedia":[{"embeddable":true,"href":"https:\/\/telocuentavictorhugo.com\/index.php\/wp-json\/wp\/v2\/media\/8272"}],"wp:attachment":[{"href":"https:\/\/telocuentavictorhugo.com\/index.php\/wp-json\/wp\/v2\/media?parent=8271"}],"wp:term":[{"taxonomy":"category","embeddable":true,"href":"https:\/\/telocuentavictorhugo.com\/index.php\/wp-json\/wp\/v2\/categories?post=8271"},{"taxonomy":"post_tag","embeddable":true,"href":"https:\/\/telocuentavictorhugo.com\/index.php\/wp-json\/wp\/v2\/tags?post=8271"}],"curies":[{"name":"wp","href":"https:\/\/api.w.org\/{rel}","templated":true}]}}