{"id":8268,"date":"2025-06-09T22:53:04","date_gmt":"2025-06-10T02:53:04","guid":{"rendered":"https:\/\/telocuentavictorhugo.com\/?p=8268"},"modified":"2025-06-09T22:53:06","modified_gmt":"2025-06-10T02:53:06","slug":"10-mil-camiones-parados","status":"publish","type":"post","link":"https:\/\/telocuentavictorhugo.com\/index.php\/2025\/06\/09\/10-mil-camiones-parados\/","title":{"rendered":"10 MIL CAMIONES PARADOS"},"content":{"rendered":"\n<p>Ver video aqui\u0301:\u00a0\ud83d\udc49\ud83c\udffb\ud83d\udcf9\u23ef<a href=\"https:\/\/youtu.be\/eK7Zxel64j0\">https:\/\/youtu.be\/eK7Zxel64j0<\/a><\/p>\n\n\n\n<p>Al menos <strong>10\u202f000 camiones de carga<\/strong> contin\u00faan detenidos en diversas rutas de Bolivia debido a bloqueos organizados por sectores afines al MAS, seg\u00fan denuncian los transportistas. Estas protestas han afectado gravemente la circulaci\u00f3n de mercanc\u00edas, generando p\u00e9rdidas millonarias y multas de hasta 2\u202f000\u202fbolivianos por contenedor parado <\/p>\n\n\n\n<p>Conductores aseguran que la falta de acceso a alimentos, agua y servicios b\u00e1sicos agrava la situaci\u00f3n, especialmente en zonas como La Cumbre, donde las largas filas se prolongan por varios d\u00edas en condiciones adversas <\/p>\n\n\n\n<p>Frente a esta crisis, el sector pide <strong>intervenci\u00f3n policial inmediata<\/strong> para desbloquear las rutas y garantizar el libre tr\u00e1nsito. Asimismo, exigen la presencia del Ministerio de Gobierno y representantes de Derechos Humanos, con el fin de evitar confrontaciones y restablecer la normalidad<\/p>\n\n\n\n<p>En respuesta, se ha activado un operativo conjunto entre la Polic\u00eda y las FFAA, en lugares clave como Parotani (Cochabamba), para levantar al menos 29 puntos de bloqueo y reactivar el flujo vehicular <\/p>\n\n\n\n<p>Mientras tanto, transportistas y gremiales advierten que los bloqueos tienen origen pol\u00edtico y reiteran que la econom\u00eda nacional, especialmente comercio y abastecimiento, sufre un fuerte impacto<\/p>\n\n\n\n<p><\/p>\n\n\n\n<figure class=\"wp-block-image size-large\"><img fetchpriority=\"high\" decoding=\"async\" width=\"1024\" height=\"576\" src=\"https:\/\/telocuentavictorhugo.com\/wp-content\/uploads\/2025\/06\/7.-CAMIONES-PERJUDICADOS-1024x576.png\" alt=\"\" class=\"wp-image-8269\" srcset=\"https:\/\/telocuentavictorhugo.com\/wp-content\/uploads\/2025\/06\/7.-CAMIONES-PERJUDICADOS-1024x576.png 1024w, https:\/\/telocuentavictorhugo.com\/wp-content\/uploads\/2025\/06\/7.-CAMIONES-PERJUDICADOS-300x169.png 300w, https:\/\/telocuentavictorhugo.com\/wp-content\/uploads\/2025\/06\/7.-CAMIONES-PERJUDICADOS-768x432.png 768w, https:\/\/telocuentavictorhugo.com\/wp-content\/uploads\/2025\/06\/7.-CAMIONES-PERJUDICADOS-1536x864.png 1536w, https:\/\/telocuentavictorhugo.com\/wp-content\/uploads\/2025\/06\/7.-CAMIONES-PERJUDICADOS-570x321.png 570w, https:\/\/telocuentavictorhugo.com\/wp-content\/uploads\/2025\/06\/7.-CAMIONES-PERJUDICADOS-270x152.png 270w, https:\/\/telocuentavictorhugo.com\/wp-content\/uploads\/2025\/06\/7.-CAMIONES-PERJUDICADOS-600x338.png 600w, https:\/\/telocuentavictorhugo.com\/wp-content\/uploads\/2025\/06\/7.-CAMIONES-PERJUDICADOS.png 1920w\" sizes=\"(max-width: 1024px) 100vw, 1024px\" \/><\/figure>\n\n\n\n<p><\/p>\n\n\n\n<p><\/p>\n\n\n\n<p>Ver video aqui\u0301:\u00a0\ud83d\udc49\ud83c\udffb\ud83d\udcf9\u23ef<a href=\"https:\/\/youtu.be\/eK7Zxel64j0\">https:\/\/youtu.be\/eK7Zxel64j0<\/a><\/p>\n","protected":false},"excerpt":{"rendered":"<p>Al menos 10\u202f000 camiones de carga enfrentan p\u00e9rdidas en Bolivia debido a bloqueos en rutas principales. Transportistas, apoyados por empresas privadas, exigen inmediata intervenci\u00f3n policial y garant\u00eda del libre tr\u00e1nsito para reactivar el transporte.<\/p>\n","protected":false},"author":1,"featured_media":8269,"comment_status":"open","ping_status":"open","sticky":false,"template":"","format":"standard","meta":{"_eb_attr":"","footnotes":""},"categories":[44,25],"tags":[],"class_list":["post-8268","post","type-post","status-publish","format-standard","has-post-thumbnail","hentry","category-sociedad","category-ultimas-noticias"],"yoast_head":"<!-- This site is optimized with the Yoast SEO plugin v27.4 - https:\/\/yoast.com\/product\/yoast-seo-wordpress\/ -->\n<title>10 MIL CAMIONES PARADOS - Te lo Cuenta Victor<\/title>\n<meta name=\"robots\" content=\"index, follow, max-snippet:-1, max-image-preview:large, max-video-preview:-1\" \/>\n<link rel=\"canonical\" href=\"https:\/\/telocuentavictorhugo.com\/index.php\/2025\/06\/09\/10-mil-camiones-parados\/\" \/>\n<meta property=\"og:locale\" content=\"es_ES\" \/>\n<meta property=\"og:type\" content=\"article\" \/>\n<meta property=\"og:title\" content=\"10 MIL CAMIONES PARADOS - Te lo Cuenta Victor\" \/>\n<meta property=\"og:description\" content=\"Al menos 10\u202f000 camiones de carga enfrentan p\u00e9rdidas en Bolivia debido a bloqueos en rutas principales. Transportistas, apoyados por empresas privadas, exigen inmediata intervenci\u00f3n policial y garant\u00eda del libre tr\u00e1nsito para reactivar el transporte.\" \/>\n<meta property=\"og:url\" content=\"https:\/\/telocuentavictorhugo.com\/index.php\/2025\/06\/09\/10-mil-camiones-parados\/\" \/>\n<meta property=\"og:site_name\" content=\"Te lo Cuenta Victor\" \/>\n<meta property=\"article:published_time\" content=\"2025-06-10T02:53:04+00:00\" \/>\n<meta property=\"article:modified_time\" content=\"2025-06-10T02:53:06+00:00\" \/>\n<meta property=\"og:image\" content=\"http:\/\/telocuentavictorhugo.com\/wp-content\/uploads\/2025\/06\/7.-CAMIONES-PERJUDICADOS.png\" \/>\n\t<meta property=\"og:image:width\" content=\"1920\" \/>\n\t<meta property=\"og:image:height\" content=\"1080\" \/>\n\t<meta property=\"og:image:type\" content=\"image\/png\" \/>\n<meta name=\"author\" content=\"telocuentavictorhugo.com\" \/>\n<meta name=\"twitter:card\" content=\"summary_large_image\" \/>\n<meta name=\"twitter:label1\" content=\"Escrito por\" \/>\n\t<meta name=\"twitter:data1\" content=\"telocuentavictorhugo.com\" \/>\n\t<meta name=\"twitter:label2\" content=\"Tiempo de lectura\" \/>\n\t<meta name=\"twitter:data2\" content=\"2 minutos\" \/>\n<script type=\"application\/ld+json\" class=\"yoast-schema-graph\">{\"@context\":\"https:\\\/\\\/schema.org\",\"@graph\":[{\"@type\":\"Article\",\"@id\":\"https:\\\/\\\/telocuentavictorhugo.com\\\/index.php\\\/2025\\\/06\\\/09\\\/10-mil-camiones-parados\\\/#article\",\"isPartOf\":{\"@id\":\"https:\\\/\\\/telocuentavictorhugo.com\\\/index.php\\\/2025\\\/06\\\/09\\\/10-mil-camiones-parados\\\/\"},\"author\":{\"name\":\"telocuentavictorhugo.com\",\"@id\":\"https:\\\/\\\/telocuentavictorhugo.com\\\/#\\\/schema\\\/person\\\/a8307d7271ba2849b49b562ad8602f06\"},\"headline\":\"10 MIL CAMIONES PARADOS\",\"datePublished\":\"2025-06-10T02:53:04+00:00\",\"dateModified\":\"2025-06-10T02:53:06+00:00\",\"mainEntityOfPage\":{\"@id\":\"https:\\\/\\\/telocuentavictorhugo.com\\\/index.php\\\/2025\\\/06\\\/09\\\/10-mil-camiones-parados\\\/\"},\"wordCount\":213,\"commentCount\":0,\"publisher\":{\"@id\":\"https:\\\/\\\/telocuentavictorhugo.com\\\/#organization\"},\"image\":{\"@id\":\"https:\\\/\\\/telocuentavictorhugo.com\\\/index.php\\\/2025\\\/06\\\/09\\\/10-mil-camiones-parados\\\/#primaryimage\"},\"thumbnailUrl\":\"https:\\\/\\\/telocuentavictorhugo.com\\\/wp-content\\\/uploads\\\/2025\\\/06\\\/7.-CAMIONES-PERJUDICADOS.png\",\"articleSection\":[\"Sociedad\",\"\u00daltimas Noticias\"],\"inLanguage\":\"es\",\"potentialAction\":[{\"@type\":\"CommentAction\",\"name\":\"Comment\",\"target\":[\"https:\\\/\\\/telocuentavictorhugo.com\\\/index.php\\\/2025\\\/06\\\/09\\\/10-mil-camiones-parados\\\/#respond\"]}]},{\"@type\":\"WebPage\",\"@id\":\"https:\\\/\\\/telocuentavictorhugo.com\\\/index.php\\\/2025\\\/06\\\/09\\\/10-mil-camiones-parados\\\/\",\"url\":\"https:\\\/\\\/telocuentavictorhugo.com\\\/index.php\\\/2025\\\/06\\\/09\\\/10-mil-camiones-parados\\\/\",\"name\":\"10 MIL CAMIONES PARADOS - Te lo Cuenta Victor\",\"isPartOf\":{\"@id\":\"https:\\\/\\\/telocuentavictorhugo.com\\\/#website\"},\"primaryImageOfPage\":{\"@id\":\"https:\\\/\\\/telocuentavictorhugo.com\\\/index.php\\\/2025\\\/06\\\/09\\\/10-mil-camiones-parados\\\/#primaryimage\"},\"image\":{\"@id\":\"https:\\\/\\\/telocuentavictorhugo.com\\\/index.php\\\/2025\\\/06\\\/09\\\/10-mil-camiones-parados\\\/#primaryimage\"},\"thumbnailUrl\":\"https:\\\/\\\/telocuentavictorhugo.com\\\/wp-content\\\/uploads\\\/2025\\\/06\\\/7.-CAMIONES-PERJUDICADOS.png\",\"datePublished\":\"2025-06-10T02:53:04+00:00\",\"dateModified\":\"2025-06-10T02:53:06+00:00\",\"breadcrumb\":{\"@id\":\"https:\\\/\\\/telocuentavictorhugo.com\\\/index.php\\\/2025\\\/06\\\/09\\\/10-mil-camiones-parados\\\/#breadcrumb\"},\"inLanguage\":\"es\",\"potentialAction\":[{\"@type\":\"ReadAction\",\"target\":[\"https:\\\/\\\/telocuentavictorhugo.com\\\/index.php\\\/2025\\\/06\\\/09\\\/10-mil-camiones-parados\\\/\"]}]},{\"@type\":\"ImageObject\",\"inLanguage\":\"es\",\"@id\":\"https:\\\/\\\/telocuentavictorhugo.com\\\/index.php\\\/2025\\\/06\\\/09\\\/10-mil-camiones-parados\\\/#primaryimage\",\"url\":\"https:\\\/\\\/telocuentavictorhugo.com\\\/wp-content\\\/uploads\\\/2025\\\/06\\\/7.-CAMIONES-PERJUDICADOS.png\",\"contentUrl\":\"https:\\\/\\\/telocuentavictorhugo.com\\\/wp-content\\\/uploads\\\/2025\\\/06\\\/7.-CAMIONES-PERJUDICADOS.png\",\"width\":1920,\"height\":1080},{\"@type\":\"BreadcrumbList\",\"@id\":\"https:\\\/\\\/telocuentavictorhugo.com\\\/index.php\\\/2025\\\/06\\\/09\\\/10-mil-camiones-parados\\\/#breadcrumb\",\"itemListElement\":[{\"@type\":\"ListItem\",\"position\":1,\"name\":\"Portada\",\"item\":\"https:\\\/\\\/telocuentavictorhugo.com\\\/\"},{\"@type\":\"ListItem\",\"position\":2,\"name\":\"10 MIL CAMIONES PARADOS\"}]},{\"@type\":\"WebSite\",\"@id\":\"https:\\\/\\\/telocuentavictorhugo.com\\\/#website\",\"url\":\"https:\\\/\\\/telocuentavictorhugo.com\\\/\",\"name\":\"Te lo Cuenta Victor\",\"description\":\"\",\"publisher\":{\"@id\":\"https:\\\/\\\/telocuentavictorhugo.com\\\/#organization\"},\"potentialAction\":[{\"@type\":\"SearchAction\",\"target\":{\"@type\":\"EntryPoint\",\"urlTemplate\":\"https:\\\/\\\/telocuentavictorhugo.com\\\/?s={search_term_string}\"},\"query-input\":{\"@type\":\"PropertyValueSpecification\",\"valueRequired\":true,\"valueName\":\"search_term_string\"}}],\"inLanguage\":\"es\"},{\"@type\":\"Organization\",\"@id\":\"https:\\\/\\\/telocuentavictorhugo.com\\\/#organization\",\"name\":\"Te lo Cuenta Victor\",\"url\":\"https:\\\/\\\/telocuentavictorhugo.com\\\/\",\"logo\":{\"@type\":\"ImageObject\",\"inLanguage\":\"es\",\"@id\":\"https:\\\/\\\/telocuentavictorhugo.com\\\/#\\\/schema\\\/logo\\\/image\\\/\",\"url\":\"https:\\\/\\\/telocuentavictorhugo.com\\\/wp-content\\\/uploads\\\/2023\\\/12\\\/Logo.png\",\"contentUrl\":\"https:\\\/\\\/telocuentavictorhugo.com\\\/wp-content\\\/uploads\\\/2023\\\/12\\\/Logo.png\",\"width\":1080,\"height\":176,\"caption\":\"Te lo Cuenta Victor\"},\"image\":{\"@id\":\"https:\\\/\\\/telocuentavictorhugo.com\\\/#\\\/schema\\\/logo\\\/image\\\/\"}},{\"@type\":\"Person\",\"@id\":\"https:\\\/\\\/telocuentavictorhugo.com\\\/#\\\/schema\\\/person\\\/a8307d7271ba2849b49b562ad8602f06\",\"name\":\"telocuentavictorhugo.com\",\"image\":{\"@type\":\"ImageObject\",\"inLanguage\":\"es\",\"@id\":\"https:\\\/\\\/secure.gravatar.com\\\/avatar\\\/da212e7b532df19fd2aea5daf46d8c176abfc85521e4b80ed435d7426ef63eb6?s=96&d=mm&r=g\",\"url\":\"https:\\\/\\\/secure.gravatar.com\\\/avatar\\\/da212e7b532df19fd2aea5daf46d8c176abfc85521e4b80ed435d7426ef63eb6?s=96&d=mm&r=g\",\"contentUrl\":\"https:\\\/\\\/secure.gravatar.com\\\/avatar\\\/da212e7b532df19fd2aea5daf46d8c176abfc85521e4b80ed435d7426ef63eb6?s=96&d=mm&r=g\",\"caption\":\"telocuentavictorhugo.com\"},\"sameAs\":[\"http:\\\/\\\/telocuentavictorhugo.com\"],\"url\":\"https:\\\/\\\/telocuentavictorhugo.com\\\/index.php\\\/author\\\/plustvpress-com\\\/\"}]}<\/script>\n<!-- \/ Yoast SEO plugin. -->","yoast_head_json":{"title":"10 MIL CAMIONES PARADOS - Te lo Cuenta Victor","robots":{"index":"index","follow":"follow","max-snippet":"max-snippet:-1","max-image-preview":"max-image-preview:large","max-video-preview":"max-video-preview:-1"},"canonical":"https:\/\/telocuentavictorhugo.com\/index.php\/2025\/06\/09\/10-mil-camiones-parados\/","og_locale":"es_ES","og_type":"article","og_title":"10 MIL CAMIONES PARADOS - Te lo Cuenta Victor","og_description":"Al menos 10\u202f000 camiones de carga enfrentan p\u00e9rdidas en Bolivia debido a bloqueos en rutas principales. Transportistas, apoyados por empresas privadas, exigen inmediata intervenci\u00f3n policial y garant\u00eda del libre tr\u00e1nsito para reactivar el transporte.","og_url":"https:\/\/telocuentavictorhugo.com\/index.php\/2025\/06\/09\/10-mil-camiones-parados\/","og_site_name":"Te lo Cuenta Victor","article_published_time":"2025-06-10T02:53:04+00:00","article_modified_time":"2025-06-10T02:53:06+00:00","og_image":[{"width":1920,"height":1080,"url":"http:\/\/telocuentavictorhugo.com\/wp-content\/uploads\/2025\/06\/7.-CAMIONES-PERJUDICADOS.png","type":"image\/png"}],"author":"telocuentavictorhugo.com","twitter_card":"summary_large_image","twitter_misc":{"Escrito por":"telocuentavictorhugo.com","Tiempo de lectura":"2 minutos"},"schema":{"@context":"https:\/\/schema.org","@graph":[{"@type":"Article","@id":"https:\/\/telocuentavictorhugo.com\/index.php\/2025\/06\/09\/10-mil-camiones-parados\/#article","isPartOf":{"@id":"https:\/\/telocuentavictorhugo.com\/index.php\/2025\/06\/09\/10-mil-camiones-parados\/"},"author":{"name":"telocuentavictorhugo.com","@id":"https:\/\/telocuentavictorhugo.com\/#\/schema\/person\/a8307d7271ba2849b49b562ad8602f06"},"headline":"10 MIL CAMIONES PARADOS","datePublished":"2025-06-10T02:53:04+00:00","dateModified":"2025-06-10T02:53:06+00:00","mainEntityOfPage":{"@id":"https:\/\/telocuentavictorhugo.com\/index.php\/2025\/06\/09\/10-mil-camiones-parados\/"},"wordCount":213,"commentCount":0,"publisher":{"@id":"https:\/\/telocuentavictorhugo.com\/#organization"},"image":{"@id":"https:\/\/telocuentavictorhugo.com\/index.php\/2025\/06\/09\/10-mil-camiones-parados\/#primaryimage"},"thumbnailUrl":"https:\/\/telocuentavictorhugo.com\/wp-content\/uploads\/2025\/06\/7.-CAMIONES-PERJUDICADOS.png","articleSection":["Sociedad","\u00daltimas Noticias"],"inLanguage":"es","potentialAction":[{"@type":"CommentAction","name":"Comment","target":["https:\/\/telocuentavictorhugo.com\/index.php\/2025\/06\/09\/10-mil-camiones-parados\/#respond"]}]},{"@type":"WebPage","@id":"https:\/\/telocuentavictorhugo.com\/index.php\/2025\/06\/09\/10-mil-camiones-parados\/","url":"https:\/\/telocuentavictorhugo.com\/index.php\/2025\/06\/09\/10-mil-camiones-parados\/","name":"10 MIL CAMIONES PARADOS - Te lo Cuenta Victor","isPartOf":{"@id":"https:\/\/telocuentavictorhugo.com\/#website"},"primaryImageOfPage":{"@id":"https:\/\/telocuentavictorhugo.com\/index.php\/2025\/06\/09\/10-mil-camiones-parados\/#primaryimage"},"image":{"@id":"https:\/\/telocuentavictorhugo.com\/index.php\/2025\/06\/09\/10-mil-camiones-parados\/#primaryimage"},"thumbnailUrl":"https:\/\/telocuentavictorhugo.com\/wp-content\/uploads\/2025\/06\/7.-CAMIONES-PERJUDICADOS.png","datePublished":"2025-06-10T02:53:04+00:00","dateModified":"2025-06-10T02:53:06+00:00","breadcrumb":{"@id":"https:\/\/telocuentavictorhugo.com\/index.php\/2025\/06\/09\/10-mil-camiones-parados\/#breadcrumb"},"inLanguage":"es","potentialAction":[{"@type":"ReadAction","target":["https:\/\/telocuentavictorhugo.com\/index.php\/2025\/06\/09\/10-mil-camiones-parados\/"]}]},{"@type":"ImageObject","inLanguage":"es","@id":"https:\/\/telocuentavictorhugo.com\/index.php\/2025\/06\/09\/10-mil-camiones-parados\/#primaryimage","url":"https:\/\/telocuentavictorhugo.com\/wp-content\/uploads\/2025\/06\/7.-CAMIONES-PERJUDICADOS.png","contentUrl":"https:\/\/telocuentavictorhugo.com\/wp-content\/uploads\/2025\/06\/7.-CAMIONES-PERJUDICADOS.png","width":1920,"height":1080},{"@type":"BreadcrumbList","@id":"https:\/\/telocuentavictorhugo.com\/index.php\/2025\/06\/09\/10-mil-camiones-parados\/#breadcrumb","itemListElement":[{"@type":"ListItem","position":1,"name":"Portada","item":"https:\/\/telocuentavictorhugo.com\/"},{"@type":"ListItem","position":2,"name":"10 MIL CAMIONES PARADOS"}]},{"@type":"WebSite","@id":"https:\/\/telocuentavictorhugo.com\/#website","url":"https:\/\/telocuentavictorhugo.com\/","name":"Te lo Cuenta Victor","description":"","publisher":{"@id":"https:\/\/telocuentavictorhugo.com\/#organization"},"potentialAction":[{"@type":"SearchAction","target":{"@type":"EntryPoint","urlTemplate":"https:\/\/telocuentavictorhugo.com\/?s={search_term_string}"},"query-input":{"@type":"PropertyValueSpecification","valueRequired":true,"valueName":"search_term_string"}}],"inLanguage":"es"},{"@type":"Organization","@id":"https:\/\/telocuentavictorhugo.com\/#organization","name":"Te lo Cuenta Victor","url":"https:\/\/telocuentavictorhugo.com\/","logo":{"@type":"ImageObject","inLanguage":"es","@id":"https:\/\/telocuentavictorhugo.com\/#\/schema\/logo\/image\/","url":"https:\/\/telocuentavictorhugo.com\/wp-content\/uploads\/2023\/12\/Logo.png","contentUrl":"https:\/\/telocuentavictorhugo.com\/wp-content\/uploads\/2023\/12\/Logo.png","width":1080,"height":176,"caption":"Te lo Cuenta Victor"},"image":{"@id":"https:\/\/telocuentavictorhugo.com\/#\/schema\/logo\/image\/"}},{"@type":"Person","@id":"https:\/\/telocuentavictorhugo.com\/#\/schema\/person\/a8307d7271ba2849b49b562ad8602f06","name":"telocuentavictorhugo.com","image":{"@type":"ImageObject","inLanguage":"es","@id":"https:\/\/secure.gravatar.com\/avatar\/da212e7b532df19fd2aea5daf46d8c176abfc85521e4b80ed435d7426ef63eb6?s=96&d=mm&r=g","url":"https:\/\/secure.gravatar.com\/avatar\/da212e7b532df19fd2aea5daf46d8c176abfc85521e4b80ed435d7426ef63eb6?s=96&d=mm&r=g","contentUrl":"https:\/\/secure.gravatar.com\/avatar\/da212e7b532df19fd2aea5daf46d8c176abfc85521e4b80ed435d7426ef63eb6?s=96&d=mm&r=g","caption":"telocuentavictorhugo.com"},"sameAs":["http:\/\/telocuentavictorhugo.com"],"url":"https:\/\/telocuentavictorhugo.com\/index.php\/author\/plustvpress-com\/"}]}},"_links":{"self":[{"href":"https:\/\/telocuentavictorhugo.com\/index.php\/wp-json\/wp\/v2\/posts\/8268","targetHints":{"allow":["GET"]}}],"collection":[{"href":"https:\/\/telocuentavictorhugo.com\/index.php\/wp-json\/wp\/v2\/posts"}],"about":[{"href":"https:\/\/telocuentavictorhugo.com\/index.php\/wp-json\/wp\/v2\/types\/post"}],"author":[{"embeddable":true,"href":"https:\/\/telocuentavictorhugo.com\/index.php\/wp-json\/wp\/v2\/users\/1"}],"replies":[{"embeddable":true,"href":"https:\/\/telocuentavictorhugo.com\/index.php\/wp-json\/wp\/v2\/comments?post=8268"}],"version-history":[{"count":1,"href":"https:\/\/telocuentavictorhugo.com\/index.php\/wp-json\/wp\/v2\/posts\/8268\/revisions"}],"predecessor-version":[{"id":8270,"href":"https:\/\/telocuentavictorhugo.com\/index.php\/wp-json\/wp\/v2\/posts\/8268\/revisions\/8270"}],"wp:featuredmedia":[{"embeddable":true,"href":"https:\/\/telocuentavictorhugo.com\/index.php\/wp-json\/wp\/v2\/media\/8269"}],"wp:attachment":[{"href":"https:\/\/telocuentavictorhugo.com\/index.php\/wp-json\/wp\/v2\/media?parent=8268"}],"wp:term":[{"taxonomy":"category","embeddable":true,"href":"https:\/\/telocuentavictorhugo.com\/index.php\/wp-json\/wp\/v2\/categories?post=8268"},{"taxonomy":"post_tag","embeddable":true,"href":"https:\/\/telocuentavictorhugo.com\/index.php\/wp-json\/wp\/v2\/tags?post=8268"}],"curies":[{"name":"wp","href":"https:\/\/api.w.org\/{rel}","templated":true}]}}