{"id":8265,"date":"2025-06-07T12:20:33","date_gmt":"2025-06-07T16:20:33","guid":{"rendered":"https:\/\/telocuentavictorhugo.com\/?p=8265"},"modified":"2025-06-07T12:20:34","modified_gmt":"2025-06-07T16:20:34","slug":"no-es-una-maleta-es-una-vida-boa-pierde-a-una-pasajera-de-la-tercera-edad-en-viru-viru","status":"publish","type":"post","link":"https:\/\/telocuentavictorhugo.com\/index.php\/2025\/06\/07\/no-es-una-maleta-es-una-vida-boa-pierde-a-una-pasajera-de-la-tercera-edad-en-viru-viru\/","title":{"rendered":"\u201c\u00a1NO ES UNA MALETA, ES UNA VIDA!\u201d: BOA PIERDE A UNA PASAJERA DE LA TERCERA EDAD EN VIRU VIRU."},"content":{"rendered":"\n<p><strong>Ver video aqu\u00ed:\u00a0\ud83d\udc49\ud83c\udffb\ud83d\udcf9\u23ef<\/strong><a href=\"https:\/\/youtu.be\/-KwWvGxQTQM\">https:\/\/youtu.be\/-KwWvGxQTQM<\/a><\/p>\n\n\n\n<p>La aerol\u00ednea Boliviana de Aviaci\u00f3n (BOA) se encuentra en el centro de una grave denuncia tras perder a una pasajera de la tercera edad en el aeropuerto internacional de Viru Viru.<\/p>\n\n\n\n<p>La se\u00f1ora Delia Uriona Schneider, quien viajaba desde Madrid con destino final a Cochabamba, fue embarcada con el servicio pagado de asistencia personal, que deb\u00eda garantizar su acompa\u00f1amiento hasta ser entregada a sus familiares. Sin embargo, durante la escala en Santa Cruz, BOA perdi\u00f3 contacto con la pasajera y desde entonces se desconoce su paradero.<\/p>\n\n\n\n<p>Familiares se encuentran desesperados y han iniciado su b\u00fasqueda en coordinaci\u00f3n con las autoridades. Consideran inaceptable que la l\u00ednea bandera del pa\u00eds haya incurrido en un error de esta magnitud, que pone en riesgo la vida de una persona vulnerable.<\/p>\n\n\n\n<p>Este no es un simple descuido; es una falla grave en la seguridad y responsabilidad de la empresa.<br><strong>Cualquier informaci\u00f3n debe comunicarse al 110.<\/strong><\/p>\n\n\n\n<figure class=\"wp-block-image size-large\"><img fetchpriority=\"high\" decoding=\"async\" width=\"1024\" height=\"1024\" src=\"https:\/\/telocuentavictorhugo.com\/wp-content\/uploads\/2025\/06\/Imagen-de-WhatsApp-2025-06-06-a-las-21.22.22_feeb596b-1024x1024.jpg\" alt=\"\" class=\"wp-image-8266\" srcset=\"https:\/\/telocuentavictorhugo.com\/wp-content\/uploads\/2025\/06\/Imagen-de-WhatsApp-2025-06-06-a-las-21.22.22_feeb596b-1024x1024.jpg 1024w, https:\/\/telocuentavictorhugo.com\/wp-content\/uploads\/2025\/06\/Imagen-de-WhatsApp-2025-06-06-a-las-21.22.22_feeb596b-300x300.jpg 300w, https:\/\/telocuentavictorhugo.com\/wp-content\/uploads\/2025\/06\/Imagen-de-WhatsApp-2025-06-06-a-las-21.22.22_feeb596b-150x150.jpg 150w, https:\/\/telocuentavictorhugo.com\/wp-content\/uploads\/2025\/06\/Imagen-de-WhatsApp-2025-06-06-a-las-21.22.22_feeb596b-768x768.jpg 768w, https:\/\/telocuentavictorhugo.com\/wp-content\/uploads\/2025\/06\/Imagen-de-WhatsApp-2025-06-06-a-las-21.22.22_feeb596b-330x330.jpg 330w, https:\/\/telocuentavictorhugo.com\/wp-content\/uploads\/2025\/06\/Imagen-de-WhatsApp-2025-06-06-a-las-21.22.22_feeb596b-180x180.jpg 180w, https:\/\/telocuentavictorhugo.com\/wp-content\/uploads\/2025\/06\/Imagen-de-WhatsApp-2025-06-06-a-las-21.22.22_feeb596b-650x650.jpg 650w, https:\/\/telocuentavictorhugo.com\/wp-content\/uploads\/2025\/06\/Imagen-de-WhatsApp-2025-06-06-a-las-21.22.22_feeb596b-600x600.jpg 600w, https:\/\/telocuentavictorhugo.com\/wp-content\/uploads\/2025\/06\/Imagen-de-WhatsApp-2025-06-06-a-las-21.22.22_feeb596b-100x100.jpg 100w, https:\/\/telocuentavictorhugo.com\/wp-content\/uploads\/2025\/06\/Imagen-de-WhatsApp-2025-06-06-a-las-21.22.22_feeb596b.jpg 1080w\" sizes=\"(max-width: 1024px) 100vw, 1024px\" \/><\/figure>\n\n\n\n<p><strong>Ver video aqu\u00ed:\u00a0\ud83d\udc49\ud83c\udffb\ud83d\udcf9\u23ef<\/strong><a href=\"https:\/\/youtu.be\/-KwWvGxQTQM\">https:\/\/youtu.be\/-KwWvGxQTQM<\/a><\/p>\n","protected":false},"excerpt":{"rendered":"<p>BOA extravi\u00f3 a una pasajera de la tercera edad en Viru Viru. Viajaba con asistencia desde Madrid a Cochabamba. Familiares buscan desesperadamente a Delia Uriona. Cualquier informaci\u00f3n, llamar al 110.<\/p>\n","protected":false},"author":1,"featured_media":8266,"comment_status":"open","ping_status":"open","sticky":false,"template":"","format":"standard","meta":{"_eb_attr":"","footnotes":""},"categories":[44,25],"tags":[],"class_list":["post-8265","post","type-post","status-publish","format-standard","has-post-thumbnail","hentry","category-sociedad","category-ultimas-noticias"],"yoast_head":"<!-- This site is optimized with the Yoast SEO plugin v27.4 - https:\/\/yoast.com\/product\/yoast-seo-wordpress\/ -->\n<title>\u201c\u00a1NO ES UNA MALETA, ES UNA VIDA!\u201d: BOA PIERDE A UNA PASAJERA DE LA TERCERA EDAD EN VIRU VIRU. - Te lo Cuenta Victor<\/title>\n<meta name=\"robots\" content=\"index, follow, max-snippet:-1, max-image-preview:large, max-video-preview:-1\" \/>\n<link rel=\"canonical\" href=\"https:\/\/telocuentavictorhugo.com\/index.php\/2025\/06\/07\/no-es-una-maleta-es-una-vida-boa-pierde-a-una-pasajera-de-la-tercera-edad-en-viru-viru\/\" \/>\n<meta property=\"og:locale\" content=\"es_ES\" \/>\n<meta property=\"og:type\" content=\"article\" \/>\n<meta property=\"og:title\" content=\"\u201c\u00a1NO ES UNA MALETA, ES UNA VIDA!\u201d: BOA PIERDE A UNA PASAJERA DE LA TERCERA EDAD EN VIRU VIRU. - Te lo Cuenta Victor\" \/>\n<meta property=\"og:description\" content=\"BOA extravi\u00f3 a una pasajera de la tercera edad en Viru Viru. Viajaba con asistencia desde Madrid a Cochabamba. Familiares buscan desesperadamente a Delia Uriona. Cualquier informaci\u00f3n, llamar al 110.\" \/>\n<meta property=\"og:url\" content=\"https:\/\/telocuentavictorhugo.com\/index.php\/2025\/06\/07\/no-es-una-maleta-es-una-vida-boa-pierde-a-una-pasajera-de-la-tercera-edad-en-viru-viru\/\" \/>\n<meta property=\"og:site_name\" content=\"Te lo Cuenta Victor\" \/>\n<meta property=\"article:published_time\" content=\"2025-06-07T16:20:33+00:00\" \/>\n<meta property=\"article:modified_time\" content=\"2025-06-07T16:20:34+00:00\" \/>\n<meta property=\"og:image\" content=\"http:\/\/telocuentavictorhugo.com\/wp-content\/uploads\/2025\/06\/Imagen-de-WhatsApp-2025-06-06-a-las-21.22.22_feeb596b.jpg\" \/>\n\t<meta property=\"og:image:width\" content=\"1080\" \/>\n\t<meta property=\"og:image:height\" content=\"1080\" \/>\n\t<meta property=\"og:image:type\" content=\"image\/jpeg\" \/>\n<meta name=\"author\" content=\"telocuentavictorhugo.com\" \/>\n<meta name=\"twitter:card\" content=\"summary_large_image\" \/>\n<meta name=\"twitter:label1\" content=\"Escrito por\" \/>\n\t<meta name=\"twitter:data1\" content=\"telocuentavictorhugo.com\" \/>\n\t<meta name=\"twitter:label2\" content=\"Tiempo de lectura\" \/>\n\t<meta name=\"twitter:data2\" content=\"2 minutos\" \/>\n<script type=\"application\/ld+json\" class=\"yoast-schema-graph\">{\"@context\":\"https:\\\/\\\/schema.org\",\"@graph\":[{\"@type\":\"Article\",\"@id\":\"https:\\\/\\\/telocuentavictorhugo.com\\\/index.php\\\/2025\\\/06\\\/07\\\/no-es-una-maleta-es-una-vida-boa-pierde-a-una-pasajera-de-la-tercera-edad-en-viru-viru\\\/#article\",\"isPartOf\":{\"@id\":\"https:\\\/\\\/telocuentavictorhugo.com\\\/index.php\\\/2025\\\/06\\\/07\\\/no-es-una-maleta-es-una-vida-boa-pierde-a-una-pasajera-de-la-tercera-edad-en-viru-viru\\\/\"},\"author\":{\"name\":\"telocuentavictorhugo.com\",\"@id\":\"https:\\\/\\\/telocuentavictorhugo.com\\\/#\\\/schema\\\/person\\\/a8307d7271ba2849b49b562ad8602f06\"},\"headline\":\"\u201c\u00a1NO ES UNA MALETA, ES UNA VIDA!\u201d: BOA PIERDE A UNA PASAJERA DE LA TERCERA EDAD EN VIRU VIRU.\",\"datePublished\":\"2025-06-07T16:20:33+00:00\",\"dateModified\":\"2025-06-07T16:20:34+00:00\",\"mainEntityOfPage\":{\"@id\":\"https:\\\/\\\/telocuentavictorhugo.com\\\/index.php\\\/2025\\\/06\\\/07\\\/no-es-una-maleta-es-una-vida-boa-pierde-a-una-pasajera-de-la-tercera-edad-en-viru-viru\\\/\"},\"wordCount\":192,\"commentCount\":0,\"publisher\":{\"@id\":\"https:\\\/\\\/telocuentavictorhugo.com\\\/#organization\"},\"image\":{\"@id\":\"https:\\\/\\\/telocuentavictorhugo.com\\\/index.php\\\/2025\\\/06\\\/07\\\/no-es-una-maleta-es-una-vida-boa-pierde-a-una-pasajera-de-la-tercera-edad-en-viru-viru\\\/#primaryimage\"},\"thumbnailUrl\":\"https:\\\/\\\/telocuentavictorhugo.com\\\/wp-content\\\/uploads\\\/2025\\\/06\\\/Imagen-de-WhatsApp-2025-06-06-a-las-21.22.22_feeb596b.jpg\",\"articleSection\":[\"Sociedad\",\"\u00daltimas Noticias\"],\"inLanguage\":\"es\",\"potentialAction\":[{\"@type\":\"CommentAction\",\"name\":\"Comment\",\"target\":[\"https:\\\/\\\/telocuentavictorhugo.com\\\/index.php\\\/2025\\\/06\\\/07\\\/no-es-una-maleta-es-una-vida-boa-pierde-a-una-pasajera-de-la-tercera-edad-en-viru-viru\\\/#respond\"]}]},{\"@type\":\"WebPage\",\"@id\":\"https:\\\/\\\/telocuentavictorhugo.com\\\/index.php\\\/2025\\\/06\\\/07\\\/no-es-una-maleta-es-una-vida-boa-pierde-a-una-pasajera-de-la-tercera-edad-en-viru-viru\\\/\",\"url\":\"https:\\\/\\\/telocuentavictorhugo.com\\\/index.php\\\/2025\\\/06\\\/07\\\/no-es-una-maleta-es-una-vida-boa-pierde-a-una-pasajera-de-la-tercera-edad-en-viru-viru\\\/\",\"name\":\"\u201c\u00a1NO ES UNA MALETA, ES UNA VIDA!\u201d: BOA PIERDE A UNA PASAJERA DE LA TERCERA EDAD EN VIRU VIRU. - Te lo Cuenta Victor\",\"isPartOf\":{\"@id\":\"https:\\\/\\\/telocuentavictorhugo.com\\\/#website\"},\"primaryImageOfPage\":{\"@id\":\"https:\\\/\\\/telocuentavictorhugo.com\\\/index.php\\\/2025\\\/06\\\/07\\\/no-es-una-maleta-es-una-vida-boa-pierde-a-una-pasajera-de-la-tercera-edad-en-viru-viru\\\/#primaryimage\"},\"image\":{\"@id\":\"https:\\\/\\\/telocuentavictorhugo.com\\\/index.php\\\/2025\\\/06\\\/07\\\/no-es-una-maleta-es-una-vida-boa-pierde-a-una-pasajera-de-la-tercera-edad-en-viru-viru\\\/#primaryimage\"},\"thumbnailUrl\":\"https:\\\/\\\/telocuentavictorhugo.com\\\/wp-content\\\/uploads\\\/2025\\\/06\\\/Imagen-de-WhatsApp-2025-06-06-a-las-21.22.22_feeb596b.jpg\",\"datePublished\":\"2025-06-07T16:20:33+00:00\",\"dateModified\":\"2025-06-07T16:20:34+00:00\",\"breadcrumb\":{\"@id\":\"https:\\\/\\\/telocuentavictorhugo.com\\\/index.php\\\/2025\\\/06\\\/07\\\/no-es-una-maleta-es-una-vida-boa-pierde-a-una-pasajera-de-la-tercera-edad-en-viru-viru\\\/#breadcrumb\"},\"inLanguage\":\"es\",\"potentialAction\":[{\"@type\":\"ReadAction\",\"target\":[\"https:\\\/\\\/telocuentavictorhugo.com\\\/index.php\\\/2025\\\/06\\\/07\\\/no-es-una-maleta-es-una-vida-boa-pierde-a-una-pasajera-de-la-tercera-edad-en-viru-viru\\\/\"]}]},{\"@type\":\"ImageObject\",\"inLanguage\":\"es\",\"@id\":\"https:\\\/\\\/telocuentavictorhugo.com\\\/index.php\\\/2025\\\/06\\\/07\\\/no-es-una-maleta-es-una-vida-boa-pierde-a-una-pasajera-de-la-tercera-edad-en-viru-viru\\\/#primaryimage\",\"url\":\"https:\\\/\\\/telocuentavictorhugo.com\\\/wp-content\\\/uploads\\\/2025\\\/06\\\/Imagen-de-WhatsApp-2025-06-06-a-las-21.22.22_feeb596b.jpg\",\"contentUrl\":\"https:\\\/\\\/telocuentavictorhugo.com\\\/wp-content\\\/uploads\\\/2025\\\/06\\\/Imagen-de-WhatsApp-2025-06-06-a-las-21.22.22_feeb596b.jpg\",\"width\":1080,\"height\":1080},{\"@type\":\"BreadcrumbList\",\"@id\":\"https:\\\/\\\/telocuentavictorhugo.com\\\/index.php\\\/2025\\\/06\\\/07\\\/no-es-una-maleta-es-una-vida-boa-pierde-a-una-pasajera-de-la-tercera-edad-en-viru-viru\\\/#breadcrumb\",\"itemListElement\":[{\"@type\":\"ListItem\",\"position\":1,\"name\":\"Portada\",\"item\":\"https:\\\/\\\/telocuentavictorhugo.com\\\/\"},{\"@type\":\"ListItem\",\"position\":2,\"name\":\"\u201c\u00a1NO ES UNA MALETA, ES UNA VIDA!\u201d: BOA PIERDE A UNA PASAJERA DE LA TERCERA EDAD EN VIRU VIRU.\"}]},{\"@type\":\"WebSite\",\"@id\":\"https:\\\/\\\/telocuentavictorhugo.com\\\/#website\",\"url\":\"https:\\\/\\\/telocuentavictorhugo.com\\\/\",\"name\":\"Te lo Cuenta Victor\",\"description\":\"\",\"publisher\":{\"@id\":\"https:\\\/\\\/telocuentavictorhugo.com\\\/#organization\"},\"potentialAction\":[{\"@type\":\"SearchAction\",\"target\":{\"@type\":\"EntryPoint\",\"urlTemplate\":\"https:\\\/\\\/telocuentavictorhugo.com\\\/?s={search_term_string}\"},\"query-input\":{\"@type\":\"PropertyValueSpecification\",\"valueRequired\":true,\"valueName\":\"search_term_string\"}}],\"inLanguage\":\"es\"},{\"@type\":\"Organization\",\"@id\":\"https:\\\/\\\/telocuentavictorhugo.com\\\/#organization\",\"name\":\"Te lo Cuenta Victor\",\"url\":\"https:\\\/\\\/telocuentavictorhugo.com\\\/\",\"logo\":{\"@type\":\"ImageObject\",\"inLanguage\":\"es\",\"@id\":\"https:\\\/\\\/telocuentavictorhugo.com\\\/#\\\/schema\\\/logo\\\/image\\\/\",\"url\":\"https:\\\/\\\/telocuentavictorhugo.com\\\/wp-content\\\/uploads\\\/2023\\\/12\\\/Logo.png\",\"contentUrl\":\"https:\\\/\\\/telocuentavictorhugo.com\\\/wp-content\\\/uploads\\\/2023\\\/12\\\/Logo.png\",\"width\":1080,\"height\":176,\"caption\":\"Te lo Cuenta Victor\"},\"image\":{\"@id\":\"https:\\\/\\\/telocuentavictorhugo.com\\\/#\\\/schema\\\/logo\\\/image\\\/\"}},{\"@type\":\"Person\",\"@id\":\"https:\\\/\\\/telocuentavictorhugo.com\\\/#\\\/schema\\\/person\\\/a8307d7271ba2849b49b562ad8602f06\",\"name\":\"telocuentavictorhugo.com\",\"image\":{\"@type\":\"ImageObject\",\"inLanguage\":\"es\",\"@id\":\"https:\\\/\\\/secure.gravatar.com\\\/avatar\\\/da212e7b532df19fd2aea5daf46d8c176abfc85521e4b80ed435d7426ef63eb6?s=96&d=mm&r=g\",\"url\":\"https:\\\/\\\/secure.gravatar.com\\\/avatar\\\/da212e7b532df19fd2aea5daf46d8c176abfc85521e4b80ed435d7426ef63eb6?s=96&d=mm&r=g\",\"contentUrl\":\"https:\\\/\\\/secure.gravatar.com\\\/avatar\\\/da212e7b532df19fd2aea5daf46d8c176abfc85521e4b80ed435d7426ef63eb6?s=96&d=mm&r=g\",\"caption\":\"telocuentavictorhugo.com\"},\"sameAs\":[\"http:\\\/\\\/telocuentavictorhugo.com\"],\"url\":\"https:\\\/\\\/telocuentavictorhugo.com\\\/index.php\\\/author\\\/plustvpress-com\\\/\"}]}<\/script>\n<!-- \/ Yoast SEO plugin. -->","yoast_head_json":{"title":"\u201c\u00a1NO ES UNA MALETA, ES UNA VIDA!\u201d: BOA PIERDE A UNA PASAJERA DE LA TERCERA EDAD EN VIRU VIRU. - Te lo Cuenta Victor","robots":{"index":"index","follow":"follow","max-snippet":"max-snippet:-1","max-image-preview":"max-image-preview:large","max-video-preview":"max-video-preview:-1"},"canonical":"https:\/\/telocuentavictorhugo.com\/index.php\/2025\/06\/07\/no-es-una-maleta-es-una-vida-boa-pierde-a-una-pasajera-de-la-tercera-edad-en-viru-viru\/","og_locale":"es_ES","og_type":"article","og_title":"\u201c\u00a1NO ES UNA MALETA, ES UNA VIDA!\u201d: BOA PIERDE A UNA PASAJERA DE LA TERCERA EDAD EN VIRU VIRU. - Te lo Cuenta Victor","og_description":"BOA extravi\u00f3 a una pasajera de la tercera edad en Viru Viru. Viajaba con asistencia desde Madrid a Cochabamba. Familiares buscan desesperadamente a Delia Uriona. Cualquier informaci\u00f3n, llamar al 110.","og_url":"https:\/\/telocuentavictorhugo.com\/index.php\/2025\/06\/07\/no-es-una-maleta-es-una-vida-boa-pierde-a-una-pasajera-de-la-tercera-edad-en-viru-viru\/","og_site_name":"Te lo Cuenta Victor","article_published_time":"2025-06-07T16:20:33+00:00","article_modified_time":"2025-06-07T16:20:34+00:00","og_image":[{"width":1080,"height":1080,"url":"http:\/\/telocuentavictorhugo.com\/wp-content\/uploads\/2025\/06\/Imagen-de-WhatsApp-2025-06-06-a-las-21.22.22_feeb596b.jpg","type":"image\/jpeg"}],"author":"telocuentavictorhugo.com","twitter_card":"summary_large_image","twitter_misc":{"Escrito por":"telocuentavictorhugo.com","Tiempo de lectura":"2 minutos"},"schema":{"@context":"https:\/\/schema.org","@graph":[{"@type":"Article","@id":"https:\/\/telocuentavictorhugo.com\/index.php\/2025\/06\/07\/no-es-una-maleta-es-una-vida-boa-pierde-a-una-pasajera-de-la-tercera-edad-en-viru-viru\/#article","isPartOf":{"@id":"https:\/\/telocuentavictorhugo.com\/index.php\/2025\/06\/07\/no-es-una-maleta-es-una-vida-boa-pierde-a-una-pasajera-de-la-tercera-edad-en-viru-viru\/"},"author":{"name":"telocuentavictorhugo.com","@id":"https:\/\/telocuentavictorhugo.com\/#\/schema\/person\/a8307d7271ba2849b49b562ad8602f06"},"headline":"\u201c\u00a1NO ES UNA MALETA, ES UNA VIDA!\u201d: BOA PIERDE A UNA PASAJERA DE LA TERCERA EDAD EN VIRU VIRU.","datePublished":"2025-06-07T16:20:33+00:00","dateModified":"2025-06-07T16:20:34+00:00","mainEntityOfPage":{"@id":"https:\/\/telocuentavictorhugo.com\/index.php\/2025\/06\/07\/no-es-una-maleta-es-una-vida-boa-pierde-a-una-pasajera-de-la-tercera-edad-en-viru-viru\/"},"wordCount":192,"commentCount":0,"publisher":{"@id":"https:\/\/telocuentavictorhugo.com\/#organization"},"image":{"@id":"https:\/\/telocuentavictorhugo.com\/index.php\/2025\/06\/07\/no-es-una-maleta-es-una-vida-boa-pierde-a-una-pasajera-de-la-tercera-edad-en-viru-viru\/#primaryimage"},"thumbnailUrl":"https:\/\/telocuentavictorhugo.com\/wp-content\/uploads\/2025\/06\/Imagen-de-WhatsApp-2025-06-06-a-las-21.22.22_feeb596b.jpg","articleSection":["Sociedad","\u00daltimas Noticias"],"inLanguage":"es","potentialAction":[{"@type":"CommentAction","name":"Comment","target":["https:\/\/telocuentavictorhugo.com\/index.php\/2025\/06\/07\/no-es-una-maleta-es-una-vida-boa-pierde-a-una-pasajera-de-la-tercera-edad-en-viru-viru\/#respond"]}]},{"@type":"WebPage","@id":"https:\/\/telocuentavictorhugo.com\/index.php\/2025\/06\/07\/no-es-una-maleta-es-una-vida-boa-pierde-a-una-pasajera-de-la-tercera-edad-en-viru-viru\/","url":"https:\/\/telocuentavictorhugo.com\/index.php\/2025\/06\/07\/no-es-una-maleta-es-una-vida-boa-pierde-a-una-pasajera-de-la-tercera-edad-en-viru-viru\/","name":"\u201c\u00a1NO ES UNA MALETA, ES UNA VIDA!\u201d: BOA PIERDE A UNA PASAJERA DE LA TERCERA EDAD EN VIRU VIRU. - Te lo Cuenta Victor","isPartOf":{"@id":"https:\/\/telocuentavictorhugo.com\/#website"},"primaryImageOfPage":{"@id":"https:\/\/telocuentavictorhugo.com\/index.php\/2025\/06\/07\/no-es-una-maleta-es-una-vida-boa-pierde-a-una-pasajera-de-la-tercera-edad-en-viru-viru\/#primaryimage"},"image":{"@id":"https:\/\/telocuentavictorhugo.com\/index.php\/2025\/06\/07\/no-es-una-maleta-es-una-vida-boa-pierde-a-una-pasajera-de-la-tercera-edad-en-viru-viru\/#primaryimage"},"thumbnailUrl":"https:\/\/telocuentavictorhugo.com\/wp-content\/uploads\/2025\/06\/Imagen-de-WhatsApp-2025-06-06-a-las-21.22.22_feeb596b.jpg","datePublished":"2025-06-07T16:20:33+00:00","dateModified":"2025-06-07T16:20:34+00:00","breadcrumb":{"@id":"https:\/\/telocuentavictorhugo.com\/index.php\/2025\/06\/07\/no-es-una-maleta-es-una-vida-boa-pierde-a-una-pasajera-de-la-tercera-edad-en-viru-viru\/#breadcrumb"},"inLanguage":"es","potentialAction":[{"@type":"ReadAction","target":["https:\/\/telocuentavictorhugo.com\/index.php\/2025\/06\/07\/no-es-una-maleta-es-una-vida-boa-pierde-a-una-pasajera-de-la-tercera-edad-en-viru-viru\/"]}]},{"@type":"ImageObject","inLanguage":"es","@id":"https:\/\/telocuentavictorhugo.com\/index.php\/2025\/06\/07\/no-es-una-maleta-es-una-vida-boa-pierde-a-una-pasajera-de-la-tercera-edad-en-viru-viru\/#primaryimage","url":"https:\/\/telocuentavictorhugo.com\/wp-content\/uploads\/2025\/06\/Imagen-de-WhatsApp-2025-06-06-a-las-21.22.22_feeb596b.jpg","contentUrl":"https:\/\/telocuentavictorhugo.com\/wp-content\/uploads\/2025\/06\/Imagen-de-WhatsApp-2025-06-06-a-las-21.22.22_feeb596b.jpg","width":1080,"height":1080},{"@type":"BreadcrumbList","@id":"https:\/\/telocuentavictorhugo.com\/index.php\/2025\/06\/07\/no-es-una-maleta-es-una-vida-boa-pierde-a-una-pasajera-de-la-tercera-edad-en-viru-viru\/#breadcrumb","itemListElement":[{"@type":"ListItem","position":1,"name":"Portada","item":"https:\/\/telocuentavictorhugo.com\/"},{"@type":"ListItem","position":2,"name":"\u201c\u00a1NO ES UNA MALETA, ES UNA VIDA!\u201d: BOA PIERDE A UNA PASAJERA DE LA TERCERA EDAD EN VIRU VIRU."}]},{"@type":"WebSite","@id":"https:\/\/telocuentavictorhugo.com\/#website","url":"https:\/\/telocuentavictorhugo.com\/","name":"Te lo Cuenta Victor","description":"","publisher":{"@id":"https:\/\/telocuentavictorhugo.com\/#organization"},"potentialAction":[{"@type":"SearchAction","target":{"@type":"EntryPoint","urlTemplate":"https:\/\/telocuentavictorhugo.com\/?s={search_term_string}"},"query-input":{"@type":"PropertyValueSpecification","valueRequired":true,"valueName":"search_term_string"}}],"inLanguage":"es"},{"@type":"Organization","@id":"https:\/\/telocuentavictorhugo.com\/#organization","name":"Te lo Cuenta Victor","url":"https:\/\/telocuentavictorhugo.com\/","logo":{"@type":"ImageObject","inLanguage":"es","@id":"https:\/\/telocuentavictorhugo.com\/#\/schema\/logo\/image\/","url":"https:\/\/telocuentavictorhugo.com\/wp-content\/uploads\/2023\/12\/Logo.png","contentUrl":"https:\/\/telocuentavictorhugo.com\/wp-content\/uploads\/2023\/12\/Logo.png","width":1080,"height":176,"caption":"Te lo Cuenta Victor"},"image":{"@id":"https:\/\/telocuentavictorhugo.com\/#\/schema\/logo\/image\/"}},{"@type":"Person","@id":"https:\/\/telocuentavictorhugo.com\/#\/schema\/person\/a8307d7271ba2849b49b562ad8602f06","name":"telocuentavictorhugo.com","image":{"@type":"ImageObject","inLanguage":"es","@id":"https:\/\/secure.gravatar.com\/avatar\/da212e7b532df19fd2aea5daf46d8c176abfc85521e4b80ed435d7426ef63eb6?s=96&d=mm&r=g","url":"https:\/\/secure.gravatar.com\/avatar\/da212e7b532df19fd2aea5daf46d8c176abfc85521e4b80ed435d7426ef63eb6?s=96&d=mm&r=g","contentUrl":"https:\/\/secure.gravatar.com\/avatar\/da212e7b532df19fd2aea5daf46d8c176abfc85521e4b80ed435d7426ef63eb6?s=96&d=mm&r=g","caption":"telocuentavictorhugo.com"},"sameAs":["http:\/\/telocuentavictorhugo.com"],"url":"https:\/\/telocuentavictorhugo.com\/index.php\/author\/plustvpress-com\/"}]}},"_links":{"self":[{"href":"https:\/\/telocuentavictorhugo.com\/index.php\/wp-json\/wp\/v2\/posts\/8265","targetHints":{"allow":["GET"]}}],"collection":[{"href":"https:\/\/telocuentavictorhugo.com\/index.php\/wp-json\/wp\/v2\/posts"}],"about":[{"href":"https:\/\/telocuentavictorhugo.com\/index.php\/wp-json\/wp\/v2\/types\/post"}],"author":[{"embeddable":true,"href":"https:\/\/telocuentavictorhugo.com\/index.php\/wp-json\/wp\/v2\/users\/1"}],"replies":[{"embeddable":true,"href":"https:\/\/telocuentavictorhugo.com\/index.php\/wp-json\/wp\/v2\/comments?post=8265"}],"version-history":[{"count":1,"href":"https:\/\/telocuentavictorhugo.com\/index.php\/wp-json\/wp\/v2\/posts\/8265\/revisions"}],"predecessor-version":[{"id":8267,"href":"https:\/\/telocuentavictorhugo.com\/index.php\/wp-json\/wp\/v2\/posts\/8265\/revisions\/8267"}],"wp:featuredmedia":[{"embeddable":true,"href":"https:\/\/telocuentavictorhugo.com\/index.php\/wp-json\/wp\/v2\/media\/8266"}],"wp:attachment":[{"href":"https:\/\/telocuentavictorhugo.com\/index.php\/wp-json\/wp\/v2\/media?parent=8265"}],"wp:term":[{"taxonomy":"category","embeddable":true,"href":"https:\/\/telocuentavictorhugo.com\/index.php\/wp-json\/wp\/v2\/categories?post=8265"},{"taxonomy":"post_tag","embeddable":true,"href":"https:\/\/telocuentavictorhugo.com\/index.php\/wp-json\/wp\/v2\/tags?post=8265"}],"curies":[{"name":"wp","href":"https:\/\/api.w.org\/{rel}","templated":true}]}}