{"id":8229,"date":"2025-06-05T00:50:23","date_gmt":"2025-06-05T04:50:23","guid":{"rendered":"https:\/\/telocuentavictorhugo.com\/?p=8229"},"modified":"2025-06-05T00:50:24","modified_gmt":"2025-06-05T04:50:24","slug":"evo-instruyo-cerco-a-la-paz","status":"publish","type":"post","link":"https:\/\/telocuentavictorhugo.com\/index.php\/2025\/06\/05\/evo-instruyo-cerco-a-la-paz\/","title":{"rendered":"\u201cEVO INSTRUY\u00d3 CERCO A LA PAZ\u201d"},"content":{"rendered":"\n<p><strong>Ver video aqu\u00ed:\u00a0\ud83d\udc49\ud83c\udffb\ud83d\udcf9\u23ef<\/strong><a href=\"https:\/\/youtu.be\/q5C-P3pgXsQ\">https:\/\/youtu.be\/q5C-P3pgXsQ<\/a><\/p>\n\n\n\n<p>En un audio difundido por el dirigente evista Rudy Capquique, el expresidente Evo Morales instruy\u00f3 un cerco a la ciudad de La Paz, calificando la movilizaci\u00f3n como \u201cla batalla final\u201d. Morales afirm\u00f3: \u201cNos ganan o perdemos. Es con todo, hermanos\u201d, se\u00f1alando que el objetivo es presionar por su habilitaci\u00f3n como candidato presidencial, pese al fallo del Tribunal Constitucional Plurinacional que proh\u00edbe su reelecci\u00f3n.<\/p>\n\n\n\n<p>El exmandatario cuestion\u00f3 al actual presidente Luis Arce, calificando a su gobierno de corrupto e ileg\u00edtimo. Adem\u00e1s, indic\u00f3 que deben bloquearse los accesos a Yungas, Copacabana, Desaguadero, Aroma y Oruro.<\/p>\n\n\n\n<p>En respuesta, el presidente Arce denunci\u00f3 que estas acciones buscan su renuncia y sabotear las elecciones de agosto, rechazando que las movilizaciones tengan un trasfondo econ\u00f3mico como argumenta Morales. La tensi\u00f3n pol\u00edtica escala mientras sectores afines a Morales reactivan protestas, replicando bloqueos similares a los de octubre de 2024, cuando hubo 120 detenidos.<\/p>\n\n\n\n<p><strong>Ver video aqu\u00ed:\u00a0\ud83d\udc49\ud83c\udffb\ud83d\udcf9\u23ef<\/strong><a href=\"https:\/\/youtu.be\/q5C-P3pgXsQ\">https:\/\/youtu.be\/q5C-P3pgXsQ<\/a><\/p>\n\n\n\n<figure class=\"wp-block-image size-large\"><img fetchpriority=\"high\" decoding=\"async\" width=\"1024\" height=\"576\" src=\"https:\/\/telocuentavictorhugo.com\/wp-content\/uploads\/2025\/06\/3.-EVO-AUDIO-1024x576.png\" alt=\"\" class=\"wp-image-8230\" srcset=\"https:\/\/telocuentavictorhugo.com\/wp-content\/uploads\/2025\/06\/3.-EVO-AUDIO-1024x576.png 1024w, https:\/\/telocuentavictorhugo.com\/wp-content\/uploads\/2025\/06\/3.-EVO-AUDIO-300x169.png 300w, https:\/\/telocuentavictorhugo.com\/wp-content\/uploads\/2025\/06\/3.-EVO-AUDIO-768x432.png 768w, https:\/\/telocuentavictorhugo.com\/wp-content\/uploads\/2025\/06\/3.-EVO-AUDIO-1536x864.png 1536w, https:\/\/telocuentavictorhugo.com\/wp-content\/uploads\/2025\/06\/3.-EVO-AUDIO-570x321.png 570w, https:\/\/telocuentavictorhugo.com\/wp-content\/uploads\/2025\/06\/3.-EVO-AUDIO-270x152.png 270w, https:\/\/telocuentavictorhugo.com\/wp-content\/uploads\/2025\/06\/3.-EVO-AUDIO-600x338.png 600w, https:\/\/telocuentavictorhugo.com\/wp-content\/uploads\/2025\/06\/3.-EVO-AUDIO.png 1920w\" sizes=\"(max-width: 1024px) 100vw, 1024px\" \/><\/figure>\n\n\n\n<p>FUENTE: BR\u00daJULA DIGITAL<\/p>\n","protected":false},"excerpt":{"rendered":"<p>Un dirigente evista difundi\u00f3 un audio donde Evo Morales instruye cercar La Paz, calificando la movilizaci\u00f3n como \u201cla batalla final\u201d, en un intento por desestabilizar y presionar por su candidatura.<\/p>\n","protected":false},"author":1,"featured_media":8230,"comment_status":"open","ping_status":"open","sticky":false,"template":"","format":"standard","meta":{"_eb_attr":"","footnotes":""},"categories":[26,1,42],"tags":[],"class_list":["post-8229","post","type-post","status-publish","format-standard","has-post-thumbnail","hentry","category-lo-mas-visto","category-noticias","category-politica"],"yoast_head":"<!-- This site is optimized with the Yoast SEO plugin v27.4 - https:\/\/yoast.com\/product\/yoast-seo-wordpress\/ -->\n<title>\u201cEVO INSTRUY\u00d3 CERCO A LA PAZ\u201d - Te lo Cuenta Victor<\/title>\n<meta name=\"robots\" content=\"index, follow, max-snippet:-1, max-image-preview:large, max-video-preview:-1\" \/>\n<link rel=\"canonical\" href=\"https:\/\/telocuentavictorhugo.com\/index.php\/2025\/06\/05\/evo-instruyo-cerco-a-la-paz\/\" \/>\n<meta property=\"og:locale\" content=\"es_ES\" \/>\n<meta property=\"og:type\" content=\"article\" \/>\n<meta property=\"og:title\" content=\"\u201cEVO INSTRUY\u00d3 CERCO A LA PAZ\u201d - Te lo Cuenta Victor\" \/>\n<meta property=\"og:description\" content=\"Un dirigente evista difundi\u00f3 un audio donde Evo Morales instruye cercar La Paz, calificando la movilizaci\u00f3n como \u201cla batalla final\u201d, en un intento por desestabilizar y presionar por su candidatura.\" \/>\n<meta property=\"og:url\" content=\"https:\/\/telocuentavictorhugo.com\/index.php\/2025\/06\/05\/evo-instruyo-cerco-a-la-paz\/\" \/>\n<meta property=\"og:site_name\" content=\"Te lo Cuenta Victor\" \/>\n<meta property=\"article:published_time\" content=\"2025-06-05T04:50:23+00:00\" \/>\n<meta property=\"article:modified_time\" content=\"2025-06-05T04:50:24+00:00\" \/>\n<meta property=\"og:image\" content=\"http:\/\/telocuentavictorhugo.com\/wp-content\/uploads\/2025\/06\/3.-EVO-AUDIO.png\" \/>\n\t<meta property=\"og:image:width\" content=\"1920\" \/>\n\t<meta property=\"og:image:height\" content=\"1080\" \/>\n\t<meta property=\"og:image:type\" content=\"image\/png\" \/>\n<meta name=\"author\" content=\"telocuentavictorhugo.com\" \/>\n<meta name=\"twitter:card\" content=\"summary_large_image\" \/>\n<meta name=\"twitter:label1\" content=\"Escrito por\" \/>\n\t<meta name=\"twitter:data1\" content=\"telocuentavictorhugo.com\" \/>\n\t<meta name=\"twitter:label2\" content=\"Tiempo de lectura\" \/>\n\t<meta name=\"twitter:data2\" content=\"2 minutos\" \/>\n<script type=\"application\/ld+json\" class=\"yoast-schema-graph\">{\"@context\":\"https:\\\/\\\/schema.org\",\"@graph\":[{\"@type\":\"Article\",\"@id\":\"https:\\\/\\\/telocuentavictorhugo.com\\\/index.php\\\/2025\\\/06\\\/05\\\/evo-instruyo-cerco-a-la-paz\\\/#article\",\"isPartOf\":{\"@id\":\"https:\\\/\\\/telocuentavictorhugo.com\\\/index.php\\\/2025\\\/06\\\/05\\\/evo-instruyo-cerco-a-la-paz\\\/\"},\"author\":{\"name\":\"telocuentavictorhugo.com\",\"@id\":\"https:\\\/\\\/telocuentavictorhugo.com\\\/#\\\/schema\\\/person\\\/a8307d7271ba2849b49b562ad8602f06\"},\"headline\":\"\u201cEVO INSTRUY\u00d3 CERCO A LA PAZ\u201d\",\"datePublished\":\"2025-06-05T04:50:23+00:00\",\"dateModified\":\"2025-06-05T04:50:24+00:00\",\"mainEntityOfPage\":{\"@id\":\"https:\\\/\\\/telocuentavictorhugo.com\\\/index.php\\\/2025\\\/06\\\/05\\\/evo-instruyo-cerco-a-la-paz\\\/\"},\"wordCount\":182,\"commentCount\":0,\"publisher\":{\"@id\":\"https:\\\/\\\/telocuentavictorhugo.com\\\/#organization\"},\"image\":{\"@id\":\"https:\\\/\\\/telocuentavictorhugo.com\\\/index.php\\\/2025\\\/06\\\/05\\\/evo-instruyo-cerco-a-la-paz\\\/#primaryimage\"},\"thumbnailUrl\":\"https:\\\/\\\/telocuentavictorhugo.com\\\/wp-content\\\/uploads\\\/2025\\\/06\\\/3.-EVO-AUDIO.png\",\"articleSection\":[\"Lo m\u00e1s Visto\",\"Noticias\",\"Pol\u00edtica\"],\"inLanguage\":\"es\",\"potentialAction\":[{\"@type\":\"CommentAction\",\"name\":\"Comment\",\"target\":[\"https:\\\/\\\/telocuentavictorhugo.com\\\/index.php\\\/2025\\\/06\\\/05\\\/evo-instruyo-cerco-a-la-paz\\\/#respond\"]}]},{\"@type\":\"WebPage\",\"@id\":\"https:\\\/\\\/telocuentavictorhugo.com\\\/index.php\\\/2025\\\/06\\\/05\\\/evo-instruyo-cerco-a-la-paz\\\/\",\"url\":\"https:\\\/\\\/telocuentavictorhugo.com\\\/index.php\\\/2025\\\/06\\\/05\\\/evo-instruyo-cerco-a-la-paz\\\/\",\"name\":\"\u201cEVO INSTRUY\u00d3 CERCO A LA PAZ\u201d - Te lo Cuenta Victor\",\"isPartOf\":{\"@id\":\"https:\\\/\\\/telocuentavictorhugo.com\\\/#website\"},\"primaryImageOfPage\":{\"@id\":\"https:\\\/\\\/telocuentavictorhugo.com\\\/index.php\\\/2025\\\/06\\\/05\\\/evo-instruyo-cerco-a-la-paz\\\/#primaryimage\"},\"image\":{\"@id\":\"https:\\\/\\\/telocuentavictorhugo.com\\\/index.php\\\/2025\\\/06\\\/05\\\/evo-instruyo-cerco-a-la-paz\\\/#primaryimage\"},\"thumbnailUrl\":\"https:\\\/\\\/telocuentavictorhugo.com\\\/wp-content\\\/uploads\\\/2025\\\/06\\\/3.-EVO-AUDIO.png\",\"datePublished\":\"2025-06-05T04:50:23+00:00\",\"dateModified\":\"2025-06-05T04:50:24+00:00\",\"breadcrumb\":{\"@id\":\"https:\\\/\\\/telocuentavictorhugo.com\\\/index.php\\\/2025\\\/06\\\/05\\\/evo-instruyo-cerco-a-la-paz\\\/#breadcrumb\"},\"inLanguage\":\"es\",\"potentialAction\":[{\"@type\":\"ReadAction\",\"target\":[\"https:\\\/\\\/telocuentavictorhugo.com\\\/index.php\\\/2025\\\/06\\\/05\\\/evo-instruyo-cerco-a-la-paz\\\/\"]}]},{\"@type\":\"ImageObject\",\"inLanguage\":\"es\",\"@id\":\"https:\\\/\\\/telocuentavictorhugo.com\\\/index.php\\\/2025\\\/06\\\/05\\\/evo-instruyo-cerco-a-la-paz\\\/#primaryimage\",\"url\":\"https:\\\/\\\/telocuentavictorhugo.com\\\/wp-content\\\/uploads\\\/2025\\\/06\\\/3.-EVO-AUDIO.png\",\"contentUrl\":\"https:\\\/\\\/telocuentavictorhugo.com\\\/wp-content\\\/uploads\\\/2025\\\/06\\\/3.-EVO-AUDIO.png\",\"width\":1920,\"height\":1080},{\"@type\":\"BreadcrumbList\",\"@id\":\"https:\\\/\\\/telocuentavictorhugo.com\\\/index.php\\\/2025\\\/06\\\/05\\\/evo-instruyo-cerco-a-la-paz\\\/#breadcrumb\",\"itemListElement\":[{\"@type\":\"ListItem\",\"position\":1,\"name\":\"Portada\",\"item\":\"https:\\\/\\\/telocuentavictorhugo.com\\\/\"},{\"@type\":\"ListItem\",\"position\":2,\"name\":\"\u201cEVO INSTRUY\u00d3 CERCO A LA PAZ\u201d\"}]},{\"@type\":\"WebSite\",\"@id\":\"https:\\\/\\\/telocuentavictorhugo.com\\\/#website\",\"url\":\"https:\\\/\\\/telocuentavictorhugo.com\\\/\",\"name\":\"Te lo Cuenta Victor\",\"description\":\"\",\"publisher\":{\"@id\":\"https:\\\/\\\/telocuentavictorhugo.com\\\/#organization\"},\"potentialAction\":[{\"@type\":\"SearchAction\",\"target\":{\"@type\":\"EntryPoint\",\"urlTemplate\":\"https:\\\/\\\/telocuentavictorhugo.com\\\/?s={search_term_string}\"},\"query-input\":{\"@type\":\"PropertyValueSpecification\",\"valueRequired\":true,\"valueName\":\"search_term_string\"}}],\"inLanguage\":\"es\"},{\"@type\":\"Organization\",\"@id\":\"https:\\\/\\\/telocuentavictorhugo.com\\\/#organization\",\"name\":\"Te lo Cuenta Victor\",\"url\":\"https:\\\/\\\/telocuentavictorhugo.com\\\/\",\"logo\":{\"@type\":\"ImageObject\",\"inLanguage\":\"es\",\"@id\":\"https:\\\/\\\/telocuentavictorhugo.com\\\/#\\\/schema\\\/logo\\\/image\\\/\",\"url\":\"https:\\\/\\\/telocuentavictorhugo.com\\\/wp-content\\\/uploads\\\/2023\\\/12\\\/Logo.png\",\"contentUrl\":\"https:\\\/\\\/telocuentavictorhugo.com\\\/wp-content\\\/uploads\\\/2023\\\/12\\\/Logo.png\",\"width\":1080,\"height\":176,\"caption\":\"Te lo Cuenta Victor\"},\"image\":{\"@id\":\"https:\\\/\\\/telocuentavictorhugo.com\\\/#\\\/schema\\\/logo\\\/image\\\/\"}},{\"@type\":\"Person\",\"@id\":\"https:\\\/\\\/telocuentavictorhugo.com\\\/#\\\/schema\\\/person\\\/a8307d7271ba2849b49b562ad8602f06\",\"name\":\"telocuentavictorhugo.com\",\"image\":{\"@type\":\"ImageObject\",\"inLanguage\":\"es\",\"@id\":\"https:\\\/\\\/secure.gravatar.com\\\/avatar\\\/da212e7b532df19fd2aea5daf46d8c176abfc85521e4b80ed435d7426ef63eb6?s=96&d=mm&r=g\",\"url\":\"https:\\\/\\\/secure.gravatar.com\\\/avatar\\\/da212e7b532df19fd2aea5daf46d8c176abfc85521e4b80ed435d7426ef63eb6?s=96&d=mm&r=g\",\"contentUrl\":\"https:\\\/\\\/secure.gravatar.com\\\/avatar\\\/da212e7b532df19fd2aea5daf46d8c176abfc85521e4b80ed435d7426ef63eb6?s=96&d=mm&r=g\",\"caption\":\"telocuentavictorhugo.com\"},\"sameAs\":[\"http:\\\/\\\/telocuentavictorhugo.com\"],\"url\":\"https:\\\/\\\/telocuentavictorhugo.com\\\/index.php\\\/author\\\/plustvpress-com\\\/\"}]}<\/script>\n<!-- \/ Yoast SEO plugin. -->","yoast_head_json":{"title":"\u201cEVO INSTRUY\u00d3 CERCO A LA PAZ\u201d - Te lo Cuenta Victor","robots":{"index":"index","follow":"follow","max-snippet":"max-snippet:-1","max-image-preview":"max-image-preview:large","max-video-preview":"max-video-preview:-1"},"canonical":"https:\/\/telocuentavictorhugo.com\/index.php\/2025\/06\/05\/evo-instruyo-cerco-a-la-paz\/","og_locale":"es_ES","og_type":"article","og_title":"\u201cEVO INSTRUY\u00d3 CERCO A LA PAZ\u201d - Te lo Cuenta Victor","og_description":"Un dirigente evista difundi\u00f3 un audio donde Evo Morales instruye cercar La Paz, calificando la movilizaci\u00f3n como \u201cla batalla final\u201d, en un intento por desestabilizar y presionar por su candidatura.","og_url":"https:\/\/telocuentavictorhugo.com\/index.php\/2025\/06\/05\/evo-instruyo-cerco-a-la-paz\/","og_site_name":"Te lo Cuenta Victor","article_published_time":"2025-06-05T04:50:23+00:00","article_modified_time":"2025-06-05T04:50:24+00:00","og_image":[{"width":1920,"height":1080,"url":"http:\/\/telocuentavictorhugo.com\/wp-content\/uploads\/2025\/06\/3.-EVO-AUDIO.png","type":"image\/png"}],"author":"telocuentavictorhugo.com","twitter_card":"summary_large_image","twitter_misc":{"Escrito por":"telocuentavictorhugo.com","Tiempo de lectura":"2 minutos"},"schema":{"@context":"https:\/\/schema.org","@graph":[{"@type":"Article","@id":"https:\/\/telocuentavictorhugo.com\/index.php\/2025\/06\/05\/evo-instruyo-cerco-a-la-paz\/#article","isPartOf":{"@id":"https:\/\/telocuentavictorhugo.com\/index.php\/2025\/06\/05\/evo-instruyo-cerco-a-la-paz\/"},"author":{"name":"telocuentavictorhugo.com","@id":"https:\/\/telocuentavictorhugo.com\/#\/schema\/person\/a8307d7271ba2849b49b562ad8602f06"},"headline":"\u201cEVO INSTRUY\u00d3 CERCO A LA PAZ\u201d","datePublished":"2025-06-05T04:50:23+00:00","dateModified":"2025-06-05T04:50:24+00:00","mainEntityOfPage":{"@id":"https:\/\/telocuentavictorhugo.com\/index.php\/2025\/06\/05\/evo-instruyo-cerco-a-la-paz\/"},"wordCount":182,"commentCount":0,"publisher":{"@id":"https:\/\/telocuentavictorhugo.com\/#organization"},"image":{"@id":"https:\/\/telocuentavictorhugo.com\/index.php\/2025\/06\/05\/evo-instruyo-cerco-a-la-paz\/#primaryimage"},"thumbnailUrl":"https:\/\/telocuentavictorhugo.com\/wp-content\/uploads\/2025\/06\/3.-EVO-AUDIO.png","articleSection":["Lo m\u00e1s Visto","Noticias","Pol\u00edtica"],"inLanguage":"es","potentialAction":[{"@type":"CommentAction","name":"Comment","target":["https:\/\/telocuentavictorhugo.com\/index.php\/2025\/06\/05\/evo-instruyo-cerco-a-la-paz\/#respond"]}]},{"@type":"WebPage","@id":"https:\/\/telocuentavictorhugo.com\/index.php\/2025\/06\/05\/evo-instruyo-cerco-a-la-paz\/","url":"https:\/\/telocuentavictorhugo.com\/index.php\/2025\/06\/05\/evo-instruyo-cerco-a-la-paz\/","name":"\u201cEVO INSTRUY\u00d3 CERCO A LA PAZ\u201d - Te lo Cuenta Victor","isPartOf":{"@id":"https:\/\/telocuentavictorhugo.com\/#website"},"primaryImageOfPage":{"@id":"https:\/\/telocuentavictorhugo.com\/index.php\/2025\/06\/05\/evo-instruyo-cerco-a-la-paz\/#primaryimage"},"image":{"@id":"https:\/\/telocuentavictorhugo.com\/index.php\/2025\/06\/05\/evo-instruyo-cerco-a-la-paz\/#primaryimage"},"thumbnailUrl":"https:\/\/telocuentavictorhugo.com\/wp-content\/uploads\/2025\/06\/3.-EVO-AUDIO.png","datePublished":"2025-06-05T04:50:23+00:00","dateModified":"2025-06-05T04:50:24+00:00","breadcrumb":{"@id":"https:\/\/telocuentavictorhugo.com\/index.php\/2025\/06\/05\/evo-instruyo-cerco-a-la-paz\/#breadcrumb"},"inLanguage":"es","potentialAction":[{"@type":"ReadAction","target":["https:\/\/telocuentavictorhugo.com\/index.php\/2025\/06\/05\/evo-instruyo-cerco-a-la-paz\/"]}]},{"@type":"ImageObject","inLanguage":"es","@id":"https:\/\/telocuentavictorhugo.com\/index.php\/2025\/06\/05\/evo-instruyo-cerco-a-la-paz\/#primaryimage","url":"https:\/\/telocuentavictorhugo.com\/wp-content\/uploads\/2025\/06\/3.-EVO-AUDIO.png","contentUrl":"https:\/\/telocuentavictorhugo.com\/wp-content\/uploads\/2025\/06\/3.-EVO-AUDIO.png","width":1920,"height":1080},{"@type":"BreadcrumbList","@id":"https:\/\/telocuentavictorhugo.com\/index.php\/2025\/06\/05\/evo-instruyo-cerco-a-la-paz\/#breadcrumb","itemListElement":[{"@type":"ListItem","position":1,"name":"Portada","item":"https:\/\/telocuentavictorhugo.com\/"},{"@type":"ListItem","position":2,"name":"\u201cEVO INSTRUY\u00d3 CERCO A LA PAZ\u201d"}]},{"@type":"WebSite","@id":"https:\/\/telocuentavictorhugo.com\/#website","url":"https:\/\/telocuentavictorhugo.com\/","name":"Te lo Cuenta Victor","description":"","publisher":{"@id":"https:\/\/telocuentavictorhugo.com\/#organization"},"potentialAction":[{"@type":"SearchAction","target":{"@type":"EntryPoint","urlTemplate":"https:\/\/telocuentavictorhugo.com\/?s={search_term_string}"},"query-input":{"@type":"PropertyValueSpecification","valueRequired":true,"valueName":"search_term_string"}}],"inLanguage":"es"},{"@type":"Organization","@id":"https:\/\/telocuentavictorhugo.com\/#organization","name":"Te lo Cuenta Victor","url":"https:\/\/telocuentavictorhugo.com\/","logo":{"@type":"ImageObject","inLanguage":"es","@id":"https:\/\/telocuentavictorhugo.com\/#\/schema\/logo\/image\/","url":"https:\/\/telocuentavictorhugo.com\/wp-content\/uploads\/2023\/12\/Logo.png","contentUrl":"https:\/\/telocuentavictorhugo.com\/wp-content\/uploads\/2023\/12\/Logo.png","width":1080,"height":176,"caption":"Te lo Cuenta Victor"},"image":{"@id":"https:\/\/telocuentavictorhugo.com\/#\/schema\/logo\/image\/"}},{"@type":"Person","@id":"https:\/\/telocuentavictorhugo.com\/#\/schema\/person\/a8307d7271ba2849b49b562ad8602f06","name":"telocuentavictorhugo.com","image":{"@type":"ImageObject","inLanguage":"es","@id":"https:\/\/secure.gravatar.com\/avatar\/da212e7b532df19fd2aea5daf46d8c176abfc85521e4b80ed435d7426ef63eb6?s=96&d=mm&r=g","url":"https:\/\/secure.gravatar.com\/avatar\/da212e7b532df19fd2aea5daf46d8c176abfc85521e4b80ed435d7426ef63eb6?s=96&d=mm&r=g","contentUrl":"https:\/\/secure.gravatar.com\/avatar\/da212e7b532df19fd2aea5daf46d8c176abfc85521e4b80ed435d7426ef63eb6?s=96&d=mm&r=g","caption":"telocuentavictorhugo.com"},"sameAs":["http:\/\/telocuentavictorhugo.com"],"url":"https:\/\/telocuentavictorhugo.com\/index.php\/author\/plustvpress-com\/"}]}},"_links":{"self":[{"href":"https:\/\/telocuentavictorhugo.com\/index.php\/wp-json\/wp\/v2\/posts\/8229","targetHints":{"allow":["GET"]}}],"collection":[{"href":"https:\/\/telocuentavictorhugo.com\/index.php\/wp-json\/wp\/v2\/posts"}],"about":[{"href":"https:\/\/telocuentavictorhugo.com\/index.php\/wp-json\/wp\/v2\/types\/post"}],"author":[{"embeddable":true,"href":"https:\/\/telocuentavictorhugo.com\/index.php\/wp-json\/wp\/v2\/users\/1"}],"replies":[{"embeddable":true,"href":"https:\/\/telocuentavictorhugo.com\/index.php\/wp-json\/wp\/v2\/comments?post=8229"}],"version-history":[{"count":1,"href":"https:\/\/telocuentavictorhugo.com\/index.php\/wp-json\/wp\/v2\/posts\/8229\/revisions"}],"predecessor-version":[{"id":8231,"href":"https:\/\/telocuentavictorhugo.com\/index.php\/wp-json\/wp\/v2\/posts\/8229\/revisions\/8231"}],"wp:featuredmedia":[{"embeddable":true,"href":"https:\/\/telocuentavictorhugo.com\/index.php\/wp-json\/wp\/v2\/media\/8230"}],"wp:attachment":[{"href":"https:\/\/telocuentavictorhugo.com\/index.php\/wp-json\/wp\/v2\/media?parent=8229"}],"wp:term":[{"taxonomy":"category","embeddable":true,"href":"https:\/\/telocuentavictorhugo.com\/index.php\/wp-json\/wp\/v2\/categories?post=8229"},{"taxonomy":"post_tag","embeddable":true,"href":"https:\/\/telocuentavictorhugo.com\/index.php\/wp-json\/wp\/v2\/tags?post=8229"}],"curies":[{"name":"wp","href":"https:\/\/api.w.org\/{rel}","templated":true}]}}