{"id":8192,"date":"2025-06-03T00:10:44","date_gmt":"2025-06-03T04:10:44","guid":{"rendered":"https:\/\/telocuentavictorhugo.com\/?p=8192"},"modified":"2025-06-03T00:10:45","modified_gmt":"2025-06-03T04:10:45","slug":"no-hay-candado-que-se-abra-a-evo-tcp-reitera-sus-fallos-nadie-puede-perpetuarse-en-el-poder","status":"publish","type":"post","link":"https:\/\/telocuentavictorhugo.com\/index.php\/2025\/06\/03\/no-hay-candado-que-se-abra-a-evo-tcp-reitera-sus-fallos-nadie-puede-perpetuarse-en-el-poder\/","title":{"rendered":"NO HAY CANDADO QUE SE ABRA A EVO: TCP REITERA SUS FALLOS, \u201cNADIE PUEDE PERPETUARSE EN EL PODER\u201d."},"content":{"rendered":"\n<p><strong>Ver video aqu\u00ed\u0301:\u00a0\ud83d\udc49\ud83c\udffb\ud83d\udcf9\u23ef<\/strong><a href=\"https:\/\/youtu.be\/CsEIADq52wM\">https:\/\/youtu.be\/CsEIADq52wM<\/a><\/p>\n\n\n\n<p>El presidente del Tribunal Constitucional Plurinacional (TCP), Gonzalo Hurtado, reafirm\u00f3 este lunes que las sentencias vigentes impiden ejercer la presidencia por m\u00e1s de dos periodos, sean continuos o discontinuos, ratificando as\u00ed la inhabilitaci\u00f3n del expresidente Evo Morales para las elecciones generales.<\/p>\n\n\n\n<p>Hurtado recalc\u00f3 que la reelecci\u00f3n indefinida no est\u00e1 permitida por la Constituci\u00f3n y que los fallos emitidos deben ser cumplidos sin excepci\u00f3n. \u201cNadie puede perpetuarse en el poder\u201d, se\u00f1al\u00f3 con firmeza, haciendo un llamado al respeto del orden constitucional.<\/p>\n\n\n\n<p>La declaraci\u00f3n del TCP ha generado diversas reacciones. Mientras sectores afines a Morales expresan su rechazo y denuncian una supuesta persecuci\u00f3n pol\u00edtica, otras fuerzas pol\u00edticas consideran que el pronunciamiento fortalece el sistema democr\u00e1tico del pa\u00eds.<\/p>\n\n\n\n<p>Con esta decisi\u00f3n, se redefine el escenario electoral rumbo a los comicios de agosto, dejando sin efecto cualquier posibilidad de postulaci\u00f3n del exmandatario.<\/p>\n\n\n\n<figure class=\"wp-block-image size-large\"><img fetchpriority=\"high\" decoding=\"async\" width=\"1024\" height=\"576\" src=\"https:\/\/telocuentavictorhugo.com\/wp-content\/uploads\/2025\/06\/2.-PRESIDENTE-TCP-1024x576.png\" alt=\"\" class=\"wp-image-8193\" srcset=\"https:\/\/telocuentavictorhugo.com\/wp-content\/uploads\/2025\/06\/2.-PRESIDENTE-TCP-1024x576.png 1024w, https:\/\/telocuentavictorhugo.com\/wp-content\/uploads\/2025\/06\/2.-PRESIDENTE-TCP-300x169.png 300w, https:\/\/telocuentavictorhugo.com\/wp-content\/uploads\/2025\/06\/2.-PRESIDENTE-TCP-768x432.png 768w, https:\/\/telocuentavictorhugo.com\/wp-content\/uploads\/2025\/06\/2.-PRESIDENTE-TCP-1536x864.png 1536w, https:\/\/telocuentavictorhugo.com\/wp-content\/uploads\/2025\/06\/2.-PRESIDENTE-TCP-570x321.png 570w, https:\/\/telocuentavictorhugo.com\/wp-content\/uploads\/2025\/06\/2.-PRESIDENTE-TCP-270x152.png 270w, https:\/\/telocuentavictorhugo.com\/wp-content\/uploads\/2025\/06\/2.-PRESIDENTE-TCP-600x338.png 600w, https:\/\/telocuentavictorhugo.com\/wp-content\/uploads\/2025\/06\/2.-PRESIDENTE-TCP.png 1920w\" sizes=\"(max-width: 1024px) 100vw, 1024px\" \/><\/figure>\n\n\n\n<p><\/p>\n\n\n\n<p><strong>Ver video aqu\u00ed\u0301:\u00a0\ud83d\udc49\ud83c\udffb\ud83d\udcf9\u23ef<\/strong><a href=\"https:\/\/youtu.be\/CsEIADq52wM\">https:\/\/youtu.be\/CsEIADq52wM<\/a><\/p>\n","protected":false},"excerpt":{"rendered":"<p>El Tribunal Constitucional reafirma que Evo Morales no puede postular nuevamente. Cita dos sentencias que proh\u00edben perpetuarse en el poder y ratifica que la reelecci\u00f3n indefinida va contra la Constituci\u00f3n.<\/p>\n","protected":false},"author":1,"featured_media":8193,"comment_status":"open","ping_status":"open","sticky":false,"template":"","format":"standard","meta":{"_eb_attr":"","footnotes":""},"categories":[41,25],"tags":[],"class_list":["post-8192","post","type-post","status-publish","format-standard","has-post-thumbnail","hentry","category-tu-cuentas-2025","category-ultimas-noticias"],"yoast_head":"<!-- This site is optimized with the Yoast SEO plugin v27.4 - https:\/\/yoast.com\/product\/yoast-seo-wordpress\/ -->\n<title>NO HAY CANDADO QUE SE ABRA A EVO: TCP REITERA SUS FALLOS, \u201cNADIE PUEDE PERPETUARSE EN EL PODER\u201d. - Te lo Cuenta Victor<\/title>\n<meta name=\"robots\" content=\"index, follow, max-snippet:-1, max-image-preview:large, max-video-preview:-1\" \/>\n<link rel=\"canonical\" href=\"https:\/\/telocuentavictorhugo.com\/index.php\/2025\/06\/03\/no-hay-candado-que-se-abra-a-evo-tcp-reitera-sus-fallos-nadie-puede-perpetuarse-en-el-poder\/\" \/>\n<meta property=\"og:locale\" content=\"es_ES\" \/>\n<meta property=\"og:type\" content=\"article\" \/>\n<meta property=\"og:title\" content=\"NO HAY CANDADO QUE SE ABRA A EVO: TCP REITERA SUS FALLOS, \u201cNADIE PUEDE PERPETUARSE EN EL PODER\u201d. - Te lo Cuenta Victor\" \/>\n<meta property=\"og:description\" content=\"El Tribunal Constitucional reafirma que Evo Morales no puede postular nuevamente. Cita dos sentencias que proh\u00edben perpetuarse en el poder y ratifica que la reelecci\u00f3n indefinida va contra la Constituci\u00f3n.\" \/>\n<meta property=\"og:url\" content=\"https:\/\/telocuentavictorhugo.com\/index.php\/2025\/06\/03\/no-hay-candado-que-se-abra-a-evo-tcp-reitera-sus-fallos-nadie-puede-perpetuarse-en-el-poder\/\" \/>\n<meta property=\"og:site_name\" content=\"Te lo Cuenta Victor\" \/>\n<meta property=\"article:published_time\" content=\"2025-06-03T04:10:44+00:00\" \/>\n<meta property=\"article:modified_time\" content=\"2025-06-03T04:10:45+00:00\" \/>\n<meta property=\"og:image\" content=\"http:\/\/telocuentavictorhugo.com\/wp-content\/uploads\/2025\/06\/2.-PRESIDENTE-TCP.png\" \/>\n\t<meta property=\"og:image:width\" content=\"1920\" \/>\n\t<meta property=\"og:image:height\" content=\"1080\" \/>\n\t<meta property=\"og:image:type\" content=\"image\/png\" \/>\n<meta name=\"author\" content=\"telocuentavictorhugo.com\" \/>\n<meta name=\"twitter:card\" content=\"summary_large_image\" \/>\n<meta name=\"twitter:label1\" content=\"Escrito por\" \/>\n\t<meta name=\"twitter:data1\" content=\"telocuentavictorhugo.com\" \/>\n\t<meta name=\"twitter:label2\" content=\"Tiempo de lectura\" \/>\n\t<meta name=\"twitter:data2\" content=\"2 minutos\" \/>\n<script type=\"application\/ld+json\" class=\"yoast-schema-graph\">{\"@context\":\"https:\\\/\\\/schema.org\",\"@graph\":[{\"@type\":\"Article\",\"@id\":\"https:\\\/\\\/telocuentavictorhugo.com\\\/index.php\\\/2025\\\/06\\\/03\\\/no-hay-candado-que-se-abra-a-evo-tcp-reitera-sus-fallos-nadie-puede-perpetuarse-en-el-poder\\\/#article\",\"isPartOf\":{\"@id\":\"https:\\\/\\\/telocuentavictorhugo.com\\\/index.php\\\/2025\\\/06\\\/03\\\/no-hay-candado-que-se-abra-a-evo-tcp-reitera-sus-fallos-nadie-puede-perpetuarse-en-el-poder\\\/\"},\"author\":{\"name\":\"telocuentavictorhugo.com\",\"@id\":\"https:\\\/\\\/telocuentavictorhugo.com\\\/#\\\/schema\\\/person\\\/a8307d7271ba2849b49b562ad8602f06\"},\"headline\":\"NO HAY CANDADO QUE SE ABRA A EVO: TCP REITERA SUS FALLOS, \u201cNADIE PUEDE PERPETUARSE EN EL PODER\u201d.\",\"datePublished\":\"2025-06-03T04:10:44+00:00\",\"dateModified\":\"2025-06-03T04:10:45+00:00\",\"mainEntityOfPage\":{\"@id\":\"https:\\\/\\\/telocuentavictorhugo.com\\\/index.php\\\/2025\\\/06\\\/03\\\/no-hay-candado-que-se-abra-a-evo-tcp-reitera-sus-fallos-nadie-puede-perpetuarse-en-el-poder\\\/\"},\"wordCount\":186,\"commentCount\":0,\"publisher\":{\"@id\":\"https:\\\/\\\/telocuentavictorhugo.com\\\/#organization\"},\"image\":{\"@id\":\"https:\\\/\\\/telocuentavictorhugo.com\\\/index.php\\\/2025\\\/06\\\/03\\\/no-hay-candado-que-se-abra-a-evo-tcp-reitera-sus-fallos-nadie-puede-perpetuarse-en-el-poder\\\/#primaryimage\"},\"thumbnailUrl\":\"https:\\\/\\\/telocuentavictorhugo.com\\\/wp-content\\\/uploads\\\/2025\\\/06\\\/2.-PRESIDENTE-TCP.png\",\"articleSection\":[\"T\u00fa Cuentas 2025\",\"\u00daltimas Noticias\"],\"inLanguage\":\"es\",\"potentialAction\":[{\"@type\":\"CommentAction\",\"name\":\"Comment\",\"target\":[\"https:\\\/\\\/telocuentavictorhugo.com\\\/index.php\\\/2025\\\/06\\\/03\\\/no-hay-candado-que-se-abra-a-evo-tcp-reitera-sus-fallos-nadie-puede-perpetuarse-en-el-poder\\\/#respond\"]}]},{\"@type\":\"WebPage\",\"@id\":\"https:\\\/\\\/telocuentavictorhugo.com\\\/index.php\\\/2025\\\/06\\\/03\\\/no-hay-candado-que-se-abra-a-evo-tcp-reitera-sus-fallos-nadie-puede-perpetuarse-en-el-poder\\\/\",\"url\":\"https:\\\/\\\/telocuentavictorhugo.com\\\/index.php\\\/2025\\\/06\\\/03\\\/no-hay-candado-que-se-abra-a-evo-tcp-reitera-sus-fallos-nadie-puede-perpetuarse-en-el-poder\\\/\",\"name\":\"NO HAY CANDADO QUE SE ABRA A EVO: TCP REITERA SUS FALLOS, \u201cNADIE PUEDE PERPETUARSE EN EL PODER\u201d. - Te lo Cuenta Victor\",\"isPartOf\":{\"@id\":\"https:\\\/\\\/telocuentavictorhugo.com\\\/#website\"},\"primaryImageOfPage\":{\"@id\":\"https:\\\/\\\/telocuentavictorhugo.com\\\/index.php\\\/2025\\\/06\\\/03\\\/no-hay-candado-que-se-abra-a-evo-tcp-reitera-sus-fallos-nadie-puede-perpetuarse-en-el-poder\\\/#primaryimage\"},\"image\":{\"@id\":\"https:\\\/\\\/telocuentavictorhugo.com\\\/index.php\\\/2025\\\/06\\\/03\\\/no-hay-candado-que-se-abra-a-evo-tcp-reitera-sus-fallos-nadie-puede-perpetuarse-en-el-poder\\\/#primaryimage\"},\"thumbnailUrl\":\"https:\\\/\\\/telocuentavictorhugo.com\\\/wp-content\\\/uploads\\\/2025\\\/06\\\/2.-PRESIDENTE-TCP.png\",\"datePublished\":\"2025-06-03T04:10:44+00:00\",\"dateModified\":\"2025-06-03T04:10:45+00:00\",\"breadcrumb\":{\"@id\":\"https:\\\/\\\/telocuentavictorhugo.com\\\/index.php\\\/2025\\\/06\\\/03\\\/no-hay-candado-que-se-abra-a-evo-tcp-reitera-sus-fallos-nadie-puede-perpetuarse-en-el-poder\\\/#breadcrumb\"},\"inLanguage\":\"es\",\"potentialAction\":[{\"@type\":\"ReadAction\",\"target\":[\"https:\\\/\\\/telocuentavictorhugo.com\\\/index.php\\\/2025\\\/06\\\/03\\\/no-hay-candado-que-se-abra-a-evo-tcp-reitera-sus-fallos-nadie-puede-perpetuarse-en-el-poder\\\/\"]}]},{\"@type\":\"ImageObject\",\"inLanguage\":\"es\",\"@id\":\"https:\\\/\\\/telocuentavictorhugo.com\\\/index.php\\\/2025\\\/06\\\/03\\\/no-hay-candado-que-se-abra-a-evo-tcp-reitera-sus-fallos-nadie-puede-perpetuarse-en-el-poder\\\/#primaryimage\",\"url\":\"https:\\\/\\\/telocuentavictorhugo.com\\\/wp-content\\\/uploads\\\/2025\\\/06\\\/2.-PRESIDENTE-TCP.png\",\"contentUrl\":\"https:\\\/\\\/telocuentavictorhugo.com\\\/wp-content\\\/uploads\\\/2025\\\/06\\\/2.-PRESIDENTE-TCP.png\",\"width\":1920,\"height\":1080},{\"@type\":\"BreadcrumbList\",\"@id\":\"https:\\\/\\\/telocuentavictorhugo.com\\\/index.php\\\/2025\\\/06\\\/03\\\/no-hay-candado-que-se-abra-a-evo-tcp-reitera-sus-fallos-nadie-puede-perpetuarse-en-el-poder\\\/#breadcrumb\",\"itemListElement\":[{\"@type\":\"ListItem\",\"position\":1,\"name\":\"Portada\",\"item\":\"https:\\\/\\\/telocuentavictorhugo.com\\\/\"},{\"@type\":\"ListItem\",\"position\":2,\"name\":\"NO HAY CANDADO QUE SE ABRA A EVO: TCP REITERA SUS FALLOS, \u201cNADIE PUEDE PERPETUARSE EN EL PODER\u201d.\"}]},{\"@type\":\"WebSite\",\"@id\":\"https:\\\/\\\/telocuentavictorhugo.com\\\/#website\",\"url\":\"https:\\\/\\\/telocuentavictorhugo.com\\\/\",\"name\":\"Te lo Cuenta Victor\",\"description\":\"\",\"publisher\":{\"@id\":\"https:\\\/\\\/telocuentavictorhugo.com\\\/#organization\"},\"potentialAction\":[{\"@type\":\"SearchAction\",\"target\":{\"@type\":\"EntryPoint\",\"urlTemplate\":\"https:\\\/\\\/telocuentavictorhugo.com\\\/?s={search_term_string}\"},\"query-input\":{\"@type\":\"PropertyValueSpecification\",\"valueRequired\":true,\"valueName\":\"search_term_string\"}}],\"inLanguage\":\"es\"},{\"@type\":\"Organization\",\"@id\":\"https:\\\/\\\/telocuentavictorhugo.com\\\/#organization\",\"name\":\"Te lo Cuenta Victor\",\"url\":\"https:\\\/\\\/telocuentavictorhugo.com\\\/\",\"logo\":{\"@type\":\"ImageObject\",\"inLanguage\":\"es\",\"@id\":\"https:\\\/\\\/telocuentavictorhugo.com\\\/#\\\/schema\\\/logo\\\/image\\\/\",\"url\":\"https:\\\/\\\/telocuentavictorhugo.com\\\/wp-content\\\/uploads\\\/2023\\\/12\\\/Logo.png\",\"contentUrl\":\"https:\\\/\\\/telocuentavictorhugo.com\\\/wp-content\\\/uploads\\\/2023\\\/12\\\/Logo.png\",\"width\":1080,\"height\":176,\"caption\":\"Te lo Cuenta Victor\"},\"image\":{\"@id\":\"https:\\\/\\\/telocuentavictorhugo.com\\\/#\\\/schema\\\/logo\\\/image\\\/\"}},{\"@type\":\"Person\",\"@id\":\"https:\\\/\\\/telocuentavictorhugo.com\\\/#\\\/schema\\\/person\\\/a8307d7271ba2849b49b562ad8602f06\",\"name\":\"telocuentavictorhugo.com\",\"image\":{\"@type\":\"ImageObject\",\"inLanguage\":\"es\",\"@id\":\"https:\\\/\\\/secure.gravatar.com\\\/avatar\\\/da212e7b532df19fd2aea5daf46d8c176abfc85521e4b80ed435d7426ef63eb6?s=96&d=mm&r=g\",\"url\":\"https:\\\/\\\/secure.gravatar.com\\\/avatar\\\/da212e7b532df19fd2aea5daf46d8c176abfc85521e4b80ed435d7426ef63eb6?s=96&d=mm&r=g\",\"contentUrl\":\"https:\\\/\\\/secure.gravatar.com\\\/avatar\\\/da212e7b532df19fd2aea5daf46d8c176abfc85521e4b80ed435d7426ef63eb6?s=96&d=mm&r=g\",\"caption\":\"telocuentavictorhugo.com\"},\"sameAs\":[\"http:\\\/\\\/telocuentavictorhugo.com\"],\"url\":\"https:\\\/\\\/telocuentavictorhugo.com\\\/index.php\\\/author\\\/plustvpress-com\\\/\"}]}<\/script>\n<!-- \/ Yoast SEO plugin. -->","yoast_head_json":{"title":"NO HAY CANDADO QUE SE ABRA A EVO: TCP REITERA SUS FALLOS, \u201cNADIE PUEDE PERPETUARSE EN EL PODER\u201d. - Te lo Cuenta Victor","robots":{"index":"index","follow":"follow","max-snippet":"max-snippet:-1","max-image-preview":"max-image-preview:large","max-video-preview":"max-video-preview:-1"},"canonical":"https:\/\/telocuentavictorhugo.com\/index.php\/2025\/06\/03\/no-hay-candado-que-se-abra-a-evo-tcp-reitera-sus-fallos-nadie-puede-perpetuarse-en-el-poder\/","og_locale":"es_ES","og_type":"article","og_title":"NO HAY CANDADO QUE SE ABRA A EVO: TCP REITERA SUS FALLOS, \u201cNADIE PUEDE PERPETUARSE EN EL PODER\u201d. - Te lo Cuenta Victor","og_description":"El Tribunal Constitucional reafirma que Evo Morales no puede postular nuevamente. Cita dos sentencias que proh\u00edben perpetuarse en el poder y ratifica que la reelecci\u00f3n indefinida va contra la Constituci\u00f3n.","og_url":"https:\/\/telocuentavictorhugo.com\/index.php\/2025\/06\/03\/no-hay-candado-que-se-abra-a-evo-tcp-reitera-sus-fallos-nadie-puede-perpetuarse-en-el-poder\/","og_site_name":"Te lo Cuenta Victor","article_published_time":"2025-06-03T04:10:44+00:00","article_modified_time":"2025-06-03T04:10:45+00:00","og_image":[{"width":1920,"height":1080,"url":"http:\/\/telocuentavictorhugo.com\/wp-content\/uploads\/2025\/06\/2.-PRESIDENTE-TCP.png","type":"image\/png"}],"author":"telocuentavictorhugo.com","twitter_card":"summary_large_image","twitter_misc":{"Escrito por":"telocuentavictorhugo.com","Tiempo de lectura":"2 minutos"},"schema":{"@context":"https:\/\/schema.org","@graph":[{"@type":"Article","@id":"https:\/\/telocuentavictorhugo.com\/index.php\/2025\/06\/03\/no-hay-candado-que-se-abra-a-evo-tcp-reitera-sus-fallos-nadie-puede-perpetuarse-en-el-poder\/#article","isPartOf":{"@id":"https:\/\/telocuentavictorhugo.com\/index.php\/2025\/06\/03\/no-hay-candado-que-se-abra-a-evo-tcp-reitera-sus-fallos-nadie-puede-perpetuarse-en-el-poder\/"},"author":{"name":"telocuentavictorhugo.com","@id":"https:\/\/telocuentavictorhugo.com\/#\/schema\/person\/a8307d7271ba2849b49b562ad8602f06"},"headline":"NO HAY CANDADO QUE SE ABRA A EVO: TCP REITERA SUS FALLOS, \u201cNADIE PUEDE PERPETUARSE EN EL PODER\u201d.","datePublished":"2025-06-03T04:10:44+00:00","dateModified":"2025-06-03T04:10:45+00:00","mainEntityOfPage":{"@id":"https:\/\/telocuentavictorhugo.com\/index.php\/2025\/06\/03\/no-hay-candado-que-se-abra-a-evo-tcp-reitera-sus-fallos-nadie-puede-perpetuarse-en-el-poder\/"},"wordCount":186,"commentCount":0,"publisher":{"@id":"https:\/\/telocuentavictorhugo.com\/#organization"},"image":{"@id":"https:\/\/telocuentavictorhugo.com\/index.php\/2025\/06\/03\/no-hay-candado-que-se-abra-a-evo-tcp-reitera-sus-fallos-nadie-puede-perpetuarse-en-el-poder\/#primaryimage"},"thumbnailUrl":"https:\/\/telocuentavictorhugo.com\/wp-content\/uploads\/2025\/06\/2.-PRESIDENTE-TCP.png","articleSection":["T\u00fa Cuentas 2025","\u00daltimas Noticias"],"inLanguage":"es","potentialAction":[{"@type":"CommentAction","name":"Comment","target":["https:\/\/telocuentavictorhugo.com\/index.php\/2025\/06\/03\/no-hay-candado-que-se-abra-a-evo-tcp-reitera-sus-fallos-nadie-puede-perpetuarse-en-el-poder\/#respond"]}]},{"@type":"WebPage","@id":"https:\/\/telocuentavictorhugo.com\/index.php\/2025\/06\/03\/no-hay-candado-que-se-abra-a-evo-tcp-reitera-sus-fallos-nadie-puede-perpetuarse-en-el-poder\/","url":"https:\/\/telocuentavictorhugo.com\/index.php\/2025\/06\/03\/no-hay-candado-que-se-abra-a-evo-tcp-reitera-sus-fallos-nadie-puede-perpetuarse-en-el-poder\/","name":"NO HAY CANDADO QUE SE ABRA A EVO: TCP REITERA SUS FALLOS, \u201cNADIE PUEDE PERPETUARSE EN EL PODER\u201d. - Te lo Cuenta Victor","isPartOf":{"@id":"https:\/\/telocuentavictorhugo.com\/#website"},"primaryImageOfPage":{"@id":"https:\/\/telocuentavictorhugo.com\/index.php\/2025\/06\/03\/no-hay-candado-que-se-abra-a-evo-tcp-reitera-sus-fallos-nadie-puede-perpetuarse-en-el-poder\/#primaryimage"},"image":{"@id":"https:\/\/telocuentavictorhugo.com\/index.php\/2025\/06\/03\/no-hay-candado-que-se-abra-a-evo-tcp-reitera-sus-fallos-nadie-puede-perpetuarse-en-el-poder\/#primaryimage"},"thumbnailUrl":"https:\/\/telocuentavictorhugo.com\/wp-content\/uploads\/2025\/06\/2.-PRESIDENTE-TCP.png","datePublished":"2025-06-03T04:10:44+00:00","dateModified":"2025-06-03T04:10:45+00:00","breadcrumb":{"@id":"https:\/\/telocuentavictorhugo.com\/index.php\/2025\/06\/03\/no-hay-candado-que-se-abra-a-evo-tcp-reitera-sus-fallos-nadie-puede-perpetuarse-en-el-poder\/#breadcrumb"},"inLanguage":"es","potentialAction":[{"@type":"ReadAction","target":["https:\/\/telocuentavictorhugo.com\/index.php\/2025\/06\/03\/no-hay-candado-que-se-abra-a-evo-tcp-reitera-sus-fallos-nadie-puede-perpetuarse-en-el-poder\/"]}]},{"@type":"ImageObject","inLanguage":"es","@id":"https:\/\/telocuentavictorhugo.com\/index.php\/2025\/06\/03\/no-hay-candado-que-se-abra-a-evo-tcp-reitera-sus-fallos-nadie-puede-perpetuarse-en-el-poder\/#primaryimage","url":"https:\/\/telocuentavictorhugo.com\/wp-content\/uploads\/2025\/06\/2.-PRESIDENTE-TCP.png","contentUrl":"https:\/\/telocuentavictorhugo.com\/wp-content\/uploads\/2025\/06\/2.-PRESIDENTE-TCP.png","width":1920,"height":1080},{"@type":"BreadcrumbList","@id":"https:\/\/telocuentavictorhugo.com\/index.php\/2025\/06\/03\/no-hay-candado-que-se-abra-a-evo-tcp-reitera-sus-fallos-nadie-puede-perpetuarse-en-el-poder\/#breadcrumb","itemListElement":[{"@type":"ListItem","position":1,"name":"Portada","item":"https:\/\/telocuentavictorhugo.com\/"},{"@type":"ListItem","position":2,"name":"NO HAY CANDADO QUE SE ABRA A EVO: TCP REITERA SUS FALLOS, \u201cNADIE PUEDE PERPETUARSE EN EL PODER\u201d."}]},{"@type":"WebSite","@id":"https:\/\/telocuentavictorhugo.com\/#website","url":"https:\/\/telocuentavictorhugo.com\/","name":"Te lo Cuenta Victor","description":"","publisher":{"@id":"https:\/\/telocuentavictorhugo.com\/#organization"},"potentialAction":[{"@type":"SearchAction","target":{"@type":"EntryPoint","urlTemplate":"https:\/\/telocuentavictorhugo.com\/?s={search_term_string}"},"query-input":{"@type":"PropertyValueSpecification","valueRequired":true,"valueName":"search_term_string"}}],"inLanguage":"es"},{"@type":"Organization","@id":"https:\/\/telocuentavictorhugo.com\/#organization","name":"Te lo Cuenta Victor","url":"https:\/\/telocuentavictorhugo.com\/","logo":{"@type":"ImageObject","inLanguage":"es","@id":"https:\/\/telocuentavictorhugo.com\/#\/schema\/logo\/image\/","url":"https:\/\/telocuentavictorhugo.com\/wp-content\/uploads\/2023\/12\/Logo.png","contentUrl":"https:\/\/telocuentavictorhugo.com\/wp-content\/uploads\/2023\/12\/Logo.png","width":1080,"height":176,"caption":"Te lo Cuenta Victor"},"image":{"@id":"https:\/\/telocuentavictorhugo.com\/#\/schema\/logo\/image\/"}},{"@type":"Person","@id":"https:\/\/telocuentavictorhugo.com\/#\/schema\/person\/a8307d7271ba2849b49b562ad8602f06","name":"telocuentavictorhugo.com","image":{"@type":"ImageObject","inLanguage":"es","@id":"https:\/\/secure.gravatar.com\/avatar\/da212e7b532df19fd2aea5daf46d8c176abfc85521e4b80ed435d7426ef63eb6?s=96&d=mm&r=g","url":"https:\/\/secure.gravatar.com\/avatar\/da212e7b532df19fd2aea5daf46d8c176abfc85521e4b80ed435d7426ef63eb6?s=96&d=mm&r=g","contentUrl":"https:\/\/secure.gravatar.com\/avatar\/da212e7b532df19fd2aea5daf46d8c176abfc85521e4b80ed435d7426ef63eb6?s=96&d=mm&r=g","caption":"telocuentavictorhugo.com"},"sameAs":["http:\/\/telocuentavictorhugo.com"],"url":"https:\/\/telocuentavictorhugo.com\/index.php\/author\/plustvpress-com\/"}]}},"_links":{"self":[{"href":"https:\/\/telocuentavictorhugo.com\/index.php\/wp-json\/wp\/v2\/posts\/8192","targetHints":{"allow":["GET"]}}],"collection":[{"href":"https:\/\/telocuentavictorhugo.com\/index.php\/wp-json\/wp\/v2\/posts"}],"about":[{"href":"https:\/\/telocuentavictorhugo.com\/index.php\/wp-json\/wp\/v2\/types\/post"}],"author":[{"embeddable":true,"href":"https:\/\/telocuentavictorhugo.com\/index.php\/wp-json\/wp\/v2\/users\/1"}],"replies":[{"embeddable":true,"href":"https:\/\/telocuentavictorhugo.com\/index.php\/wp-json\/wp\/v2\/comments?post=8192"}],"version-history":[{"count":1,"href":"https:\/\/telocuentavictorhugo.com\/index.php\/wp-json\/wp\/v2\/posts\/8192\/revisions"}],"predecessor-version":[{"id":8194,"href":"https:\/\/telocuentavictorhugo.com\/index.php\/wp-json\/wp\/v2\/posts\/8192\/revisions\/8194"}],"wp:featuredmedia":[{"embeddable":true,"href":"https:\/\/telocuentavictorhugo.com\/index.php\/wp-json\/wp\/v2\/media\/8193"}],"wp:attachment":[{"href":"https:\/\/telocuentavictorhugo.com\/index.php\/wp-json\/wp\/v2\/media?parent=8192"}],"wp:term":[{"taxonomy":"category","embeddable":true,"href":"https:\/\/telocuentavictorhugo.com\/index.php\/wp-json\/wp\/v2\/categories?post=8192"},{"taxonomy":"post_tag","embeddable":true,"href":"https:\/\/telocuentavictorhugo.com\/index.php\/wp-json\/wp\/v2\/tags?post=8192"}],"curies":[{"name":"wp","href":"https:\/\/api.w.org\/{rel}","templated":true}]}}