{"id":8159,"date":"2025-05-30T06:50:35","date_gmt":"2025-05-30T10:50:35","guid":{"rendered":"https:\/\/telocuentavictorhugo.com\/?p=8159"},"modified":"2025-05-30T06:50:36","modified_gmt":"2025-05-30T10:50:36","slug":"patzi-andronico-no-me-dijo-nada","status":"publish","type":"post","link":"https:\/\/telocuentavictorhugo.com\/index.php\/2025\/05\/30\/patzi-andronico-no-me-dijo-nada\/","title":{"rendered":"PATZI: \u201cANDR\u00d3NICO NO ME DIJO NADA\u201d"},"content":{"rendered":"\n<p><strong>Ver video aqu\u00ed\u0301:\u00a0\ud83d\udc49\ud83c\udffb\ud83d\udcf9\u23ef<\/strong><a href=\"https:\/\/youtu.be\/RB_C45Ty9NI\">https:\/\/youtu.be\/RB_C45Ty9NI<\/a><\/p>\n\n\n\n<p>El l\u00edder del Movimiento Tercer Sistema (MTS), F\u00e9lix Patzi, afirm\u00f3 que la Alianza Popular contin\u00faa en carrera para las elecciones generales de agosto de 2025. Patzi solicit\u00f3 al Tribunal Supremo Electoral (TSE) la inscripci\u00f3n definitiva de sus candidatos, argumentando que la documentaci\u00f3n fue presentada en tiempo y forma.<\/p>\n\n\n\n<p>Esta solicitud contradice una nota previa del delegado titular de la Alianza Popular, Juan Carlos Ferrufino, quien hab\u00eda solicitado la devoluci\u00f3n de los documentos de los candidatos. Patzi sostiene que no ha recibido informaci\u00f3n oficial sobre el retiro de la lista de postulantes y conf\u00eda en que la personalidad jur\u00eddica del MTS no ser\u00e1 cancelada.<\/p>\n\n\n\n<p>A pesar de fallos judiciales en Beni y La Paz que instruyen al TSE a revisar la situaci\u00f3n jur\u00eddica del MTS, Patzi insiste en que su partido no ha perdido su personer\u00eda jur\u00eddica y que la alianza sigue vigente. La continuidad de la candidatura de Andr\u00f3nico Rodr\u00edguez depender\u00e1 de su decisi\u00f3n personal.<\/p>\n\n\n\n<figure class=\"wp-block-image size-large\"><img fetchpriority=\"high\" decoding=\"async\" width=\"1024\" height=\"576\" src=\"https:\/\/telocuentavictorhugo.com\/wp-content\/uploads\/2025\/05\/2.-MTS-CARRERA-1024x576.png\" alt=\"\" class=\"wp-image-8160\" srcset=\"https:\/\/telocuentavictorhugo.com\/wp-content\/uploads\/2025\/05\/2.-MTS-CARRERA-1024x576.png 1024w, https:\/\/telocuentavictorhugo.com\/wp-content\/uploads\/2025\/05\/2.-MTS-CARRERA-300x169.png 300w, https:\/\/telocuentavictorhugo.com\/wp-content\/uploads\/2025\/05\/2.-MTS-CARRERA-768x432.png 768w, https:\/\/telocuentavictorhugo.com\/wp-content\/uploads\/2025\/05\/2.-MTS-CARRERA-1536x864.png 1536w, https:\/\/telocuentavictorhugo.com\/wp-content\/uploads\/2025\/05\/2.-MTS-CARRERA-570x321.png 570w, https:\/\/telocuentavictorhugo.com\/wp-content\/uploads\/2025\/05\/2.-MTS-CARRERA-270x152.png 270w, https:\/\/telocuentavictorhugo.com\/wp-content\/uploads\/2025\/05\/2.-MTS-CARRERA-600x338.png 600w, https:\/\/telocuentavictorhugo.com\/wp-content\/uploads\/2025\/05\/2.-MTS-CARRERA.png 1920w\" sizes=\"(max-width: 1024px) 100vw, 1024px\" \/><\/figure>\n\n\n\n<p><strong>Ver video aqu\u00ed\u0301:\u00a0\ud83d\udc49\ud83c\udffb\ud83d\udcf9\u23ef<\/strong><a href=\"https:\/\/youtu.be\/RB_C45Ty9NI\">https:\/\/youtu.be\/RB_C45Ty9NI<\/a><\/p>\n\n\n\n<p><\/p>\n","protected":false},"excerpt":{"rendered":"<p>F\u00e9lix Patzi afirm\u00f3 que Alianza Popular contin\u00faa en la contienda electoral y solicit\u00f3 al Tribunal Supremo Electoral (TSE) la inscripci\u00f3n definitiva de sus candidatos.<\/p>\n","protected":false},"author":1,"featured_media":8160,"comment_status":"open","ping_status":"open","sticky":false,"template":"","format":"standard","meta":{"_eb_attr":"","footnotes":""},"categories":[1,41],"tags":[],"class_list":["post-8159","post","type-post","status-publish","format-standard","has-post-thumbnail","hentry","category-noticias","category-tu-cuentas-2025"],"yoast_head":"<!-- This site is optimized with the Yoast SEO plugin v27.4 - https:\/\/yoast.com\/product\/yoast-seo-wordpress\/ -->\n<title>PATZI: \u201cANDR\u00d3NICO NO ME DIJO NADA\u201d - Te lo Cuenta Victor<\/title>\n<meta name=\"robots\" content=\"index, follow, max-snippet:-1, max-image-preview:large, max-video-preview:-1\" \/>\n<link rel=\"canonical\" href=\"https:\/\/telocuentavictorhugo.com\/index.php\/2025\/05\/30\/patzi-andronico-no-me-dijo-nada\/\" \/>\n<meta property=\"og:locale\" content=\"es_ES\" \/>\n<meta property=\"og:type\" content=\"article\" \/>\n<meta property=\"og:title\" content=\"PATZI: \u201cANDR\u00d3NICO NO ME DIJO NADA\u201d - Te lo Cuenta Victor\" \/>\n<meta property=\"og:description\" content=\"F\u00e9lix Patzi afirm\u00f3 que Alianza Popular contin\u00faa en la contienda electoral y solicit\u00f3 al Tribunal Supremo Electoral (TSE) la inscripci\u00f3n definitiva de sus candidatos.\" \/>\n<meta property=\"og:url\" content=\"https:\/\/telocuentavictorhugo.com\/index.php\/2025\/05\/30\/patzi-andronico-no-me-dijo-nada\/\" \/>\n<meta property=\"og:site_name\" content=\"Te lo Cuenta Victor\" \/>\n<meta property=\"article:published_time\" content=\"2025-05-30T10:50:35+00:00\" \/>\n<meta property=\"article:modified_time\" content=\"2025-05-30T10:50:36+00:00\" \/>\n<meta property=\"og:image\" content=\"http:\/\/telocuentavictorhugo.com\/wp-content\/uploads\/2025\/05\/2.-MTS-CARRERA.png\" \/>\n\t<meta property=\"og:image:width\" content=\"1920\" \/>\n\t<meta property=\"og:image:height\" content=\"1080\" \/>\n\t<meta property=\"og:image:type\" content=\"image\/png\" \/>\n<meta name=\"author\" content=\"telocuentavictorhugo.com\" \/>\n<meta name=\"twitter:card\" content=\"summary_large_image\" \/>\n<meta name=\"twitter:label1\" content=\"Escrito por\" \/>\n\t<meta name=\"twitter:data1\" content=\"telocuentavictorhugo.com\" \/>\n\t<meta name=\"twitter:label2\" content=\"Tiempo de lectura\" \/>\n\t<meta name=\"twitter:data2\" content=\"2 minutos\" \/>\n<script type=\"application\/ld+json\" class=\"yoast-schema-graph\">{\"@context\":\"https:\\\/\\\/schema.org\",\"@graph\":[{\"@type\":\"Article\",\"@id\":\"https:\\\/\\\/telocuentavictorhugo.com\\\/index.php\\\/2025\\\/05\\\/30\\\/patzi-andronico-no-me-dijo-nada\\\/#article\",\"isPartOf\":{\"@id\":\"https:\\\/\\\/telocuentavictorhugo.com\\\/index.php\\\/2025\\\/05\\\/30\\\/patzi-andronico-no-me-dijo-nada\\\/\"},\"author\":{\"name\":\"telocuentavictorhugo.com\",\"@id\":\"https:\\\/\\\/telocuentavictorhugo.com\\\/#\\\/schema\\\/person\\\/a8307d7271ba2849b49b562ad8602f06\"},\"headline\":\"PATZI: \u201cANDR\u00d3NICO NO ME DIJO NADA\u201d\",\"datePublished\":\"2025-05-30T10:50:35+00:00\",\"dateModified\":\"2025-05-30T10:50:36+00:00\",\"mainEntityOfPage\":{\"@id\":\"https:\\\/\\\/telocuentavictorhugo.com\\\/index.php\\\/2025\\\/05\\\/30\\\/patzi-andronico-no-me-dijo-nada\\\/\"},\"wordCount\":198,\"commentCount\":0,\"publisher\":{\"@id\":\"https:\\\/\\\/telocuentavictorhugo.com\\\/#organization\"},\"image\":{\"@id\":\"https:\\\/\\\/telocuentavictorhugo.com\\\/index.php\\\/2025\\\/05\\\/30\\\/patzi-andronico-no-me-dijo-nada\\\/#primaryimage\"},\"thumbnailUrl\":\"https:\\\/\\\/telocuentavictorhugo.com\\\/wp-content\\\/uploads\\\/2025\\\/05\\\/2.-MTS-CARRERA.png\",\"articleSection\":[\"Noticias\",\"T\u00fa Cuentas 2025\"],\"inLanguage\":\"es\",\"potentialAction\":[{\"@type\":\"CommentAction\",\"name\":\"Comment\",\"target\":[\"https:\\\/\\\/telocuentavictorhugo.com\\\/index.php\\\/2025\\\/05\\\/30\\\/patzi-andronico-no-me-dijo-nada\\\/#respond\"]}]},{\"@type\":\"WebPage\",\"@id\":\"https:\\\/\\\/telocuentavictorhugo.com\\\/index.php\\\/2025\\\/05\\\/30\\\/patzi-andronico-no-me-dijo-nada\\\/\",\"url\":\"https:\\\/\\\/telocuentavictorhugo.com\\\/index.php\\\/2025\\\/05\\\/30\\\/patzi-andronico-no-me-dijo-nada\\\/\",\"name\":\"PATZI: \u201cANDR\u00d3NICO NO ME DIJO NADA\u201d - Te lo Cuenta Victor\",\"isPartOf\":{\"@id\":\"https:\\\/\\\/telocuentavictorhugo.com\\\/#website\"},\"primaryImageOfPage\":{\"@id\":\"https:\\\/\\\/telocuentavictorhugo.com\\\/index.php\\\/2025\\\/05\\\/30\\\/patzi-andronico-no-me-dijo-nada\\\/#primaryimage\"},\"image\":{\"@id\":\"https:\\\/\\\/telocuentavictorhugo.com\\\/index.php\\\/2025\\\/05\\\/30\\\/patzi-andronico-no-me-dijo-nada\\\/#primaryimage\"},\"thumbnailUrl\":\"https:\\\/\\\/telocuentavictorhugo.com\\\/wp-content\\\/uploads\\\/2025\\\/05\\\/2.-MTS-CARRERA.png\",\"datePublished\":\"2025-05-30T10:50:35+00:00\",\"dateModified\":\"2025-05-30T10:50:36+00:00\",\"breadcrumb\":{\"@id\":\"https:\\\/\\\/telocuentavictorhugo.com\\\/index.php\\\/2025\\\/05\\\/30\\\/patzi-andronico-no-me-dijo-nada\\\/#breadcrumb\"},\"inLanguage\":\"es\",\"potentialAction\":[{\"@type\":\"ReadAction\",\"target\":[\"https:\\\/\\\/telocuentavictorhugo.com\\\/index.php\\\/2025\\\/05\\\/30\\\/patzi-andronico-no-me-dijo-nada\\\/\"]}]},{\"@type\":\"ImageObject\",\"inLanguage\":\"es\",\"@id\":\"https:\\\/\\\/telocuentavictorhugo.com\\\/index.php\\\/2025\\\/05\\\/30\\\/patzi-andronico-no-me-dijo-nada\\\/#primaryimage\",\"url\":\"https:\\\/\\\/telocuentavictorhugo.com\\\/wp-content\\\/uploads\\\/2025\\\/05\\\/2.-MTS-CARRERA.png\",\"contentUrl\":\"https:\\\/\\\/telocuentavictorhugo.com\\\/wp-content\\\/uploads\\\/2025\\\/05\\\/2.-MTS-CARRERA.png\",\"width\":1920,\"height\":1080},{\"@type\":\"BreadcrumbList\",\"@id\":\"https:\\\/\\\/telocuentavictorhugo.com\\\/index.php\\\/2025\\\/05\\\/30\\\/patzi-andronico-no-me-dijo-nada\\\/#breadcrumb\",\"itemListElement\":[{\"@type\":\"ListItem\",\"position\":1,\"name\":\"Portada\",\"item\":\"https:\\\/\\\/telocuentavictorhugo.com\\\/\"},{\"@type\":\"ListItem\",\"position\":2,\"name\":\"PATZI: \u201cANDR\u00d3NICO NO ME DIJO NADA\u201d\"}]},{\"@type\":\"WebSite\",\"@id\":\"https:\\\/\\\/telocuentavictorhugo.com\\\/#website\",\"url\":\"https:\\\/\\\/telocuentavictorhugo.com\\\/\",\"name\":\"Te lo Cuenta Victor\",\"description\":\"\",\"publisher\":{\"@id\":\"https:\\\/\\\/telocuentavictorhugo.com\\\/#organization\"},\"potentialAction\":[{\"@type\":\"SearchAction\",\"target\":{\"@type\":\"EntryPoint\",\"urlTemplate\":\"https:\\\/\\\/telocuentavictorhugo.com\\\/?s={search_term_string}\"},\"query-input\":{\"@type\":\"PropertyValueSpecification\",\"valueRequired\":true,\"valueName\":\"search_term_string\"}}],\"inLanguage\":\"es\"},{\"@type\":\"Organization\",\"@id\":\"https:\\\/\\\/telocuentavictorhugo.com\\\/#organization\",\"name\":\"Te lo Cuenta Victor\",\"url\":\"https:\\\/\\\/telocuentavictorhugo.com\\\/\",\"logo\":{\"@type\":\"ImageObject\",\"inLanguage\":\"es\",\"@id\":\"https:\\\/\\\/telocuentavictorhugo.com\\\/#\\\/schema\\\/logo\\\/image\\\/\",\"url\":\"https:\\\/\\\/telocuentavictorhugo.com\\\/wp-content\\\/uploads\\\/2023\\\/12\\\/Logo.png\",\"contentUrl\":\"https:\\\/\\\/telocuentavictorhugo.com\\\/wp-content\\\/uploads\\\/2023\\\/12\\\/Logo.png\",\"width\":1080,\"height\":176,\"caption\":\"Te lo Cuenta Victor\"},\"image\":{\"@id\":\"https:\\\/\\\/telocuentavictorhugo.com\\\/#\\\/schema\\\/logo\\\/image\\\/\"}},{\"@type\":\"Person\",\"@id\":\"https:\\\/\\\/telocuentavictorhugo.com\\\/#\\\/schema\\\/person\\\/a8307d7271ba2849b49b562ad8602f06\",\"name\":\"telocuentavictorhugo.com\",\"image\":{\"@type\":\"ImageObject\",\"inLanguage\":\"es\",\"@id\":\"https:\\\/\\\/secure.gravatar.com\\\/avatar\\\/da212e7b532df19fd2aea5daf46d8c176abfc85521e4b80ed435d7426ef63eb6?s=96&d=mm&r=g\",\"url\":\"https:\\\/\\\/secure.gravatar.com\\\/avatar\\\/da212e7b532df19fd2aea5daf46d8c176abfc85521e4b80ed435d7426ef63eb6?s=96&d=mm&r=g\",\"contentUrl\":\"https:\\\/\\\/secure.gravatar.com\\\/avatar\\\/da212e7b532df19fd2aea5daf46d8c176abfc85521e4b80ed435d7426ef63eb6?s=96&d=mm&r=g\",\"caption\":\"telocuentavictorhugo.com\"},\"sameAs\":[\"http:\\\/\\\/telocuentavictorhugo.com\"],\"url\":\"https:\\\/\\\/telocuentavictorhugo.com\\\/index.php\\\/author\\\/plustvpress-com\\\/\"}]}<\/script>\n<!-- \/ Yoast SEO plugin. -->","yoast_head_json":{"title":"PATZI: \u201cANDR\u00d3NICO NO ME DIJO NADA\u201d - Te lo Cuenta Victor","robots":{"index":"index","follow":"follow","max-snippet":"max-snippet:-1","max-image-preview":"max-image-preview:large","max-video-preview":"max-video-preview:-1"},"canonical":"https:\/\/telocuentavictorhugo.com\/index.php\/2025\/05\/30\/patzi-andronico-no-me-dijo-nada\/","og_locale":"es_ES","og_type":"article","og_title":"PATZI: \u201cANDR\u00d3NICO NO ME DIJO NADA\u201d - Te lo Cuenta Victor","og_description":"F\u00e9lix Patzi afirm\u00f3 que Alianza Popular contin\u00faa en la contienda electoral y solicit\u00f3 al Tribunal Supremo Electoral (TSE) la inscripci\u00f3n definitiva de sus candidatos.","og_url":"https:\/\/telocuentavictorhugo.com\/index.php\/2025\/05\/30\/patzi-andronico-no-me-dijo-nada\/","og_site_name":"Te lo Cuenta Victor","article_published_time":"2025-05-30T10:50:35+00:00","article_modified_time":"2025-05-30T10:50:36+00:00","og_image":[{"width":1920,"height":1080,"url":"http:\/\/telocuentavictorhugo.com\/wp-content\/uploads\/2025\/05\/2.-MTS-CARRERA.png","type":"image\/png"}],"author":"telocuentavictorhugo.com","twitter_card":"summary_large_image","twitter_misc":{"Escrito por":"telocuentavictorhugo.com","Tiempo de lectura":"2 minutos"},"schema":{"@context":"https:\/\/schema.org","@graph":[{"@type":"Article","@id":"https:\/\/telocuentavictorhugo.com\/index.php\/2025\/05\/30\/patzi-andronico-no-me-dijo-nada\/#article","isPartOf":{"@id":"https:\/\/telocuentavictorhugo.com\/index.php\/2025\/05\/30\/patzi-andronico-no-me-dijo-nada\/"},"author":{"name":"telocuentavictorhugo.com","@id":"https:\/\/telocuentavictorhugo.com\/#\/schema\/person\/a8307d7271ba2849b49b562ad8602f06"},"headline":"PATZI: \u201cANDR\u00d3NICO NO ME DIJO NADA\u201d","datePublished":"2025-05-30T10:50:35+00:00","dateModified":"2025-05-30T10:50:36+00:00","mainEntityOfPage":{"@id":"https:\/\/telocuentavictorhugo.com\/index.php\/2025\/05\/30\/patzi-andronico-no-me-dijo-nada\/"},"wordCount":198,"commentCount":0,"publisher":{"@id":"https:\/\/telocuentavictorhugo.com\/#organization"},"image":{"@id":"https:\/\/telocuentavictorhugo.com\/index.php\/2025\/05\/30\/patzi-andronico-no-me-dijo-nada\/#primaryimage"},"thumbnailUrl":"https:\/\/telocuentavictorhugo.com\/wp-content\/uploads\/2025\/05\/2.-MTS-CARRERA.png","articleSection":["Noticias","T\u00fa Cuentas 2025"],"inLanguage":"es","potentialAction":[{"@type":"CommentAction","name":"Comment","target":["https:\/\/telocuentavictorhugo.com\/index.php\/2025\/05\/30\/patzi-andronico-no-me-dijo-nada\/#respond"]}]},{"@type":"WebPage","@id":"https:\/\/telocuentavictorhugo.com\/index.php\/2025\/05\/30\/patzi-andronico-no-me-dijo-nada\/","url":"https:\/\/telocuentavictorhugo.com\/index.php\/2025\/05\/30\/patzi-andronico-no-me-dijo-nada\/","name":"PATZI: \u201cANDR\u00d3NICO NO ME DIJO NADA\u201d - Te lo Cuenta Victor","isPartOf":{"@id":"https:\/\/telocuentavictorhugo.com\/#website"},"primaryImageOfPage":{"@id":"https:\/\/telocuentavictorhugo.com\/index.php\/2025\/05\/30\/patzi-andronico-no-me-dijo-nada\/#primaryimage"},"image":{"@id":"https:\/\/telocuentavictorhugo.com\/index.php\/2025\/05\/30\/patzi-andronico-no-me-dijo-nada\/#primaryimage"},"thumbnailUrl":"https:\/\/telocuentavictorhugo.com\/wp-content\/uploads\/2025\/05\/2.-MTS-CARRERA.png","datePublished":"2025-05-30T10:50:35+00:00","dateModified":"2025-05-30T10:50:36+00:00","breadcrumb":{"@id":"https:\/\/telocuentavictorhugo.com\/index.php\/2025\/05\/30\/patzi-andronico-no-me-dijo-nada\/#breadcrumb"},"inLanguage":"es","potentialAction":[{"@type":"ReadAction","target":["https:\/\/telocuentavictorhugo.com\/index.php\/2025\/05\/30\/patzi-andronico-no-me-dijo-nada\/"]}]},{"@type":"ImageObject","inLanguage":"es","@id":"https:\/\/telocuentavictorhugo.com\/index.php\/2025\/05\/30\/patzi-andronico-no-me-dijo-nada\/#primaryimage","url":"https:\/\/telocuentavictorhugo.com\/wp-content\/uploads\/2025\/05\/2.-MTS-CARRERA.png","contentUrl":"https:\/\/telocuentavictorhugo.com\/wp-content\/uploads\/2025\/05\/2.-MTS-CARRERA.png","width":1920,"height":1080},{"@type":"BreadcrumbList","@id":"https:\/\/telocuentavictorhugo.com\/index.php\/2025\/05\/30\/patzi-andronico-no-me-dijo-nada\/#breadcrumb","itemListElement":[{"@type":"ListItem","position":1,"name":"Portada","item":"https:\/\/telocuentavictorhugo.com\/"},{"@type":"ListItem","position":2,"name":"PATZI: \u201cANDR\u00d3NICO NO ME DIJO NADA\u201d"}]},{"@type":"WebSite","@id":"https:\/\/telocuentavictorhugo.com\/#website","url":"https:\/\/telocuentavictorhugo.com\/","name":"Te lo Cuenta Victor","description":"","publisher":{"@id":"https:\/\/telocuentavictorhugo.com\/#organization"},"potentialAction":[{"@type":"SearchAction","target":{"@type":"EntryPoint","urlTemplate":"https:\/\/telocuentavictorhugo.com\/?s={search_term_string}"},"query-input":{"@type":"PropertyValueSpecification","valueRequired":true,"valueName":"search_term_string"}}],"inLanguage":"es"},{"@type":"Organization","@id":"https:\/\/telocuentavictorhugo.com\/#organization","name":"Te lo Cuenta Victor","url":"https:\/\/telocuentavictorhugo.com\/","logo":{"@type":"ImageObject","inLanguage":"es","@id":"https:\/\/telocuentavictorhugo.com\/#\/schema\/logo\/image\/","url":"https:\/\/telocuentavictorhugo.com\/wp-content\/uploads\/2023\/12\/Logo.png","contentUrl":"https:\/\/telocuentavictorhugo.com\/wp-content\/uploads\/2023\/12\/Logo.png","width":1080,"height":176,"caption":"Te lo Cuenta Victor"},"image":{"@id":"https:\/\/telocuentavictorhugo.com\/#\/schema\/logo\/image\/"}},{"@type":"Person","@id":"https:\/\/telocuentavictorhugo.com\/#\/schema\/person\/a8307d7271ba2849b49b562ad8602f06","name":"telocuentavictorhugo.com","image":{"@type":"ImageObject","inLanguage":"es","@id":"https:\/\/secure.gravatar.com\/avatar\/da212e7b532df19fd2aea5daf46d8c176abfc85521e4b80ed435d7426ef63eb6?s=96&d=mm&r=g","url":"https:\/\/secure.gravatar.com\/avatar\/da212e7b532df19fd2aea5daf46d8c176abfc85521e4b80ed435d7426ef63eb6?s=96&d=mm&r=g","contentUrl":"https:\/\/secure.gravatar.com\/avatar\/da212e7b532df19fd2aea5daf46d8c176abfc85521e4b80ed435d7426ef63eb6?s=96&d=mm&r=g","caption":"telocuentavictorhugo.com"},"sameAs":["http:\/\/telocuentavictorhugo.com"],"url":"https:\/\/telocuentavictorhugo.com\/index.php\/author\/plustvpress-com\/"}]}},"_links":{"self":[{"href":"https:\/\/telocuentavictorhugo.com\/index.php\/wp-json\/wp\/v2\/posts\/8159","targetHints":{"allow":["GET"]}}],"collection":[{"href":"https:\/\/telocuentavictorhugo.com\/index.php\/wp-json\/wp\/v2\/posts"}],"about":[{"href":"https:\/\/telocuentavictorhugo.com\/index.php\/wp-json\/wp\/v2\/types\/post"}],"author":[{"embeddable":true,"href":"https:\/\/telocuentavictorhugo.com\/index.php\/wp-json\/wp\/v2\/users\/1"}],"replies":[{"embeddable":true,"href":"https:\/\/telocuentavictorhugo.com\/index.php\/wp-json\/wp\/v2\/comments?post=8159"}],"version-history":[{"count":1,"href":"https:\/\/telocuentavictorhugo.com\/index.php\/wp-json\/wp\/v2\/posts\/8159\/revisions"}],"predecessor-version":[{"id":8161,"href":"https:\/\/telocuentavictorhugo.com\/index.php\/wp-json\/wp\/v2\/posts\/8159\/revisions\/8161"}],"wp:featuredmedia":[{"embeddable":true,"href":"https:\/\/telocuentavictorhugo.com\/index.php\/wp-json\/wp\/v2\/media\/8160"}],"wp:attachment":[{"href":"https:\/\/telocuentavictorhugo.com\/index.php\/wp-json\/wp\/v2\/media?parent=8159"}],"wp:term":[{"taxonomy":"category","embeddable":true,"href":"https:\/\/telocuentavictorhugo.com\/index.php\/wp-json\/wp\/v2\/categories?post=8159"},{"taxonomy":"post_tag","embeddable":true,"href":"https:\/\/telocuentavictorhugo.com\/index.php\/wp-json\/wp\/v2\/tags?post=8159"}],"curies":[{"name":"wp","href":"https:\/\/api.w.org\/{rel}","templated":true}]}}