{"id":8079,"date":"2025-05-22T00:45:00","date_gmt":"2025-05-22T04:45:00","guid":{"rendered":"https:\/\/telocuentavictorhugo.com\/?p=8079"},"modified":"2025-05-22T00:45:01","modified_gmt":"2025-05-22T04:45:01","slug":"que-no-se-apague-el-pais","status":"publish","type":"post","link":"https:\/\/telocuentavictorhugo.com\/index.php\/2025\/05\/22\/que-no-se-apague-el-pais\/","title":{"rendered":"\u00a1QUE NO SE APAGUE EL PA\u00cdS!"},"content":{"rendered":"\n<p>Ver video aqu\u00ed:\u00a0\ud83d\udc49\ud83c\udffb\ud83d\udcf9\u23ef<a href=\"https:\/\/youtu.be\/uDNOaFbY8mU\">https:\/\/youtu.be\/uDNOaFbY8mU<\/a><\/p>\n\n\n\n<p>Yacimientos Petrol\u00edferos Fiscales Bolivianos (YPFB) inform\u00f3 que se prev\u00e9 la descarga de 190.000 metros c\u00fabicos de combustible en la terminal mar\u00edtima de Arica, Chile, antes de finalizar el mes. La operaci\u00f3n depende de la mejora en las condiciones clim\u00e1ticas y mar\u00edtimas que han dificultado los trabajos en la zona portuaria.<\/p>\n\n\n\n<p>El gerente de YPFB Log\u00edstica, Joel Calla\u00fa, indic\u00f3 que actualmente se encuentran en puerto tres buques con 75.000 metros c\u00fabicos de gasolina, dos con 56.000 de di\u00e9sel y uno con 16.000 de crudo. Se espera tambi\u00e9n el arribo de otro buque con 43.000 metros c\u00fabicos adicionales en los pr\u00f3ximos d\u00edas.<\/p>\n\n\n\n<p>Las operaciones en la terminal de Sica Sica tambi\u00e9n se han visto afectadas por fen\u00f3menos naturales, lo que ha obligado a ajustar la log\u00edstica. Para garantizar el suministro nacional, YPFB contin\u00faa despachando combustible mediante cisternas desde Argentina, Paraguay y Per\u00fa. La empresa asegura que el abastecimiento est\u00e1 controlado.<\/p>\n\n\n\n<figure class=\"wp-block-image size-large\"><img fetchpriority=\"high\" decoding=\"async\" width=\"1024\" height=\"576\" src=\"https:\/\/telocuentavictorhugo.com\/wp-content\/uploads\/2025\/05\/8.-YPFB-DESCARGA-1024x576.png\" alt=\"\" class=\"wp-image-8080\" srcset=\"https:\/\/telocuentavictorhugo.com\/wp-content\/uploads\/2025\/05\/8.-YPFB-DESCARGA-1024x576.png 1024w, https:\/\/telocuentavictorhugo.com\/wp-content\/uploads\/2025\/05\/8.-YPFB-DESCARGA-300x169.png 300w, https:\/\/telocuentavictorhugo.com\/wp-content\/uploads\/2025\/05\/8.-YPFB-DESCARGA-768x432.png 768w, https:\/\/telocuentavictorhugo.com\/wp-content\/uploads\/2025\/05\/8.-YPFB-DESCARGA-1536x864.png 1536w, https:\/\/telocuentavictorhugo.com\/wp-content\/uploads\/2025\/05\/8.-YPFB-DESCARGA-570x321.png 570w, https:\/\/telocuentavictorhugo.com\/wp-content\/uploads\/2025\/05\/8.-YPFB-DESCARGA-270x152.png 270w, https:\/\/telocuentavictorhugo.com\/wp-content\/uploads\/2025\/05\/8.-YPFB-DESCARGA-600x338.png 600w, https:\/\/telocuentavictorhugo.com\/wp-content\/uploads\/2025\/05\/8.-YPFB-DESCARGA.png 1920w\" sizes=\"(max-width: 1024px) 100vw, 1024px\" \/><\/figure>\n\n\n\n<p>Ver video aqu\u00ed:\u00a0\ud83d\udc49\ud83c\udffb\ud83d\udcf9\u23ef<a href=\"https:\/\/youtu.be\/uDNOaFbY8mU\">https:\/\/youtu.be\/uDNOaFbY8mU<\/a><\/p>\n","protected":false},"excerpt":{"rendered":"<p>YPFB anunci\u00f3 que este jueves supervisar\u00e1 la descarga de 190.000 metros c\u00fabicos de combustible en la terminal de Arica, buscando garantizar el abastecimiento energ\u00e9tico en Bolivia y evitar interrupciones en el suministro.<\/p>\n","protected":false},"author":1,"featured_media":8080,"comment_status":"open","ping_status":"open","sticky":false,"template":"","format":"standard","meta":{"_eb_attr":"","footnotes":""},"categories":[43,44,25],"tags":[],"class_list":["post-8079","post","type-post","status-publish","format-standard","has-post-thumbnail","hentry","category-economia","category-sociedad","category-ultimas-noticias"],"yoast_head":"<!-- This site is optimized with the Yoast SEO plugin v27.4 - https:\/\/yoast.com\/product\/yoast-seo-wordpress\/ -->\n<title>\u00a1QUE NO SE APAGUE EL PA\u00cdS! - Te lo Cuenta Victor<\/title>\n<meta name=\"robots\" content=\"index, follow, max-snippet:-1, max-image-preview:large, max-video-preview:-1\" \/>\n<link rel=\"canonical\" href=\"https:\/\/telocuentavictorhugo.com\/index.php\/2025\/05\/22\/que-no-se-apague-el-pais\/\" \/>\n<meta property=\"og:locale\" content=\"es_ES\" \/>\n<meta property=\"og:type\" content=\"article\" \/>\n<meta property=\"og:title\" content=\"\u00a1QUE NO SE APAGUE EL PA\u00cdS! - Te lo Cuenta Victor\" \/>\n<meta property=\"og:description\" content=\"YPFB anunci\u00f3 que este jueves supervisar\u00e1 la descarga de 190.000 metros c\u00fabicos de combustible en la terminal de Arica, buscando garantizar el abastecimiento energ\u00e9tico en Bolivia y evitar interrupciones en el suministro.\" \/>\n<meta property=\"og:url\" content=\"https:\/\/telocuentavictorhugo.com\/index.php\/2025\/05\/22\/que-no-se-apague-el-pais\/\" \/>\n<meta property=\"og:site_name\" content=\"Te lo Cuenta Victor\" \/>\n<meta property=\"article:published_time\" content=\"2025-05-22T04:45:00+00:00\" \/>\n<meta property=\"article:modified_time\" content=\"2025-05-22T04:45:01+00:00\" \/>\n<meta property=\"og:image\" content=\"http:\/\/telocuentavictorhugo.com\/wp-content\/uploads\/2025\/05\/8.-YPFB-DESCARGA.png\" \/>\n\t<meta property=\"og:image:width\" content=\"1920\" \/>\n\t<meta property=\"og:image:height\" content=\"1080\" \/>\n\t<meta property=\"og:image:type\" content=\"image\/png\" \/>\n<meta name=\"author\" content=\"telocuentavictorhugo.com\" \/>\n<meta name=\"twitter:card\" content=\"summary_large_image\" \/>\n<meta name=\"twitter:label1\" content=\"Escrito por\" \/>\n\t<meta name=\"twitter:data1\" content=\"telocuentavictorhugo.com\" \/>\n\t<meta name=\"twitter:label2\" content=\"Tiempo de lectura\" \/>\n\t<meta name=\"twitter:data2\" content=\"2 minutos\" \/>\n<script type=\"application\/ld+json\" class=\"yoast-schema-graph\">{\"@context\":\"https:\\\/\\\/schema.org\",\"@graph\":[{\"@type\":\"Article\",\"@id\":\"https:\\\/\\\/telocuentavictorhugo.com\\\/index.php\\\/2025\\\/05\\\/22\\\/que-no-se-apague-el-pais\\\/#article\",\"isPartOf\":{\"@id\":\"https:\\\/\\\/telocuentavictorhugo.com\\\/index.php\\\/2025\\\/05\\\/22\\\/que-no-se-apague-el-pais\\\/\"},\"author\":{\"name\":\"telocuentavictorhugo.com\",\"@id\":\"https:\\\/\\\/telocuentavictorhugo.com\\\/#\\\/schema\\\/person\\\/a8307d7271ba2849b49b562ad8602f06\"},\"headline\":\"\u00a1QUE NO SE APAGUE EL PA\u00cdS!\",\"datePublished\":\"2025-05-22T04:45:00+00:00\",\"dateModified\":\"2025-05-22T04:45:01+00:00\",\"mainEntityOfPage\":{\"@id\":\"https:\\\/\\\/telocuentavictorhugo.com\\\/index.php\\\/2025\\\/05\\\/22\\\/que-no-se-apague-el-pais\\\/\"},\"wordCount\":183,\"commentCount\":0,\"publisher\":{\"@id\":\"https:\\\/\\\/telocuentavictorhugo.com\\\/#organization\"},\"image\":{\"@id\":\"https:\\\/\\\/telocuentavictorhugo.com\\\/index.php\\\/2025\\\/05\\\/22\\\/que-no-se-apague-el-pais\\\/#primaryimage\"},\"thumbnailUrl\":\"https:\\\/\\\/telocuentavictorhugo.com\\\/wp-content\\\/uploads\\\/2025\\\/05\\\/8.-YPFB-DESCARGA.png\",\"articleSection\":[\"Econom\u00eda\",\"Sociedad\",\"\u00daltimas Noticias\"],\"inLanguage\":\"es\",\"potentialAction\":[{\"@type\":\"CommentAction\",\"name\":\"Comment\",\"target\":[\"https:\\\/\\\/telocuentavictorhugo.com\\\/index.php\\\/2025\\\/05\\\/22\\\/que-no-se-apague-el-pais\\\/#respond\"]}]},{\"@type\":\"WebPage\",\"@id\":\"https:\\\/\\\/telocuentavictorhugo.com\\\/index.php\\\/2025\\\/05\\\/22\\\/que-no-se-apague-el-pais\\\/\",\"url\":\"https:\\\/\\\/telocuentavictorhugo.com\\\/index.php\\\/2025\\\/05\\\/22\\\/que-no-se-apague-el-pais\\\/\",\"name\":\"\u00a1QUE NO SE APAGUE EL PA\u00cdS! - Te lo Cuenta Victor\",\"isPartOf\":{\"@id\":\"https:\\\/\\\/telocuentavictorhugo.com\\\/#website\"},\"primaryImageOfPage\":{\"@id\":\"https:\\\/\\\/telocuentavictorhugo.com\\\/index.php\\\/2025\\\/05\\\/22\\\/que-no-se-apague-el-pais\\\/#primaryimage\"},\"image\":{\"@id\":\"https:\\\/\\\/telocuentavictorhugo.com\\\/index.php\\\/2025\\\/05\\\/22\\\/que-no-se-apague-el-pais\\\/#primaryimage\"},\"thumbnailUrl\":\"https:\\\/\\\/telocuentavictorhugo.com\\\/wp-content\\\/uploads\\\/2025\\\/05\\\/8.-YPFB-DESCARGA.png\",\"datePublished\":\"2025-05-22T04:45:00+00:00\",\"dateModified\":\"2025-05-22T04:45:01+00:00\",\"breadcrumb\":{\"@id\":\"https:\\\/\\\/telocuentavictorhugo.com\\\/index.php\\\/2025\\\/05\\\/22\\\/que-no-se-apague-el-pais\\\/#breadcrumb\"},\"inLanguage\":\"es\",\"potentialAction\":[{\"@type\":\"ReadAction\",\"target\":[\"https:\\\/\\\/telocuentavictorhugo.com\\\/index.php\\\/2025\\\/05\\\/22\\\/que-no-se-apague-el-pais\\\/\"]}]},{\"@type\":\"ImageObject\",\"inLanguage\":\"es\",\"@id\":\"https:\\\/\\\/telocuentavictorhugo.com\\\/index.php\\\/2025\\\/05\\\/22\\\/que-no-se-apague-el-pais\\\/#primaryimage\",\"url\":\"https:\\\/\\\/telocuentavictorhugo.com\\\/wp-content\\\/uploads\\\/2025\\\/05\\\/8.-YPFB-DESCARGA.png\",\"contentUrl\":\"https:\\\/\\\/telocuentavictorhugo.com\\\/wp-content\\\/uploads\\\/2025\\\/05\\\/8.-YPFB-DESCARGA.png\",\"width\":1920,\"height\":1080},{\"@type\":\"BreadcrumbList\",\"@id\":\"https:\\\/\\\/telocuentavictorhugo.com\\\/index.php\\\/2025\\\/05\\\/22\\\/que-no-se-apague-el-pais\\\/#breadcrumb\",\"itemListElement\":[{\"@type\":\"ListItem\",\"position\":1,\"name\":\"Portada\",\"item\":\"https:\\\/\\\/telocuentavictorhugo.com\\\/\"},{\"@type\":\"ListItem\",\"position\":2,\"name\":\"\u00a1QUE NO SE APAGUE EL PA\u00cdS!\"}]},{\"@type\":\"WebSite\",\"@id\":\"https:\\\/\\\/telocuentavictorhugo.com\\\/#website\",\"url\":\"https:\\\/\\\/telocuentavictorhugo.com\\\/\",\"name\":\"Te lo Cuenta Victor\",\"description\":\"\",\"publisher\":{\"@id\":\"https:\\\/\\\/telocuentavictorhugo.com\\\/#organization\"},\"potentialAction\":[{\"@type\":\"SearchAction\",\"target\":{\"@type\":\"EntryPoint\",\"urlTemplate\":\"https:\\\/\\\/telocuentavictorhugo.com\\\/?s={search_term_string}\"},\"query-input\":{\"@type\":\"PropertyValueSpecification\",\"valueRequired\":true,\"valueName\":\"search_term_string\"}}],\"inLanguage\":\"es\"},{\"@type\":\"Organization\",\"@id\":\"https:\\\/\\\/telocuentavictorhugo.com\\\/#organization\",\"name\":\"Te lo Cuenta Victor\",\"url\":\"https:\\\/\\\/telocuentavictorhugo.com\\\/\",\"logo\":{\"@type\":\"ImageObject\",\"inLanguage\":\"es\",\"@id\":\"https:\\\/\\\/telocuentavictorhugo.com\\\/#\\\/schema\\\/logo\\\/image\\\/\",\"url\":\"https:\\\/\\\/telocuentavictorhugo.com\\\/wp-content\\\/uploads\\\/2023\\\/12\\\/Logo.png\",\"contentUrl\":\"https:\\\/\\\/telocuentavictorhugo.com\\\/wp-content\\\/uploads\\\/2023\\\/12\\\/Logo.png\",\"width\":1080,\"height\":176,\"caption\":\"Te lo Cuenta Victor\"},\"image\":{\"@id\":\"https:\\\/\\\/telocuentavictorhugo.com\\\/#\\\/schema\\\/logo\\\/image\\\/\"}},{\"@type\":\"Person\",\"@id\":\"https:\\\/\\\/telocuentavictorhugo.com\\\/#\\\/schema\\\/person\\\/a8307d7271ba2849b49b562ad8602f06\",\"name\":\"telocuentavictorhugo.com\",\"image\":{\"@type\":\"ImageObject\",\"inLanguage\":\"es\",\"@id\":\"https:\\\/\\\/secure.gravatar.com\\\/avatar\\\/da212e7b532df19fd2aea5daf46d8c176abfc85521e4b80ed435d7426ef63eb6?s=96&d=mm&r=g\",\"url\":\"https:\\\/\\\/secure.gravatar.com\\\/avatar\\\/da212e7b532df19fd2aea5daf46d8c176abfc85521e4b80ed435d7426ef63eb6?s=96&d=mm&r=g\",\"contentUrl\":\"https:\\\/\\\/secure.gravatar.com\\\/avatar\\\/da212e7b532df19fd2aea5daf46d8c176abfc85521e4b80ed435d7426ef63eb6?s=96&d=mm&r=g\",\"caption\":\"telocuentavictorhugo.com\"},\"sameAs\":[\"http:\\\/\\\/telocuentavictorhugo.com\"],\"url\":\"https:\\\/\\\/telocuentavictorhugo.com\\\/index.php\\\/author\\\/plustvpress-com\\\/\"}]}<\/script>\n<!-- \/ Yoast SEO plugin. -->","yoast_head_json":{"title":"\u00a1QUE NO SE APAGUE EL PA\u00cdS! - Te lo Cuenta Victor","robots":{"index":"index","follow":"follow","max-snippet":"max-snippet:-1","max-image-preview":"max-image-preview:large","max-video-preview":"max-video-preview:-1"},"canonical":"https:\/\/telocuentavictorhugo.com\/index.php\/2025\/05\/22\/que-no-se-apague-el-pais\/","og_locale":"es_ES","og_type":"article","og_title":"\u00a1QUE NO SE APAGUE EL PA\u00cdS! - Te lo Cuenta Victor","og_description":"YPFB anunci\u00f3 que este jueves supervisar\u00e1 la descarga de 190.000 metros c\u00fabicos de combustible en la terminal de Arica, buscando garantizar el abastecimiento energ\u00e9tico en Bolivia y evitar interrupciones en el suministro.","og_url":"https:\/\/telocuentavictorhugo.com\/index.php\/2025\/05\/22\/que-no-se-apague-el-pais\/","og_site_name":"Te lo Cuenta Victor","article_published_time":"2025-05-22T04:45:00+00:00","article_modified_time":"2025-05-22T04:45:01+00:00","og_image":[{"width":1920,"height":1080,"url":"http:\/\/telocuentavictorhugo.com\/wp-content\/uploads\/2025\/05\/8.-YPFB-DESCARGA.png","type":"image\/png"}],"author":"telocuentavictorhugo.com","twitter_card":"summary_large_image","twitter_misc":{"Escrito por":"telocuentavictorhugo.com","Tiempo de lectura":"2 minutos"},"schema":{"@context":"https:\/\/schema.org","@graph":[{"@type":"Article","@id":"https:\/\/telocuentavictorhugo.com\/index.php\/2025\/05\/22\/que-no-se-apague-el-pais\/#article","isPartOf":{"@id":"https:\/\/telocuentavictorhugo.com\/index.php\/2025\/05\/22\/que-no-se-apague-el-pais\/"},"author":{"name":"telocuentavictorhugo.com","@id":"https:\/\/telocuentavictorhugo.com\/#\/schema\/person\/a8307d7271ba2849b49b562ad8602f06"},"headline":"\u00a1QUE NO SE APAGUE EL PA\u00cdS!","datePublished":"2025-05-22T04:45:00+00:00","dateModified":"2025-05-22T04:45:01+00:00","mainEntityOfPage":{"@id":"https:\/\/telocuentavictorhugo.com\/index.php\/2025\/05\/22\/que-no-se-apague-el-pais\/"},"wordCount":183,"commentCount":0,"publisher":{"@id":"https:\/\/telocuentavictorhugo.com\/#organization"},"image":{"@id":"https:\/\/telocuentavictorhugo.com\/index.php\/2025\/05\/22\/que-no-se-apague-el-pais\/#primaryimage"},"thumbnailUrl":"https:\/\/telocuentavictorhugo.com\/wp-content\/uploads\/2025\/05\/8.-YPFB-DESCARGA.png","articleSection":["Econom\u00eda","Sociedad","\u00daltimas Noticias"],"inLanguage":"es","potentialAction":[{"@type":"CommentAction","name":"Comment","target":["https:\/\/telocuentavictorhugo.com\/index.php\/2025\/05\/22\/que-no-se-apague-el-pais\/#respond"]}]},{"@type":"WebPage","@id":"https:\/\/telocuentavictorhugo.com\/index.php\/2025\/05\/22\/que-no-se-apague-el-pais\/","url":"https:\/\/telocuentavictorhugo.com\/index.php\/2025\/05\/22\/que-no-se-apague-el-pais\/","name":"\u00a1QUE NO SE APAGUE EL PA\u00cdS! - Te lo Cuenta Victor","isPartOf":{"@id":"https:\/\/telocuentavictorhugo.com\/#website"},"primaryImageOfPage":{"@id":"https:\/\/telocuentavictorhugo.com\/index.php\/2025\/05\/22\/que-no-se-apague-el-pais\/#primaryimage"},"image":{"@id":"https:\/\/telocuentavictorhugo.com\/index.php\/2025\/05\/22\/que-no-se-apague-el-pais\/#primaryimage"},"thumbnailUrl":"https:\/\/telocuentavictorhugo.com\/wp-content\/uploads\/2025\/05\/8.-YPFB-DESCARGA.png","datePublished":"2025-05-22T04:45:00+00:00","dateModified":"2025-05-22T04:45:01+00:00","breadcrumb":{"@id":"https:\/\/telocuentavictorhugo.com\/index.php\/2025\/05\/22\/que-no-se-apague-el-pais\/#breadcrumb"},"inLanguage":"es","potentialAction":[{"@type":"ReadAction","target":["https:\/\/telocuentavictorhugo.com\/index.php\/2025\/05\/22\/que-no-se-apague-el-pais\/"]}]},{"@type":"ImageObject","inLanguage":"es","@id":"https:\/\/telocuentavictorhugo.com\/index.php\/2025\/05\/22\/que-no-se-apague-el-pais\/#primaryimage","url":"https:\/\/telocuentavictorhugo.com\/wp-content\/uploads\/2025\/05\/8.-YPFB-DESCARGA.png","contentUrl":"https:\/\/telocuentavictorhugo.com\/wp-content\/uploads\/2025\/05\/8.-YPFB-DESCARGA.png","width":1920,"height":1080},{"@type":"BreadcrumbList","@id":"https:\/\/telocuentavictorhugo.com\/index.php\/2025\/05\/22\/que-no-se-apague-el-pais\/#breadcrumb","itemListElement":[{"@type":"ListItem","position":1,"name":"Portada","item":"https:\/\/telocuentavictorhugo.com\/"},{"@type":"ListItem","position":2,"name":"\u00a1QUE NO SE APAGUE EL PA\u00cdS!"}]},{"@type":"WebSite","@id":"https:\/\/telocuentavictorhugo.com\/#website","url":"https:\/\/telocuentavictorhugo.com\/","name":"Te lo Cuenta Victor","description":"","publisher":{"@id":"https:\/\/telocuentavictorhugo.com\/#organization"},"potentialAction":[{"@type":"SearchAction","target":{"@type":"EntryPoint","urlTemplate":"https:\/\/telocuentavictorhugo.com\/?s={search_term_string}"},"query-input":{"@type":"PropertyValueSpecification","valueRequired":true,"valueName":"search_term_string"}}],"inLanguage":"es"},{"@type":"Organization","@id":"https:\/\/telocuentavictorhugo.com\/#organization","name":"Te lo Cuenta Victor","url":"https:\/\/telocuentavictorhugo.com\/","logo":{"@type":"ImageObject","inLanguage":"es","@id":"https:\/\/telocuentavictorhugo.com\/#\/schema\/logo\/image\/","url":"https:\/\/telocuentavictorhugo.com\/wp-content\/uploads\/2023\/12\/Logo.png","contentUrl":"https:\/\/telocuentavictorhugo.com\/wp-content\/uploads\/2023\/12\/Logo.png","width":1080,"height":176,"caption":"Te lo Cuenta Victor"},"image":{"@id":"https:\/\/telocuentavictorhugo.com\/#\/schema\/logo\/image\/"}},{"@type":"Person","@id":"https:\/\/telocuentavictorhugo.com\/#\/schema\/person\/a8307d7271ba2849b49b562ad8602f06","name":"telocuentavictorhugo.com","image":{"@type":"ImageObject","inLanguage":"es","@id":"https:\/\/secure.gravatar.com\/avatar\/da212e7b532df19fd2aea5daf46d8c176abfc85521e4b80ed435d7426ef63eb6?s=96&d=mm&r=g","url":"https:\/\/secure.gravatar.com\/avatar\/da212e7b532df19fd2aea5daf46d8c176abfc85521e4b80ed435d7426ef63eb6?s=96&d=mm&r=g","contentUrl":"https:\/\/secure.gravatar.com\/avatar\/da212e7b532df19fd2aea5daf46d8c176abfc85521e4b80ed435d7426ef63eb6?s=96&d=mm&r=g","caption":"telocuentavictorhugo.com"},"sameAs":["http:\/\/telocuentavictorhugo.com"],"url":"https:\/\/telocuentavictorhugo.com\/index.php\/author\/plustvpress-com\/"}]}},"_links":{"self":[{"href":"https:\/\/telocuentavictorhugo.com\/index.php\/wp-json\/wp\/v2\/posts\/8079","targetHints":{"allow":["GET"]}}],"collection":[{"href":"https:\/\/telocuentavictorhugo.com\/index.php\/wp-json\/wp\/v2\/posts"}],"about":[{"href":"https:\/\/telocuentavictorhugo.com\/index.php\/wp-json\/wp\/v2\/types\/post"}],"author":[{"embeddable":true,"href":"https:\/\/telocuentavictorhugo.com\/index.php\/wp-json\/wp\/v2\/users\/1"}],"replies":[{"embeddable":true,"href":"https:\/\/telocuentavictorhugo.com\/index.php\/wp-json\/wp\/v2\/comments?post=8079"}],"version-history":[{"count":1,"href":"https:\/\/telocuentavictorhugo.com\/index.php\/wp-json\/wp\/v2\/posts\/8079\/revisions"}],"predecessor-version":[{"id":8081,"href":"https:\/\/telocuentavictorhugo.com\/index.php\/wp-json\/wp\/v2\/posts\/8079\/revisions\/8081"}],"wp:featuredmedia":[{"embeddable":true,"href":"https:\/\/telocuentavictorhugo.com\/index.php\/wp-json\/wp\/v2\/media\/8080"}],"wp:attachment":[{"href":"https:\/\/telocuentavictorhugo.com\/index.php\/wp-json\/wp\/v2\/media?parent=8079"}],"wp:term":[{"taxonomy":"category","embeddable":true,"href":"https:\/\/telocuentavictorhugo.com\/index.php\/wp-json\/wp\/v2\/categories?post=8079"},{"taxonomy":"post_tag","embeddable":true,"href":"https:\/\/telocuentavictorhugo.com\/index.php\/wp-json\/wp\/v2\/tags?post=8079"}],"curies":[{"name":"wp","href":"https:\/\/api.w.org\/{rel}","templated":true}]}}